{"id":64848,"date":"2026-04-26T13:31:27","date_gmt":"2026-04-26T12:31:27","guid":{"rendered":"https:\/\/elmawkie.dz\/fr\/?p=64848"},"modified":"2026-04-26T13:31:28","modified_gmt":"2026-04-26T12:31:28","slug":"lanie-cloture-de-la-revision-exceptionnelle-des-listes-electorales-ce-dimanche","status":"publish","type":"post","link":"https:\/\/elmawkie.dz\/fr\/lanie-cloture-de-la-revision-exceptionnelle-des-listes-electorales-ce-dimanche\/","title":{"rendered":"L\u2019ANIE: Cl\u00f4ture de la r\u00e9vision exceptionnelle des listes \u00e9lectorales ce dimanche"},"content":{"rendered":"\n<p>La r\u00e9vision exceptionnelle des listes \u00e9lectorales en pr\u00e9vision des \u00e9lections l\u00e9gislatives pr\u00e9vues le 2 juillet prochain, sera cl\u00f4tur\u00e9e ce dimanche. Cette op\u00e9ration, lanc\u00e9e le 12 avril dernier, fait suite \u00e0 la signature par le pr\u00e9sident de la R\u00e9publique, M. Abdelmadjid Tebboune, d&rsquo;un d\u00e9cret pr\u00e9sidentiel portant convocation du corps \u00e9lectoral pour le 2 juillet 2026, en vue de l&rsquo;\u00e9lection des membres de l&rsquo;Assembl\u00e9e populaire nationale (APN).<\/p>\n\n\n\n<p>La r\u00e9vision exceptionnelle des listes \u00e9lectorales s&rsquo;est d\u00e9roul\u00e9e dans de bonnes conditions, comme l&rsquo;avait soulign\u00e9 le pr\u00e9sident par int\u00e9rim de l&rsquo;Autorit\u00e9 nationale ind\u00e9pendante des \u00e9lections (ANIE), Karim Khelfane dans une d\u00e9claration pr\u00e9c\u00e9dente. Il avait pr\u00e9cis\u00e9 que, durant cette p\u00e9riode, l&rsquo;ANIE a \u00e9largi le recours \u00e0 la num\u00e9risation afin de moderniser le processus \u00e9lectoral, de renforcer la transparence et de faciliter les proc\u00e9dures pour les citoyens.<\/p>\n\n\n\n<p>A cette fin, plusieurs plateformes num\u00e9riques ont \u00e9t\u00e9 cr\u00e9\u00e9es pour assurer l&rsquo;organisation et la surveillance des prochaines \u00e9lections l\u00e9gislatives, \u00e0 l&rsquo;instar du portail des services \u00e9lectroniques permettant de b\u00e9n\u00e9ficier de divers services tels que l&rsquo;inscription sur les listes \u00e9lectorales, la radiation, la correction des donn\u00e9es personnelles, le changement de domicile, et autres prestations, selon M. Khalfane.<\/p>\n\n\n\n<p>Dans le souci de valoriser l&rsquo;exploitation des donn\u00e9es num\u00e9riques pour garantir l\u2019int\u00e9grit\u00e9 du processus \u00e9lectoral, l\u2019ANIE a mis en place un centre de donn\u00e9es centralis\u00e9 permettant le suivi en temps r\u00e9el des diff\u00e9rentes phases de l\u2019op\u00e9ration \u00e9lectorale, d\u00e9butant par la r\u00e9vision exceptionnelle des listes \u00e9lectorales effectu\u00e9e \u00e0 travers 1.541 communes ainsi qu\u2019au niveau des repr\u00e9sentations diplomatiques et consulaires \u00e0 l\u2019\u00e9tranger, sous la supervision de commissions pr\u00e9sid\u00e9es par des magistrats.<\/p>\n\n\n\n<p>Par ailleurs, l&rsquo;ANIE a trait\u00e9 de mani\u00e8re continue les pr\u00e9occupations des partis politiques et des diff\u00e9rents acteurs. A cet effet, elle a cr\u00e9\u00e9 un lien \u00e9lectronique via lequel elle a apport\u00e9 des r\u00e9ponses imm\u00e9diates \u00e0 toutes les interrogations et pr\u00e9occupations relatives au processus \u00e9lectoral, a ajout\u00e9 M. Khelfane.<\/p>\n\n\n\n<p>L&rsquo;op\u00e9ration de r\u00e9vision exceptionnelle des listes \u00e9lectorales a concern\u00e9 les citoyens non inscrits, ceux qui atteignent l&rsquo;\u00e2ge de 18 ans r\u00e9volus le jour du scrutin, ainsi que ceux qui ont chang\u00e9 de domicile, avait rappel\u00e9 l\u2019ANIE dans un pr\u00e9c\u00e9dent communiqu\u00e9.<\/p>\n\n\n\n<p>Parall\u00e8lement \u00e0 cette p\u00e9riode de r\u00e9vision des listes \u00e9lectorales, les partis politiques et les candidats ind\u00e9pendants ont entam\u00e9 le retrait des formulaires de souscription des signatures aupr\u00e8s du si\u00e8ge de l\u2019ANIE, de ses d\u00e9l\u00e9gations de wilaya ou des repr\u00e9sentations diplomatiques et consulaires. Les dossiers de candidature doivent \u00eatre d\u00e9pos\u00e9s au plus tard 45 jours avant la date du scrutin. A ce stade, l&rsquo;Autorit\u00e9 proc\u00e8de \u00e0 une \u00e9tude juridique des dossiers pour s&rsquo;assurer qu&rsquo;ils remplissent les conditions de candidature, y compris les nouvelles dispositions pr\u00e9vues par la loi organique relative au r\u00e9gime \u00e9lectoral, et rend ses d\u00e9cisions motiv\u00e9es d&rsquo;admission ou de rejet, laissant aux candidats dont les dossiers sont rejet\u00e9s la possibilit\u00e9 de former un recours.<\/p>\n\n\n\n<p>Il convient de noter qu&rsquo;\u00e0 la suite des amendements introduits dans la Constitution et la loi \u00e9lectorale, l&rsquo;ANIE est charg\u00e9e des missions de supervision, de contr\u00f4le, de pr\u00e9paration, d&rsquo;organisation et de gestion de toute l&rsquo;op\u00e9ration \u00e9lectorale des l\u00e9gislatives du 2 juillet, les aspects logistiques \u00e9tant confi\u00e9s \u00e0 l&rsquo;administration, tenue de mettre \u00e0 la disposition de l&rsquo;Autorit\u00e9 ind\u00e9pendante tous les moyens mat\u00e9riels n\u00e9cessaires.<\/p>\n","protected":false},"excerpt":{"rendered":"<p>La r\u00e9vision exceptionnelle des listes \u00e9lectorales en pr\u00e9vision des \u00e9lections l\u00e9gislatives pr\u00e9vues le 2 juillet prochain, sera cl\u00f4tur\u00e9e ce dimanche. Cette op\u00e9ration, lanc\u00e9e le 12 avril dernier, fait suite \u00e0 la signature par le pr\u00e9sident de la R\u00e9publique, M. Abdelmadjid Tebboune, d&rsquo;un d\u00e9cret pr\u00e9sidentiel portant convocation du corps \u00e9lectoral pour le 2 juillet 2026, en &hellip;<\/p>\n","protected":false},"author":9,"featured_media":64850,"comment_status":"open","ping_status":"open","sticky":false,"template":"","format":"standard","meta":{"footnotes":""},"categories":[47],"tags":[301],"class_list":["post-64848","post","type-post","status-publish","format-standard","has-post-thumbnail","hentry","category-national","tag-lanie"],"yoast_head":"<!-- This site is optimized with the Yoast SEO Premium plugin v22.6 (Yoast SEO v22.6) - https:\/\/yoast.com\/wordpress\/plugins\/seo\/ -->\n<title>L\u2019ANIE: Cl\u00f4ture de la r\u00e9vision exceptionnelle des listes \u00e9lectorales ce dimanche - El Mawkie<\/title>\n<meta name=\"robots\" content=\"index, follow, max-snippet:-1, max-image-preview:large, max-video-preview:-1\" \/>\n<link rel=\"canonical\" href=\"https:\/\/elmawkie.dz\/fr\/lanie-cloture-de-la-revision-exceptionnelle-des-listes-electorales-ce-dimanche\/\" \/>\n<meta property=\"og:locale\" content=\"fr_FR\" \/>\n<meta property=\"og:type\" content=\"article\" \/>\n<meta property=\"og:title\" content=\"L\u2019ANIE: Cl\u00f4ture de la r\u00e9vision exceptionnelle des listes \u00e9lectorales ce dimanche\" \/>\n<meta property=\"og:description\" content=\"La r\u00e9vision exceptionnelle des listes \u00e9lectorales en pr\u00e9vision des \u00e9lections l\u00e9gislatives pr\u00e9vues le 2 juillet prochain, sera cl\u00f4tur\u00e9e ce dimanche. Cette op\u00e9ration, lanc\u00e9e le 12 avril dernier, fait suite \u00e0 la signature par le pr\u00e9sident de la R\u00e9publique, M. Abdelmadjid Tebboune, d&rsquo;un d\u00e9cret pr\u00e9sidentiel portant convocation du corps \u00e9lectoral pour le 2 juillet 2026, en &hellip;\" \/>\n<meta property=\"og:url\" content=\"https:\/\/elmawkie.dz\/fr\/lanie-cloture-de-la-revision-exceptionnelle-des-listes-electorales-ce-dimanche\/\" \/>\n<meta property=\"og:site_name\" content=\"El Mawkie\" \/>\n<meta property=\"article:publisher\" content=\"https:\/\/www.facebook.com\/profile.php?id=100088407094989&amp;locale=fr_FR\" \/>\n<meta property=\"article:published_time\" content=\"2026-04-26T12:31:27+00:00\" \/>\n<meta property=\"article:modified_time\" content=\"2026-04-26T12:31:28+00:00\" \/>\n<meta property=\"og:image\" content=\"https:\/\/elmawkie.dz\/fr\/wp-content\/uploads\/2026\/04\/IMG_6713.jpeg\" \/>\n\t<meta property=\"og:image:width\" content=\"725\" \/>\n\t<meta property=\"og:image:height\" content=\"535\" \/>\n\t<meta property=\"og:image:type\" content=\"image\/jpeg\" \/>\n<meta name=\"author\" content=\"R\u00e9daction\" \/>\n<meta name=\"twitter:card\" content=\"summary_large_image\" \/>\n<meta name=\"twitter:label1\" content=\"Written by\" \/>\n\t<meta name=\"twitter:data1\" content=\"R\u00e9daction\" \/>\n\t<meta name=\"twitter:label2\" content=\"Est. reading time\" \/>\n\t<meta name=\"twitter:data2\" content=\"3 minutes\" \/>\n<script type=\"application\/ld+json\" class=\"yoast-schema-graph\">{\"@context\":\"https:\/\/schema.org\",\"@graph\":[{\"@type\":\"Article\",\"@id\":\"https:\/\/elmawkie.dz\/fr\/lanie-cloture-de-la-revision-exceptionnelle-des-listes-electorales-ce-dimanche\/#article\",\"isPartOf\":{\"@id\":\"https:\/\/elmawkie.dz\/fr\/lanie-cloture-de-la-revision-exceptionnelle-des-listes-electorales-ce-dimanche\/\"},\"author\":{\"name\":\"R\u00e9daction\",\"@id\":\"https:\/\/elmawkie.dz\/fr\/#\/schema\/person\/e7bd59d6467874ba5c4723d8a9f0a63c\"},\"headline\":\"L\u2019ANIE: Cl\u00f4ture de la r\u00e9vision exceptionnelle des listes \u00e9lectorales ce dimanche\",\"datePublished\":\"2026-04-26T12:31:27+00:00\",\"dateModified\":\"2026-04-26T12:31:28+00:00\",\"mainEntityOfPage\":{\"@id\":\"https:\/\/elmawkie.dz\/fr\/lanie-cloture-de-la-revision-exceptionnelle-des-listes-electorales-ce-dimanche\/\"},\"wordCount\":628,\"commentCount\":0,\"publisher\":{\"@id\":\"https:\/\/elmawkie.dz\/fr\/#organization\"},\"image\":{\"@id\":\"https:\/\/elmawkie.dz\/fr\/lanie-cloture-de-la-revision-exceptionnelle-des-listes-electorales-ce-dimanche\/#primaryimage\"},\"thumbnailUrl\":\"https:\/\/elmawkie.dz\/fr\/wp-content\/uploads\/2026\/04\/IMG_6713.jpeg\",\"keywords\":[\"L\u2019ANIE\"],\"articleSection\":[\"National\"],\"inLanguage\":\"fr-FR\",\"potentialAction\":[{\"@type\":\"CommentAction\",\"name\":\"Comment\",\"target\":[\"https:\/\/elmawkie.dz\/fr\/lanie-cloture-de-la-revision-exceptionnelle-des-listes-electorales-ce-dimanche\/#respond\"]}]},{\"@type\":\"WebPage\",\"@id\":\"https:\/\/elmawkie.dz\/fr\/lanie-cloture-de-la-revision-exceptionnelle-des-listes-electorales-ce-dimanche\/\",\"url\":\"https:\/\/elmawkie.dz\/fr\/lanie-cloture-de-la-revision-exceptionnelle-des-listes-electorales-ce-dimanche\/\",\"name\":\"L\u2019ANIE: Cl\u00f4ture de la r\u00e9vision exceptionnelle des listes \u00e9lectorales ce dimanche - El Mawkie\",\"isPartOf\":{\"@id\":\"https:\/\/elmawkie.dz\/fr\/#website\"},\"primaryImageOfPage\":{\"@id\":\"https:\/\/elmawkie.dz\/fr\/lanie-cloture-de-la-revision-exceptionnelle-des-listes-electorales-ce-dimanche\/#primaryimage\"},\"image\":{\"@id\":\"https:\/\/elmawkie.dz\/fr\/lanie-cloture-de-la-revision-exceptionnelle-des-listes-electorales-ce-dimanche\/#primaryimage\"},\"thumbnailUrl\":\"https:\/\/elmawkie.dz\/fr\/wp-content\/uploads\/2026\/04\/IMG_6713.jpeg\",\"datePublished\":\"2026-04-26T12:31:27+00:00\",\"dateModified\":\"2026-04-26T12:31:28+00:00\",\"breadcrumb\":{\"@id\":\"https:\/\/elmawkie.dz\/fr\/lanie-cloture-de-la-revision-exceptionnelle-des-listes-electorales-ce-dimanche\/#breadcrumb\"},\"inLanguage\":\"fr-FR\",\"potentialAction\":[{\"@type\":\"ReadAction\",\"target\":[\"https:\/\/elmawkie.dz\/fr\/lanie-cloture-de-la-revision-exceptionnelle-des-listes-electorales-ce-dimanche\/\"]}]},{\"@type\":\"ImageObject\",\"inLanguage\":\"fr-FR\",\"@id\":\"https:\/\/elmawkie.dz\/fr\/lanie-cloture-de-la-revision-exceptionnelle-des-listes-electorales-ce-dimanche\/#primaryimage\",\"url\":\"https:\/\/elmawkie.dz\/fr\/wp-content\/uploads\/2026\/04\/IMG_6713.jpeg\",\"contentUrl\":\"https:\/\/elmawkie.dz\/fr\/wp-content\/uploads\/2026\/04\/IMG_6713.jpeg\",\"width\":725,\"height\":535},{\"@type\":\"BreadcrumbList\",\"@id\":\"https:\/\/elmawkie.dz\/fr\/lanie-cloture-de-la-revision-exceptionnelle-des-listes-electorales-ce-dimanche\/#breadcrumb\",\"itemListElement\":[{\"@type\":\"ListItem\",\"position\":1,\"name\":\"Home\",\"item\":\"https:\/\/elmawkie.dz\/fr\/\"},{\"@type\":\"ListItem\",\"position\":2,\"name\":\"L\u2019ANIE: Cl\u00f4ture de la r\u00e9vision exceptionnelle des listes \u00e9lectorales ce dimanche\"}]},{\"@type\":\"WebSite\",\"@id\":\"https:\/\/elmawkie.dz\/fr\/#website\",\"url\":\"https:\/\/elmawkie.dz\/fr\/\",\"name\":\"EL MAWKIE\",\"description\":\"Journal \u00c9lectronique Alg\u00e9rien\",\"publisher\":{\"@id\":\"https:\/\/elmawkie.dz\/fr\/#organization\"},\"potentialAction\":[{\"@type\":\"SearchAction\",\"target\":{\"@type\":\"EntryPoint\",\"urlTemplate\":\"https:\/\/elmawkie.dz\/fr\/?s={search_term_string}\"},\"query-input\":\"required name=search_term_string\"}],\"inLanguage\":\"fr-FR\"},{\"@type\":\"Organization\",\"@id\":\"https:\/\/elmawkie.dz\/fr\/#organization\",\"name\":\"EL MAWKIE\",\"url\":\"https:\/\/elmawkie.dz\/fr\/\",\"logo\":{\"@type\":\"ImageObject\",\"inLanguage\":\"fr-FR\",\"@id\":\"https:\/\/elmawkie.dz\/fr\/#\/schema\/logo\/image\/\",\"url\":\"https:\/\/elmawkie.dz\/fr\/wp-content\/uploads\/2024\/05\/logo1.png\",\"contentUrl\":\"https:\/\/elmawkie.dz\/fr\/wp-content\/uploads\/2024\/05\/logo1.png\",\"width\":1648,\"height\":652,\"caption\":\"EL MAWKIE\"},\"image\":{\"@id\":\"https:\/\/elmawkie.dz\/fr\/#\/schema\/logo\/image\/\"},\"sameAs\":[\"https:\/\/www.facebook.com\/profile.php?id=100088407094989&locale=fr_FR\"]},{\"@type\":\"Person\",\"@id\":\"https:\/\/elmawkie.dz\/fr\/#\/schema\/person\/e7bd59d6467874ba5c4723d8a9f0a63c\",\"name\":\"R\u00e9daction\",\"image\":{\"@type\":\"ImageObject\",\"inLanguage\":\"fr-FR\",\"@id\":\"https:\/\/elmawkie.dz\/fr\/#\/schema\/person\/image\/\",\"url\":\"https:\/\/secure.gravatar.com\/avatar\/f0f773456344da4d2788c054a3d30a0c?s=96&d=mm&r=g\",\"contentUrl\":\"https:\/\/secure.gravatar.com\/avatar\/f0f773456344da4d2788c054a3d30a0c?s=96&d=mm&r=g\",\"caption\":\"R\u00e9daction\"},\"url\":\"https:\/\/elmawkie.dz\/fr\/author\/redaction\/\"}]}<\/script>\n<!-- \/ Yoast SEO Premium plugin. -->","yoast_head_json":{"title":"L\u2019ANIE: Cl\u00f4ture de la r\u00e9vision exceptionnelle des listes \u00e9lectorales ce dimanche - El Mawkie","robots":{"index":"index","follow":"follow","max-snippet":"max-snippet:-1","max-image-preview":"max-image-preview:large","max-video-preview":"max-video-preview:-1"},"canonical":"https:\/\/elmawkie.dz\/fr\/lanie-cloture-de-la-revision-exceptionnelle-des-listes-electorales-ce-dimanche\/","og_locale":"fr_FR","og_type":"article","og_title":"L\u2019ANIE: Cl\u00f4ture de la r\u00e9vision exceptionnelle des listes \u00e9lectorales ce dimanche","og_description":"La r\u00e9vision exceptionnelle des listes \u00e9lectorales en pr\u00e9vision des \u00e9lections l\u00e9gislatives pr\u00e9vues le 2 juillet prochain, sera cl\u00f4tur\u00e9e ce dimanche. Cette op\u00e9ration, lanc\u00e9e le 12 avril dernier, fait suite \u00e0 la signature par le pr\u00e9sident de la R\u00e9publique, M. Abdelmadjid Tebboune, d&rsquo;un d\u00e9cret pr\u00e9sidentiel portant convocation du corps \u00e9lectoral pour le 2 juillet 2026, en &hellip;","og_url":"https:\/\/elmawkie.dz\/fr\/lanie-cloture-de-la-revision-exceptionnelle-des-listes-electorales-ce-dimanche\/","og_site_name":"El Mawkie","article_publisher":"https:\/\/www.facebook.com\/profile.php?id=100088407094989&locale=fr_FR","article_published_time":"2026-04-26T12:31:27+00:00","article_modified_time":"2026-04-26T12:31:28+00:00","og_image":[{"width":725,"height":535,"url":"https:\/\/elmawkie.dz\/fr\/wp-content\/uploads\/2026\/04\/IMG_6713.jpeg","type":"image\/jpeg"}],"author":"R\u00e9daction","twitter_card":"summary_large_image","twitter_misc":{"Written by":"R\u00e9daction","Est. reading time":"3 minutes"},"schema":{"@context":"https:\/\/schema.org","@graph":[{"@type":"Article","@id":"https:\/\/elmawkie.dz\/fr\/lanie-cloture-de-la-revision-exceptionnelle-des-listes-electorales-ce-dimanche\/#article","isPartOf":{"@id":"https:\/\/elmawkie.dz\/fr\/lanie-cloture-de-la-revision-exceptionnelle-des-listes-electorales-ce-dimanche\/"},"author":{"name":"R\u00e9daction","@id":"https:\/\/elmawkie.dz\/fr\/#\/schema\/person\/e7bd59d6467874ba5c4723d8a9f0a63c"},"headline":"L\u2019ANIE: Cl\u00f4ture de la r\u00e9vision exceptionnelle des listes \u00e9lectorales ce dimanche","datePublished":"2026-04-26T12:31:27+00:00","dateModified":"2026-04-26T12:31:28+00:00","mainEntityOfPage":{"@id":"https:\/\/elmawkie.dz\/fr\/lanie-cloture-de-la-revision-exceptionnelle-des-listes-electorales-ce-dimanche\/"},"wordCount":628,"commentCount":0,"publisher":{"@id":"https:\/\/elmawkie.dz\/fr\/#organization"},"image":{"@id":"https:\/\/elmawkie.dz\/fr\/lanie-cloture-de-la-revision-exceptionnelle-des-listes-electorales-ce-dimanche\/#primaryimage"},"thumbnailUrl":"https:\/\/elmawkie.dz\/fr\/wp-content\/uploads\/2026\/04\/IMG_6713.jpeg","keywords":["L\u2019ANIE"],"articleSection":["National"],"inLanguage":"fr-FR","potentialAction":[{"@type":"CommentAction","name":"Comment","target":["https:\/\/elmawkie.dz\/fr\/lanie-cloture-de-la-revision-exceptionnelle-des-listes-electorales-ce-dimanche\/#respond"]}]},{"@type":"WebPage","@id":"https:\/\/elmawkie.dz\/fr\/lanie-cloture-de-la-revision-exceptionnelle-des-listes-electorales-ce-dimanche\/","url":"https:\/\/elmawkie.dz\/fr\/lanie-cloture-de-la-revision-exceptionnelle-des-listes-electorales-ce-dimanche\/","name":"L\u2019ANIE: Cl\u00f4ture de la r\u00e9vision exceptionnelle des listes \u00e9lectorales ce dimanche - El Mawkie","isPartOf":{"@id":"https:\/\/elmawkie.dz\/fr\/#website"},"primaryImageOfPage":{"@id":"https:\/\/elmawkie.dz\/fr\/lanie-cloture-de-la-revision-exceptionnelle-des-listes-electorales-ce-dimanche\/#primaryimage"},"image":{"@id":"https:\/\/elmawkie.dz\/fr\/lanie-cloture-de-la-revision-exceptionnelle-des-listes-electorales-ce-dimanche\/#primaryimage"},"thumbnailUrl":"https:\/\/elmawkie.dz\/fr\/wp-content\/uploads\/2026\/04\/IMG_6713.jpeg","datePublished":"2026-04-26T12:31:27+00:00","dateModified":"2026-04-26T12:31:28+00:00","breadcrumb":{"@id":"https:\/\/elmawkie.dz\/fr\/lanie-cloture-de-la-revision-exceptionnelle-des-listes-electorales-ce-dimanche\/#breadcrumb"},"inLanguage":"fr-FR","potentialAction":[{"@type":"ReadAction","target":["https:\/\/elmawkie.dz\/fr\/lanie-cloture-de-la-revision-exceptionnelle-des-listes-electorales-ce-dimanche\/"]}]},{"@type":"ImageObject","inLanguage":"fr-FR","@id":"https:\/\/elmawkie.dz\/fr\/lanie-cloture-de-la-revision-exceptionnelle-des-listes-electorales-ce-dimanche\/#primaryimage","url":"https:\/\/elmawkie.dz\/fr\/wp-content\/uploads\/2026\/04\/IMG_6713.jpeg","contentUrl":"https:\/\/elmawkie.dz\/fr\/wp-content\/uploads\/2026\/04\/IMG_6713.jpeg","width":725,"height":535},{"@type":"BreadcrumbList","@id":"https:\/\/elmawkie.dz\/fr\/lanie-cloture-de-la-revision-exceptionnelle-des-listes-electorales-ce-dimanche\/#breadcrumb","itemListElement":[{"@type":"ListItem","position":1,"name":"Home","item":"https:\/\/elmawkie.dz\/fr\/"},{"@type":"ListItem","position":2,"name":"L\u2019ANIE: Cl\u00f4ture de la r\u00e9vision exceptionnelle des listes \u00e9lectorales ce dimanche"}]},{"@type":"WebSite","@id":"https:\/\/elmawkie.dz\/fr\/#website","url":"https:\/\/elmawkie.dz\/fr\/","name":"EL MAWKIE","description":"Journal \u00c9lectronique Alg\u00e9rien","publisher":{"@id":"https:\/\/elmawkie.dz\/fr\/#organization"},"potentialAction":[{"@type":"SearchAction","target":{"@type":"EntryPoint","urlTemplate":"https:\/\/elmawkie.dz\/fr\/?s={search_term_string}"},"query-input":"required name=search_term_string"}],"inLanguage":"fr-FR"},{"@type":"Organization","@id":"https:\/\/elmawkie.dz\/fr\/#organization","name":"EL MAWKIE","url":"https:\/\/elmawkie.dz\/fr\/","logo":{"@type":"ImageObject","inLanguage":"fr-FR","@id":"https:\/\/elmawkie.dz\/fr\/#\/schema\/logo\/image\/","url":"https:\/\/elmawkie.dz\/fr\/wp-content\/uploads\/2024\/05\/logo1.png","contentUrl":"https:\/\/elmawkie.dz\/fr\/wp-content\/uploads\/2024\/05\/logo1.png","width":1648,"height":652,"caption":"EL MAWKIE"},"image":{"@id":"https:\/\/elmawkie.dz\/fr\/#\/schema\/logo\/image\/"},"sameAs":["https:\/\/www.facebook.com\/profile.php?id=100088407094989&locale=fr_FR"]},{"@type":"Person","@id":"https:\/\/elmawkie.dz\/fr\/#\/schema\/person\/e7bd59d6467874ba5c4723d8a9f0a63c","name":"R\u00e9daction","image":{"@type":"ImageObject","inLanguage":"fr-FR","@id":"https:\/\/elmawkie.dz\/fr\/#\/schema\/person\/image\/","url":"https:\/\/secure.gravatar.com\/avatar\/f0f773456344da4d2788c054a3d30a0c?s=96&d=mm&r=g","contentUrl":"https:\/\/secure.gravatar.com\/avatar\/f0f773456344da4d2788c054a3d30a0c?s=96&d=mm&r=g","caption":"R\u00e9daction"},"url":"https:\/\/elmawkie.dz\/fr\/author\/redaction\/"}]}},"_links":{"self":[{"href":"https:\/\/elmawkie.dz\/fr\/wp-json\/wp\/v2\/posts\/64848","targetHints":{"allow":["GET"]}}],"collection":[{"href":"https:\/\/elmawkie.dz\/fr\/wp-json\/wp\/v2\/posts"}],"about":[{"href":"https:\/\/elmawkie.dz\/fr\/wp-json\/wp\/v2\/types\/post"}],"author":[{"embeddable":true,"href":"https:\/\/elmawkie.dz\/fr\/wp-json\/wp\/v2\/users\/9"}],"replies":[{"embeddable":true,"href":"https:\/\/elmawkie.dz\/fr\/wp-json\/wp\/v2\/comments?post=64848"}],"version-history":[{"count":1,"href":"https:\/\/elmawkie.dz\/fr\/wp-json\/wp\/v2\/posts\/64848\/revisions"}],"predecessor-version":[{"id":64851,"href":"https:\/\/elmawkie.dz\/fr\/wp-json\/wp\/v2\/posts\/64848\/revisions\/64851"}],"wp:featuredmedia":[{"embeddable":true,"href":"https:\/\/elmawkie.dz\/fr\/wp-json\/wp\/v2\/media\/64850"}],"wp:attachment":[{"href":"https:\/\/elmawkie.dz\/fr\/wp-json\/wp\/v2\/media?parent=64848"}],"wp:term":[{"taxonomy":"category","embeddable":true,"href":"https:\/\/elmawkie.dz\/fr\/wp-json\/wp\/v2\/categories?post=64848"},{"taxonomy":"post_tag","embeddable":true,"href":"https:\/\/elmawkie.dz\/fr\/wp-json\/wp\/v2\/tags?post=64848"}],"curies":[{"name":"wp","href":"https:\/\/api.w.org\/{rel}","templated":true}]}}