{"id":64840,"date":"2026-04-26T13:25:32","date_gmt":"2026-04-26T12:25:32","guid":{"rendered":"https:\/\/elmawkie.dz\/fr\/?p=64840"},"modified":"2026-04-26T13:25:32","modified_gmt":"2026-04-26T12:25:32","slug":"festival-dannaba-du-film-mediterraneen-projection-du-documentaire-gijon-1982","status":"publish","type":"post","link":"https:\/\/elmawkie.dz\/fr\/festival-dannaba-du-film-mediterraneen-projection-du-documentaire-gijon-1982\/","title":{"rendered":"Festival d&rsquo;Annaba du film m\u00e9diterran\u00e9en : projection du documentaire \u00ab\u00a0Gijon 1982\u00a0\u00bb"},"content":{"rendered":"\n<p>Le documentaire alg\u00e9ro-qatari \u00ab\u00a0Gijon 1982\u00a0\u00bb, a \u00e9t\u00e9 projet\u00e9, samedi soir, au th\u00e9\u00e2tre r\u00e9gional Azzedine-Medjoubi d&rsquo;Annaba, dans le cadre du 6\u00e8me Festival du film m\u00e9diterran\u00e9en, en pr\u00e9sence de stars du football alg\u00e9rien des ann\u00e9es 1980, \u00e0 l&rsquo;image de Rabah Madjer et de Lakhdar Belloumi.<\/p>\n\n\n\n<p>Le film, r\u00e9alis\u00e9 en collaboration avec la cha\u00eene qatarie \u00ab\u00a0Al Jazeera\u00a0\u00bb, est truff\u00e9 de d\u00e9tails exclusifs sur l&rsquo;\u00e9pop\u00e9e des Verts lors de la Coupe du Monde de football en Espagne, en 1982.<\/p>\n\n\n\n<p>Sa r\u00e9alisation a n\u00e9cessit\u00e9 des d\u00e9placements dans trois pays pour recueillir les t\u00e9moignages des protagonistes de cette \u00e9poque, tels que les footballeurs allemands (notamment le gardien de but Harald Schumacher et l&rsquo;attaquant Pierre Littbarski), qui ont \u00e9voqu\u00e9 leur d\u00e9faite contre l&rsquo;Alg\u00e9rie et les coulisses du \u00ab\u00a0match de la honte\u00a0\u00bb entre l&rsquo;ex-RFA et l&rsquo;Autriche qui pr\u00e9cipita l&rsquo;\u00e9limination de l&rsquo;Alg\u00e9rie.<\/p>\n\n\n\n<p>Rabah Madjer a soulign\u00e9, dans une d\u00e9claration recueillie \u00e0 la fin de la projection, que le film retrace fid\u00e8lement les p\u00e9rip\u00e9ties du fameux match face aux Allemands, au stade El Molinon de Gijon, et les moments forts de l&rsquo;\u00e9quipe nationale v\u00e9cus en compagnie d&rsquo;autres stars comme Lakhdar Belloumi et Salah Assad, entre autres.<\/p>\n\n\n\n<p>De son c\u00f4t\u00e9, Lakhdar Belloumi a consid\u00e9r\u00e9 que cette projection \u00ab\u00a0repr\u00e9sente un hommage m\u00e9rit\u00e9 \u00e0 la g\u00e9n\u00e9ration de 1982 qui a relev\u00e9 le d\u00e9fi face aux grandes nations du football mondial\u00a0\u00bb, soulignant que la documentation de ces moments au cin\u00e9ma contribue \u00e0 transmettre aux jeunes g\u00e9n\u00e9rations la volont\u00e9, l&rsquo;amour du pays et la soif de victoires.<\/p>\n\n\n\n<p>Le r\u00e9alisateur Yahia Mouhazem, qui a particip\u00e9 \u00e0 la construction de ce film documentaire, a indiqu\u00e9 qu&rsquo;\u00e0 travers cette production, est \u00ab\u00a0document\u00e9 un pan de la m\u00e9moire sportive dans un cadre cin\u00e9matographique alliant documentation historique et esth\u00e9tique visuelle\u00a0\u00bb.<\/p>\n\n\n\n<p>La projection, qui portait le slogan \u00ab\u00a0Le cin\u00e9ma rend hommage au sport\u00a0\u00bb, a \u00e9t\u00e9 marqu\u00e9e par une grande affluence du public qui a interagi avec les images d&rsquo;archives et les t\u00e9moignages vivants qui ont d\u00e9montr\u00e9 la grande solidarit\u00e9 et la fraternit\u00e9 qui r\u00e9gnait entre les joueurs de l&rsquo;\u00e9quipe d&rsquo;Alg\u00e9rie.<\/p>\n\n\n\n<p>Le 6\u00e8me Festival du film m\u00e9diterran\u00e9en d&rsquo;Annaba, qui se poursuivra jusqu&rsquo;au 30 avril, sera marqu\u00e9, outres les projections, par des hommages \u00e0 des figures artistiques \u00e9minentes d&rsquo;Alg\u00e9rie et des pays du bassin m\u00e9diterran\u00e9en, ainsi que par des s\u00e9minaires et des ateliers de formation destin\u00e9s \u00e0 promouvoir l&rsquo;activit\u00e9 culturelle et cin\u00e9matographique dans la ville d&rsquo;Annaba.<\/p>\n","protected":false},"excerpt":{"rendered":"<p>Le documentaire alg\u00e9ro-qatari \u00ab\u00a0Gijon 1982\u00a0\u00bb, a \u00e9t\u00e9 projet\u00e9, samedi soir, au th\u00e9\u00e2tre r\u00e9gional Azzedine-Medjoubi d&rsquo;Annaba, dans le cadre du 6\u00e8me Festival du film m\u00e9diterran\u00e9en, en pr\u00e9sence de stars du football alg\u00e9rien des ann\u00e9es 1980, \u00e0 l&rsquo;image de Rabah Madjer et de Lakhdar Belloumi. Le film, r\u00e9alis\u00e9 en collaboration avec la cha\u00eene qatarie \u00ab\u00a0Al Jazeera\u00a0\u00bb, est &hellip;<\/p>\n","protected":false},"author":9,"featured_media":64842,"comment_status":"open","ping_status":"open","sticky":false,"template":"","format":"standard","meta":{"footnotes":""},"categories":[3],"tags":[1216,6264,6441],"class_list":["post-64840","post","type-post","status-publish","format-standard","has-post-thumbnail","hentry","category-bs-culture","tag-annaba","tag-festival","tag-film-mediterraneen"],"yoast_head":"<!-- This site is optimized with the Yoast SEO Premium plugin v22.6 (Yoast SEO v22.6) - https:\/\/yoast.com\/wordpress\/plugins\/seo\/ -->\n<title>Festival d&#039;Annaba du film m\u00e9diterran\u00e9en : projection du documentaire &quot;Gijon 1982&quot; - El Mawkie<\/title>\n<meta name=\"robots\" content=\"index, follow, max-snippet:-1, max-image-preview:large, max-video-preview:-1\" \/>\n<link rel=\"canonical\" href=\"https:\/\/elmawkie.dz\/fr\/festival-dannaba-du-film-mediterraneen-projection-du-documentaire-gijon-1982\/\" \/>\n<meta property=\"og:locale\" content=\"fr_FR\" \/>\n<meta property=\"og:type\" content=\"article\" \/>\n<meta property=\"og:title\" content=\"Festival d&#039;Annaba du film m\u00e9diterran\u00e9en : projection du documentaire &quot;Gijon 1982&quot;\" \/>\n<meta property=\"og:description\" content=\"Le documentaire alg\u00e9ro-qatari \u00ab\u00a0Gijon 1982\u00a0\u00bb, a \u00e9t\u00e9 projet\u00e9, samedi soir, au th\u00e9\u00e2tre r\u00e9gional Azzedine-Medjoubi d&rsquo;Annaba, dans le cadre du 6\u00e8me Festival du film m\u00e9diterran\u00e9en, en pr\u00e9sence de stars du football alg\u00e9rien des ann\u00e9es 1980, \u00e0 l&rsquo;image de Rabah Madjer et de Lakhdar Belloumi. Le film, r\u00e9alis\u00e9 en collaboration avec la cha\u00eene qatarie \u00ab\u00a0Al Jazeera\u00a0\u00bb, est &hellip;\" \/>\n<meta property=\"og:url\" content=\"https:\/\/elmawkie.dz\/fr\/festival-dannaba-du-film-mediterraneen-projection-du-documentaire-gijon-1982\/\" \/>\n<meta property=\"og:site_name\" content=\"El Mawkie\" \/>\n<meta property=\"article:publisher\" content=\"https:\/\/www.facebook.com\/profile.php?id=100088407094989&amp;locale=fr_FR\" \/>\n<meta property=\"article:published_time\" content=\"2026-04-26T12:25:32+00:00\" \/>\n<meta property=\"og:image\" content=\"https:\/\/elmawkie.dz\/fr\/wp-content\/uploads\/2026\/04\/IMG_6833.jpeg\" \/>\n\t<meta property=\"og:image:width\" content=\"1440\" \/>\n\t<meta property=\"og:image:height\" content=\"960\" \/>\n\t<meta property=\"og:image:type\" content=\"image\/jpeg\" \/>\n<meta name=\"author\" content=\"R\u00e9daction\" \/>\n<meta name=\"twitter:card\" content=\"summary_large_image\" \/>\n<meta name=\"twitter:label1\" content=\"Written by\" \/>\n\t<meta name=\"twitter:data1\" content=\"R\u00e9daction\" \/>\n\t<meta name=\"twitter:label2\" content=\"Est. reading time\" \/>\n\t<meta name=\"twitter:data2\" content=\"3 minutes\" \/>\n<script type=\"application\/ld+json\" class=\"yoast-schema-graph\">{\"@context\":\"https:\/\/schema.org\",\"@graph\":[{\"@type\":\"Article\",\"@id\":\"https:\/\/elmawkie.dz\/fr\/festival-dannaba-du-film-mediterraneen-projection-du-documentaire-gijon-1982\/#article\",\"isPartOf\":{\"@id\":\"https:\/\/elmawkie.dz\/fr\/festival-dannaba-du-film-mediterraneen-projection-du-documentaire-gijon-1982\/\"},\"author\":{\"name\":\"R\u00e9daction\",\"@id\":\"https:\/\/elmawkie.dz\/fr\/#\/schema\/person\/e7bd59d6467874ba5c4723d8a9f0a63c\"},\"headline\":\"Festival d&rsquo;Annaba du film m\u00e9diterran\u00e9en : projection du documentaire \u00ab\u00a0Gijon 1982\u00a0\u00bb\",\"datePublished\":\"2026-04-26T12:25:32+00:00\",\"dateModified\":\"2026-04-26T12:25:32+00:00\",\"mainEntityOfPage\":{\"@id\":\"https:\/\/elmawkie.dz\/fr\/festival-dannaba-du-film-mediterraneen-projection-du-documentaire-gijon-1982\/\"},\"wordCount\":456,\"commentCount\":0,\"publisher\":{\"@id\":\"https:\/\/elmawkie.dz\/fr\/#organization\"},\"image\":{\"@id\":\"https:\/\/elmawkie.dz\/fr\/festival-dannaba-du-film-mediterraneen-projection-du-documentaire-gijon-1982\/#primaryimage\"},\"thumbnailUrl\":\"https:\/\/elmawkie.dz\/fr\/wp-content\/uploads\/2026\/04\/IMG_6833.jpeg\",\"keywords\":[\"Annaba\",\"Festival\",\"Film m\u00e9diterran\u00e9en\"],\"articleSection\":[\"Culture\"],\"inLanguage\":\"fr-FR\",\"potentialAction\":[{\"@type\":\"CommentAction\",\"name\":\"Comment\",\"target\":[\"https:\/\/elmawkie.dz\/fr\/festival-dannaba-du-film-mediterraneen-projection-du-documentaire-gijon-1982\/#respond\"]}]},{\"@type\":\"WebPage\",\"@id\":\"https:\/\/elmawkie.dz\/fr\/festival-dannaba-du-film-mediterraneen-projection-du-documentaire-gijon-1982\/\",\"url\":\"https:\/\/elmawkie.dz\/fr\/festival-dannaba-du-film-mediterraneen-projection-du-documentaire-gijon-1982\/\",\"name\":\"Festival d'Annaba du film m\u00e9diterran\u00e9en : projection du documentaire \\\"Gijon 1982\\\" - El Mawkie\",\"isPartOf\":{\"@id\":\"https:\/\/elmawkie.dz\/fr\/#website\"},\"primaryImageOfPage\":{\"@id\":\"https:\/\/elmawkie.dz\/fr\/festival-dannaba-du-film-mediterraneen-projection-du-documentaire-gijon-1982\/#primaryimage\"},\"image\":{\"@id\":\"https:\/\/elmawkie.dz\/fr\/festival-dannaba-du-film-mediterraneen-projection-du-documentaire-gijon-1982\/#primaryimage\"},\"thumbnailUrl\":\"https:\/\/elmawkie.dz\/fr\/wp-content\/uploads\/2026\/04\/IMG_6833.jpeg\",\"datePublished\":\"2026-04-26T12:25:32+00:00\",\"dateModified\":\"2026-04-26T12:25:32+00:00\",\"breadcrumb\":{\"@id\":\"https:\/\/elmawkie.dz\/fr\/festival-dannaba-du-film-mediterraneen-projection-du-documentaire-gijon-1982\/#breadcrumb\"},\"inLanguage\":\"fr-FR\",\"potentialAction\":[{\"@type\":\"ReadAction\",\"target\":[\"https:\/\/elmawkie.dz\/fr\/festival-dannaba-du-film-mediterraneen-projection-du-documentaire-gijon-1982\/\"]}]},{\"@type\":\"ImageObject\",\"inLanguage\":\"fr-FR\",\"@id\":\"https:\/\/elmawkie.dz\/fr\/festival-dannaba-du-film-mediterraneen-projection-du-documentaire-gijon-1982\/#primaryimage\",\"url\":\"https:\/\/elmawkie.dz\/fr\/wp-content\/uploads\/2026\/04\/IMG_6833.jpeg\",\"contentUrl\":\"https:\/\/elmawkie.dz\/fr\/wp-content\/uploads\/2026\/04\/IMG_6833.jpeg\",\"width\":1440,\"height\":960},{\"@type\":\"BreadcrumbList\",\"@id\":\"https:\/\/elmawkie.dz\/fr\/festival-dannaba-du-film-mediterraneen-projection-du-documentaire-gijon-1982\/#breadcrumb\",\"itemListElement\":[{\"@type\":\"ListItem\",\"position\":1,\"name\":\"Home\",\"item\":\"https:\/\/elmawkie.dz\/fr\/\"},{\"@type\":\"ListItem\",\"position\":2,\"name\":\"Festival d&rsquo;Annaba du film m\u00e9diterran\u00e9en : projection du documentaire \u00ab\u00a0Gijon 1982\u00a0\u00bb\"}]},{\"@type\":\"WebSite\",\"@id\":\"https:\/\/elmawkie.dz\/fr\/#website\",\"url\":\"https:\/\/elmawkie.dz\/fr\/\",\"name\":\"EL MAWKIE\",\"description\":\"Journal \u00c9lectronique Alg\u00e9rien\",\"publisher\":{\"@id\":\"https:\/\/elmawkie.dz\/fr\/#organization\"},\"potentialAction\":[{\"@type\":\"SearchAction\",\"target\":{\"@type\":\"EntryPoint\",\"urlTemplate\":\"https:\/\/elmawkie.dz\/fr\/?s={search_term_string}\"},\"query-input\":\"required name=search_term_string\"}],\"inLanguage\":\"fr-FR\"},{\"@type\":\"Organization\",\"@id\":\"https:\/\/elmawkie.dz\/fr\/#organization\",\"name\":\"EL MAWKIE\",\"url\":\"https:\/\/elmawkie.dz\/fr\/\",\"logo\":{\"@type\":\"ImageObject\",\"inLanguage\":\"fr-FR\",\"@id\":\"https:\/\/elmawkie.dz\/fr\/#\/schema\/logo\/image\/\",\"url\":\"https:\/\/elmawkie.dz\/fr\/wp-content\/uploads\/2024\/05\/logo1.png\",\"contentUrl\":\"https:\/\/elmawkie.dz\/fr\/wp-content\/uploads\/2024\/05\/logo1.png\",\"width\":1648,\"height\":652,\"caption\":\"EL MAWKIE\"},\"image\":{\"@id\":\"https:\/\/elmawkie.dz\/fr\/#\/schema\/logo\/image\/\"},\"sameAs\":[\"https:\/\/www.facebook.com\/profile.php?id=100088407094989&locale=fr_FR\"]},{\"@type\":\"Person\",\"@id\":\"https:\/\/elmawkie.dz\/fr\/#\/schema\/person\/e7bd59d6467874ba5c4723d8a9f0a63c\",\"name\":\"R\u00e9daction\",\"image\":{\"@type\":\"ImageObject\",\"inLanguage\":\"fr-FR\",\"@id\":\"https:\/\/elmawkie.dz\/fr\/#\/schema\/person\/image\/\",\"url\":\"https:\/\/secure.gravatar.com\/avatar\/f0f773456344da4d2788c054a3d30a0c?s=96&d=mm&r=g\",\"contentUrl\":\"https:\/\/secure.gravatar.com\/avatar\/f0f773456344da4d2788c054a3d30a0c?s=96&d=mm&r=g\",\"caption\":\"R\u00e9daction\"},\"url\":\"https:\/\/elmawkie.dz\/fr\/author\/redaction\/\"}]}<\/script>\n<!-- \/ Yoast SEO Premium plugin. -->","yoast_head_json":{"title":"Festival d'Annaba du film m\u00e9diterran\u00e9en : projection du documentaire \"Gijon 1982\" - El Mawkie","robots":{"index":"index","follow":"follow","max-snippet":"max-snippet:-1","max-image-preview":"max-image-preview:large","max-video-preview":"max-video-preview:-1"},"canonical":"https:\/\/elmawkie.dz\/fr\/festival-dannaba-du-film-mediterraneen-projection-du-documentaire-gijon-1982\/","og_locale":"fr_FR","og_type":"article","og_title":"Festival d'Annaba du film m\u00e9diterran\u00e9en : projection du documentaire \"Gijon 1982\"","og_description":"Le documentaire alg\u00e9ro-qatari \u00ab\u00a0Gijon 1982\u00a0\u00bb, a \u00e9t\u00e9 projet\u00e9, samedi soir, au th\u00e9\u00e2tre r\u00e9gional Azzedine-Medjoubi d&rsquo;Annaba, dans le cadre du 6\u00e8me Festival du film m\u00e9diterran\u00e9en, en pr\u00e9sence de stars du football alg\u00e9rien des ann\u00e9es 1980, \u00e0 l&rsquo;image de Rabah Madjer et de Lakhdar Belloumi. Le film, r\u00e9alis\u00e9 en collaboration avec la cha\u00eene qatarie \u00ab\u00a0Al Jazeera\u00a0\u00bb, est &hellip;","og_url":"https:\/\/elmawkie.dz\/fr\/festival-dannaba-du-film-mediterraneen-projection-du-documentaire-gijon-1982\/","og_site_name":"El Mawkie","article_publisher":"https:\/\/www.facebook.com\/profile.php?id=100088407094989&locale=fr_FR","article_published_time":"2026-04-26T12:25:32+00:00","og_image":[{"width":1440,"height":960,"url":"https:\/\/elmawkie.dz\/fr\/wp-content\/uploads\/2026\/04\/IMG_6833.jpeg","type":"image\/jpeg"}],"author":"R\u00e9daction","twitter_card":"summary_large_image","twitter_misc":{"Written by":"R\u00e9daction","Est. reading time":"3 minutes"},"schema":{"@context":"https:\/\/schema.org","@graph":[{"@type":"Article","@id":"https:\/\/elmawkie.dz\/fr\/festival-dannaba-du-film-mediterraneen-projection-du-documentaire-gijon-1982\/#article","isPartOf":{"@id":"https:\/\/elmawkie.dz\/fr\/festival-dannaba-du-film-mediterraneen-projection-du-documentaire-gijon-1982\/"},"author":{"name":"R\u00e9daction","@id":"https:\/\/elmawkie.dz\/fr\/#\/schema\/person\/e7bd59d6467874ba5c4723d8a9f0a63c"},"headline":"Festival d&rsquo;Annaba du film m\u00e9diterran\u00e9en : projection du documentaire \u00ab\u00a0Gijon 1982\u00a0\u00bb","datePublished":"2026-04-26T12:25:32+00:00","dateModified":"2026-04-26T12:25:32+00:00","mainEntityOfPage":{"@id":"https:\/\/elmawkie.dz\/fr\/festival-dannaba-du-film-mediterraneen-projection-du-documentaire-gijon-1982\/"},"wordCount":456,"commentCount":0,"publisher":{"@id":"https:\/\/elmawkie.dz\/fr\/#organization"},"image":{"@id":"https:\/\/elmawkie.dz\/fr\/festival-dannaba-du-film-mediterraneen-projection-du-documentaire-gijon-1982\/#primaryimage"},"thumbnailUrl":"https:\/\/elmawkie.dz\/fr\/wp-content\/uploads\/2026\/04\/IMG_6833.jpeg","keywords":["Annaba","Festival","Film m\u00e9diterran\u00e9en"],"articleSection":["Culture"],"inLanguage":"fr-FR","potentialAction":[{"@type":"CommentAction","name":"Comment","target":["https:\/\/elmawkie.dz\/fr\/festival-dannaba-du-film-mediterraneen-projection-du-documentaire-gijon-1982\/#respond"]}]},{"@type":"WebPage","@id":"https:\/\/elmawkie.dz\/fr\/festival-dannaba-du-film-mediterraneen-projection-du-documentaire-gijon-1982\/","url":"https:\/\/elmawkie.dz\/fr\/festival-dannaba-du-film-mediterraneen-projection-du-documentaire-gijon-1982\/","name":"Festival d'Annaba du film m\u00e9diterran\u00e9en : projection du documentaire \"Gijon 1982\" - El Mawkie","isPartOf":{"@id":"https:\/\/elmawkie.dz\/fr\/#website"},"primaryImageOfPage":{"@id":"https:\/\/elmawkie.dz\/fr\/festival-dannaba-du-film-mediterraneen-projection-du-documentaire-gijon-1982\/#primaryimage"},"image":{"@id":"https:\/\/elmawkie.dz\/fr\/festival-dannaba-du-film-mediterraneen-projection-du-documentaire-gijon-1982\/#primaryimage"},"thumbnailUrl":"https:\/\/elmawkie.dz\/fr\/wp-content\/uploads\/2026\/04\/IMG_6833.jpeg","datePublished":"2026-04-26T12:25:32+00:00","dateModified":"2026-04-26T12:25:32+00:00","breadcrumb":{"@id":"https:\/\/elmawkie.dz\/fr\/festival-dannaba-du-film-mediterraneen-projection-du-documentaire-gijon-1982\/#breadcrumb"},"inLanguage":"fr-FR","potentialAction":[{"@type":"ReadAction","target":["https:\/\/elmawkie.dz\/fr\/festival-dannaba-du-film-mediterraneen-projection-du-documentaire-gijon-1982\/"]}]},{"@type":"ImageObject","inLanguage":"fr-FR","@id":"https:\/\/elmawkie.dz\/fr\/festival-dannaba-du-film-mediterraneen-projection-du-documentaire-gijon-1982\/#primaryimage","url":"https:\/\/elmawkie.dz\/fr\/wp-content\/uploads\/2026\/04\/IMG_6833.jpeg","contentUrl":"https:\/\/elmawkie.dz\/fr\/wp-content\/uploads\/2026\/04\/IMG_6833.jpeg","width":1440,"height":960},{"@type":"BreadcrumbList","@id":"https:\/\/elmawkie.dz\/fr\/festival-dannaba-du-film-mediterraneen-projection-du-documentaire-gijon-1982\/#breadcrumb","itemListElement":[{"@type":"ListItem","position":1,"name":"Home","item":"https:\/\/elmawkie.dz\/fr\/"},{"@type":"ListItem","position":2,"name":"Festival d&rsquo;Annaba du film m\u00e9diterran\u00e9en : projection du documentaire \u00ab\u00a0Gijon 1982\u00a0\u00bb"}]},{"@type":"WebSite","@id":"https:\/\/elmawkie.dz\/fr\/#website","url":"https:\/\/elmawkie.dz\/fr\/","name":"EL MAWKIE","description":"Journal \u00c9lectronique Alg\u00e9rien","publisher":{"@id":"https:\/\/elmawkie.dz\/fr\/#organization"},"potentialAction":[{"@type":"SearchAction","target":{"@type":"EntryPoint","urlTemplate":"https:\/\/elmawkie.dz\/fr\/?s={search_term_string}"},"query-input":"required name=search_term_string"}],"inLanguage":"fr-FR"},{"@type":"Organization","@id":"https:\/\/elmawkie.dz\/fr\/#organization","name":"EL MAWKIE","url":"https:\/\/elmawkie.dz\/fr\/","logo":{"@type":"ImageObject","inLanguage":"fr-FR","@id":"https:\/\/elmawkie.dz\/fr\/#\/schema\/logo\/image\/","url":"https:\/\/elmawkie.dz\/fr\/wp-content\/uploads\/2024\/05\/logo1.png","contentUrl":"https:\/\/elmawkie.dz\/fr\/wp-content\/uploads\/2024\/05\/logo1.png","width":1648,"height":652,"caption":"EL MAWKIE"},"image":{"@id":"https:\/\/elmawkie.dz\/fr\/#\/schema\/logo\/image\/"},"sameAs":["https:\/\/www.facebook.com\/profile.php?id=100088407094989&locale=fr_FR"]},{"@type":"Person","@id":"https:\/\/elmawkie.dz\/fr\/#\/schema\/person\/e7bd59d6467874ba5c4723d8a9f0a63c","name":"R\u00e9daction","image":{"@type":"ImageObject","inLanguage":"fr-FR","@id":"https:\/\/elmawkie.dz\/fr\/#\/schema\/person\/image\/","url":"https:\/\/secure.gravatar.com\/avatar\/f0f773456344da4d2788c054a3d30a0c?s=96&d=mm&r=g","contentUrl":"https:\/\/secure.gravatar.com\/avatar\/f0f773456344da4d2788c054a3d30a0c?s=96&d=mm&r=g","caption":"R\u00e9daction"},"url":"https:\/\/elmawkie.dz\/fr\/author\/redaction\/"}]}},"_links":{"self":[{"href":"https:\/\/elmawkie.dz\/fr\/wp-json\/wp\/v2\/posts\/64840","targetHints":{"allow":["GET"]}}],"collection":[{"href":"https:\/\/elmawkie.dz\/fr\/wp-json\/wp\/v2\/posts"}],"about":[{"href":"https:\/\/elmawkie.dz\/fr\/wp-json\/wp\/v2\/types\/post"}],"author":[{"embeddable":true,"href":"https:\/\/elmawkie.dz\/fr\/wp-json\/wp\/v2\/users\/9"}],"replies":[{"embeddable":true,"href":"https:\/\/elmawkie.dz\/fr\/wp-json\/wp\/v2\/comments?post=64840"}],"version-history":[{"count":1,"href":"https:\/\/elmawkie.dz\/fr\/wp-json\/wp\/v2\/posts\/64840\/revisions"}],"predecessor-version":[{"id":64843,"href":"https:\/\/elmawkie.dz\/fr\/wp-json\/wp\/v2\/posts\/64840\/revisions\/64843"}],"wp:featuredmedia":[{"embeddable":true,"href":"https:\/\/elmawkie.dz\/fr\/wp-json\/wp\/v2\/media\/64842"}],"wp:attachment":[{"href":"https:\/\/elmawkie.dz\/fr\/wp-json\/wp\/v2\/media?parent=64840"}],"wp:term":[{"taxonomy":"category","embeddable":true,"href":"https:\/\/elmawkie.dz\/fr\/wp-json\/wp\/v2\/categories?post=64840"},{"taxonomy":"post_tag","embeddable":true,"href":"https:\/\/elmawkie.dz\/fr\/wp-json\/wp\/v2\/tags?post=64840"}],"curies":[{"name":"wp","href":"https:\/\/api.w.org\/{rel}","templated":true}]}}