{"id":6458,"date":"2024-11-08T17:45:18","date_gmt":"2024-11-08T16:45:18","guid":{"rendered":"https:\/\/elmawkie.dz\/fr\/?p=6458"},"modified":"2024-11-08T17:45:40","modified_gmt":"2024-11-08T16:45:40","slug":"manifestation-en-jordanie-pour-denoncer-lagression-sioniste-contre-la-palestine-et-le-liban","status":"publish","type":"post","link":"https:\/\/elmawkie.dz\/fr\/manifestation-en-jordanie-pour-denoncer-lagression-sioniste-contre-la-palestine-et-le-liban\/","title":{"rendered":"Manifestation en Jordanie pour d\u00e9noncer l&rsquo;agression sioniste contre la Palestine et le Liban"},"content":{"rendered":"<p><strong><em>Une manifestation massive a \u00e9t\u00e9 organis\u00e9e vendredi, apr\u00e8s la pri\u00e8re du vendredi, dans la capitale jordanienne, Amman, en solidarit\u00e9 avec les peuples palestinien et libanais. Les manifestants ont appel\u00e9 \u00e0 une action internationale et arabe \u00ab\u00a0efficace\u00a0\u00bb contre l&rsquo;agression sioniste, d\u00e9non\u00e7ant le silence international face \u00e0 l&rsquo;escalade des attaques sionistes barbares. Le bilan de l&rsquo;agression g\u00e9nocidaire sioniste contre la bande de Ghaza s&rsquo;est alourdi \u00e0 43.508 martyrs et 102.684 bless\u00e9s, depuis octobre 2023, ont indiqu\u00e9 vendredi les autorit\u00e9s palestiniennes de la sant\u00e9, tandis que 3.103 martyrs et 13.856 bless\u00e9s ont \u00e9t\u00e9 enregistr\u00e9s au Liban, selon un dernier bilan communiqu\u00e9, jeudi soir, par le minist\u00e8re libanais de la sant\u00e9. <\/em><\/strong><\/p>\n","protected":false},"excerpt":{"rendered":"<p>Une manifestation massive a \u00e9t\u00e9 organis\u00e9e vendredi, apr\u00e8s la pri\u00e8re du vendredi, dans la capitale jordanienne, Amman, en solidarit\u00e9 avec les peuples palestinien et libanais. Les manifestants ont appel\u00e9 \u00e0 une action internationale et arabe \u00ab\u00a0efficace\u00a0\u00bb contre l&rsquo;agression sioniste, d\u00e9non\u00e7ant le silence international face \u00e0 l&rsquo;escalade des attaques sionistes barbares. Le bilan de l&rsquo;agression g\u00e9nocidaire &hellip;<\/p>\n","protected":false},"author":9,"featured_media":6459,"comment_status":"open","ping_status":"open","sticky":false,"template":"","format":"standard","meta":{"footnotes":""},"categories":[44],"tags":[72,312,1282],"class_list":["post-6458","post","type-post","status-publish","format-standard","has-post-thumbnail","hentry","category-international","tag-la-palestine","tag-liban","tag-manifestation-en-jordanie"],"yoast_head":"<!-- This site is optimized with the Yoast SEO Premium plugin v22.6 (Yoast SEO v22.6) - https:\/\/yoast.com\/wordpress\/plugins\/seo\/ -->\n<title>Manifestation en Jordanie pour d\u00e9noncer l&#039;agression sioniste contre la Palestine et le Liban - El Mawkie<\/title>\n<meta name=\"robots\" content=\"index, follow, max-snippet:-1, max-image-preview:large, max-video-preview:-1\" \/>\n<link rel=\"canonical\" href=\"https:\/\/elmawkie.dz\/fr\/manifestation-en-jordanie-pour-denoncer-lagression-sioniste-contre-la-palestine-et-le-liban\/\" \/>\n<meta property=\"og:locale\" content=\"fr_FR\" \/>\n<meta property=\"og:type\" content=\"article\" \/>\n<meta property=\"og:title\" content=\"Manifestation en Jordanie pour d\u00e9noncer l&#039;agression sioniste contre la Palestine et le Liban\" \/>\n<meta property=\"og:description\" content=\"Une manifestation massive a \u00e9t\u00e9 organis\u00e9e vendredi, apr\u00e8s la pri\u00e8re du vendredi, dans la capitale jordanienne, Amman, en solidarit\u00e9 avec les peuples palestinien et libanais. Les manifestants ont appel\u00e9 \u00e0 une action internationale et arabe \u00ab\u00a0efficace\u00a0\u00bb contre l&rsquo;agression sioniste, d\u00e9non\u00e7ant le silence international face \u00e0 l&rsquo;escalade des attaques sionistes barbares. Le bilan de l&rsquo;agression g\u00e9nocidaire &hellip;\" \/>\n<meta property=\"og:url\" content=\"https:\/\/elmawkie.dz\/fr\/manifestation-en-jordanie-pour-denoncer-lagression-sioniste-contre-la-palestine-et-le-liban\/\" \/>\n<meta property=\"og:site_name\" content=\"El Mawkie\" \/>\n<meta property=\"article:publisher\" content=\"https:\/\/www.facebook.com\/profile.php?id=100088407094989&amp;locale=fr_FR\" \/>\n<meta property=\"article:published_time\" content=\"2024-11-08T16:45:18+00:00\" \/>\n<meta property=\"article:modified_time\" content=\"2024-11-08T16:45:40+00:00\" \/>\n<meta property=\"og:image\" content=\"https:\/\/elmawkie.dz\/fr\/wp-content\/uploads\/2024\/11\/IMG_4502.jpeg\" \/>\n\t<meta property=\"og:image:width\" content=\"679\" \/>\n\t<meta property=\"og:image:height\" content=\"451\" \/>\n\t<meta property=\"og:image:type\" content=\"image\/jpeg\" \/>\n<meta name=\"author\" content=\"R\u00e9daction\" \/>\n<meta name=\"twitter:card\" content=\"summary_large_image\" \/>\n<meta name=\"twitter:label1\" content=\"Written by\" \/>\n\t<meta name=\"twitter:data1\" content=\"R\u00e9daction\" \/>\n\t<meta name=\"twitter:label2\" content=\"Est. reading time\" \/>\n\t<meta name=\"twitter:data2\" content=\"1 minute\" \/>\n<script type=\"application\/ld+json\" class=\"yoast-schema-graph\">{\"@context\":\"https:\/\/schema.org\",\"@graph\":[{\"@type\":\"Article\",\"@id\":\"https:\/\/elmawkie.dz\/fr\/manifestation-en-jordanie-pour-denoncer-lagression-sioniste-contre-la-palestine-et-le-liban\/#article\",\"isPartOf\":{\"@id\":\"https:\/\/elmawkie.dz\/fr\/manifestation-en-jordanie-pour-denoncer-lagression-sioniste-contre-la-palestine-et-le-liban\/\"},\"author\":{\"name\":\"R\u00e9daction\",\"@id\":\"https:\/\/elmawkie.dz\/fr\/#\/schema\/person\/e7bd59d6467874ba5c4723d8a9f0a63c\"},\"headline\":\"Manifestation en Jordanie pour d\u00e9noncer l&rsquo;agression sioniste contre la Palestine et le Liban\",\"datePublished\":\"2024-11-08T16:45:18+00:00\",\"dateModified\":\"2024-11-08T16:45:40+00:00\",\"mainEntityOfPage\":{\"@id\":\"https:\/\/elmawkie.dz\/fr\/manifestation-en-jordanie-pour-denoncer-lagression-sioniste-contre-la-palestine-et-le-liban\/\"},\"wordCount\":129,\"commentCount\":0,\"publisher\":{\"@id\":\"https:\/\/elmawkie.dz\/fr\/#organization\"},\"image\":{\"@id\":\"https:\/\/elmawkie.dz\/fr\/manifestation-en-jordanie-pour-denoncer-lagression-sioniste-contre-la-palestine-et-le-liban\/#primaryimage\"},\"thumbnailUrl\":\"https:\/\/elmawkie.dz\/fr\/wp-content\/uploads\/2024\/11\/IMG_4502.jpeg\",\"keywords\":[\"la Palestine\",\"liban\",\"Manifestation en jordanie\"],\"articleSection\":[\"International\"],\"inLanguage\":\"fr-FR\",\"potentialAction\":[{\"@type\":\"CommentAction\",\"name\":\"Comment\",\"target\":[\"https:\/\/elmawkie.dz\/fr\/manifestation-en-jordanie-pour-denoncer-lagression-sioniste-contre-la-palestine-et-le-liban\/#respond\"]}]},{\"@type\":\"WebPage\",\"@id\":\"https:\/\/elmawkie.dz\/fr\/manifestation-en-jordanie-pour-denoncer-lagression-sioniste-contre-la-palestine-et-le-liban\/\",\"url\":\"https:\/\/elmawkie.dz\/fr\/manifestation-en-jordanie-pour-denoncer-lagression-sioniste-contre-la-palestine-et-le-liban\/\",\"name\":\"Manifestation en Jordanie pour d\u00e9noncer l'agression sioniste contre la Palestine et le Liban - El Mawkie\",\"isPartOf\":{\"@id\":\"https:\/\/elmawkie.dz\/fr\/#website\"},\"primaryImageOfPage\":{\"@id\":\"https:\/\/elmawkie.dz\/fr\/manifestation-en-jordanie-pour-denoncer-lagression-sioniste-contre-la-palestine-et-le-liban\/#primaryimage\"},\"image\":{\"@id\":\"https:\/\/elmawkie.dz\/fr\/manifestation-en-jordanie-pour-denoncer-lagression-sioniste-contre-la-palestine-et-le-liban\/#primaryimage\"},\"thumbnailUrl\":\"https:\/\/elmawkie.dz\/fr\/wp-content\/uploads\/2024\/11\/IMG_4502.jpeg\",\"datePublished\":\"2024-11-08T16:45:18+00:00\",\"dateModified\":\"2024-11-08T16:45:40+00:00\",\"breadcrumb\":{\"@id\":\"https:\/\/elmawkie.dz\/fr\/manifestation-en-jordanie-pour-denoncer-lagression-sioniste-contre-la-palestine-et-le-liban\/#breadcrumb\"},\"inLanguage\":\"fr-FR\",\"potentialAction\":[{\"@type\":\"ReadAction\",\"target\":[\"https:\/\/elmawkie.dz\/fr\/manifestation-en-jordanie-pour-denoncer-lagression-sioniste-contre-la-palestine-et-le-liban\/\"]}]},{\"@type\":\"ImageObject\",\"inLanguage\":\"fr-FR\",\"@id\":\"https:\/\/elmawkie.dz\/fr\/manifestation-en-jordanie-pour-denoncer-lagression-sioniste-contre-la-palestine-et-le-liban\/#primaryimage\",\"url\":\"https:\/\/elmawkie.dz\/fr\/wp-content\/uploads\/2024\/11\/IMG_4502.jpeg\",\"contentUrl\":\"https:\/\/elmawkie.dz\/fr\/wp-content\/uploads\/2024\/11\/IMG_4502.jpeg\",\"width\":679,\"height\":451},{\"@type\":\"BreadcrumbList\",\"@id\":\"https:\/\/elmawkie.dz\/fr\/manifestation-en-jordanie-pour-denoncer-lagression-sioniste-contre-la-palestine-et-le-liban\/#breadcrumb\",\"itemListElement\":[{\"@type\":\"ListItem\",\"position\":1,\"name\":\"Home\",\"item\":\"https:\/\/elmawkie.dz\/fr\/\"},{\"@type\":\"ListItem\",\"position\":2,\"name\":\"Manifestation en Jordanie pour d\u00e9noncer l&rsquo;agression sioniste contre la Palestine et le Liban\"}]},{\"@type\":\"WebSite\",\"@id\":\"https:\/\/elmawkie.dz\/fr\/#website\",\"url\":\"https:\/\/elmawkie.dz\/fr\/\",\"name\":\"EL MAWKIE\",\"description\":\"Journal \u00c9lectronique Alg\u00e9rien\",\"publisher\":{\"@id\":\"https:\/\/elmawkie.dz\/fr\/#organization\"},\"potentialAction\":[{\"@type\":\"SearchAction\",\"target\":{\"@type\":\"EntryPoint\",\"urlTemplate\":\"https:\/\/elmawkie.dz\/fr\/?s={search_term_string}\"},\"query-input\":\"required name=search_term_string\"}],\"inLanguage\":\"fr-FR\"},{\"@type\":\"Organization\",\"@id\":\"https:\/\/elmawkie.dz\/fr\/#organization\",\"name\":\"EL MAWKIE\",\"url\":\"https:\/\/elmawkie.dz\/fr\/\",\"logo\":{\"@type\":\"ImageObject\",\"inLanguage\":\"fr-FR\",\"@id\":\"https:\/\/elmawkie.dz\/fr\/#\/schema\/logo\/image\/\",\"url\":\"https:\/\/elmawkie.dz\/fr\/wp-content\/uploads\/2024\/05\/logo1.png\",\"contentUrl\":\"https:\/\/elmawkie.dz\/fr\/wp-content\/uploads\/2024\/05\/logo1.png\",\"width\":1648,\"height\":652,\"caption\":\"EL MAWKIE\"},\"image\":{\"@id\":\"https:\/\/elmawkie.dz\/fr\/#\/schema\/logo\/image\/\"},\"sameAs\":[\"https:\/\/www.facebook.com\/profile.php?id=100088407094989&locale=fr_FR\"]},{\"@type\":\"Person\",\"@id\":\"https:\/\/elmawkie.dz\/fr\/#\/schema\/person\/e7bd59d6467874ba5c4723d8a9f0a63c\",\"name\":\"R\u00e9daction\",\"image\":{\"@type\":\"ImageObject\",\"inLanguage\":\"fr-FR\",\"@id\":\"https:\/\/elmawkie.dz\/fr\/#\/schema\/person\/image\/\",\"url\":\"https:\/\/secure.gravatar.com\/avatar\/f0f773456344da4d2788c054a3d30a0c?s=96&d=mm&r=g\",\"contentUrl\":\"https:\/\/secure.gravatar.com\/avatar\/f0f773456344da4d2788c054a3d30a0c?s=96&d=mm&r=g\",\"caption\":\"R\u00e9daction\"},\"url\":\"https:\/\/elmawkie.dz\/fr\/author\/redaction\/\"}]}<\/script>\n<!-- \/ Yoast SEO Premium plugin. -->","yoast_head_json":{"title":"Manifestation en Jordanie pour d\u00e9noncer l'agression sioniste contre la Palestine et le Liban - El Mawkie","robots":{"index":"index","follow":"follow","max-snippet":"max-snippet:-1","max-image-preview":"max-image-preview:large","max-video-preview":"max-video-preview:-1"},"canonical":"https:\/\/elmawkie.dz\/fr\/manifestation-en-jordanie-pour-denoncer-lagression-sioniste-contre-la-palestine-et-le-liban\/","og_locale":"fr_FR","og_type":"article","og_title":"Manifestation en Jordanie pour d\u00e9noncer l'agression sioniste contre la Palestine et le Liban","og_description":"Une manifestation massive a \u00e9t\u00e9 organis\u00e9e vendredi, apr\u00e8s la pri\u00e8re du vendredi, dans la capitale jordanienne, Amman, en solidarit\u00e9 avec les peuples palestinien et libanais. Les manifestants ont appel\u00e9 \u00e0 une action internationale et arabe \u00ab\u00a0efficace\u00a0\u00bb contre l&rsquo;agression sioniste, d\u00e9non\u00e7ant le silence international face \u00e0 l&rsquo;escalade des attaques sionistes barbares. Le bilan de l&rsquo;agression g\u00e9nocidaire &hellip;","og_url":"https:\/\/elmawkie.dz\/fr\/manifestation-en-jordanie-pour-denoncer-lagression-sioniste-contre-la-palestine-et-le-liban\/","og_site_name":"El Mawkie","article_publisher":"https:\/\/www.facebook.com\/profile.php?id=100088407094989&locale=fr_FR","article_published_time":"2024-11-08T16:45:18+00:00","article_modified_time":"2024-11-08T16:45:40+00:00","og_image":[{"width":679,"height":451,"url":"https:\/\/elmawkie.dz\/fr\/wp-content\/uploads\/2024\/11\/IMG_4502.jpeg","type":"image\/jpeg"}],"author":"R\u00e9daction","twitter_card":"summary_large_image","twitter_misc":{"Written by":"R\u00e9daction","Est. reading time":"1 minute"},"schema":{"@context":"https:\/\/schema.org","@graph":[{"@type":"Article","@id":"https:\/\/elmawkie.dz\/fr\/manifestation-en-jordanie-pour-denoncer-lagression-sioniste-contre-la-palestine-et-le-liban\/#article","isPartOf":{"@id":"https:\/\/elmawkie.dz\/fr\/manifestation-en-jordanie-pour-denoncer-lagression-sioniste-contre-la-palestine-et-le-liban\/"},"author":{"name":"R\u00e9daction","@id":"https:\/\/elmawkie.dz\/fr\/#\/schema\/person\/e7bd59d6467874ba5c4723d8a9f0a63c"},"headline":"Manifestation en Jordanie pour d\u00e9noncer l&rsquo;agression sioniste contre la Palestine et le Liban","datePublished":"2024-11-08T16:45:18+00:00","dateModified":"2024-11-08T16:45:40+00:00","mainEntityOfPage":{"@id":"https:\/\/elmawkie.dz\/fr\/manifestation-en-jordanie-pour-denoncer-lagression-sioniste-contre-la-palestine-et-le-liban\/"},"wordCount":129,"commentCount":0,"publisher":{"@id":"https:\/\/elmawkie.dz\/fr\/#organization"},"image":{"@id":"https:\/\/elmawkie.dz\/fr\/manifestation-en-jordanie-pour-denoncer-lagression-sioniste-contre-la-palestine-et-le-liban\/#primaryimage"},"thumbnailUrl":"https:\/\/elmawkie.dz\/fr\/wp-content\/uploads\/2024\/11\/IMG_4502.jpeg","keywords":["la Palestine","liban","Manifestation en jordanie"],"articleSection":["International"],"inLanguage":"fr-FR","potentialAction":[{"@type":"CommentAction","name":"Comment","target":["https:\/\/elmawkie.dz\/fr\/manifestation-en-jordanie-pour-denoncer-lagression-sioniste-contre-la-palestine-et-le-liban\/#respond"]}]},{"@type":"WebPage","@id":"https:\/\/elmawkie.dz\/fr\/manifestation-en-jordanie-pour-denoncer-lagression-sioniste-contre-la-palestine-et-le-liban\/","url":"https:\/\/elmawkie.dz\/fr\/manifestation-en-jordanie-pour-denoncer-lagression-sioniste-contre-la-palestine-et-le-liban\/","name":"Manifestation en Jordanie pour d\u00e9noncer l'agression sioniste contre la Palestine et le Liban - El Mawkie","isPartOf":{"@id":"https:\/\/elmawkie.dz\/fr\/#website"},"primaryImageOfPage":{"@id":"https:\/\/elmawkie.dz\/fr\/manifestation-en-jordanie-pour-denoncer-lagression-sioniste-contre-la-palestine-et-le-liban\/#primaryimage"},"image":{"@id":"https:\/\/elmawkie.dz\/fr\/manifestation-en-jordanie-pour-denoncer-lagression-sioniste-contre-la-palestine-et-le-liban\/#primaryimage"},"thumbnailUrl":"https:\/\/elmawkie.dz\/fr\/wp-content\/uploads\/2024\/11\/IMG_4502.jpeg","datePublished":"2024-11-08T16:45:18+00:00","dateModified":"2024-11-08T16:45:40+00:00","breadcrumb":{"@id":"https:\/\/elmawkie.dz\/fr\/manifestation-en-jordanie-pour-denoncer-lagression-sioniste-contre-la-palestine-et-le-liban\/#breadcrumb"},"inLanguage":"fr-FR","potentialAction":[{"@type":"ReadAction","target":["https:\/\/elmawkie.dz\/fr\/manifestation-en-jordanie-pour-denoncer-lagression-sioniste-contre-la-palestine-et-le-liban\/"]}]},{"@type":"ImageObject","inLanguage":"fr-FR","@id":"https:\/\/elmawkie.dz\/fr\/manifestation-en-jordanie-pour-denoncer-lagression-sioniste-contre-la-palestine-et-le-liban\/#primaryimage","url":"https:\/\/elmawkie.dz\/fr\/wp-content\/uploads\/2024\/11\/IMG_4502.jpeg","contentUrl":"https:\/\/elmawkie.dz\/fr\/wp-content\/uploads\/2024\/11\/IMG_4502.jpeg","width":679,"height":451},{"@type":"BreadcrumbList","@id":"https:\/\/elmawkie.dz\/fr\/manifestation-en-jordanie-pour-denoncer-lagression-sioniste-contre-la-palestine-et-le-liban\/#breadcrumb","itemListElement":[{"@type":"ListItem","position":1,"name":"Home","item":"https:\/\/elmawkie.dz\/fr\/"},{"@type":"ListItem","position":2,"name":"Manifestation en Jordanie pour d\u00e9noncer l&rsquo;agression sioniste contre la Palestine et le Liban"}]},{"@type":"WebSite","@id":"https:\/\/elmawkie.dz\/fr\/#website","url":"https:\/\/elmawkie.dz\/fr\/","name":"EL MAWKIE","description":"Journal \u00c9lectronique Alg\u00e9rien","publisher":{"@id":"https:\/\/elmawkie.dz\/fr\/#organization"},"potentialAction":[{"@type":"SearchAction","target":{"@type":"EntryPoint","urlTemplate":"https:\/\/elmawkie.dz\/fr\/?s={search_term_string}"},"query-input":"required name=search_term_string"}],"inLanguage":"fr-FR"},{"@type":"Organization","@id":"https:\/\/elmawkie.dz\/fr\/#organization","name":"EL MAWKIE","url":"https:\/\/elmawkie.dz\/fr\/","logo":{"@type":"ImageObject","inLanguage":"fr-FR","@id":"https:\/\/elmawkie.dz\/fr\/#\/schema\/logo\/image\/","url":"https:\/\/elmawkie.dz\/fr\/wp-content\/uploads\/2024\/05\/logo1.png","contentUrl":"https:\/\/elmawkie.dz\/fr\/wp-content\/uploads\/2024\/05\/logo1.png","width":1648,"height":652,"caption":"EL MAWKIE"},"image":{"@id":"https:\/\/elmawkie.dz\/fr\/#\/schema\/logo\/image\/"},"sameAs":["https:\/\/www.facebook.com\/profile.php?id=100088407094989&locale=fr_FR"]},{"@type":"Person","@id":"https:\/\/elmawkie.dz\/fr\/#\/schema\/person\/e7bd59d6467874ba5c4723d8a9f0a63c","name":"R\u00e9daction","image":{"@type":"ImageObject","inLanguage":"fr-FR","@id":"https:\/\/elmawkie.dz\/fr\/#\/schema\/person\/image\/","url":"https:\/\/secure.gravatar.com\/avatar\/f0f773456344da4d2788c054a3d30a0c?s=96&d=mm&r=g","contentUrl":"https:\/\/secure.gravatar.com\/avatar\/f0f773456344da4d2788c054a3d30a0c?s=96&d=mm&r=g","caption":"R\u00e9daction"},"url":"https:\/\/elmawkie.dz\/fr\/author\/redaction\/"}]}},"_links":{"self":[{"href":"https:\/\/elmawkie.dz\/fr\/wp-json\/wp\/v2\/posts\/6458","targetHints":{"allow":["GET"]}}],"collection":[{"href":"https:\/\/elmawkie.dz\/fr\/wp-json\/wp\/v2\/posts"}],"about":[{"href":"https:\/\/elmawkie.dz\/fr\/wp-json\/wp\/v2\/types\/post"}],"author":[{"embeddable":true,"href":"https:\/\/elmawkie.dz\/fr\/wp-json\/wp\/v2\/users\/9"}],"replies":[{"embeddable":true,"href":"https:\/\/elmawkie.dz\/fr\/wp-json\/wp\/v2\/comments?post=6458"}],"version-history":[{"count":0,"href":"https:\/\/elmawkie.dz\/fr\/wp-json\/wp\/v2\/posts\/6458\/revisions"}],"wp:featuredmedia":[{"embeddable":true,"href":"https:\/\/elmawkie.dz\/fr\/wp-json\/wp\/v2\/media\/6459"}],"wp:attachment":[{"href":"https:\/\/elmawkie.dz\/fr\/wp-json\/wp\/v2\/media?parent=6458"}],"wp:term":[{"taxonomy":"category","embeddable":true,"href":"https:\/\/elmawkie.dz\/fr\/wp-json\/wp\/v2\/categories?post=6458"},{"taxonomy":"post_tag","embeddable":true,"href":"https:\/\/elmawkie.dz\/fr\/wp-json\/wp\/v2\/tags?post=6458"}],"curies":[{"name":"wp","href":"https:\/\/api.w.org\/{rel}","templated":true}]}}