{"id":63581,"date":"2026-03-17T23:16:29","date_gmt":"2026-03-17T22:16:29","guid":{"rendered":"https:\/\/elmawkie.dz\/fr\/?p=63581"},"modified":"2026-03-17T23:16:30","modified_gmt":"2026-03-17T22:16:30","slug":"teheran-confirme-le-deces-dali-larijani-pilier-strategique-du-regime","status":"publish","type":"post","link":"https:\/\/elmawkie.dz\/fr\/teheran-confirme-le-deces-dali-larijani-pilier-strategique-du-regime\/","title":{"rendered":"T\u00e9h\u00e9ran confirme le d\u00e9c\u00e8s d\u2019Ali Larijani, pilier strat\u00e9gique du r\u00e9gime"},"content":{"rendered":"\n<p><strong><em>Le Conseil supr\u00eame de s\u00e9curit\u00e9 nationale iranien a officialis\u00e9, ce mardi soir 17 mars 2026, le d\u00e9c\u00e8s d\u2019Ali Larijani. Figure incontournable de la sc\u00e8ne politique iranienne depuis des d\u00e9cennies, il \u00e9tait l&rsquo;ancien secr\u00e9taire de ce m\u00eame Conseil et l\u2019un des architectes majeurs de la strat\u00e9gie s\u00e9curitaire du pays.<\/em><\/strong><\/p>\n\n\n\n<p><em><strong>Personnage <strong>aux multiples r\u00f4les<\/strong>, Ali Larijani a marqu\u00e9 l&rsquo;histoire contemporaine de l&rsquo;Iran par son influence au c\u0153ur de l&rsquo;appareil d&rsquo;\u00c9tat. Durant ses trois mandats cons\u00e9cutifs \u00e0 la pr\u00e9sidence du Parlement (Majlis), il a su s&rsquo;imposer comme un m\u00e9diateur cl\u00e9 entre les diff\u00e9rentes factions du pouvoir. Fin diplomate et fin tacticien, il a \u00e9galement \u00e9t\u00e9 le visage de la R\u00e9publique islamique sur la sc\u00e8ne internationale.<\/strong><\/em><\/p>\n\n\n\n<p><em><strong>Sa disparition intervient alors qu\u2019il s\u2019\u00e9tait r\u00e9cemment impos\u00e9 comme l\u2019homme fort de la transition politique en cours, agissant en v\u00e9ritable pivot de la d\u00e9fense nationale ces derniers jours. Sa mort laisse un vide immense au sein d&rsquo;une structure de commandement d\u00e9j\u00e0 sous haute tension.<\/strong><\/em><\/p>\n\n\n\n<p><strong> k.F<\/strong><\/p>\n","protected":false},"excerpt":{"rendered":"<p>Le Conseil supr\u00eame de s\u00e9curit\u00e9 nationale iranien a officialis\u00e9, ce mardi soir 17 mars 2026, le d\u00e9c\u00e8s d\u2019Ali Larijani. Figure incontournable de la sc\u00e8ne politique iranienne depuis des d\u00e9cennies, il \u00e9tait l&rsquo;ancien secr\u00e9taire de ce m\u00eame Conseil et l\u2019un des architectes majeurs de la strat\u00e9gie s\u00e9curitaire du pays. Personnage aux multiples r\u00f4les, Ali Larijani a &hellip;<\/p>\n","protected":false},"author":9,"featured_media":63583,"comment_status":"open","ping_status":"open","sticky":false,"template":"","format":"standard","meta":{"footnotes":""},"categories":[44],"tags":[6299,1002,212],"class_list":["post-63581","post","type-post","status-publish","format-standard","has-post-thumbnail","hentry","category-international","tag-ali-larijani","tag-iran","tag-teheran"],"yoast_head":"<!-- This site is optimized with the Yoast SEO Premium plugin v22.6 (Yoast SEO v22.6) - https:\/\/yoast.com\/wordpress\/plugins\/seo\/ -->\n<title>T\u00e9h\u00e9ran confirme le d\u00e9c\u00e8s d\u2019Ali Larijani, pilier strat\u00e9gique du r\u00e9gime - El Mawkie<\/title>\n<meta name=\"robots\" content=\"index, follow, max-snippet:-1, max-image-preview:large, max-video-preview:-1\" \/>\n<link rel=\"canonical\" href=\"https:\/\/elmawkie.dz\/fr\/teheran-confirme-le-deces-dali-larijani-pilier-strategique-du-regime\/\" \/>\n<meta property=\"og:locale\" content=\"fr_FR\" \/>\n<meta property=\"og:type\" content=\"article\" \/>\n<meta property=\"og:title\" content=\"T\u00e9h\u00e9ran confirme le d\u00e9c\u00e8s d\u2019Ali Larijani, pilier strat\u00e9gique du r\u00e9gime\" \/>\n<meta property=\"og:description\" content=\"Le Conseil supr\u00eame de s\u00e9curit\u00e9 nationale iranien a officialis\u00e9, ce mardi soir 17 mars 2026, le d\u00e9c\u00e8s d\u2019Ali Larijani. Figure incontournable de la sc\u00e8ne politique iranienne depuis des d\u00e9cennies, il \u00e9tait l&rsquo;ancien secr\u00e9taire de ce m\u00eame Conseil et l\u2019un des architectes majeurs de la strat\u00e9gie s\u00e9curitaire du pays. Personnage aux multiples r\u00f4les, Ali Larijani a &hellip;\" \/>\n<meta property=\"og:url\" content=\"https:\/\/elmawkie.dz\/fr\/teheran-confirme-le-deces-dali-larijani-pilier-strategique-du-regime\/\" \/>\n<meta property=\"og:site_name\" content=\"El Mawkie\" \/>\n<meta property=\"article:publisher\" content=\"https:\/\/www.facebook.com\/profile.php?id=100088407094989&amp;locale=fr_FR\" \/>\n<meta property=\"article:published_time\" content=\"2026-03-17T22:16:29+00:00\" \/>\n<meta property=\"article:modified_time\" content=\"2026-03-17T22:16:30+00:00\" \/>\n<meta property=\"og:image\" content=\"https:\/\/elmawkie.dz\/fr\/wp-content\/uploads\/2026\/03\/IMG_2757.jpeg\" \/>\n\t<meta property=\"og:image:width\" content=\"275\" \/>\n\t<meta property=\"og:image:height\" content=\"182\" \/>\n\t<meta property=\"og:image:type\" content=\"image\/jpeg\" \/>\n<meta name=\"author\" content=\"R\u00e9daction\" \/>\n<meta name=\"twitter:card\" content=\"summary_large_image\" \/>\n<meta name=\"twitter:label1\" content=\"Written by\" \/>\n\t<meta name=\"twitter:data1\" content=\"R\u00e9daction\" \/>\n\t<meta name=\"twitter:label2\" content=\"Est. reading time\" \/>\n\t<meta name=\"twitter:data2\" content=\"2 minutes\" \/>\n<script type=\"application\/ld+json\" class=\"yoast-schema-graph\">{\"@context\":\"https:\/\/schema.org\",\"@graph\":[{\"@type\":\"Article\",\"@id\":\"https:\/\/elmawkie.dz\/fr\/teheran-confirme-le-deces-dali-larijani-pilier-strategique-du-regime\/#article\",\"isPartOf\":{\"@id\":\"https:\/\/elmawkie.dz\/fr\/teheran-confirme-le-deces-dali-larijani-pilier-strategique-du-regime\/\"},\"author\":{\"name\":\"R\u00e9daction\",\"@id\":\"https:\/\/elmawkie.dz\/fr\/#\/schema\/person\/e7bd59d6467874ba5c4723d8a9f0a63c\"},\"headline\":\"T\u00e9h\u00e9ran confirme le d\u00e9c\u00e8s d\u2019Ali Larijani, pilier strat\u00e9gique du r\u00e9gime\",\"datePublished\":\"2026-03-17T22:16:29+00:00\",\"dateModified\":\"2026-03-17T22:16:30+00:00\",\"mainEntityOfPage\":{\"@id\":\"https:\/\/elmawkie.dz\/fr\/teheran-confirme-le-deces-dali-larijani-pilier-strategique-du-regime\/\"},\"wordCount\":206,\"commentCount\":0,\"publisher\":{\"@id\":\"https:\/\/elmawkie.dz\/fr\/#organization\"},\"image\":{\"@id\":\"https:\/\/elmawkie.dz\/fr\/teheran-confirme-le-deces-dali-larijani-pilier-strategique-du-regime\/#primaryimage\"},\"thumbnailUrl\":\"https:\/\/elmawkie.dz\/fr\/wp-content\/uploads\/2026\/03\/IMG_2757.jpeg\",\"keywords\":[\"Ali Larijani\",\"Iran\",\"T\u00e9h\u00e9ran\"],\"articleSection\":[\"International\"],\"inLanguage\":\"fr-FR\",\"potentialAction\":[{\"@type\":\"CommentAction\",\"name\":\"Comment\",\"target\":[\"https:\/\/elmawkie.dz\/fr\/teheran-confirme-le-deces-dali-larijani-pilier-strategique-du-regime\/#respond\"]}]},{\"@type\":\"WebPage\",\"@id\":\"https:\/\/elmawkie.dz\/fr\/teheran-confirme-le-deces-dali-larijani-pilier-strategique-du-regime\/\",\"url\":\"https:\/\/elmawkie.dz\/fr\/teheran-confirme-le-deces-dali-larijani-pilier-strategique-du-regime\/\",\"name\":\"T\u00e9h\u00e9ran confirme le d\u00e9c\u00e8s d\u2019Ali Larijani, pilier strat\u00e9gique du r\u00e9gime - El Mawkie\",\"isPartOf\":{\"@id\":\"https:\/\/elmawkie.dz\/fr\/#website\"},\"primaryImageOfPage\":{\"@id\":\"https:\/\/elmawkie.dz\/fr\/teheran-confirme-le-deces-dali-larijani-pilier-strategique-du-regime\/#primaryimage\"},\"image\":{\"@id\":\"https:\/\/elmawkie.dz\/fr\/teheran-confirme-le-deces-dali-larijani-pilier-strategique-du-regime\/#primaryimage\"},\"thumbnailUrl\":\"https:\/\/elmawkie.dz\/fr\/wp-content\/uploads\/2026\/03\/IMG_2757.jpeg\",\"datePublished\":\"2026-03-17T22:16:29+00:00\",\"dateModified\":\"2026-03-17T22:16:30+00:00\",\"breadcrumb\":{\"@id\":\"https:\/\/elmawkie.dz\/fr\/teheran-confirme-le-deces-dali-larijani-pilier-strategique-du-regime\/#breadcrumb\"},\"inLanguage\":\"fr-FR\",\"potentialAction\":[{\"@type\":\"ReadAction\",\"target\":[\"https:\/\/elmawkie.dz\/fr\/teheran-confirme-le-deces-dali-larijani-pilier-strategique-du-regime\/\"]}]},{\"@type\":\"ImageObject\",\"inLanguage\":\"fr-FR\",\"@id\":\"https:\/\/elmawkie.dz\/fr\/teheran-confirme-le-deces-dali-larijani-pilier-strategique-du-regime\/#primaryimage\",\"url\":\"https:\/\/elmawkie.dz\/fr\/wp-content\/uploads\/2026\/03\/IMG_2757.jpeg\",\"contentUrl\":\"https:\/\/elmawkie.dz\/fr\/wp-content\/uploads\/2026\/03\/IMG_2757.jpeg\",\"width\":275,\"height\":182},{\"@type\":\"BreadcrumbList\",\"@id\":\"https:\/\/elmawkie.dz\/fr\/teheran-confirme-le-deces-dali-larijani-pilier-strategique-du-regime\/#breadcrumb\",\"itemListElement\":[{\"@type\":\"ListItem\",\"position\":1,\"name\":\"Home\",\"item\":\"https:\/\/elmawkie.dz\/fr\/\"},{\"@type\":\"ListItem\",\"position\":2,\"name\":\"T\u00e9h\u00e9ran confirme le d\u00e9c\u00e8s d\u2019Ali Larijani, pilier strat\u00e9gique du r\u00e9gime\"}]},{\"@type\":\"WebSite\",\"@id\":\"https:\/\/elmawkie.dz\/fr\/#website\",\"url\":\"https:\/\/elmawkie.dz\/fr\/\",\"name\":\"EL MAWKIE\",\"description\":\"Journal \u00c9lectronique Alg\u00e9rien\",\"publisher\":{\"@id\":\"https:\/\/elmawkie.dz\/fr\/#organization\"},\"potentialAction\":[{\"@type\":\"SearchAction\",\"target\":{\"@type\":\"EntryPoint\",\"urlTemplate\":\"https:\/\/elmawkie.dz\/fr\/?s={search_term_string}\"},\"query-input\":\"required name=search_term_string\"}],\"inLanguage\":\"fr-FR\"},{\"@type\":\"Organization\",\"@id\":\"https:\/\/elmawkie.dz\/fr\/#organization\",\"name\":\"EL MAWKIE\",\"url\":\"https:\/\/elmawkie.dz\/fr\/\",\"logo\":{\"@type\":\"ImageObject\",\"inLanguage\":\"fr-FR\",\"@id\":\"https:\/\/elmawkie.dz\/fr\/#\/schema\/logo\/image\/\",\"url\":\"https:\/\/elmawkie.dz\/fr\/wp-content\/uploads\/2024\/05\/logo1.png\",\"contentUrl\":\"https:\/\/elmawkie.dz\/fr\/wp-content\/uploads\/2024\/05\/logo1.png\",\"width\":1648,\"height\":652,\"caption\":\"EL MAWKIE\"},\"image\":{\"@id\":\"https:\/\/elmawkie.dz\/fr\/#\/schema\/logo\/image\/\"},\"sameAs\":[\"https:\/\/www.facebook.com\/profile.php?id=100088407094989&locale=fr_FR\"]},{\"@type\":\"Person\",\"@id\":\"https:\/\/elmawkie.dz\/fr\/#\/schema\/person\/e7bd59d6467874ba5c4723d8a9f0a63c\",\"name\":\"R\u00e9daction\",\"image\":{\"@type\":\"ImageObject\",\"inLanguage\":\"fr-FR\",\"@id\":\"https:\/\/elmawkie.dz\/fr\/#\/schema\/person\/image\/\",\"url\":\"https:\/\/secure.gravatar.com\/avatar\/f0f773456344da4d2788c054a3d30a0c?s=96&d=mm&r=g\",\"contentUrl\":\"https:\/\/secure.gravatar.com\/avatar\/f0f773456344da4d2788c054a3d30a0c?s=96&d=mm&r=g\",\"caption\":\"R\u00e9daction\"},\"url\":\"https:\/\/elmawkie.dz\/fr\/author\/redaction\/\"}]}<\/script>\n<!-- \/ Yoast SEO Premium plugin. -->","yoast_head_json":{"title":"T\u00e9h\u00e9ran confirme le d\u00e9c\u00e8s d\u2019Ali Larijani, pilier strat\u00e9gique du r\u00e9gime - El Mawkie","robots":{"index":"index","follow":"follow","max-snippet":"max-snippet:-1","max-image-preview":"max-image-preview:large","max-video-preview":"max-video-preview:-1"},"canonical":"https:\/\/elmawkie.dz\/fr\/teheran-confirme-le-deces-dali-larijani-pilier-strategique-du-regime\/","og_locale":"fr_FR","og_type":"article","og_title":"T\u00e9h\u00e9ran confirme le d\u00e9c\u00e8s d\u2019Ali Larijani, pilier strat\u00e9gique du r\u00e9gime","og_description":"Le Conseil supr\u00eame de s\u00e9curit\u00e9 nationale iranien a officialis\u00e9, ce mardi soir 17 mars 2026, le d\u00e9c\u00e8s d\u2019Ali Larijani. Figure incontournable de la sc\u00e8ne politique iranienne depuis des d\u00e9cennies, il \u00e9tait l&rsquo;ancien secr\u00e9taire de ce m\u00eame Conseil et l\u2019un des architectes majeurs de la strat\u00e9gie s\u00e9curitaire du pays. Personnage aux multiples r\u00f4les, Ali Larijani a &hellip;","og_url":"https:\/\/elmawkie.dz\/fr\/teheran-confirme-le-deces-dali-larijani-pilier-strategique-du-regime\/","og_site_name":"El Mawkie","article_publisher":"https:\/\/www.facebook.com\/profile.php?id=100088407094989&locale=fr_FR","article_published_time":"2026-03-17T22:16:29+00:00","article_modified_time":"2026-03-17T22:16:30+00:00","og_image":[{"width":275,"height":182,"url":"https:\/\/elmawkie.dz\/fr\/wp-content\/uploads\/2026\/03\/IMG_2757.jpeg","type":"image\/jpeg"}],"author":"R\u00e9daction","twitter_card":"summary_large_image","twitter_misc":{"Written by":"R\u00e9daction","Est. reading time":"2 minutes"},"schema":{"@context":"https:\/\/schema.org","@graph":[{"@type":"Article","@id":"https:\/\/elmawkie.dz\/fr\/teheran-confirme-le-deces-dali-larijani-pilier-strategique-du-regime\/#article","isPartOf":{"@id":"https:\/\/elmawkie.dz\/fr\/teheran-confirme-le-deces-dali-larijani-pilier-strategique-du-regime\/"},"author":{"name":"R\u00e9daction","@id":"https:\/\/elmawkie.dz\/fr\/#\/schema\/person\/e7bd59d6467874ba5c4723d8a9f0a63c"},"headline":"T\u00e9h\u00e9ran confirme le d\u00e9c\u00e8s d\u2019Ali Larijani, pilier strat\u00e9gique du r\u00e9gime","datePublished":"2026-03-17T22:16:29+00:00","dateModified":"2026-03-17T22:16:30+00:00","mainEntityOfPage":{"@id":"https:\/\/elmawkie.dz\/fr\/teheran-confirme-le-deces-dali-larijani-pilier-strategique-du-regime\/"},"wordCount":206,"commentCount":0,"publisher":{"@id":"https:\/\/elmawkie.dz\/fr\/#organization"},"image":{"@id":"https:\/\/elmawkie.dz\/fr\/teheran-confirme-le-deces-dali-larijani-pilier-strategique-du-regime\/#primaryimage"},"thumbnailUrl":"https:\/\/elmawkie.dz\/fr\/wp-content\/uploads\/2026\/03\/IMG_2757.jpeg","keywords":["Ali Larijani","Iran","T\u00e9h\u00e9ran"],"articleSection":["International"],"inLanguage":"fr-FR","potentialAction":[{"@type":"CommentAction","name":"Comment","target":["https:\/\/elmawkie.dz\/fr\/teheran-confirme-le-deces-dali-larijani-pilier-strategique-du-regime\/#respond"]}]},{"@type":"WebPage","@id":"https:\/\/elmawkie.dz\/fr\/teheran-confirme-le-deces-dali-larijani-pilier-strategique-du-regime\/","url":"https:\/\/elmawkie.dz\/fr\/teheran-confirme-le-deces-dali-larijani-pilier-strategique-du-regime\/","name":"T\u00e9h\u00e9ran confirme le d\u00e9c\u00e8s d\u2019Ali Larijani, pilier strat\u00e9gique du r\u00e9gime - El Mawkie","isPartOf":{"@id":"https:\/\/elmawkie.dz\/fr\/#website"},"primaryImageOfPage":{"@id":"https:\/\/elmawkie.dz\/fr\/teheran-confirme-le-deces-dali-larijani-pilier-strategique-du-regime\/#primaryimage"},"image":{"@id":"https:\/\/elmawkie.dz\/fr\/teheran-confirme-le-deces-dali-larijani-pilier-strategique-du-regime\/#primaryimage"},"thumbnailUrl":"https:\/\/elmawkie.dz\/fr\/wp-content\/uploads\/2026\/03\/IMG_2757.jpeg","datePublished":"2026-03-17T22:16:29+00:00","dateModified":"2026-03-17T22:16:30+00:00","breadcrumb":{"@id":"https:\/\/elmawkie.dz\/fr\/teheran-confirme-le-deces-dali-larijani-pilier-strategique-du-regime\/#breadcrumb"},"inLanguage":"fr-FR","potentialAction":[{"@type":"ReadAction","target":["https:\/\/elmawkie.dz\/fr\/teheran-confirme-le-deces-dali-larijani-pilier-strategique-du-regime\/"]}]},{"@type":"ImageObject","inLanguage":"fr-FR","@id":"https:\/\/elmawkie.dz\/fr\/teheran-confirme-le-deces-dali-larijani-pilier-strategique-du-regime\/#primaryimage","url":"https:\/\/elmawkie.dz\/fr\/wp-content\/uploads\/2026\/03\/IMG_2757.jpeg","contentUrl":"https:\/\/elmawkie.dz\/fr\/wp-content\/uploads\/2026\/03\/IMG_2757.jpeg","width":275,"height":182},{"@type":"BreadcrumbList","@id":"https:\/\/elmawkie.dz\/fr\/teheran-confirme-le-deces-dali-larijani-pilier-strategique-du-regime\/#breadcrumb","itemListElement":[{"@type":"ListItem","position":1,"name":"Home","item":"https:\/\/elmawkie.dz\/fr\/"},{"@type":"ListItem","position":2,"name":"T\u00e9h\u00e9ran confirme le d\u00e9c\u00e8s d\u2019Ali Larijani, pilier strat\u00e9gique du r\u00e9gime"}]},{"@type":"WebSite","@id":"https:\/\/elmawkie.dz\/fr\/#website","url":"https:\/\/elmawkie.dz\/fr\/","name":"EL MAWKIE","description":"Journal \u00c9lectronique Alg\u00e9rien","publisher":{"@id":"https:\/\/elmawkie.dz\/fr\/#organization"},"potentialAction":[{"@type":"SearchAction","target":{"@type":"EntryPoint","urlTemplate":"https:\/\/elmawkie.dz\/fr\/?s={search_term_string}"},"query-input":"required name=search_term_string"}],"inLanguage":"fr-FR"},{"@type":"Organization","@id":"https:\/\/elmawkie.dz\/fr\/#organization","name":"EL MAWKIE","url":"https:\/\/elmawkie.dz\/fr\/","logo":{"@type":"ImageObject","inLanguage":"fr-FR","@id":"https:\/\/elmawkie.dz\/fr\/#\/schema\/logo\/image\/","url":"https:\/\/elmawkie.dz\/fr\/wp-content\/uploads\/2024\/05\/logo1.png","contentUrl":"https:\/\/elmawkie.dz\/fr\/wp-content\/uploads\/2024\/05\/logo1.png","width":1648,"height":652,"caption":"EL MAWKIE"},"image":{"@id":"https:\/\/elmawkie.dz\/fr\/#\/schema\/logo\/image\/"},"sameAs":["https:\/\/www.facebook.com\/profile.php?id=100088407094989&locale=fr_FR"]},{"@type":"Person","@id":"https:\/\/elmawkie.dz\/fr\/#\/schema\/person\/e7bd59d6467874ba5c4723d8a9f0a63c","name":"R\u00e9daction","image":{"@type":"ImageObject","inLanguage":"fr-FR","@id":"https:\/\/elmawkie.dz\/fr\/#\/schema\/person\/image\/","url":"https:\/\/secure.gravatar.com\/avatar\/f0f773456344da4d2788c054a3d30a0c?s=96&d=mm&r=g","contentUrl":"https:\/\/secure.gravatar.com\/avatar\/f0f773456344da4d2788c054a3d30a0c?s=96&d=mm&r=g","caption":"R\u00e9daction"},"url":"https:\/\/elmawkie.dz\/fr\/author\/redaction\/"}]}},"_links":{"self":[{"href":"https:\/\/elmawkie.dz\/fr\/wp-json\/wp\/v2\/posts\/63581","targetHints":{"allow":["GET"]}}],"collection":[{"href":"https:\/\/elmawkie.dz\/fr\/wp-json\/wp\/v2\/posts"}],"about":[{"href":"https:\/\/elmawkie.dz\/fr\/wp-json\/wp\/v2\/types\/post"}],"author":[{"embeddable":true,"href":"https:\/\/elmawkie.dz\/fr\/wp-json\/wp\/v2\/users\/9"}],"replies":[{"embeddable":true,"href":"https:\/\/elmawkie.dz\/fr\/wp-json\/wp\/v2\/comments?post=63581"}],"version-history":[{"count":1,"href":"https:\/\/elmawkie.dz\/fr\/wp-json\/wp\/v2\/posts\/63581\/revisions"}],"predecessor-version":[{"id":63584,"href":"https:\/\/elmawkie.dz\/fr\/wp-json\/wp\/v2\/posts\/63581\/revisions\/63584"}],"wp:featuredmedia":[{"embeddable":true,"href":"https:\/\/elmawkie.dz\/fr\/wp-json\/wp\/v2\/media\/63583"}],"wp:attachment":[{"href":"https:\/\/elmawkie.dz\/fr\/wp-json\/wp\/v2\/media?parent=63581"}],"wp:term":[{"taxonomy":"category","embeddable":true,"href":"https:\/\/elmawkie.dz\/fr\/wp-json\/wp\/v2\/categories?post=63581"},{"taxonomy":"post_tag","embeddable":true,"href":"https:\/\/elmawkie.dz\/fr\/wp-json\/wp\/v2\/tags?post=63581"}],"curies":[{"name":"wp","href":"https:\/\/api.w.org\/{rel}","templated":true}]}}