{"id":63573,"date":"2026-03-17T22:57:53","date_gmt":"2026-03-17T21:57:53","guid":{"rendered":"https:\/\/elmawkie.dz\/fr\/?p=63573"},"modified":"2026-03-17T22:57:55","modified_gmt":"2026-03-17T21:57:55","slug":"luipa-appelle-a-renforcer-le-dialogue-et-la-cooperation-arabe-pour-instaurer-la-securite-et-la-stabilite","status":"publish","type":"post","link":"https:\/\/elmawkie.dz\/fr\/luipa-appelle-a-renforcer-le-dialogue-et-la-cooperation-arabe-pour-instaurer-la-securite-et-la-stabilite\/","title":{"rendered":"L\u2019UIPA appelle \u00e0 renforcer le dialogue et la coop\u00e9ration arabe pour instaurer la s\u00e9curit\u00e9 et la stabilit\u00e9"},"content":{"rendered":"\n<p>L\u2019Union interparlementaire arabe (UIPA) a appel\u00e9 \u00e0 renforcer le dialogue et la coop\u00e9ration arabe commune, en vue de contribuer \u00e0 l&rsquo;instauration de la s\u00e9curit\u00e9, de la stabilit\u00e9 et du d\u00e9veloppement durable, et de garantir aux peuples arabes leur droit \u00e0 une vie digne.<\/p>\n\n\n\n<p>Dans un communiqu\u00e9 sign\u00e9 par son pr\u00e9sident, Brahim Boughali, pr\u00e9sident de l\u2019Assembl\u00e9e populaire nationale (APN), \u00e0 l\u2019occasion de la Journ\u00e9e arabe des droits de l\u2019homme, c\u00e9l\u00e9br\u00e9e le 16 mars de chaque ann\u00e9e, l\u2019UIPA a r\u00e9it\u00e9r\u00e9 \u00ab\u00a0son engagement ferme en faveur des valeurs de dignit\u00e9 humaine, de libert\u00e9, de justice, d\u2019\u00e9galit\u00e9 et de primaut\u00e9 du droit\u00a0\u00bb, soulignant que \u00ab\u00a0la protection de la dignit\u00e9 de l\u2019\u00eatre humain arabe, o\u00f9 qu\u2019il se trouve, est une responsabilit\u00e9 commune incombant aux Etats, aux gouvernements, aux parlements, aux institutions de la soci\u00e9t\u00e9 civile, aux m\u00e9dias, ainsi qu\u2019aux organisations r\u00e9gionales et internationales\u00a0\u00bb.<\/p>\n\n\n\n<p>A cet \u00e9gard, l\u2019UIPA a indiqu\u00e9 que la promotion et la protection des droits de l\u2019homme dans le monde arabe \u00ab\u00a0constituent un pilier essentiel pour tout projet de d\u00e9veloppement global\u00a0\u00bb, relevant que \u00ab\u00a0les fondements de l\u2019Etat national moderne reposent sur le respect des droits et des libert\u00e9s fondamentales de tous les citoyens sans distinction, la garantie de l\u2019ind\u00e9pendance de la justice, le renforcement de la participation politique, l\u2019autonomisation des femmes et des jeunes, outre la protection des droits socio-\u00e9conomiques et culturels, et des droits civils et politiques\u00a0\u00bb.<\/p>\n\n\n\n<p>Dans ce contexte, l\u2019Union a exprim\u00e9 son extr\u00eame inqui\u00e9tude face aux conflits arm\u00e9s, aux crises humanitaires et aux graves violations des droits de l\u2019homme que connaissent certains pays arabes, en particulier les crimes et violations continus contre le peuple palestinien, ainsi que les meurtres, la d\u00e9portation, les arrestations arbitraires, le blocus et le d\u00e9placement forc\u00e9 qui les accompagnent, tout en renouvelant son appel \u00e0 l\u2019Organisation des Nations unies (ONU) et \u00e0 ses instances sp\u00e9cialis\u00e9es \u00e0 \u00ab\u00a0poursuivre leur r\u00f4le dans la garantie du respect et de la mise en oeuvre des chartes et conventions internationales relatives au respect et \u00e0 la protection des droits de l\u2019homme, ainsi que dans la poursuite des auteurs de ces violations\u00a0\u00bb.<\/p>\n\n\n\n<p>En conclusion, l\u2019UIPA a exprim\u00e9 le souhait que la Journ\u00e9e arabe des droits de l\u2019homme soit une occasion annuelle pour \u00ab\u00a0l&rsquo;\u00e9valuation et l&rsquo;\u00e9change d\u2019expertises entre les pays arabes, ainsi qu\u2019un levier pour renforcer la coop\u00e9ration et la coordination parlementaires en vue d&rsquo;ancrer la culture des droits de l\u2019homme et de transformer les principes et les textes juridiques en r\u00e9alit\u00e9 tangible dans la vie quotidienne du citoyen arabe\u00a0\u00bb.&nbsp;<\/p>\n","protected":false},"excerpt":{"rendered":"<p>L\u2019Union interparlementaire arabe (UIPA) a appel\u00e9 \u00e0 renforcer le dialogue et la coop\u00e9ration arabe commune, en vue de contribuer \u00e0 l&rsquo;instauration de la s\u00e9curit\u00e9, de la stabilit\u00e9 et du d\u00e9veloppement durable, et de garantir aux peuples arabes leur droit \u00e0 une vie digne. Dans un communiqu\u00e9 sign\u00e9 par son pr\u00e9sident, Brahim Boughali, pr\u00e9sident de l\u2019Assembl\u00e9e &hellip;<\/p>\n","protected":false},"author":9,"featured_media":63575,"comment_status":"open","ping_status":"open","sticky":false,"template":"","format":"standard","meta":{"footnotes":""},"categories":[44],"tags":[211,4898],"class_list":["post-63573","post","type-post","status-publish","format-standard","has-post-thumbnail","hentry","category-international","tag-boughali-ibrahim","tag-luipa"],"yoast_head":"<!-- This site is optimized with the Yoast SEO Premium plugin v22.6 (Yoast SEO v22.6) - https:\/\/yoast.com\/wordpress\/plugins\/seo\/ -->\n<title>L\u2019UIPA appelle \u00e0 renforcer le dialogue et la coop\u00e9ration arabe pour instaurer la s\u00e9curit\u00e9 et la stabilit\u00e9 - El Mawkie<\/title>\n<meta name=\"robots\" content=\"index, follow, max-snippet:-1, max-image-preview:large, max-video-preview:-1\" \/>\n<link rel=\"canonical\" href=\"https:\/\/elmawkie.dz\/fr\/luipa-appelle-a-renforcer-le-dialogue-et-la-cooperation-arabe-pour-instaurer-la-securite-et-la-stabilite\/\" \/>\n<meta property=\"og:locale\" content=\"fr_FR\" \/>\n<meta property=\"og:type\" content=\"article\" \/>\n<meta property=\"og:title\" content=\"L\u2019UIPA appelle \u00e0 renforcer le dialogue et la coop\u00e9ration arabe pour instaurer la s\u00e9curit\u00e9 et la stabilit\u00e9\" \/>\n<meta property=\"og:description\" content=\"L\u2019Union interparlementaire arabe (UIPA) a appel\u00e9 \u00e0 renforcer le dialogue et la coop\u00e9ration arabe commune, en vue de contribuer \u00e0 l&rsquo;instauration de la s\u00e9curit\u00e9, de la stabilit\u00e9 et du d\u00e9veloppement durable, et de garantir aux peuples arabes leur droit \u00e0 une vie digne. Dans un communiqu\u00e9 sign\u00e9 par son pr\u00e9sident, Brahim Boughali, pr\u00e9sident de l\u2019Assembl\u00e9e &hellip;\" \/>\n<meta property=\"og:url\" content=\"https:\/\/elmawkie.dz\/fr\/luipa-appelle-a-renforcer-le-dialogue-et-la-cooperation-arabe-pour-instaurer-la-securite-et-la-stabilite\/\" \/>\n<meta property=\"og:site_name\" content=\"El Mawkie\" \/>\n<meta property=\"article:publisher\" content=\"https:\/\/www.facebook.com\/profile.php?id=100088407094989&amp;locale=fr_FR\" \/>\n<meta property=\"article:published_time\" content=\"2026-03-17T21:57:53+00:00\" \/>\n<meta property=\"article:modified_time\" content=\"2026-03-17T21:57:55+00:00\" \/>\n<meta property=\"og:image\" content=\"https:\/\/elmawkie.dz\/fr\/wp-content\/uploads\/2026\/03\/IMG_2756.jpeg\" \/>\n\t<meta property=\"og:image:width\" content=\"588\" \/>\n\t<meta property=\"og:image:height\" content=\"330\" \/>\n\t<meta property=\"og:image:type\" content=\"image\/jpeg\" \/>\n<meta name=\"author\" content=\"R\u00e9daction\" \/>\n<meta name=\"twitter:card\" content=\"summary_large_image\" \/>\n<meta name=\"twitter:label1\" content=\"Written by\" \/>\n\t<meta name=\"twitter:data1\" content=\"R\u00e9daction\" \/>\n\t<meta name=\"twitter:label2\" content=\"Est. reading time\" \/>\n\t<meta name=\"twitter:data2\" content=\"3 minutes\" \/>\n<script type=\"application\/ld+json\" class=\"yoast-schema-graph\">{\"@context\":\"https:\/\/schema.org\",\"@graph\":[{\"@type\":\"Article\",\"@id\":\"https:\/\/elmawkie.dz\/fr\/luipa-appelle-a-renforcer-le-dialogue-et-la-cooperation-arabe-pour-instaurer-la-securite-et-la-stabilite\/#article\",\"isPartOf\":{\"@id\":\"https:\/\/elmawkie.dz\/fr\/luipa-appelle-a-renforcer-le-dialogue-et-la-cooperation-arabe-pour-instaurer-la-securite-et-la-stabilite\/\"},\"author\":{\"name\":\"R\u00e9daction\",\"@id\":\"https:\/\/elmawkie.dz\/fr\/#\/schema\/person\/e7bd59d6467874ba5c4723d8a9f0a63c\"},\"headline\":\"L\u2019UIPA appelle \u00e0 renforcer le dialogue et la coop\u00e9ration arabe pour instaurer la s\u00e9curit\u00e9 et la stabilit\u00e9\",\"datePublished\":\"2026-03-17T21:57:53+00:00\",\"dateModified\":\"2026-03-17T21:57:55+00:00\",\"mainEntityOfPage\":{\"@id\":\"https:\/\/elmawkie.dz\/fr\/luipa-appelle-a-renforcer-le-dialogue-et-la-cooperation-arabe-pour-instaurer-la-securite-et-la-stabilite\/\"},\"wordCount\":476,\"commentCount\":0,\"publisher\":{\"@id\":\"https:\/\/elmawkie.dz\/fr\/#organization\"},\"image\":{\"@id\":\"https:\/\/elmawkie.dz\/fr\/luipa-appelle-a-renforcer-le-dialogue-et-la-cooperation-arabe-pour-instaurer-la-securite-et-la-stabilite\/#primaryimage\"},\"thumbnailUrl\":\"https:\/\/elmawkie.dz\/fr\/wp-content\/uploads\/2026\/03\/IMG_2756.jpeg\",\"keywords\":[\"Boughali ibrahim\",\"L\u2019UIPA\"],\"articleSection\":[\"International\"],\"inLanguage\":\"fr-FR\",\"potentialAction\":[{\"@type\":\"CommentAction\",\"name\":\"Comment\",\"target\":[\"https:\/\/elmawkie.dz\/fr\/luipa-appelle-a-renforcer-le-dialogue-et-la-cooperation-arabe-pour-instaurer-la-securite-et-la-stabilite\/#respond\"]}]},{\"@type\":\"WebPage\",\"@id\":\"https:\/\/elmawkie.dz\/fr\/luipa-appelle-a-renforcer-le-dialogue-et-la-cooperation-arabe-pour-instaurer-la-securite-et-la-stabilite\/\",\"url\":\"https:\/\/elmawkie.dz\/fr\/luipa-appelle-a-renforcer-le-dialogue-et-la-cooperation-arabe-pour-instaurer-la-securite-et-la-stabilite\/\",\"name\":\"L\u2019UIPA appelle \u00e0 renforcer le dialogue et la coop\u00e9ration arabe pour instaurer la s\u00e9curit\u00e9 et la stabilit\u00e9 - El Mawkie\",\"isPartOf\":{\"@id\":\"https:\/\/elmawkie.dz\/fr\/#website\"},\"primaryImageOfPage\":{\"@id\":\"https:\/\/elmawkie.dz\/fr\/luipa-appelle-a-renforcer-le-dialogue-et-la-cooperation-arabe-pour-instaurer-la-securite-et-la-stabilite\/#primaryimage\"},\"image\":{\"@id\":\"https:\/\/elmawkie.dz\/fr\/luipa-appelle-a-renforcer-le-dialogue-et-la-cooperation-arabe-pour-instaurer-la-securite-et-la-stabilite\/#primaryimage\"},\"thumbnailUrl\":\"https:\/\/elmawkie.dz\/fr\/wp-content\/uploads\/2026\/03\/IMG_2756.jpeg\",\"datePublished\":\"2026-03-17T21:57:53+00:00\",\"dateModified\":\"2026-03-17T21:57:55+00:00\",\"breadcrumb\":{\"@id\":\"https:\/\/elmawkie.dz\/fr\/luipa-appelle-a-renforcer-le-dialogue-et-la-cooperation-arabe-pour-instaurer-la-securite-et-la-stabilite\/#breadcrumb\"},\"inLanguage\":\"fr-FR\",\"potentialAction\":[{\"@type\":\"ReadAction\",\"target\":[\"https:\/\/elmawkie.dz\/fr\/luipa-appelle-a-renforcer-le-dialogue-et-la-cooperation-arabe-pour-instaurer-la-securite-et-la-stabilite\/\"]}]},{\"@type\":\"ImageObject\",\"inLanguage\":\"fr-FR\",\"@id\":\"https:\/\/elmawkie.dz\/fr\/luipa-appelle-a-renforcer-le-dialogue-et-la-cooperation-arabe-pour-instaurer-la-securite-et-la-stabilite\/#primaryimage\",\"url\":\"https:\/\/elmawkie.dz\/fr\/wp-content\/uploads\/2026\/03\/IMG_2756.jpeg\",\"contentUrl\":\"https:\/\/elmawkie.dz\/fr\/wp-content\/uploads\/2026\/03\/IMG_2756.jpeg\",\"width\":588,\"height\":330},{\"@type\":\"BreadcrumbList\",\"@id\":\"https:\/\/elmawkie.dz\/fr\/luipa-appelle-a-renforcer-le-dialogue-et-la-cooperation-arabe-pour-instaurer-la-securite-et-la-stabilite\/#breadcrumb\",\"itemListElement\":[{\"@type\":\"ListItem\",\"position\":1,\"name\":\"Home\",\"item\":\"https:\/\/elmawkie.dz\/fr\/\"},{\"@type\":\"ListItem\",\"position\":2,\"name\":\"L\u2019UIPA appelle \u00e0 renforcer le dialogue et la coop\u00e9ration arabe pour instaurer la s\u00e9curit\u00e9 et la stabilit\u00e9\"}]},{\"@type\":\"WebSite\",\"@id\":\"https:\/\/elmawkie.dz\/fr\/#website\",\"url\":\"https:\/\/elmawkie.dz\/fr\/\",\"name\":\"EL MAWKIE\",\"description\":\"Journal \u00c9lectronique Alg\u00e9rien\",\"publisher\":{\"@id\":\"https:\/\/elmawkie.dz\/fr\/#organization\"},\"potentialAction\":[{\"@type\":\"SearchAction\",\"target\":{\"@type\":\"EntryPoint\",\"urlTemplate\":\"https:\/\/elmawkie.dz\/fr\/?s={search_term_string}\"},\"query-input\":\"required name=search_term_string\"}],\"inLanguage\":\"fr-FR\"},{\"@type\":\"Organization\",\"@id\":\"https:\/\/elmawkie.dz\/fr\/#organization\",\"name\":\"EL MAWKIE\",\"url\":\"https:\/\/elmawkie.dz\/fr\/\",\"logo\":{\"@type\":\"ImageObject\",\"inLanguage\":\"fr-FR\",\"@id\":\"https:\/\/elmawkie.dz\/fr\/#\/schema\/logo\/image\/\",\"url\":\"https:\/\/elmawkie.dz\/fr\/wp-content\/uploads\/2024\/05\/logo1.png\",\"contentUrl\":\"https:\/\/elmawkie.dz\/fr\/wp-content\/uploads\/2024\/05\/logo1.png\",\"width\":1648,\"height\":652,\"caption\":\"EL MAWKIE\"},\"image\":{\"@id\":\"https:\/\/elmawkie.dz\/fr\/#\/schema\/logo\/image\/\"},\"sameAs\":[\"https:\/\/www.facebook.com\/profile.php?id=100088407094989&locale=fr_FR\"]},{\"@type\":\"Person\",\"@id\":\"https:\/\/elmawkie.dz\/fr\/#\/schema\/person\/e7bd59d6467874ba5c4723d8a9f0a63c\",\"name\":\"R\u00e9daction\",\"image\":{\"@type\":\"ImageObject\",\"inLanguage\":\"fr-FR\",\"@id\":\"https:\/\/elmawkie.dz\/fr\/#\/schema\/person\/image\/\",\"url\":\"https:\/\/secure.gravatar.com\/avatar\/f0f773456344da4d2788c054a3d30a0c?s=96&d=mm&r=g\",\"contentUrl\":\"https:\/\/secure.gravatar.com\/avatar\/f0f773456344da4d2788c054a3d30a0c?s=96&d=mm&r=g\",\"caption\":\"R\u00e9daction\"},\"url\":\"https:\/\/elmawkie.dz\/fr\/author\/redaction\/\"}]}<\/script>\n<!-- \/ Yoast SEO Premium plugin. -->","yoast_head_json":{"title":"L\u2019UIPA appelle \u00e0 renforcer le dialogue et la coop\u00e9ration arabe pour instaurer la s\u00e9curit\u00e9 et la stabilit\u00e9 - El Mawkie","robots":{"index":"index","follow":"follow","max-snippet":"max-snippet:-1","max-image-preview":"max-image-preview:large","max-video-preview":"max-video-preview:-1"},"canonical":"https:\/\/elmawkie.dz\/fr\/luipa-appelle-a-renforcer-le-dialogue-et-la-cooperation-arabe-pour-instaurer-la-securite-et-la-stabilite\/","og_locale":"fr_FR","og_type":"article","og_title":"L\u2019UIPA appelle \u00e0 renforcer le dialogue et la coop\u00e9ration arabe pour instaurer la s\u00e9curit\u00e9 et la stabilit\u00e9","og_description":"L\u2019Union interparlementaire arabe (UIPA) a appel\u00e9 \u00e0 renforcer le dialogue et la coop\u00e9ration arabe commune, en vue de contribuer \u00e0 l&rsquo;instauration de la s\u00e9curit\u00e9, de la stabilit\u00e9 et du d\u00e9veloppement durable, et de garantir aux peuples arabes leur droit \u00e0 une vie digne. Dans un communiqu\u00e9 sign\u00e9 par son pr\u00e9sident, Brahim Boughali, pr\u00e9sident de l\u2019Assembl\u00e9e &hellip;","og_url":"https:\/\/elmawkie.dz\/fr\/luipa-appelle-a-renforcer-le-dialogue-et-la-cooperation-arabe-pour-instaurer-la-securite-et-la-stabilite\/","og_site_name":"El Mawkie","article_publisher":"https:\/\/www.facebook.com\/profile.php?id=100088407094989&locale=fr_FR","article_published_time":"2026-03-17T21:57:53+00:00","article_modified_time":"2026-03-17T21:57:55+00:00","og_image":[{"width":588,"height":330,"url":"https:\/\/elmawkie.dz\/fr\/wp-content\/uploads\/2026\/03\/IMG_2756.jpeg","type":"image\/jpeg"}],"author":"R\u00e9daction","twitter_card":"summary_large_image","twitter_misc":{"Written by":"R\u00e9daction","Est. reading time":"3 minutes"},"schema":{"@context":"https:\/\/schema.org","@graph":[{"@type":"Article","@id":"https:\/\/elmawkie.dz\/fr\/luipa-appelle-a-renforcer-le-dialogue-et-la-cooperation-arabe-pour-instaurer-la-securite-et-la-stabilite\/#article","isPartOf":{"@id":"https:\/\/elmawkie.dz\/fr\/luipa-appelle-a-renforcer-le-dialogue-et-la-cooperation-arabe-pour-instaurer-la-securite-et-la-stabilite\/"},"author":{"name":"R\u00e9daction","@id":"https:\/\/elmawkie.dz\/fr\/#\/schema\/person\/e7bd59d6467874ba5c4723d8a9f0a63c"},"headline":"L\u2019UIPA appelle \u00e0 renforcer le dialogue et la coop\u00e9ration arabe pour instaurer la s\u00e9curit\u00e9 et la stabilit\u00e9","datePublished":"2026-03-17T21:57:53+00:00","dateModified":"2026-03-17T21:57:55+00:00","mainEntityOfPage":{"@id":"https:\/\/elmawkie.dz\/fr\/luipa-appelle-a-renforcer-le-dialogue-et-la-cooperation-arabe-pour-instaurer-la-securite-et-la-stabilite\/"},"wordCount":476,"commentCount":0,"publisher":{"@id":"https:\/\/elmawkie.dz\/fr\/#organization"},"image":{"@id":"https:\/\/elmawkie.dz\/fr\/luipa-appelle-a-renforcer-le-dialogue-et-la-cooperation-arabe-pour-instaurer-la-securite-et-la-stabilite\/#primaryimage"},"thumbnailUrl":"https:\/\/elmawkie.dz\/fr\/wp-content\/uploads\/2026\/03\/IMG_2756.jpeg","keywords":["Boughali ibrahim","L\u2019UIPA"],"articleSection":["International"],"inLanguage":"fr-FR","potentialAction":[{"@type":"CommentAction","name":"Comment","target":["https:\/\/elmawkie.dz\/fr\/luipa-appelle-a-renforcer-le-dialogue-et-la-cooperation-arabe-pour-instaurer-la-securite-et-la-stabilite\/#respond"]}]},{"@type":"WebPage","@id":"https:\/\/elmawkie.dz\/fr\/luipa-appelle-a-renforcer-le-dialogue-et-la-cooperation-arabe-pour-instaurer-la-securite-et-la-stabilite\/","url":"https:\/\/elmawkie.dz\/fr\/luipa-appelle-a-renforcer-le-dialogue-et-la-cooperation-arabe-pour-instaurer-la-securite-et-la-stabilite\/","name":"L\u2019UIPA appelle \u00e0 renforcer le dialogue et la coop\u00e9ration arabe pour instaurer la s\u00e9curit\u00e9 et la stabilit\u00e9 - El Mawkie","isPartOf":{"@id":"https:\/\/elmawkie.dz\/fr\/#website"},"primaryImageOfPage":{"@id":"https:\/\/elmawkie.dz\/fr\/luipa-appelle-a-renforcer-le-dialogue-et-la-cooperation-arabe-pour-instaurer-la-securite-et-la-stabilite\/#primaryimage"},"image":{"@id":"https:\/\/elmawkie.dz\/fr\/luipa-appelle-a-renforcer-le-dialogue-et-la-cooperation-arabe-pour-instaurer-la-securite-et-la-stabilite\/#primaryimage"},"thumbnailUrl":"https:\/\/elmawkie.dz\/fr\/wp-content\/uploads\/2026\/03\/IMG_2756.jpeg","datePublished":"2026-03-17T21:57:53+00:00","dateModified":"2026-03-17T21:57:55+00:00","breadcrumb":{"@id":"https:\/\/elmawkie.dz\/fr\/luipa-appelle-a-renforcer-le-dialogue-et-la-cooperation-arabe-pour-instaurer-la-securite-et-la-stabilite\/#breadcrumb"},"inLanguage":"fr-FR","potentialAction":[{"@type":"ReadAction","target":["https:\/\/elmawkie.dz\/fr\/luipa-appelle-a-renforcer-le-dialogue-et-la-cooperation-arabe-pour-instaurer-la-securite-et-la-stabilite\/"]}]},{"@type":"ImageObject","inLanguage":"fr-FR","@id":"https:\/\/elmawkie.dz\/fr\/luipa-appelle-a-renforcer-le-dialogue-et-la-cooperation-arabe-pour-instaurer-la-securite-et-la-stabilite\/#primaryimage","url":"https:\/\/elmawkie.dz\/fr\/wp-content\/uploads\/2026\/03\/IMG_2756.jpeg","contentUrl":"https:\/\/elmawkie.dz\/fr\/wp-content\/uploads\/2026\/03\/IMG_2756.jpeg","width":588,"height":330},{"@type":"BreadcrumbList","@id":"https:\/\/elmawkie.dz\/fr\/luipa-appelle-a-renforcer-le-dialogue-et-la-cooperation-arabe-pour-instaurer-la-securite-et-la-stabilite\/#breadcrumb","itemListElement":[{"@type":"ListItem","position":1,"name":"Home","item":"https:\/\/elmawkie.dz\/fr\/"},{"@type":"ListItem","position":2,"name":"L\u2019UIPA appelle \u00e0 renforcer le dialogue et la coop\u00e9ration arabe pour instaurer la s\u00e9curit\u00e9 et la stabilit\u00e9"}]},{"@type":"WebSite","@id":"https:\/\/elmawkie.dz\/fr\/#website","url":"https:\/\/elmawkie.dz\/fr\/","name":"EL MAWKIE","description":"Journal \u00c9lectronique Alg\u00e9rien","publisher":{"@id":"https:\/\/elmawkie.dz\/fr\/#organization"},"potentialAction":[{"@type":"SearchAction","target":{"@type":"EntryPoint","urlTemplate":"https:\/\/elmawkie.dz\/fr\/?s={search_term_string}"},"query-input":"required name=search_term_string"}],"inLanguage":"fr-FR"},{"@type":"Organization","@id":"https:\/\/elmawkie.dz\/fr\/#organization","name":"EL MAWKIE","url":"https:\/\/elmawkie.dz\/fr\/","logo":{"@type":"ImageObject","inLanguage":"fr-FR","@id":"https:\/\/elmawkie.dz\/fr\/#\/schema\/logo\/image\/","url":"https:\/\/elmawkie.dz\/fr\/wp-content\/uploads\/2024\/05\/logo1.png","contentUrl":"https:\/\/elmawkie.dz\/fr\/wp-content\/uploads\/2024\/05\/logo1.png","width":1648,"height":652,"caption":"EL MAWKIE"},"image":{"@id":"https:\/\/elmawkie.dz\/fr\/#\/schema\/logo\/image\/"},"sameAs":["https:\/\/www.facebook.com\/profile.php?id=100088407094989&locale=fr_FR"]},{"@type":"Person","@id":"https:\/\/elmawkie.dz\/fr\/#\/schema\/person\/e7bd59d6467874ba5c4723d8a9f0a63c","name":"R\u00e9daction","image":{"@type":"ImageObject","inLanguage":"fr-FR","@id":"https:\/\/elmawkie.dz\/fr\/#\/schema\/person\/image\/","url":"https:\/\/secure.gravatar.com\/avatar\/f0f773456344da4d2788c054a3d30a0c?s=96&d=mm&r=g","contentUrl":"https:\/\/secure.gravatar.com\/avatar\/f0f773456344da4d2788c054a3d30a0c?s=96&d=mm&r=g","caption":"R\u00e9daction"},"url":"https:\/\/elmawkie.dz\/fr\/author\/redaction\/"}]}},"_links":{"self":[{"href":"https:\/\/elmawkie.dz\/fr\/wp-json\/wp\/v2\/posts\/63573","targetHints":{"allow":["GET"]}}],"collection":[{"href":"https:\/\/elmawkie.dz\/fr\/wp-json\/wp\/v2\/posts"}],"about":[{"href":"https:\/\/elmawkie.dz\/fr\/wp-json\/wp\/v2\/types\/post"}],"author":[{"embeddable":true,"href":"https:\/\/elmawkie.dz\/fr\/wp-json\/wp\/v2\/users\/9"}],"replies":[{"embeddable":true,"href":"https:\/\/elmawkie.dz\/fr\/wp-json\/wp\/v2\/comments?post=63573"}],"version-history":[{"count":1,"href":"https:\/\/elmawkie.dz\/fr\/wp-json\/wp\/v2\/posts\/63573\/revisions"}],"predecessor-version":[{"id":63576,"href":"https:\/\/elmawkie.dz\/fr\/wp-json\/wp\/v2\/posts\/63573\/revisions\/63576"}],"wp:featuredmedia":[{"embeddable":true,"href":"https:\/\/elmawkie.dz\/fr\/wp-json\/wp\/v2\/media\/63575"}],"wp:attachment":[{"href":"https:\/\/elmawkie.dz\/fr\/wp-json\/wp\/v2\/media?parent=63573"}],"wp:term":[{"taxonomy":"category","embeddable":true,"href":"https:\/\/elmawkie.dz\/fr\/wp-json\/wp\/v2\/categories?post=63573"},{"taxonomy":"post_tag","embeddable":true,"href":"https:\/\/elmawkie.dz\/fr\/wp-json\/wp\/v2\/tags?post=63573"}],"curies":[{"name":"wp","href":"https:\/\/api.w.org\/{rel}","templated":true}]}}