{"id":63569,"date":"2026-03-17T15:42:55","date_gmt":"2026-03-17T14:42:55","guid":{"rendered":"https:\/\/elmawkie.dz\/fr\/?p=63569"},"modified":"2026-03-17T15:42:56","modified_gmt":"2026-03-17T14:42:56","slug":"aid-el-fitr-la-protection-civile-lance-sa-campagne-de-prevention-routiere","status":"publish","type":"post","link":"https:\/\/elmawkie.dz\/fr\/aid-el-fitr-la-protection-civile-lance-sa-campagne-de-prevention-routiere\/","title":{"rendered":"A\u00efd El Fitr : la Protection civile lance sa campagne de pr\u00e9vention routi\u00e8re"},"content":{"rendered":"\n<p>Une campagne de sensibilisation sur les risques d&rsquo;accidents li\u00e9s \u00e0 la f\u00eate de l&rsquo;A\u00efd El Fitr a \u00e9t\u00e9 lanc\u00e9e par la Protection civile, exhortant les citoyens \u00e0 faire montre davantage de \u00ab\u00a0prudence et de vigilance\u00a0\u00bb et \u00e0 observer \u00ab\u00a0le strict respect\u00a0\u00bb des consignes pr\u00e9ventives, indique, mardi un communiqu\u00e9 de cette institution. D\u00e9plorant le \u00ab\u00a0nombre important\u00a0\u00bb d&rsquo;accidents enregistr\u00e9s chaque ann\u00e9e durant la p\u00e9riode de c\u00e9l\u00e9bration, la Protection civile a soulign\u00e9 que la campagne de sensibilisation porte, notamment sur les accidents touchant les enfants ainsi que la circulation routi\u00e8re. En ce sens, la Protection a appel\u00e9 les parents \u00e0 la prudence face aux \u00ab\u00a0jouets inadapt\u00e9s \u00e0 l&rsquo;\u00e2ge des enfants ou non conformes\u00a0\u00bb, pr\u00e9conisant de \u00ab\u00a0lire et de suivre attentivement les avertissements, les messages de s\u00e9curit\u00e9 et les instructions d&rsquo;assemblage\u00a0\u00bb.<\/p>\n\n\n\n<p>Les parents sont \u00e9galement appel\u00e9s \u00e0 \u00ab\u00a0surveiller leurs enfants lorsqu&rsquo;ils jouent, \u00e0 tenir les jouets \u00e9loign\u00e9s de toutes sources de chaleur, \u00e0 v\u00e9rifier qu&rsquo;ils ne pr\u00e9sentent aucun danger et \u00e0 r\u00e9parer ou jeter les jouets endommag\u00e9s\u00a0\u00bb. Relevant que les enfants en bas \u00e2ge ont tendance \u00e0 mettre \u00ab\u00a0des objets \u00e0 la bouche\u00a0\u00bb comme de petites balles ou de petites pi\u00e8ces de jouets non fix\u00e9es ou bris\u00e9es, le communiqu\u00e9 de la Protection civile note que ce geste risque de provoquer \u00ab\u00a0l&rsquo;\u00e9touffement\u00a0\u00bb chez les enfants, d&rsquo;o\u00f9 \u00ab\u00a0l&rsquo;obligation de garder ces objets hors de leur port\u00e9e\u00a0\u00bb.<\/p>\n\n\n\n<p>Il est \u00e9galement recommand\u00e9 aux parents de privil\u00e9gier l&rsquo;achat de jouets \u00ab\u00a0sur lesquels apparaissent les coordonn\u00e9es du fabriquant ou de l&rsquo;importateur\u00a0\u00bb. Concernant la s\u00e9curit\u00e9 routi\u00e8re, la Protection civile a exhort\u00e9 les automobilistes \u00e0 \u00ab\u00a0respecter le Code de la route, r\u00e9duire la vitesse et \u00e9viter les man\u0153uvres dangereuses\u00a0\u00bb.<\/p>\n\n\n\n<p>La m\u00eame source rappelle qu&rsquo;en cas d&rsquo;incident ou d&rsquo;accident, les citoyens peuvent contacter les num\u00e9ros de secours (14) ou vert (1021) de la Protection civile.<\/p>\n","protected":false},"excerpt":{"rendered":"<p>Une campagne de sensibilisation sur les risques d&rsquo;accidents li\u00e9s \u00e0 la f\u00eate de l&rsquo;A\u00efd El Fitr a \u00e9t\u00e9 lanc\u00e9e par la Protection civile, exhortant les citoyens \u00e0 faire montre davantage de \u00ab\u00a0prudence et de vigilance\u00a0\u00bb et \u00e0 observer \u00ab\u00a0le strict respect\u00a0\u00bb des consignes pr\u00e9ventives, indique, mardi un communiqu\u00e9 de cette institution. D\u00e9plorant le \u00ab\u00a0nombre important\u00a0\u00bb &hellip;<\/p>\n","protected":false},"author":9,"featured_media":63571,"comment_status":"open","ping_status":"open","sticky":false,"template":"","format":"standard","meta":{"footnotes":""},"categories":[47],"tags":[3281,149],"class_list":["post-63569","post","type-post","status-publish","format-standard","has-post-thumbnail","hentry","category-national","tag-aid-el-fitr","tag-protection-civile"],"yoast_head":"<!-- This site is optimized with the Yoast SEO Premium plugin v22.6 (Yoast SEO v22.6) - https:\/\/yoast.com\/wordpress\/plugins\/seo\/ -->\n<title>A\u00efd El Fitr : la Protection civile lance sa campagne de pr\u00e9vention routi\u00e8re - El Mawkie<\/title>\n<meta name=\"robots\" content=\"index, follow, max-snippet:-1, max-image-preview:large, max-video-preview:-1\" \/>\n<link rel=\"canonical\" href=\"https:\/\/elmawkie.dz\/fr\/aid-el-fitr-la-protection-civile-lance-sa-campagne-de-prevention-routiere\/\" \/>\n<meta property=\"og:locale\" content=\"fr_FR\" \/>\n<meta property=\"og:type\" content=\"article\" \/>\n<meta property=\"og:title\" content=\"A\u00efd El Fitr : la Protection civile lance sa campagne de pr\u00e9vention routi\u00e8re\" \/>\n<meta property=\"og:description\" content=\"Une campagne de sensibilisation sur les risques d&rsquo;accidents li\u00e9s \u00e0 la f\u00eate de l&rsquo;A\u00efd El Fitr a \u00e9t\u00e9 lanc\u00e9e par la Protection civile, exhortant les citoyens \u00e0 faire montre davantage de \u00ab\u00a0prudence et de vigilance\u00a0\u00bb et \u00e0 observer \u00ab\u00a0le strict respect\u00a0\u00bb des consignes pr\u00e9ventives, indique, mardi un communiqu\u00e9 de cette institution. D\u00e9plorant le \u00ab\u00a0nombre important\u00a0\u00bb &hellip;\" \/>\n<meta property=\"og:url\" content=\"https:\/\/elmawkie.dz\/fr\/aid-el-fitr-la-protection-civile-lance-sa-campagne-de-prevention-routiere\/\" \/>\n<meta property=\"og:site_name\" content=\"El Mawkie\" \/>\n<meta property=\"article:publisher\" content=\"https:\/\/www.facebook.com\/profile.php?id=100088407094989&amp;locale=fr_FR\" \/>\n<meta property=\"article:published_time\" content=\"2026-03-17T14:42:55+00:00\" \/>\n<meta property=\"article:modified_time\" content=\"2026-03-17T14:42:56+00:00\" \/>\n<meta property=\"og:image\" content=\"https:\/\/elmawkie.dz\/fr\/wp-content\/uploads\/2026\/03\/IMG_2713.jpeg\" \/>\n\t<meta property=\"og:image:width\" content=\"331\" \/>\n\t<meta property=\"og:image:height\" content=\"152\" \/>\n\t<meta property=\"og:image:type\" content=\"image\/jpeg\" \/>\n<meta name=\"author\" content=\"R\u00e9daction\" \/>\n<meta name=\"twitter:card\" content=\"summary_large_image\" \/>\n<meta name=\"twitter:label1\" content=\"Written by\" \/>\n\t<meta name=\"twitter:data1\" content=\"R\u00e9daction\" \/>\n\t<meta name=\"twitter:label2\" content=\"Est. reading time\" \/>\n\t<meta name=\"twitter:data2\" content=\"2 minutes\" \/>\n<script type=\"application\/ld+json\" class=\"yoast-schema-graph\">{\"@context\":\"https:\/\/schema.org\",\"@graph\":[{\"@type\":\"Article\",\"@id\":\"https:\/\/elmawkie.dz\/fr\/aid-el-fitr-la-protection-civile-lance-sa-campagne-de-prevention-routiere\/#article\",\"isPartOf\":{\"@id\":\"https:\/\/elmawkie.dz\/fr\/aid-el-fitr-la-protection-civile-lance-sa-campagne-de-prevention-routiere\/\"},\"author\":{\"name\":\"R\u00e9daction\",\"@id\":\"https:\/\/elmawkie.dz\/fr\/#\/schema\/person\/e7bd59d6467874ba5c4723d8a9f0a63c\"},\"headline\":\"A\u00efd El Fitr : la Protection civile lance sa campagne de pr\u00e9vention routi\u00e8re\",\"datePublished\":\"2026-03-17T14:42:55+00:00\",\"dateModified\":\"2026-03-17T14:42:56+00:00\",\"mainEntityOfPage\":{\"@id\":\"https:\/\/elmawkie.dz\/fr\/aid-el-fitr-la-protection-civile-lance-sa-campagne-de-prevention-routiere\/\"},\"wordCount\":341,\"commentCount\":0,\"publisher\":{\"@id\":\"https:\/\/elmawkie.dz\/fr\/#organization\"},\"image\":{\"@id\":\"https:\/\/elmawkie.dz\/fr\/aid-el-fitr-la-protection-civile-lance-sa-campagne-de-prevention-routiere\/#primaryimage\"},\"thumbnailUrl\":\"https:\/\/elmawkie.dz\/fr\/wp-content\/uploads\/2026\/03\/IMG_2713.jpeg\",\"keywords\":[\"A\u00efd El-Fitr\",\"Protection civile\"],\"articleSection\":[\"National\"],\"inLanguage\":\"fr-FR\",\"potentialAction\":[{\"@type\":\"CommentAction\",\"name\":\"Comment\",\"target\":[\"https:\/\/elmawkie.dz\/fr\/aid-el-fitr-la-protection-civile-lance-sa-campagne-de-prevention-routiere\/#respond\"]}]},{\"@type\":\"WebPage\",\"@id\":\"https:\/\/elmawkie.dz\/fr\/aid-el-fitr-la-protection-civile-lance-sa-campagne-de-prevention-routiere\/\",\"url\":\"https:\/\/elmawkie.dz\/fr\/aid-el-fitr-la-protection-civile-lance-sa-campagne-de-prevention-routiere\/\",\"name\":\"A\u00efd El Fitr : la Protection civile lance sa campagne de pr\u00e9vention routi\u00e8re - El Mawkie\",\"isPartOf\":{\"@id\":\"https:\/\/elmawkie.dz\/fr\/#website\"},\"primaryImageOfPage\":{\"@id\":\"https:\/\/elmawkie.dz\/fr\/aid-el-fitr-la-protection-civile-lance-sa-campagne-de-prevention-routiere\/#primaryimage\"},\"image\":{\"@id\":\"https:\/\/elmawkie.dz\/fr\/aid-el-fitr-la-protection-civile-lance-sa-campagne-de-prevention-routiere\/#primaryimage\"},\"thumbnailUrl\":\"https:\/\/elmawkie.dz\/fr\/wp-content\/uploads\/2026\/03\/IMG_2713.jpeg\",\"datePublished\":\"2026-03-17T14:42:55+00:00\",\"dateModified\":\"2026-03-17T14:42:56+00:00\",\"breadcrumb\":{\"@id\":\"https:\/\/elmawkie.dz\/fr\/aid-el-fitr-la-protection-civile-lance-sa-campagne-de-prevention-routiere\/#breadcrumb\"},\"inLanguage\":\"fr-FR\",\"potentialAction\":[{\"@type\":\"ReadAction\",\"target\":[\"https:\/\/elmawkie.dz\/fr\/aid-el-fitr-la-protection-civile-lance-sa-campagne-de-prevention-routiere\/\"]}]},{\"@type\":\"ImageObject\",\"inLanguage\":\"fr-FR\",\"@id\":\"https:\/\/elmawkie.dz\/fr\/aid-el-fitr-la-protection-civile-lance-sa-campagne-de-prevention-routiere\/#primaryimage\",\"url\":\"https:\/\/elmawkie.dz\/fr\/wp-content\/uploads\/2026\/03\/IMG_2713.jpeg\",\"contentUrl\":\"https:\/\/elmawkie.dz\/fr\/wp-content\/uploads\/2026\/03\/IMG_2713.jpeg\",\"width\":331,\"height\":152},{\"@type\":\"BreadcrumbList\",\"@id\":\"https:\/\/elmawkie.dz\/fr\/aid-el-fitr-la-protection-civile-lance-sa-campagne-de-prevention-routiere\/#breadcrumb\",\"itemListElement\":[{\"@type\":\"ListItem\",\"position\":1,\"name\":\"Home\",\"item\":\"https:\/\/elmawkie.dz\/fr\/\"},{\"@type\":\"ListItem\",\"position\":2,\"name\":\"A\u00efd El Fitr : la Protection civile lance sa campagne de pr\u00e9vention routi\u00e8re\"}]},{\"@type\":\"WebSite\",\"@id\":\"https:\/\/elmawkie.dz\/fr\/#website\",\"url\":\"https:\/\/elmawkie.dz\/fr\/\",\"name\":\"EL MAWKIE\",\"description\":\"Journal \u00c9lectronique Alg\u00e9rien\",\"publisher\":{\"@id\":\"https:\/\/elmawkie.dz\/fr\/#organization\"},\"potentialAction\":[{\"@type\":\"SearchAction\",\"target\":{\"@type\":\"EntryPoint\",\"urlTemplate\":\"https:\/\/elmawkie.dz\/fr\/?s={search_term_string}\"},\"query-input\":\"required name=search_term_string\"}],\"inLanguage\":\"fr-FR\"},{\"@type\":\"Organization\",\"@id\":\"https:\/\/elmawkie.dz\/fr\/#organization\",\"name\":\"EL MAWKIE\",\"url\":\"https:\/\/elmawkie.dz\/fr\/\",\"logo\":{\"@type\":\"ImageObject\",\"inLanguage\":\"fr-FR\",\"@id\":\"https:\/\/elmawkie.dz\/fr\/#\/schema\/logo\/image\/\",\"url\":\"https:\/\/elmawkie.dz\/fr\/wp-content\/uploads\/2024\/05\/logo1.png\",\"contentUrl\":\"https:\/\/elmawkie.dz\/fr\/wp-content\/uploads\/2024\/05\/logo1.png\",\"width\":1648,\"height\":652,\"caption\":\"EL MAWKIE\"},\"image\":{\"@id\":\"https:\/\/elmawkie.dz\/fr\/#\/schema\/logo\/image\/\"},\"sameAs\":[\"https:\/\/www.facebook.com\/profile.php?id=100088407094989&locale=fr_FR\"]},{\"@type\":\"Person\",\"@id\":\"https:\/\/elmawkie.dz\/fr\/#\/schema\/person\/e7bd59d6467874ba5c4723d8a9f0a63c\",\"name\":\"R\u00e9daction\",\"image\":{\"@type\":\"ImageObject\",\"inLanguage\":\"fr-FR\",\"@id\":\"https:\/\/elmawkie.dz\/fr\/#\/schema\/person\/image\/\",\"url\":\"https:\/\/secure.gravatar.com\/avatar\/f0f773456344da4d2788c054a3d30a0c?s=96&d=mm&r=g\",\"contentUrl\":\"https:\/\/secure.gravatar.com\/avatar\/f0f773456344da4d2788c054a3d30a0c?s=96&d=mm&r=g\",\"caption\":\"R\u00e9daction\"},\"url\":\"https:\/\/elmawkie.dz\/fr\/author\/redaction\/\"}]}<\/script>\n<!-- \/ Yoast SEO Premium plugin. -->","yoast_head_json":{"title":"A\u00efd El Fitr : la Protection civile lance sa campagne de pr\u00e9vention routi\u00e8re - El Mawkie","robots":{"index":"index","follow":"follow","max-snippet":"max-snippet:-1","max-image-preview":"max-image-preview:large","max-video-preview":"max-video-preview:-1"},"canonical":"https:\/\/elmawkie.dz\/fr\/aid-el-fitr-la-protection-civile-lance-sa-campagne-de-prevention-routiere\/","og_locale":"fr_FR","og_type":"article","og_title":"A\u00efd El Fitr : la Protection civile lance sa campagne de pr\u00e9vention routi\u00e8re","og_description":"Une campagne de sensibilisation sur les risques d&rsquo;accidents li\u00e9s \u00e0 la f\u00eate de l&rsquo;A\u00efd El Fitr a \u00e9t\u00e9 lanc\u00e9e par la Protection civile, exhortant les citoyens \u00e0 faire montre davantage de \u00ab\u00a0prudence et de vigilance\u00a0\u00bb et \u00e0 observer \u00ab\u00a0le strict respect\u00a0\u00bb des consignes pr\u00e9ventives, indique, mardi un communiqu\u00e9 de cette institution. D\u00e9plorant le \u00ab\u00a0nombre important\u00a0\u00bb &hellip;","og_url":"https:\/\/elmawkie.dz\/fr\/aid-el-fitr-la-protection-civile-lance-sa-campagne-de-prevention-routiere\/","og_site_name":"El Mawkie","article_publisher":"https:\/\/www.facebook.com\/profile.php?id=100088407094989&locale=fr_FR","article_published_time":"2026-03-17T14:42:55+00:00","article_modified_time":"2026-03-17T14:42:56+00:00","og_image":[{"width":331,"height":152,"url":"https:\/\/elmawkie.dz\/fr\/wp-content\/uploads\/2026\/03\/IMG_2713.jpeg","type":"image\/jpeg"}],"author":"R\u00e9daction","twitter_card":"summary_large_image","twitter_misc":{"Written by":"R\u00e9daction","Est. reading time":"2 minutes"},"schema":{"@context":"https:\/\/schema.org","@graph":[{"@type":"Article","@id":"https:\/\/elmawkie.dz\/fr\/aid-el-fitr-la-protection-civile-lance-sa-campagne-de-prevention-routiere\/#article","isPartOf":{"@id":"https:\/\/elmawkie.dz\/fr\/aid-el-fitr-la-protection-civile-lance-sa-campagne-de-prevention-routiere\/"},"author":{"name":"R\u00e9daction","@id":"https:\/\/elmawkie.dz\/fr\/#\/schema\/person\/e7bd59d6467874ba5c4723d8a9f0a63c"},"headline":"A\u00efd El Fitr : la Protection civile lance sa campagne de pr\u00e9vention routi\u00e8re","datePublished":"2026-03-17T14:42:55+00:00","dateModified":"2026-03-17T14:42:56+00:00","mainEntityOfPage":{"@id":"https:\/\/elmawkie.dz\/fr\/aid-el-fitr-la-protection-civile-lance-sa-campagne-de-prevention-routiere\/"},"wordCount":341,"commentCount":0,"publisher":{"@id":"https:\/\/elmawkie.dz\/fr\/#organization"},"image":{"@id":"https:\/\/elmawkie.dz\/fr\/aid-el-fitr-la-protection-civile-lance-sa-campagne-de-prevention-routiere\/#primaryimage"},"thumbnailUrl":"https:\/\/elmawkie.dz\/fr\/wp-content\/uploads\/2026\/03\/IMG_2713.jpeg","keywords":["A\u00efd El-Fitr","Protection civile"],"articleSection":["National"],"inLanguage":"fr-FR","potentialAction":[{"@type":"CommentAction","name":"Comment","target":["https:\/\/elmawkie.dz\/fr\/aid-el-fitr-la-protection-civile-lance-sa-campagne-de-prevention-routiere\/#respond"]}]},{"@type":"WebPage","@id":"https:\/\/elmawkie.dz\/fr\/aid-el-fitr-la-protection-civile-lance-sa-campagne-de-prevention-routiere\/","url":"https:\/\/elmawkie.dz\/fr\/aid-el-fitr-la-protection-civile-lance-sa-campagne-de-prevention-routiere\/","name":"A\u00efd El Fitr : la Protection civile lance sa campagne de pr\u00e9vention routi\u00e8re - El Mawkie","isPartOf":{"@id":"https:\/\/elmawkie.dz\/fr\/#website"},"primaryImageOfPage":{"@id":"https:\/\/elmawkie.dz\/fr\/aid-el-fitr-la-protection-civile-lance-sa-campagne-de-prevention-routiere\/#primaryimage"},"image":{"@id":"https:\/\/elmawkie.dz\/fr\/aid-el-fitr-la-protection-civile-lance-sa-campagne-de-prevention-routiere\/#primaryimage"},"thumbnailUrl":"https:\/\/elmawkie.dz\/fr\/wp-content\/uploads\/2026\/03\/IMG_2713.jpeg","datePublished":"2026-03-17T14:42:55+00:00","dateModified":"2026-03-17T14:42:56+00:00","breadcrumb":{"@id":"https:\/\/elmawkie.dz\/fr\/aid-el-fitr-la-protection-civile-lance-sa-campagne-de-prevention-routiere\/#breadcrumb"},"inLanguage":"fr-FR","potentialAction":[{"@type":"ReadAction","target":["https:\/\/elmawkie.dz\/fr\/aid-el-fitr-la-protection-civile-lance-sa-campagne-de-prevention-routiere\/"]}]},{"@type":"ImageObject","inLanguage":"fr-FR","@id":"https:\/\/elmawkie.dz\/fr\/aid-el-fitr-la-protection-civile-lance-sa-campagne-de-prevention-routiere\/#primaryimage","url":"https:\/\/elmawkie.dz\/fr\/wp-content\/uploads\/2026\/03\/IMG_2713.jpeg","contentUrl":"https:\/\/elmawkie.dz\/fr\/wp-content\/uploads\/2026\/03\/IMG_2713.jpeg","width":331,"height":152},{"@type":"BreadcrumbList","@id":"https:\/\/elmawkie.dz\/fr\/aid-el-fitr-la-protection-civile-lance-sa-campagne-de-prevention-routiere\/#breadcrumb","itemListElement":[{"@type":"ListItem","position":1,"name":"Home","item":"https:\/\/elmawkie.dz\/fr\/"},{"@type":"ListItem","position":2,"name":"A\u00efd El Fitr : la Protection civile lance sa campagne de pr\u00e9vention routi\u00e8re"}]},{"@type":"WebSite","@id":"https:\/\/elmawkie.dz\/fr\/#website","url":"https:\/\/elmawkie.dz\/fr\/","name":"EL MAWKIE","description":"Journal \u00c9lectronique Alg\u00e9rien","publisher":{"@id":"https:\/\/elmawkie.dz\/fr\/#organization"},"potentialAction":[{"@type":"SearchAction","target":{"@type":"EntryPoint","urlTemplate":"https:\/\/elmawkie.dz\/fr\/?s={search_term_string}"},"query-input":"required name=search_term_string"}],"inLanguage":"fr-FR"},{"@type":"Organization","@id":"https:\/\/elmawkie.dz\/fr\/#organization","name":"EL MAWKIE","url":"https:\/\/elmawkie.dz\/fr\/","logo":{"@type":"ImageObject","inLanguage":"fr-FR","@id":"https:\/\/elmawkie.dz\/fr\/#\/schema\/logo\/image\/","url":"https:\/\/elmawkie.dz\/fr\/wp-content\/uploads\/2024\/05\/logo1.png","contentUrl":"https:\/\/elmawkie.dz\/fr\/wp-content\/uploads\/2024\/05\/logo1.png","width":1648,"height":652,"caption":"EL MAWKIE"},"image":{"@id":"https:\/\/elmawkie.dz\/fr\/#\/schema\/logo\/image\/"},"sameAs":["https:\/\/www.facebook.com\/profile.php?id=100088407094989&locale=fr_FR"]},{"@type":"Person","@id":"https:\/\/elmawkie.dz\/fr\/#\/schema\/person\/e7bd59d6467874ba5c4723d8a9f0a63c","name":"R\u00e9daction","image":{"@type":"ImageObject","inLanguage":"fr-FR","@id":"https:\/\/elmawkie.dz\/fr\/#\/schema\/person\/image\/","url":"https:\/\/secure.gravatar.com\/avatar\/f0f773456344da4d2788c054a3d30a0c?s=96&d=mm&r=g","contentUrl":"https:\/\/secure.gravatar.com\/avatar\/f0f773456344da4d2788c054a3d30a0c?s=96&d=mm&r=g","caption":"R\u00e9daction"},"url":"https:\/\/elmawkie.dz\/fr\/author\/redaction\/"}]}},"_links":{"self":[{"href":"https:\/\/elmawkie.dz\/fr\/wp-json\/wp\/v2\/posts\/63569","targetHints":{"allow":["GET"]}}],"collection":[{"href":"https:\/\/elmawkie.dz\/fr\/wp-json\/wp\/v2\/posts"}],"about":[{"href":"https:\/\/elmawkie.dz\/fr\/wp-json\/wp\/v2\/types\/post"}],"author":[{"embeddable":true,"href":"https:\/\/elmawkie.dz\/fr\/wp-json\/wp\/v2\/users\/9"}],"replies":[{"embeddable":true,"href":"https:\/\/elmawkie.dz\/fr\/wp-json\/wp\/v2\/comments?post=63569"}],"version-history":[{"count":1,"href":"https:\/\/elmawkie.dz\/fr\/wp-json\/wp\/v2\/posts\/63569\/revisions"}],"predecessor-version":[{"id":63572,"href":"https:\/\/elmawkie.dz\/fr\/wp-json\/wp\/v2\/posts\/63569\/revisions\/63572"}],"wp:featuredmedia":[{"embeddable":true,"href":"https:\/\/elmawkie.dz\/fr\/wp-json\/wp\/v2\/media\/63571"}],"wp:attachment":[{"href":"https:\/\/elmawkie.dz\/fr\/wp-json\/wp\/v2\/media?parent=63569"}],"wp:term":[{"taxonomy":"category","embeddable":true,"href":"https:\/\/elmawkie.dz\/fr\/wp-json\/wp\/v2\/categories?post=63569"},{"taxonomy":"post_tag","embeddable":true,"href":"https:\/\/elmawkie.dz\/fr\/wp-json\/wp\/v2\/tags?post=63569"}],"curies":[{"name":"wp","href":"https:\/\/api.w.org\/{rel}","templated":true}]}}