{"id":63561,"date":"2026-03-17T15:33:38","date_gmt":"2026-03-17T14:33:38","guid":{"rendered":"https:\/\/elmawkie.dz\/fr\/?p=63561"},"modified":"2026-03-17T15:33:39","modified_gmt":"2026-03-17T14:33:39","slug":"tizi-ouzou-suivi-des-performances-scolaires-par-des-parlementaires","status":"publish","type":"post","link":"https:\/\/elmawkie.dz\/fr\/tizi-ouzou-suivi-des-performances-scolaires-par-des-parlementaires\/","title":{"rendered":"Tizi-Ouzou : suivi des performances scolaires par des parlementaires"},"content":{"rendered":"\n<p>La commission parlementaire de l\u2019Education, de l\u2019enseignement sup\u00e9rieur, de la formation professionnelle et des affaires religieuses de l\u2019Assembl\u00e9e populaire nationale (APN) qui ach\u00e8ve mardi, une visite de deux jours \u00e0 Tizi-Ouzou s\u2019est int\u00e9ress\u00e9e aux performances scolaires de la wilaya.<\/p>\n\n\n\n<p>Lors de cette visite entam\u00e9e par une rencontre, lundi, avec les repr\u00e9sentants des diff\u00e9rents secteurs relevant de ses domaines de comp\u00e9tence, cette commission s\u2019est notamment int\u00e9ress\u00e9e aux r\u00e9sultats scolaires r\u00e9alis\u00e9s \u00e0 Tizi-Ouzou aux examens de fin de cycle, lui permettant d\u2019arriver aux premi\u00e8res places du classement national, ces derni\u00e8res ann\u00e9es.<\/p>\n\n\n\n<p>Le pr\u00e9sident de la commission Zakaria Belkheir, a en effet, mis en avant les performances scolaires de la wilaya, soulignant dans une d\u00e9claration \u00e0 la presse en marge de la visite de la commission, l\u2019int\u00e9r\u00eat d\u2019\u00e9tudier les m\u00e9canismes de cette r\u00e9ussite et d\u2019envisager leur g\u00e9n\u00e9ralisation \u00e0 d\u2019autres r\u00e9gions du pays.<\/p>\n\n\n\n<p>M. Belkheir qui a salu\u00e9 cet effort a indiqu\u00e9 qu\u2019il s\u2019agira de diagnostiquer les facteurs de cette r\u00e9ussite afin de s\u2019en inspirer et \u00e9tudier la possibilit\u00e9 de transf\u00e9rer cette exp\u00e9rience vers d\u2019autres r\u00e9gions.<\/p>\n\n\n\n<p>Pour le secteur des affaires religieuses il a rappel\u00e9 le r\u00f4le de la wilaya qu\u2019il a qualifi\u00e9 de \u00ab\u00a0capitale des mosqu\u00e9es et des zaou\u00efas\u00a0\u00bb \u00e0 travers ses mosqu\u00e9es et zaou\u00efas dans le renforcement de la coh\u00e9sion sociale.<\/p>\n\n\n\n<p>A propos de la mission elle-m\u00eame, il a not\u00e9 que l\u2019objectif est d\u2019identifier les contraintes et les besoins prioritaires des quatre secteurs en vue de les soumettre aux autorit\u00e9s sup\u00e9rieures comp\u00e9tentes par le biais d\u2019un rapport d\u00e9taill\u00e9 en vue de leur prise en charge.<\/p>\n\n\n\n<p>Durant son s\u00e9jour \u00e0 Tizi-Ouzou, les parlementaires ont inspect\u00e9 plusieurs structures. Il s\u2019agit notamment d\u2019\u00e9tablissements scolaires et universitaires, de zaou\u00efas et de mosqu\u00e9es. Ils ont aussi rencontr\u00e9 des repr\u00e9sentants des parents d\u2019\u00e9l\u00e8ves et des membres de syndicat des immams.<\/p>\n\n\n\n<p>La commission cl\u00f4ture ainsi un p\u00e9riple de 6 jours de mission entam\u00e9 \u00e0 partir de la wilaya de Bouira (10 et 11 mars) avant de se rendre \u00e0 Bejaia (14 et 15 mars) pour s\u2019achever \u00e0 Tizi-Ouzou (16 et 17 mars).<\/p>\n","protected":false},"excerpt":{"rendered":"<p>La commission parlementaire de l\u2019Education, de l\u2019enseignement sup\u00e9rieur, de la formation professionnelle et des affaires religieuses de l\u2019Assembl\u00e9e populaire nationale (APN) qui ach\u00e8ve mardi, une visite de deux jours \u00e0 Tizi-Ouzou s\u2019est int\u00e9ress\u00e9e aux performances scolaires de la wilaya. Lors de cette visite entam\u00e9e par une rencontre, lundi, avec les repr\u00e9sentants des diff\u00e9rents secteurs relevant &hellip;<\/p>\n","protected":false},"author":9,"featured_media":63563,"comment_status":"open","ping_status":"open","sticky":false,"template":"","format":"standard","meta":{"footnotes":""},"categories":[50],"tags":[3313,6297,993],"class_list":["post-63561","post","type-post","status-publish","format-standard","has-post-thumbnail","hentry","category-region","tag-parlementaire","tag-performances-scolaires","tag-tizi-ouzou"],"yoast_head":"<!-- This site is optimized with the Yoast SEO Premium plugin v22.6 (Yoast SEO v22.6) - https:\/\/yoast.com\/wordpress\/plugins\/seo\/ -->\n<title>Tizi-Ouzou : suivi des performances scolaires par des parlementaires - El Mawkie<\/title>\n<meta name=\"robots\" content=\"index, follow, max-snippet:-1, max-image-preview:large, max-video-preview:-1\" \/>\n<link rel=\"canonical\" href=\"https:\/\/elmawkie.dz\/fr\/tizi-ouzou-suivi-des-performances-scolaires-par-des-parlementaires\/\" \/>\n<meta property=\"og:locale\" content=\"fr_FR\" \/>\n<meta property=\"og:type\" content=\"article\" \/>\n<meta property=\"og:title\" content=\"Tizi-Ouzou : suivi des performances scolaires par des parlementaires\" \/>\n<meta property=\"og:description\" content=\"La commission parlementaire de l\u2019Education, de l\u2019enseignement sup\u00e9rieur, de la formation professionnelle et des affaires religieuses de l\u2019Assembl\u00e9e populaire nationale (APN) qui ach\u00e8ve mardi, une visite de deux jours \u00e0 Tizi-Ouzou s\u2019est int\u00e9ress\u00e9e aux performances scolaires de la wilaya. Lors de cette visite entam\u00e9e par une rencontre, lundi, avec les repr\u00e9sentants des diff\u00e9rents secteurs relevant &hellip;\" \/>\n<meta property=\"og:url\" content=\"https:\/\/elmawkie.dz\/fr\/tizi-ouzou-suivi-des-performances-scolaires-par-des-parlementaires\/\" \/>\n<meta property=\"og:site_name\" content=\"El Mawkie\" \/>\n<meta property=\"article:publisher\" content=\"https:\/\/www.facebook.com\/profile.php?id=100088407094989&amp;locale=fr_FR\" \/>\n<meta property=\"article:published_time\" content=\"2026-03-17T14:33:38+00:00\" \/>\n<meta property=\"article:modified_time\" content=\"2026-03-17T14:33:39+00:00\" \/>\n<meta property=\"og:image\" content=\"https:\/\/elmawkie.dz\/fr\/wp-content\/uploads\/2026\/03\/IMG_2710.jpeg\" \/>\n\t<meta property=\"og:image:width\" content=\"2048\" \/>\n\t<meta property=\"og:image:height\" content=\"1536\" \/>\n\t<meta property=\"og:image:type\" content=\"image\/jpeg\" \/>\n<meta name=\"author\" content=\"R\u00e9daction\" \/>\n<meta name=\"twitter:card\" content=\"summary_large_image\" \/>\n<meta name=\"twitter:label1\" content=\"Written by\" \/>\n\t<meta name=\"twitter:data1\" content=\"R\u00e9daction\" \/>\n\t<meta name=\"twitter:label2\" content=\"Est. reading time\" \/>\n\t<meta name=\"twitter:data2\" content=\"2 minutes\" \/>\n<script type=\"application\/ld+json\" class=\"yoast-schema-graph\">{\"@context\":\"https:\/\/schema.org\",\"@graph\":[{\"@type\":\"Article\",\"@id\":\"https:\/\/elmawkie.dz\/fr\/tizi-ouzou-suivi-des-performances-scolaires-par-des-parlementaires\/#article\",\"isPartOf\":{\"@id\":\"https:\/\/elmawkie.dz\/fr\/tizi-ouzou-suivi-des-performances-scolaires-par-des-parlementaires\/\"},\"author\":{\"name\":\"R\u00e9daction\",\"@id\":\"https:\/\/elmawkie.dz\/fr\/#\/schema\/person\/e7bd59d6467874ba5c4723d8a9f0a63c\"},\"headline\":\"Tizi-Ouzou : suivi des performances scolaires par des parlementaires\",\"datePublished\":\"2026-03-17T14:33:38+00:00\",\"dateModified\":\"2026-03-17T14:33:39+00:00\",\"mainEntityOfPage\":{\"@id\":\"https:\/\/elmawkie.dz\/fr\/tizi-ouzou-suivi-des-performances-scolaires-par-des-parlementaires\/\"},\"wordCount\":395,\"commentCount\":0,\"publisher\":{\"@id\":\"https:\/\/elmawkie.dz\/fr\/#organization\"},\"image\":{\"@id\":\"https:\/\/elmawkie.dz\/fr\/tizi-ouzou-suivi-des-performances-scolaires-par-des-parlementaires\/#primaryimage\"},\"thumbnailUrl\":\"https:\/\/elmawkie.dz\/fr\/wp-content\/uploads\/2026\/03\/IMG_2710.jpeg\",\"keywords\":[\"Parlementaire\",\"Performances scolaires\",\"Tizi-Ouzou\"],\"articleSection\":[\"R\u00e9gion\"],\"inLanguage\":\"fr-FR\",\"potentialAction\":[{\"@type\":\"CommentAction\",\"name\":\"Comment\",\"target\":[\"https:\/\/elmawkie.dz\/fr\/tizi-ouzou-suivi-des-performances-scolaires-par-des-parlementaires\/#respond\"]}]},{\"@type\":\"WebPage\",\"@id\":\"https:\/\/elmawkie.dz\/fr\/tizi-ouzou-suivi-des-performances-scolaires-par-des-parlementaires\/\",\"url\":\"https:\/\/elmawkie.dz\/fr\/tizi-ouzou-suivi-des-performances-scolaires-par-des-parlementaires\/\",\"name\":\"Tizi-Ouzou : suivi des performances scolaires par des parlementaires - El Mawkie\",\"isPartOf\":{\"@id\":\"https:\/\/elmawkie.dz\/fr\/#website\"},\"primaryImageOfPage\":{\"@id\":\"https:\/\/elmawkie.dz\/fr\/tizi-ouzou-suivi-des-performances-scolaires-par-des-parlementaires\/#primaryimage\"},\"image\":{\"@id\":\"https:\/\/elmawkie.dz\/fr\/tizi-ouzou-suivi-des-performances-scolaires-par-des-parlementaires\/#primaryimage\"},\"thumbnailUrl\":\"https:\/\/elmawkie.dz\/fr\/wp-content\/uploads\/2026\/03\/IMG_2710.jpeg\",\"datePublished\":\"2026-03-17T14:33:38+00:00\",\"dateModified\":\"2026-03-17T14:33:39+00:00\",\"breadcrumb\":{\"@id\":\"https:\/\/elmawkie.dz\/fr\/tizi-ouzou-suivi-des-performances-scolaires-par-des-parlementaires\/#breadcrumb\"},\"inLanguage\":\"fr-FR\",\"potentialAction\":[{\"@type\":\"ReadAction\",\"target\":[\"https:\/\/elmawkie.dz\/fr\/tizi-ouzou-suivi-des-performances-scolaires-par-des-parlementaires\/\"]}]},{\"@type\":\"ImageObject\",\"inLanguage\":\"fr-FR\",\"@id\":\"https:\/\/elmawkie.dz\/fr\/tizi-ouzou-suivi-des-performances-scolaires-par-des-parlementaires\/#primaryimage\",\"url\":\"https:\/\/elmawkie.dz\/fr\/wp-content\/uploads\/2026\/03\/IMG_2710.jpeg\",\"contentUrl\":\"https:\/\/elmawkie.dz\/fr\/wp-content\/uploads\/2026\/03\/IMG_2710.jpeg\",\"width\":2048,\"height\":1536},{\"@type\":\"BreadcrumbList\",\"@id\":\"https:\/\/elmawkie.dz\/fr\/tizi-ouzou-suivi-des-performances-scolaires-par-des-parlementaires\/#breadcrumb\",\"itemListElement\":[{\"@type\":\"ListItem\",\"position\":1,\"name\":\"Home\",\"item\":\"https:\/\/elmawkie.dz\/fr\/\"},{\"@type\":\"ListItem\",\"position\":2,\"name\":\"Tizi-Ouzou : suivi des performances scolaires par des parlementaires\"}]},{\"@type\":\"WebSite\",\"@id\":\"https:\/\/elmawkie.dz\/fr\/#website\",\"url\":\"https:\/\/elmawkie.dz\/fr\/\",\"name\":\"EL MAWKIE\",\"description\":\"Journal \u00c9lectronique Alg\u00e9rien\",\"publisher\":{\"@id\":\"https:\/\/elmawkie.dz\/fr\/#organization\"},\"potentialAction\":[{\"@type\":\"SearchAction\",\"target\":{\"@type\":\"EntryPoint\",\"urlTemplate\":\"https:\/\/elmawkie.dz\/fr\/?s={search_term_string}\"},\"query-input\":\"required name=search_term_string\"}],\"inLanguage\":\"fr-FR\"},{\"@type\":\"Organization\",\"@id\":\"https:\/\/elmawkie.dz\/fr\/#organization\",\"name\":\"EL MAWKIE\",\"url\":\"https:\/\/elmawkie.dz\/fr\/\",\"logo\":{\"@type\":\"ImageObject\",\"inLanguage\":\"fr-FR\",\"@id\":\"https:\/\/elmawkie.dz\/fr\/#\/schema\/logo\/image\/\",\"url\":\"https:\/\/elmawkie.dz\/fr\/wp-content\/uploads\/2024\/05\/logo1.png\",\"contentUrl\":\"https:\/\/elmawkie.dz\/fr\/wp-content\/uploads\/2024\/05\/logo1.png\",\"width\":1648,\"height\":652,\"caption\":\"EL MAWKIE\"},\"image\":{\"@id\":\"https:\/\/elmawkie.dz\/fr\/#\/schema\/logo\/image\/\"},\"sameAs\":[\"https:\/\/www.facebook.com\/profile.php?id=100088407094989&locale=fr_FR\"]},{\"@type\":\"Person\",\"@id\":\"https:\/\/elmawkie.dz\/fr\/#\/schema\/person\/e7bd59d6467874ba5c4723d8a9f0a63c\",\"name\":\"R\u00e9daction\",\"image\":{\"@type\":\"ImageObject\",\"inLanguage\":\"fr-FR\",\"@id\":\"https:\/\/elmawkie.dz\/fr\/#\/schema\/person\/image\/\",\"url\":\"https:\/\/secure.gravatar.com\/avatar\/f0f773456344da4d2788c054a3d30a0c?s=96&d=mm&r=g\",\"contentUrl\":\"https:\/\/secure.gravatar.com\/avatar\/f0f773456344da4d2788c054a3d30a0c?s=96&d=mm&r=g\",\"caption\":\"R\u00e9daction\"},\"url\":\"https:\/\/elmawkie.dz\/fr\/author\/redaction\/\"}]}<\/script>\n<!-- \/ Yoast SEO Premium plugin. -->","yoast_head_json":{"title":"Tizi-Ouzou : suivi des performances scolaires par des parlementaires - El Mawkie","robots":{"index":"index","follow":"follow","max-snippet":"max-snippet:-1","max-image-preview":"max-image-preview:large","max-video-preview":"max-video-preview:-1"},"canonical":"https:\/\/elmawkie.dz\/fr\/tizi-ouzou-suivi-des-performances-scolaires-par-des-parlementaires\/","og_locale":"fr_FR","og_type":"article","og_title":"Tizi-Ouzou : suivi des performances scolaires par des parlementaires","og_description":"La commission parlementaire de l\u2019Education, de l\u2019enseignement sup\u00e9rieur, de la formation professionnelle et des affaires religieuses de l\u2019Assembl\u00e9e populaire nationale (APN) qui ach\u00e8ve mardi, une visite de deux jours \u00e0 Tizi-Ouzou s\u2019est int\u00e9ress\u00e9e aux performances scolaires de la wilaya. Lors de cette visite entam\u00e9e par une rencontre, lundi, avec les repr\u00e9sentants des diff\u00e9rents secteurs relevant &hellip;","og_url":"https:\/\/elmawkie.dz\/fr\/tizi-ouzou-suivi-des-performances-scolaires-par-des-parlementaires\/","og_site_name":"El Mawkie","article_publisher":"https:\/\/www.facebook.com\/profile.php?id=100088407094989&locale=fr_FR","article_published_time":"2026-03-17T14:33:38+00:00","article_modified_time":"2026-03-17T14:33:39+00:00","og_image":[{"width":2048,"height":1536,"url":"https:\/\/elmawkie.dz\/fr\/wp-content\/uploads\/2026\/03\/IMG_2710.jpeg","type":"image\/jpeg"}],"author":"R\u00e9daction","twitter_card":"summary_large_image","twitter_misc":{"Written by":"R\u00e9daction","Est. reading time":"2 minutes"},"schema":{"@context":"https:\/\/schema.org","@graph":[{"@type":"Article","@id":"https:\/\/elmawkie.dz\/fr\/tizi-ouzou-suivi-des-performances-scolaires-par-des-parlementaires\/#article","isPartOf":{"@id":"https:\/\/elmawkie.dz\/fr\/tizi-ouzou-suivi-des-performances-scolaires-par-des-parlementaires\/"},"author":{"name":"R\u00e9daction","@id":"https:\/\/elmawkie.dz\/fr\/#\/schema\/person\/e7bd59d6467874ba5c4723d8a9f0a63c"},"headline":"Tizi-Ouzou : suivi des performances scolaires par des parlementaires","datePublished":"2026-03-17T14:33:38+00:00","dateModified":"2026-03-17T14:33:39+00:00","mainEntityOfPage":{"@id":"https:\/\/elmawkie.dz\/fr\/tizi-ouzou-suivi-des-performances-scolaires-par-des-parlementaires\/"},"wordCount":395,"commentCount":0,"publisher":{"@id":"https:\/\/elmawkie.dz\/fr\/#organization"},"image":{"@id":"https:\/\/elmawkie.dz\/fr\/tizi-ouzou-suivi-des-performances-scolaires-par-des-parlementaires\/#primaryimage"},"thumbnailUrl":"https:\/\/elmawkie.dz\/fr\/wp-content\/uploads\/2026\/03\/IMG_2710.jpeg","keywords":["Parlementaire","Performances scolaires","Tizi-Ouzou"],"articleSection":["R\u00e9gion"],"inLanguage":"fr-FR","potentialAction":[{"@type":"CommentAction","name":"Comment","target":["https:\/\/elmawkie.dz\/fr\/tizi-ouzou-suivi-des-performances-scolaires-par-des-parlementaires\/#respond"]}]},{"@type":"WebPage","@id":"https:\/\/elmawkie.dz\/fr\/tizi-ouzou-suivi-des-performances-scolaires-par-des-parlementaires\/","url":"https:\/\/elmawkie.dz\/fr\/tizi-ouzou-suivi-des-performances-scolaires-par-des-parlementaires\/","name":"Tizi-Ouzou : suivi des performances scolaires par des parlementaires - El Mawkie","isPartOf":{"@id":"https:\/\/elmawkie.dz\/fr\/#website"},"primaryImageOfPage":{"@id":"https:\/\/elmawkie.dz\/fr\/tizi-ouzou-suivi-des-performances-scolaires-par-des-parlementaires\/#primaryimage"},"image":{"@id":"https:\/\/elmawkie.dz\/fr\/tizi-ouzou-suivi-des-performances-scolaires-par-des-parlementaires\/#primaryimage"},"thumbnailUrl":"https:\/\/elmawkie.dz\/fr\/wp-content\/uploads\/2026\/03\/IMG_2710.jpeg","datePublished":"2026-03-17T14:33:38+00:00","dateModified":"2026-03-17T14:33:39+00:00","breadcrumb":{"@id":"https:\/\/elmawkie.dz\/fr\/tizi-ouzou-suivi-des-performances-scolaires-par-des-parlementaires\/#breadcrumb"},"inLanguage":"fr-FR","potentialAction":[{"@type":"ReadAction","target":["https:\/\/elmawkie.dz\/fr\/tizi-ouzou-suivi-des-performances-scolaires-par-des-parlementaires\/"]}]},{"@type":"ImageObject","inLanguage":"fr-FR","@id":"https:\/\/elmawkie.dz\/fr\/tizi-ouzou-suivi-des-performances-scolaires-par-des-parlementaires\/#primaryimage","url":"https:\/\/elmawkie.dz\/fr\/wp-content\/uploads\/2026\/03\/IMG_2710.jpeg","contentUrl":"https:\/\/elmawkie.dz\/fr\/wp-content\/uploads\/2026\/03\/IMG_2710.jpeg","width":2048,"height":1536},{"@type":"BreadcrumbList","@id":"https:\/\/elmawkie.dz\/fr\/tizi-ouzou-suivi-des-performances-scolaires-par-des-parlementaires\/#breadcrumb","itemListElement":[{"@type":"ListItem","position":1,"name":"Home","item":"https:\/\/elmawkie.dz\/fr\/"},{"@type":"ListItem","position":2,"name":"Tizi-Ouzou : suivi des performances scolaires par des parlementaires"}]},{"@type":"WebSite","@id":"https:\/\/elmawkie.dz\/fr\/#website","url":"https:\/\/elmawkie.dz\/fr\/","name":"EL MAWKIE","description":"Journal \u00c9lectronique Alg\u00e9rien","publisher":{"@id":"https:\/\/elmawkie.dz\/fr\/#organization"},"potentialAction":[{"@type":"SearchAction","target":{"@type":"EntryPoint","urlTemplate":"https:\/\/elmawkie.dz\/fr\/?s={search_term_string}"},"query-input":"required name=search_term_string"}],"inLanguage":"fr-FR"},{"@type":"Organization","@id":"https:\/\/elmawkie.dz\/fr\/#organization","name":"EL MAWKIE","url":"https:\/\/elmawkie.dz\/fr\/","logo":{"@type":"ImageObject","inLanguage":"fr-FR","@id":"https:\/\/elmawkie.dz\/fr\/#\/schema\/logo\/image\/","url":"https:\/\/elmawkie.dz\/fr\/wp-content\/uploads\/2024\/05\/logo1.png","contentUrl":"https:\/\/elmawkie.dz\/fr\/wp-content\/uploads\/2024\/05\/logo1.png","width":1648,"height":652,"caption":"EL MAWKIE"},"image":{"@id":"https:\/\/elmawkie.dz\/fr\/#\/schema\/logo\/image\/"},"sameAs":["https:\/\/www.facebook.com\/profile.php?id=100088407094989&locale=fr_FR"]},{"@type":"Person","@id":"https:\/\/elmawkie.dz\/fr\/#\/schema\/person\/e7bd59d6467874ba5c4723d8a9f0a63c","name":"R\u00e9daction","image":{"@type":"ImageObject","inLanguage":"fr-FR","@id":"https:\/\/elmawkie.dz\/fr\/#\/schema\/person\/image\/","url":"https:\/\/secure.gravatar.com\/avatar\/f0f773456344da4d2788c054a3d30a0c?s=96&d=mm&r=g","contentUrl":"https:\/\/secure.gravatar.com\/avatar\/f0f773456344da4d2788c054a3d30a0c?s=96&d=mm&r=g","caption":"R\u00e9daction"},"url":"https:\/\/elmawkie.dz\/fr\/author\/redaction\/"}]}},"_links":{"self":[{"href":"https:\/\/elmawkie.dz\/fr\/wp-json\/wp\/v2\/posts\/63561","targetHints":{"allow":["GET"]}}],"collection":[{"href":"https:\/\/elmawkie.dz\/fr\/wp-json\/wp\/v2\/posts"}],"about":[{"href":"https:\/\/elmawkie.dz\/fr\/wp-json\/wp\/v2\/types\/post"}],"author":[{"embeddable":true,"href":"https:\/\/elmawkie.dz\/fr\/wp-json\/wp\/v2\/users\/9"}],"replies":[{"embeddable":true,"href":"https:\/\/elmawkie.dz\/fr\/wp-json\/wp\/v2\/comments?post=63561"}],"version-history":[{"count":1,"href":"https:\/\/elmawkie.dz\/fr\/wp-json\/wp\/v2\/posts\/63561\/revisions"}],"predecessor-version":[{"id":63564,"href":"https:\/\/elmawkie.dz\/fr\/wp-json\/wp\/v2\/posts\/63561\/revisions\/63564"}],"wp:featuredmedia":[{"embeddable":true,"href":"https:\/\/elmawkie.dz\/fr\/wp-json\/wp\/v2\/media\/63563"}],"wp:attachment":[{"href":"https:\/\/elmawkie.dz\/fr\/wp-json\/wp\/v2\/media?parent=63561"}],"wp:term":[{"taxonomy":"category","embeddable":true,"href":"https:\/\/elmawkie.dz\/fr\/wp-json\/wp\/v2\/categories?post=63561"},{"taxonomy":"post_tag","embeddable":true,"href":"https:\/\/elmawkie.dz\/fr\/wp-json\/wp\/v2\/tags?post=63561"}],"curies":[{"name":"wp","href":"https:\/\/api.w.org\/{rel}","templated":true}]}}