{"id":63557,"date":"2026-03-17T15:27:40","date_gmt":"2026-03-17T14:27:40","guid":{"rendered":"https:\/\/elmawkie.dz\/fr\/?p=63557"},"modified":"2026-03-17T15:27:41","modified_gmt":"2026-03-17T14:27:41","slug":"salon-international-des-fruits-et-legumes-macfrut-2026-lalgerie-prend-part-a-ledition-italienne-en-avril","status":"publish","type":"post","link":"https:\/\/elmawkie.dz\/fr\/salon-international-des-fruits-et-legumes-macfrut-2026-lalgerie-prend-part-a-ledition-italienne-en-avril\/","title":{"rendered":"Salon international des fruits et l\u00e9gumes  \u201dMACFRUT 2026\u201d : l\u2019Alg\u00e9rie prend part \u00e0 l\u2019\u00e9dition italienne en avril"},"content":{"rendered":"\n<p>L&rsquo;Alg\u00e9rie participera au Salon international des fruits et l\u00e9gumes (MACFRUT 2026) qui se tiendra \u00e0 Rimini (Italie) du 21 au 23 avril prochain, a indiqu\u00e9 mardi un communiqu\u00e9 du minist\u00e8re du Commerce ext\u00e9rieur et de la Promotion des exportations.<\/p>\n\n\n\n<p>MACFRUT 2026 est un \u00e9v\u00e9nement commercial international d\u00e9di\u00e9 aux syst\u00e8mes, technologies et services li\u00e9s \u00e0 la production, au d\u00e9veloppement, \u00e0 la commercialisation et au transport des fruits et l\u00e9gumes, rassemblant chaque ann\u00e9e des professionnels, des entreprises et des acheteurs du monde entier, pr\u00e9cise la m\u00eame source.<\/p>\n\n\n\n<p>Il s&rsquo;agit d&rsquo;un \u00e9v\u00e9nement pionnier dans le domaine des \u00e9changes entre entreprises (B2B), couvrant divers aspects de la cha\u00eene de valeur, dont la production, les semences, les p\u00e9pini\u00e8res, les engrais, les biosolutions, les machines agricoles, la transformation, le conditionnement, les services logistiques et la distribution, ajoute le minist\u00e8re, invitant les op\u00e9rateurs \u00e9conomiques souhaitant participer \u00e0 s&rsquo;inscrire via le site web d\u00e9di\u00e9 \u00e0 cet effet : https:\/\/www.mcepe.gov.dz\/index.php\/ar\/macfrut-2026.<\/p>\n","protected":false},"excerpt":{"rendered":"<p>L&rsquo;Alg\u00e9rie participera au Salon international des fruits et l\u00e9gumes (MACFRUT 2026) qui se tiendra \u00e0 Rimini (Italie) du 21 au 23 avril prochain, a indiqu\u00e9 mardi un communiqu\u00e9 du minist\u00e8re du Commerce ext\u00e9rieur et de la Promotion des exportations. MACFRUT 2026 est un \u00e9v\u00e9nement commercial international d\u00e9di\u00e9 aux syst\u00e8mes, technologies et services li\u00e9s \u00e0 la &hellip;<\/p>\n","protected":false},"author":9,"featured_media":63559,"comment_status":"open","ping_status":"open","sticky":false,"template":"","format":"standard","meta":{"footnotes":""},"categories":[47],"tags":[294,2125,6295],"class_list":["post-63557","post","type-post","status-publish","format-standard","has-post-thumbnail","hentry","category-national","tag-lalgerie","tag-litalie","tag-macfrut-2026"],"yoast_head":"<!-- This site is optimized with the Yoast SEO Premium plugin v22.6 (Yoast SEO v22.6) - https:\/\/yoast.com\/wordpress\/plugins\/seo\/ -->\n<title>Salon international des fruits et l\u00e9gumes \u201dMACFRUT 2026\u201d : l\u2019Alg\u00e9rie prend part \u00e0 l\u2019\u00e9dition italienne en avril - El Mawkie<\/title>\n<meta name=\"robots\" content=\"index, follow, max-snippet:-1, max-image-preview:large, max-video-preview:-1\" \/>\n<link rel=\"canonical\" href=\"https:\/\/elmawkie.dz\/fr\/salon-international-des-fruits-et-legumes-macfrut-2026-lalgerie-prend-part-a-ledition-italienne-en-avril\/\" \/>\n<meta property=\"og:locale\" content=\"fr_FR\" \/>\n<meta property=\"og:type\" content=\"article\" \/>\n<meta property=\"og:title\" content=\"Salon international des fruits et l\u00e9gumes \u201dMACFRUT 2026\u201d : l\u2019Alg\u00e9rie prend part \u00e0 l\u2019\u00e9dition italienne en avril\" \/>\n<meta property=\"og:description\" content=\"L&rsquo;Alg\u00e9rie participera au Salon international des fruits et l\u00e9gumes (MACFRUT 2026) qui se tiendra \u00e0 Rimini (Italie) du 21 au 23 avril prochain, a indiqu\u00e9 mardi un communiqu\u00e9 du minist\u00e8re du Commerce ext\u00e9rieur et de la Promotion des exportations. MACFRUT 2026 est un \u00e9v\u00e9nement commercial international d\u00e9di\u00e9 aux syst\u00e8mes, technologies et services li\u00e9s \u00e0 la &hellip;\" \/>\n<meta property=\"og:url\" content=\"https:\/\/elmawkie.dz\/fr\/salon-international-des-fruits-et-legumes-macfrut-2026-lalgerie-prend-part-a-ledition-italienne-en-avril\/\" \/>\n<meta property=\"og:site_name\" content=\"El Mawkie\" \/>\n<meta property=\"article:publisher\" content=\"https:\/\/www.facebook.com\/profile.php?id=100088407094989&amp;locale=fr_FR\" \/>\n<meta property=\"article:published_time\" content=\"2026-03-17T14:27:40+00:00\" \/>\n<meta property=\"article:modified_time\" content=\"2026-03-17T14:27:41+00:00\" \/>\n<meta property=\"og:image\" content=\"https:\/\/elmawkie.dz\/fr\/wp-content\/uploads\/2026\/03\/IMG_2709.jpeg\" \/>\n\t<meta property=\"og:image:width\" content=\"900\" \/>\n\t<meta property=\"og:image:height\" content=\"341\" \/>\n\t<meta property=\"og:image:type\" content=\"image\/jpeg\" \/>\n<meta name=\"author\" content=\"R\u00e9daction\" \/>\n<meta name=\"twitter:card\" content=\"summary_large_image\" \/>\n<meta name=\"twitter:label1\" content=\"Written by\" \/>\n\t<meta name=\"twitter:data1\" content=\"R\u00e9daction\" \/>\n\t<meta name=\"twitter:label2\" content=\"Est. reading time\" \/>\n\t<meta name=\"twitter:data2\" content=\"1 minute\" \/>\n<script type=\"application\/ld+json\" class=\"yoast-schema-graph\">{\"@context\":\"https:\/\/schema.org\",\"@graph\":[{\"@type\":\"Article\",\"@id\":\"https:\/\/elmawkie.dz\/fr\/salon-international-des-fruits-et-legumes-macfrut-2026-lalgerie-prend-part-a-ledition-italienne-en-avril\/#article\",\"isPartOf\":{\"@id\":\"https:\/\/elmawkie.dz\/fr\/salon-international-des-fruits-et-legumes-macfrut-2026-lalgerie-prend-part-a-ledition-italienne-en-avril\/\"},\"author\":{\"name\":\"R\u00e9daction\",\"@id\":\"https:\/\/elmawkie.dz\/fr\/#\/schema\/person\/e7bd59d6467874ba5c4723d8a9f0a63c\"},\"headline\":\"Salon international des fruits et l\u00e9gumes \u201dMACFRUT 2026\u201d : l\u2019Alg\u00e9rie prend part \u00e0 l\u2019\u00e9dition italienne en avril\",\"datePublished\":\"2026-03-17T14:27:40+00:00\",\"dateModified\":\"2026-03-17T14:27:41+00:00\",\"mainEntityOfPage\":{\"@id\":\"https:\/\/elmawkie.dz\/fr\/salon-international-des-fruits-et-legumes-macfrut-2026-lalgerie-prend-part-a-ledition-italienne-en-avril\/\"},\"wordCount\":192,\"commentCount\":0,\"publisher\":{\"@id\":\"https:\/\/elmawkie.dz\/fr\/#organization\"},\"image\":{\"@id\":\"https:\/\/elmawkie.dz\/fr\/salon-international-des-fruits-et-legumes-macfrut-2026-lalgerie-prend-part-a-ledition-italienne-en-avril\/#primaryimage\"},\"thumbnailUrl\":\"https:\/\/elmawkie.dz\/fr\/wp-content\/uploads\/2026\/03\/IMG_2709.jpeg\",\"keywords\":[\"L'Alg\u00e9rie\",\"l'Italie\",\"MACFRUT 2026\"],\"articleSection\":[\"National\"],\"inLanguage\":\"fr-FR\",\"potentialAction\":[{\"@type\":\"CommentAction\",\"name\":\"Comment\",\"target\":[\"https:\/\/elmawkie.dz\/fr\/salon-international-des-fruits-et-legumes-macfrut-2026-lalgerie-prend-part-a-ledition-italienne-en-avril\/#respond\"]}]},{\"@type\":\"WebPage\",\"@id\":\"https:\/\/elmawkie.dz\/fr\/salon-international-des-fruits-et-legumes-macfrut-2026-lalgerie-prend-part-a-ledition-italienne-en-avril\/\",\"url\":\"https:\/\/elmawkie.dz\/fr\/salon-international-des-fruits-et-legumes-macfrut-2026-lalgerie-prend-part-a-ledition-italienne-en-avril\/\",\"name\":\"Salon international des fruits et l\u00e9gumes \u201dMACFRUT 2026\u201d : l\u2019Alg\u00e9rie prend part \u00e0 l\u2019\u00e9dition italienne en avril - El Mawkie\",\"isPartOf\":{\"@id\":\"https:\/\/elmawkie.dz\/fr\/#website\"},\"primaryImageOfPage\":{\"@id\":\"https:\/\/elmawkie.dz\/fr\/salon-international-des-fruits-et-legumes-macfrut-2026-lalgerie-prend-part-a-ledition-italienne-en-avril\/#primaryimage\"},\"image\":{\"@id\":\"https:\/\/elmawkie.dz\/fr\/salon-international-des-fruits-et-legumes-macfrut-2026-lalgerie-prend-part-a-ledition-italienne-en-avril\/#primaryimage\"},\"thumbnailUrl\":\"https:\/\/elmawkie.dz\/fr\/wp-content\/uploads\/2026\/03\/IMG_2709.jpeg\",\"datePublished\":\"2026-03-17T14:27:40+00:00\",\"dateModified\":\"2026-03-17T14:27:41+00:00\",\"breadcrumb\":{\"@id\":\"https:\/\/elmawkie.dz\/fr\/salon-international-des-fruits-et-legumes-macfrut-2026-lalgerie-prend-part-a-ledition-italienne-en-avril\/#breadcrumb\"},\"inLanguage\":\"fr-FR\",\"potentialAction\":[{\"@type\":\"ReadAction\",\"target\":[\"https:\/\/elmawkie.dz\/fr\/salon-international-des-fruits-et-legumes-macfrut-2026-lalgerie-prend-part-a-ledition-italienne-en-avril\/\"]}]},{\"@type\":\"ImageObject\",\"inLanguage\":\"fr-FR\",\"@id\":\"https:\/\/elmawkie.dz\/fr\/salon-international-des-fruits-et-legumes-macfrut-2026-lalgerie-prend-part-a-ledition-italienne-en-avril\/#primaryimage\",\"url\":\"https:\/\/elmawkie.dz\/fr\/wp-content\/uploads\/2026\/03\/IMG_2709.jpeg\",\"contentUrl\":\"https:\/\/elmawkie.dz\/fr\/wp-content\/uploads\/2026\/03\/IMG_2709.jpeg\",\"width\":900,\"height\":341},{\"@type\":\"BreadcrumbList\",\"@id\":\"https:\/\/elmawkie.dz\/fr\/salon-international-des-fruits-et-legumes-macfrut-2026-lalgerie-prend-part-a-ledition-italienne-en-avril\/#breadcrumb\",\"itemListElement\":[{\"@type\":\"ListItem\",\"position\":1,\"name\":\"Home\",\"item\":\"https:\/\/elmawkie.dz\/fr\/\"},{\"@type\":\"ListItem\",\"position\":2,\"name\":\"Salon international des fruits et l\u00e9gumes \u201dMACFRUT 2026\u201d : l\u2019Alg\u00e9rie prend part \u00e0 l\u2019\u00e9dition italienne en avril\"}]},{\"@type\":\"WebSite\",\"@id\":\"https:\/\/elmawkie.dz\/fr\/#website\",\"url\":\"https:\/\/elmawkie.dz\/fr\/\",\"name\":\"EL MAWKIE\",\"description\":\"Journal \u00c9lectronique Alg\u00e9rien\",\"publisher\":{\"@id\":\"https:\/\/elmawkie.dz\/fr\/#organization\"},\"potentialAction\":[{\"@type\":\"SearchAction\",\"target\":{\"@type\":\"EntryPoint\",\"urlTemplate\":\"https:\/\/elmawkie.dz\/fr\/?s={search_term_string}\"},\"query-input\":\"required name=search_term_string\"}],\"inLanguage\":\"fr-FR\"},{\"@type\":\"Organization\",\"@id\":\"https:\/\/elmawkie.dz\/fr\/#organization\",\"name\":\"EL MAWKIE\",\"url\":\"https:\/\/elmawkie.dz\/fr\/\",\"logo\":{\"@type\":\"ImageObject\",\"inLanguage\":\"fr-FR\",\"@id\":\"https:\/\/elmawkie.dz\/fr\/#\/schema\/logo\/image\/\",\"url\":\"https:\/\/elmawkie.dz\/fr\/wp-content\/uploads\/2024\/05\/logo1.png\",\"contentUrl\":\"https:\/\/elmawkie.dz\/fr\/wp-content\/uploads\/2024\/05\/logo1.png\",\"width\":1648,\"height\":652,\"caption\":\"EL MAWKIE\"},\"image\":{\"@id\":\"https:\/\/elmawkie.dz\/fr\/#\/schema\/logo\/image\/\"},\"sameAs\":[\"https:\/\/www.facebook.com\/profile.php?id=100088407094989&locale=fr_FR\"]},{\"@type\":\"Person\",\"@id\":\"https:\/\/elmawkie.dz\/fr\/#\/schema\/person\/e7bd59d6467874ba5c4723d8a9f0a63c\",\"name\":\"R\u00e9daction\",\"image\":{\"@type\":\"ImageObject\",\"inLanguage\":\"fr-FR\",\"@id\":\"https:\/\/elmawkie.dz\/fr\/#\/schema\/person\/image\/\",\"url\":\"https:\/\/secure.gravatar.com\/avatar\/f0f773456344da4d2788c054a3d30a0c?s=96&d=mm&r=g\",\"contentUrl\":\"https:\/\/secure.gravatar.com\/avatar\/f0f773456344da4d2788c054a3d30a0c?s=96&d=mm&r=g\",\"caption\":\"R\u00e9daction\"},\"url\":\"https:\/\/elmawkie.dz\/fr\/author\/redaction\/\"}]}<\/script>\n<!-- \/ Yoast SEO Premium plugin. -->","yoast_head_json":{"title":"Salon international des fruits et l\u00e9gumes \u201dMACFRUT 2026\u201d : l\u2019Alg\u00e9rie prend part \u00e0 l\u2019\u00e9dition italienne en avril - El Mawkie","robots":{"index":"index","follow":"follow","max-snippet":"max-snippet:-1","max-image-preview":"max-image-preview:large","max-video-preview":"max-video-preview:-1"},"canonical":"https:\/\/elmawkie.dz\/fr\/salon-international-des-fruits-et-legumes-macfrut-2026-lalgerie-prend-part-a-ledition-italienne-en-avril\/","og_locale":"fr_FR","og_type":"article","og_title":"Salon international des fruits et l\u00e9gumes \u201dMACFRUT 2026\u201d : l\u2019Alg\u00e9rie prend part \u00e0 l\u2019\u00e9dition italienne en avril","og_description":"L&rsquo;Alg\u00e9rie participera au Salon international des fruits et l\u00e9gumes (MACFRUT 2026) qui se tiendra \u00e0 Rimini (Italie) du 21 au 23 avril prochain, a indiqu\u00e9 mardi un communiqu\u00e9 du minist\u00e8re du Commerce ext\u00e9rieur et de la Promotion des exportations. MACFRUT 2026 est un \u00e9v\u00e9nement commercial international d\u00e9di\u00e9 aux syst\u00e8mes, technologies et services li\u00e9s \u00e0 la &hellip;","og_url":"https:\/\/elmawkie.dz\/fr\/salon-international-des-fruits-et-legumes-macfrut-2026-lalgerie-prend-part-a-ledition-italienne-en-avril\/","og_site_name":"El Mawkie","article_publisher":"https:\/\/www.facebook.com\/profile.php?id=100088407094989&locale=fr_FR","article_published_time":"2026-03-17T14:27:40+00:00","article_modified_time":"2026-03-17T14:27:41+00:00","og_image":[{"width":900,"height":341,"url":"https:\/\/elmawkie.dz\/fr\/wp-content\/uploads\/2026\/03\/IMG_2709.jpeg","type":"image\/jpeg"}],"author":"R\u00e9daction","twitter_card":"summary_large_image","twitter_misc":{"Written by":"R\u00e9daction","Est. reading time":"1 minute"},"schema":{"@context":"https:\/\/schema.org","@graph":[{"@type":"Article","@id":"https:\/\/elmawkie.dz\/fr\/salon-international-des-fruits-et-legumes-macfrut-2026-lalgerie-prend-part-a-ledition-italienne-en-avril\/#article","isPartOf":{"@id":"https:\/\/elmawkie.dz\/fr\/salon-international-des-fruits-et-legumes-macfrut-2026-lalgerie-prend-part-a-ledition-italienne-en-avril\/"},"author":{"name":"R\u00e9daction","@id":"https:\/\/elmawkie.dz\/fr\/#\/schema\/person\/e7bd59d6467874ba5c4723d8a9f0a63c"},"headline":"Salon international des fruits et l\u00e9gumes \u201dMACFRUT 2026\u201d : l\u2019Alg\u00e9rie prend part \u00e0 l\u2019\u00e9dition italienne en avril","datePublished":"2026-03-17T14:27:40+00:00","dateModified":"2026-03-17T14:27:41+00:00","mainEntityOfPage":{"@id":"https:\/\/elmawkie.dz\/fr\/salon-international-des-fruits-et-legumes-macfrut-2026-lalgerie-prend-part-a-ledition-italienne-en-avril\/"},"wordCount":192,"commentCount":0,"publisher":{"@id":"https:\/\/elmawkie.dz\/fr\/#organization"},"image":{"@id":"https:\/\/elmawkie.dz\/fr\/salon-international-des-fruits-et-legumes-macfrut-2026-lalgerie-prend-part-a-ledition-italienne-en-avril\/#primaryimage"},"thumbnailUrl":"https:\/\/elmawkie.dz\/fr\/wp-content\/uploads\/2026\/03\/IMG_2709.jpeg","keywords":["L'Alg\u00e9rie","l'Italie","MACFRUT 2026"],"articleSection":["National"],"inLanguage":"fr-FR","potentialAction":[{"@type":"CommentAction","name":"Comment","target":["https:\/\/elmawkie.dz\/fr\/salon-international-des-fruits-et-legumes-macfrut-2026-lalgerie-prend-part-a-ledition-italienne-en-avril\/#respond"]}]},{"@type":"WebPage","@id":"https:\/\/elmawkie.dz\/fr\/salon-international-des-fruits-et-legumes-macfrut-2026-lalgerie-prend-part-a-ledition-italienne-en-avril\/","url":"https:\/\/elmawkie.dz\/fr\/salon-international-des-fruits-et-legumes-macfrut-2026-lalgerie-prend-part-a-ledition-italienne-en-avril\/","name":"Salon international des fruits et l\u00e9gumes \u201dMACFRUT 2026\u201d : l\u2019Alg\u00e9rie prend part \u00e0 l\u2019\u00e9dition italienne en avril - El Mawkie","isPartOf":{"@id":"https:\/\/elmawkie.dz\/fr\/#website"},"primaryImageOfPage":{"@id":"https:\/\/elmawkie.dz\/fr\/salon-international-des-fruits-et-legumes-macfrut-2026-lalgerie-prend-part-a-ledition-italienne-en-avril\/#primaryimage"},"image":{"@id":"https:\/\/elmawkie.dz\/fr\/salon-international-des-fruits-et-legumes-macfrut-2026-lalgerie-prend-part-a-ledition-italienne-en-avril\/#primaryimage"},"thumbnailUrl":"https:\/\/elmawkie.dz\/fr\/wp-content\/uploads\/2026\/03\/IMG_2709.jpeg","datePublished":"2026-03-17T14:27:40+00:00","dateModified":"2026-03-17T14:27:41+00:00","breadcrumb":{"@id":"https:\/\/elmawkie.dz\/fr\/salon-international-des-fruits-et-legumes-macfrut-2026-lalgerie-prend-part-a-ledition-italienne-en-avril\/#breadcrumb"},"inLanguage":"fr-FR","potentialAction":[{"@type":"ReadAction","target":["https:\/\/elmawkie.dz\/fr\/salon-international-des-fruits-et-legumes-macfrut-2026-lalgerie-prend-part-a-ledition-italienne-en-avril\/"]}]},{"@type":"ImageObject","inLanguage":"fr-FR","@id":"https:\/\/elmawkie.dz\/fr\/salon-international-des-fruits-et-legumes-macfrut-2026-lalgerie-prend-part-a-ledition-italienne-en-avril\/#primaryimage","url":"https:\/\/elmawkie.dz\/fr\/wp-content\/uploads\/2026\/03\/IMG_2709.jpeg","contentUrl":"https:\/\/elmawkie.dz\/fr\/wp-content\/uploads\/2026\/03\/IMG_2709.jpeg","width":900,"height":341},{"@type":"BreadcrumbList","@id":"https:\/\/elmawkie.dz\/fr\/salon-international-des-fruits-et-legumes-macfrut-2026-lalgerie-prend-part-a-ledition-italienne-en-avril\/#breadcrumb","itemListElement":[{"@type":"ListItem","position":1,"name":"Home","item":"https:\/\/elmawkie.dz\/fr\/"},{"@type":"ListItem","position":2,"name":"Salon international des fruits et l\u00e9gumes \u201dMACFRUT 2026\u201d : l\u2019Alg\u00e9rie prend part \u00e0 l\u2019\u00e9dition italienne en avril"}]},{"@type":"WebSite","@id":"https:\/\/elmawkie.dz\/fr\/#website","url":"https:\/\/elmawkie.dz\/fr\/","name":"EL MAWKIE","description":"Journal \u00c9lectronique Alg\u00e9rien","publisher":{"@id":"https:\/\/elmawkie.dz\/fr\/#organization"},"potentialAction":[{"@type":"SearchAction","target":{"@type":"EntryPoint","urlTemplate":"https:\/\/elmawkie.dz\/fr\/?s={search_term_string}"},"query-input":"required name=search_term_string"}],"inLanguage":"fr-FR"},{"@type":"Organization","@id":"https:\/\/elmawkie.dz\/fr\/#organization","name":"EL MAWKIE","url":"https:\/\/elmawkie.dz\/fr\/","logo":{"@type":"ImageObject","inLanguage":"fr-FR","@id":"https:\/\/elmawkie.dz\/fr\/#\/schema\/logo\/image\/","url":"https:\/\/elmawkie.dz\/fr\/wp-content\/uploads\/2024\/05\/logo1.png","contentUrl":"https:\/\/elmawkie.dz\/fr\/wp-content\/uploads\/2024\/05\/logo1.png","width":1648,"height":652,"caption":"EL MAWKIE"},"image":{"@id":"https:\/\/elmawkie.dz\/fr\/#\/schema\/logo\/image\/"},"sameAs":["https:\/\/www.facebook.com\/profile.php?id=100088407094989&locale=fr_FR"]},{"@type":"Person","@id":"https:\/\/elmawkie.dz\/fr\/#\/schema\/person\/e7bd59d6467874ba5c4723d8a9f0a63c","name":"R\u00e9daction","image":{"@type":"ImageObject","inLanguage":"fr-FR","@id":"https:\/\/elmawkie.dz\/fr\/#\/schema\/person\/image\/","url":"https:\/\/secure.gravatar.com\/avatar\/f0f773456344da4d2788c054a3d30a0c?s=96&d=mm&r=g","contentUrl":"https:\/\/secure.gravatar.com\/avatar\/f0f773456344da4d2788c054a3d30a0c?s=96&d=mm&r=g","caption":"R\u00e9daction"},"url":"https:\/\/elmawkie.dz\/fr\/author\/redaction\/"}]}},"_links":{"self":[{"href":"https:\/\/elmawkie.dz\/fr\/wp-json\/wp\/v2\/posts\/63557","targetHints":{"allow":["GET"]}}],"collection":[{"href":"https:\/\/elmawkie.dz\/fr\/wp-json\/wp\/v2\/posts"}],"about":[{"href":"https:\/\/elmawkie.dz\/fr\/wp-json\/wp\/v2\/types\/post"}],"author":[{"embeddable":true,"href":"https:\/\/elmawkie.dz\/fr\/wp-json\/wp\/v2\/users\/9"}],"replies":[{"embeddable":true,"href":"https:\/\/elmawkie.dz\/fr\/wp-json\/wp\/v2\/comments?post=63557"}],"version-history":[{"count":1,"href":"https:\/\/elmawkie.dz\/fr\/wp-json\/wp\/v2\/posts\/63557\/revisions"}],"predecessor-version":[{"id":63560,"href":"https:\/\/elmawkie.dz\/fr\/wp-json\/wp\/v2\/posts\/63557\/revisions\/63560"}],"wp:featuredmedia":[{"embeddable":true,"href":"https:\/\/elmawkie.dz\/fr\/wp-json\/wp\/v2\/media\/63559"}],"wp:attachment":[{"href":"https:\/\/elmawkie.dz\/fr\/wp-json\/wp\/v2\/media?parent=63557"}],"wp:term":[{"taxonomy":"category","embeddable":true,"href":"https:\/\/elmawkie.dz\/fr\/wp-json\/wp\/v2\/categories?post=63557"},{"taxonomy":"post_tag","embeddable":true,"href":"https:\/\/elmawkie.dz\/fr\/wp-json\/wp\/v2\/tags?post=63557"}],"curies":[{"name":"wp","href":"https:\/\/api.w.org\/{rel}","templated":true}]}}