{"id":63548,"date":"2026-03-17T15:17:06","date_gmt":"2026-03-17T14:17:06","guid":{"rendered":"https:\/\/elmawkie.dz\/fr\/?p=63548"},"modified":"2026-03-17T15:17:07","modified_gmt":"2026-03-17T14:17:07","slug":"aid-el-fitr-10-000-commercants-mobilises-pour-assurer-la-permanence-dans-6-wilayas-de-lest","status":"publish","type":"post","link":"https:\/\/elmawkie.dz\/fr\/aid-el-fitr-10-000-commercants-mobilises-pour-assurer-la-permanence-dans-6-wilayas-de-lest\/","title":{"rendered":"A\u00efd El-Fitr : 10.000 commer\u00e7ants mobilis\u00e9s pour assurer la permanence dans 6 wilayas de l\u2019Est"},"content":{"rendered":"\n<p>Pas moins de 10.388 commer\u00e7ants ont \u00e9t\u00e9 mobilis\u00e9s pour assurer la permanence durant les jours de la f\u00eate de l\u2019A\u00efd El Fitr dans les six wilayas relevant de la direction r\u00e9gionale du commerce de la r\u00e9gion de S\u00e9tif, a-t-on appris mardi aupr\u00e8s de cette direction.<\/p>\n\n\n\n<p>Dans une d\u00e9claration \u00e0 l\u2019APS, le directeur r\u00e9gional du commerce de la r\u00e9gion de S\u00e9tif, Fay\u00e7al Abdelhamid Tayeb, a indiqu\u00e9 que l\u2019op\u00e9ration s\u2019inscrit dans le cadre de la mise en \u0153uvre des instructions du minist\u00e8re de tutelle visant \u00e0 assurer une disponibilit\u00e9 normale et r\u00e9guli\u00e8re des divers produits, notamment de large consommation durant cette f\u00eate religieuse, pr\u00e9cisant que ces commer\u00e7ants se r\u00e9partissent sur les wilayas de S\u00e9tif, de Bejaia, de M\u2019sila, de Mila, de Jijel et de Bordj Bou Arreridj.<\/p>\n\n\n\n<p>Le programme de permanence dans les wilayas relevant de la direction concerne 1.106 boulangeries, 5.758 commerces d\u2019alimentation g\u00e9n\u00e9rale, 75 minoteries, 24 laiteries, 14 unit\u00e9s de production des eaux min\u00e9rales et 3.411 locaux de services divers dont le rechargement des mobiles et la m\u00e9canique-auto, a pr\u00e9cis\u00e9 le m\u00eame responsable.<\/p>\n\n\n\n<p>Tous les march\u00e9s de gros des wilayas concern\u00e9es ont \u00e9t\u00e9 r\u00e9quisitionn\u00e9s durant les trois jours de la f\u00eate pour assurer l\u2019approvisionnement des marchands en divers fruits et l\u00e9gumes, selon la m\u00eame source qui a relev\u00e9 l\u2019importance du r\u00f4le des agricultures dans la r\u00e9gularit\u00e9 des approvisionnements en fruits et l\u00e9gumes.<\/p>\n\n\n\n<p>Pour garantir le succ\u00e8s de l\u2019op\u00e9ration, cette direction r\u00e9gionale a mobilis\u00e9 475 agents de contr\u00f4le pour veiller au respect par les op\u00e9rateurs de la permanence dont 110 agents pour la wilaya de S\u00e9tif o\u00f9 4.174 commer\u00e7ants ont \u00e9t\u00e9 r\u00e9quisitionn\u00e9s durant cette f\u00eate, selon le m\u00eame responsable qui a affirm\u00e9 que tous les moyens ont \u00e9t\u00e9 mis \u00e0 leur disposition pour sillonner toutes les localit\u00e9s urbaines et rurales de la wilaya y compris les zones recul\u00e9es.<\/p>\n\n\n\n<p>Le m\u00eame responsable a soulign\u00e9 que l\u2019application \u00e9lectronique Morafik Com avec ses mises \u00e0 jour nouvelles permet aux citoyens de signaler tout dysfonctionnement dans le programme de permanence au niveau des wilayas et d\u2019adresser leurs dol\u00e9ances, estimant qu\u2019il s\u2019agit d\u2019un outil de communication avec le secteur pour assurer l\u2019am\u00e9lioration du service public et renforcer la prise en charge des pr\u00e9occupations des citoyens, notamment lors des grandes occasions.<\/p>\n","protected":false},"excerpt":{"rendered":"<p>Pas moins de 10.388 commer\u00e7ants ont \u00e9t\u00e9 mobilis\u00e9s pour assurer la permanence durant les jours de la f\u00eate de l\u2019A\u00efd El Fitr dans les six wilayas relevant de la direction r\u00e9gionale du commerce de la r\u00e9gion de S\u00e9tif, a-t-on appris mardi aupr\u00e8s de cette direction. Dans une d\u00e9claration \u00e0 l\u2019APS, le directeur r\u00e9gional du commerce &hellip;<\/p>\n","protected":false},"author":9,"featured_media":63550,"comment_status":"open","ping_status":"open","sticky":false,"template":"","format":"standard","meta":{"footnotes":""},"categories":[50],"tags":[6292,3281],"class_list":["post-63548","post","type-post","status-publish","format-standard","has-post-thumbnail","hentry","category-region","tag-10-000-commercants","tag-aid-el-fitr"],"yoast_head":"<!-- This site is optimized with the Yoast SEO Premium plugin v22.6 (Yoast SEO v22.6) - https:\/\/yoast.com\/wordpress\/plugins\/seo\/ -->\n<title>A\u00efd El-Fitr : 10.000 commer\u00e7ants mobilis\u00e9s pour assurer la permanence dans 6 wilayas de l\u2019Est - El Mawkie<\/title>\n<meta name=\"robots\" content=\"index, follow, max-snippet:-1, max-image-preview:large, max-video-preview:-1\" \/>\n<link rel=\"canonical\" href=\"https:\/\/elmawkie.dz\/fr\/aid-el-fitr-10-000-commercants-mobilises-pour-assurer-la-permanence-dans-6-wilayas-de-lest\/\" \/>\n<meta property=\"og:locale\" content=\"fr_FR\" \/>\n<meta property=\"og:type\" content=\"article\" \/>\n<meta property=\"og:title\" content=\"A\u00efd El-Fitr : 10.000 commer\u00e7ants mobilis\u00e9s pour assurer la permanence dans 6 wilayas de l\u2019Est\" \/>\n<meta property=\"og:description\" content=\"Pas moins de 10.388 commer\u00e7ants ont \u00e9t\u00e9 mobilis\u00e9s pour assurer la permanence durant les jours de la f\u00eate de l\u2019A\u00efd El Fitr dans les six wilayas relevant de la direction r\u00e9gionale du commerce de la r\u00e9gion de S\u00e9tif, a-t-on appris mardi aupr\u00e8s de cette direction. Dans une d\u00e9claration \u00e0 l\u2019APS, le directeur r\u00e9gional du commerce &hellip;\" \/>\n<meta property=\"og:url\" content=\"https:\/\/elmawkie.dz\/fr\/aid-el-fitr-10-000-commercants-mobilises-pour-assurer-la-permanence-dans-6-wilayas-de-lest\/\" \/>\n<meta property=\"og:site_name\" content=\"El Mawkie\" \/>\n<meta property=\"article:publisher\" content=\"https:\/\/www.facebook.com\/profile.php?id=100088407094989&amp;locale=fr_FR\" \/>\n<meta property=\"article:published_time\" content=\"2026-03-17T14:17:06+00:00\" \/>\n<meta property=\"article:modified_time\" content=\"2026-03-17T14:17:07+00:00\" \/>\n<meta property=\"og:image\" content=\"https:\/\/elmawkie.dz\/fr\/wp-content\/uploads\/2026\/03\/IMG_2705.jpeg\" \/>\n\t<meta property=\"og:image:width\" content=\"600\" \/>\n\t<meta property=\"og:image:height\" content=\"400\" \/>\n\t<meta property=\"og:image:type\" content=\"image\/jpeg\" \/>\n<meta name=\"author\" content=\"R\u00e9daction\" \/>\n<meta name=\"twitter:card\" content=\"summary_large_image\" \/>\n<meta name=\"twitter:label1\" content=\"Written by\" \/>\n\t<meta name=\"twitter:data1\" content=\"R\u00e9daction\" \/>\n\t<meta name=\"twitter:label2\" content=\"Est. reading time\" \/>\n\t<meta name=\"twitter:data2\" content=\"3 minutes\" \/>\n<script type=\"application\/ld+json\" class=\"yoast-schema-graph\">{\"@context\":\"https:\/\/schema.org\",\"@graph\":[{\"@type\":\"Article\",\"@id\":\"https:\/\/elmawkie.dz\/fr\/aid-el-fitr-10-000-commercants-mobilises-pour-assurer-la-permanence-dans-6-wilayas-de-lest\/#article\",\"isPartOf\":{\"@id\":\"https:\/\/elmawkie.dz\/fr\/aid-el-fitr-10-000-commercants-mobilises-pour-assurer-la-permanence-dans-6-wilayas-de-lest\/\"},\"author\":{\"name\":\"R\u00e9daction\",\"@id\":\"https:\/\/elmawkie.dz\/fr\/#\/schema\/person\/e7bd59d6467874ba5c4723d8a9f0a63c\"},\"headline\":\"A\u00efd El-Fitr : 10.000 commer\u00e7ants mobilis\u00e9s pour assurer la permanence dans 6 wilayas de l\u2019Est\",\"datePublished\":\"2026-03-17T14:17:06+00:00\",\"dateModified\":\"2026-03-17T14:17:07+00:00\",\"mainEntityOfPage\":{\"@id\":\"https:\/\/elmawkie.dz\/fr\/aid-el-fitr-10-000-commercants-mobilises-pour-assurer-la-permanence-dans-6-wilayas-de-lest\/\"},\"wordCount\":437,\"commentCount\":0,\"publisher\":{\"@id\":\"https:\/\/elmawkie.dz\/fr\/#organization\"},\"image\":{\"@id\":\"https:\/\/elmawkie.dz\/fr\/aid-el-fitr-10-000-commercants-mobilises-pour-assurer-la-permanence-dans-6-wilayas-de-lest\/#primaryimage\"},\"thumbnailUrl\":\"https:\/\/elmawkie.dz\/fr\/wp-content\/uploads\/2026\/03\/IMG_2705.jpeg\",\"keywords\":[\"10.000 commer\u00e7ants\",\"A\u00efd El-Fitr\"],\"articleSection\":[\"R\u00e9gion\"],\"inLanguage\":\"fr-FR\",\"potentialAction\":[{\"@type\":\"CommentAction\",\"name\":\"Comment\",\"target\":[\"https:\/\/elmawkie.dz\/fr\/aid-el-fitr-10-000-commercants-mobilises-pour-assurer-la-permanence-dans-6-wilayas-de-lest\/#respond\"]}]},{\"@type\":\"WebPage\",\"@id\":\"https:\/\/elmawkie.dz\/fr\/aid-el-fitr-10-000-commercants-mobilises-pour-assurer-la-permanence-dans-6-wilayas-de-lest\/\",\"url\":\"https:\/\/elmawkie.dz\/fr\/aid-el-fitr-10-000-commercants-mobilises-pour-assurer-la-permanence-dans-6-wilayas-de-lest\/\",\"name\":\"A\u00efd El-Fitr : 10.000 commer\u00e7ants mobilis\u00e9s pour assurer la permanence dans 6 wilayas de l\u2019Est - El Mawkie\",\"isPartOf\":{\"@id\":\"https:\/\/elmawkie.dz\/fr\/#website\"},\"primaryImageOfPage\":{\"@id\":\"https:\/\/elmawkie.dz\/fr\/aid-el-fitr-10-000-commercants-mobilises-pour-assurer-la-permanence-dans-6-wilayas-de-lest\/#primaryimage\"},\"image\":{\"@id\":\"https:\/\/elmawkie.dz\/fr\/aid-el-fitr-10-000-commercants-mobilises-pour-assurer-la-permanence-dans-6-wilayas-de-lest\/#primaryimage\"},\"thumbnailUrl\":\"https:\/\/elmawkie.dz\/fr\/wp-content\/uploads\/2026\/03\/IMG_2705.jpeg\",\"datePublished\":\"2026-03-17T14:17:06+00:00\",\"dateModified\":\"2026-03-17T14:17:07+00:00\",\"breadcrumb\":{\"@id\":\"https:\/\/elmawkie.dz\/fr\/aid-el-fitr-10-000-commercants-mobilises-pour-assurer-la-permanence-dans-6-wilayas-de-lest\/#breadcrumb\"},\"inLanguage\":\"fr-FR\",\"potentialAction\":[{\"@type\":\"ReadAction\",\"target\":[\"https:\/\/elmawkie.dz\/fr\/aid-el-fitr-10-000-commercants-mobilises-pour-assurer-la-permanence-dans-6-wilayas-de-lest\/\"]}]},{\"@type\":\"ImageObject\",\"inLanguage\":\"fr-FR\",\"@id\":\"https:\/\/elmawkie.dz\/fr\/aid-el-fitr-10-000-commercants-mobilises-pour-assurer-la-permanence-dans-6-wilayas-de-lest\/#primaryimage\",\"url\":\"https:\/\/elmawkie.dz\/fr\/wp-content\/uploads\/2026\/03\/IMG_2705.jpeg\",\"contentUrl\":\"https:\/\/elmawkie.dz\/fr\/wp-content\/uploads\/2026\/03\/IMG_2705.jpeg\",\"width\":600,\"height\":400},{\"@type\":\"BreadcrumbList\",\"@id\":\"https:\/\/elmawkie.dz\/fr\/aid-el-fitr-10-000-commercants-mobilises-pour-assurer-la-permanence-dans-6-wilayas-de-lest\/#breadcrumb\",\"itemListElement\":[{\"@type\":\"ListItem\",\"position\":1,\"name\":\"Home\",\"item\":\"https:\/\/elmawkie.dz\/fr\/\"},{\"@type\":\"ListItem\",\"position\":2,\"name\":\"A\u00efd El-Fitr : 10.000 commer\u00e7ants mobilis\u00e9s pour assurer la permanence dans 6 wilayas de l\u2019Est\"}]},{\"@type\":\"WebSite\",\"@id\":\"https:\/\/elmawkie.dz\/fr\/#website\",\"url\":\"https:\/\/elmawkie.dz\/fr\/\",\"name\":\"EL MAWKIE\",\"description\":\"Journal \u00c9lectronique Alg\u00e9rien\",\"publisher\":{\"@id\":\"https:\/\/elmawkie.dz\/fr\/#organization\"},\"potentialAction\":[{\"@type\":\"SearchAction\",\"target\":{\"@type\":\"EntryPoint\",\"urlTemplate\":\"https:\/\/elmawkie.dz\/fr\/?s={search_term_string}\"},\"query-input\":\"required name=search_term_string\"}],\"inLanguage\":\"fr-FR\"},{\"@type\":\"Organization\",\"@id\":\"https:\/\/elmawkie.dz\/fr\/#organization\",\"name\":\"EL MAWKIE\",\"url\":\"https:\/\/elmawkie.dz\/fr\/\",\"logo\":{\"@type\":\"ImageObject\",\"inLanguage\":\"fr-FR\",\"@id\":\"https:\/\/elmawkie.dz\/fr\/#\/schema\/logo\/image\/\",\"url\":\"https:\/\/elmawkie.dz\/fr\/wp-content\/uploads\/2024\/05\/logo1.png\",\"contentUrl\":\"https:\/\/elmawkie.dz\/fr\/wp-content\/uploads\/2024\/05\/logo1.png\",\"width\":1648,\"height\":652,\"caption\":\"EL MAWKIE\"},\"image\":{\"@id\":\"https:\/\/elmawkie.dz\/fr\/#\/schema\/logo\/image\/\"},\"sameAs\":[\"https:\/\/www.facebook.com\/profile.php?id=100088407094989&locale=fr_FR\"]},{\"@type\":\"Person\",\"@id\":\"https:\/\/elmawkie.dz\/fr\/#\/schema\/person\/e7bd59d6467874ba5c4723d8a9f0a63c\",\"name\":\"R\u00e9daction\",\"image\":{\"@type\":\"ImageObject\",\"inLanguage\":\"fr-FR\",\"@id\":\"https:\/\/elmawkie.dz\/fr\/#\/schema\/person\/image\/\",\"url\":\"https:\/\/secure.gravatar.com\/avatar\/f0f773456344da4d2788c054a3d30a0c?s=96&d=mm&r=g\",\"contentUrl\":\"https:\/\/secure.gravatar.com\/avatar\/f0f773456344da4d2788c054a3d30a0c?s=96&d=mm&r=g\",\"caption\":\"R\u00e9daction\"},\"url\":\"https:\/\/elmawkie.dz\/fr\/author\/redaction\/\"}]}<\/script>\n<!-- \/ Yoast SEO Premium plugin. -->","yoast_head_json":{"title":"A\u00efd El-Fitr : 10.000 commer\u00e7ants mobilis\u00e9s pour assurer la permanence dans 6 wilayas de l\u2019Est - El Mawkie","robots":{"index":"index","follow":"follow","max-snippet":"max-snippet:-1","max-image-preview":"max-image-preview:large","max-video-preview":"max-video-preview:-1"},"canonical":"https:\/\/elmawkie.dz\/fr\/aid-el-fitr-10-000-commercants-mobilises-pour-assurer-la-permanence-dans-6-wilayas-de-lest\/","og_locale":"fr_FR","og_type":"article","og_title":"A\u00efd El-Fitr : 10.000 commer\u00e7ants mobilis\u00e9s pour assurer la permanence dans 6 wilayas de l\u2019Est","og_description":"Pas moins de 10.388 commer\u00e7ants ont \u00e9t\u00e9 mobilis\u00e9s pour assurer la permanence durant les jours de la f\u00eate de l\u2019A\u00efd El Fitr dans les six wilayas relevant de la direction r\u00e9gionale du commerce de la r\u00e9gion de S\u00e9tif, a-t-on appris mardi aupr\u00e8s de cette direction. Dans une d\u00e9claration \u00e0 l\u2019APS, le directeur r\u00e9gional du commerce &hellip;","og_url":"https:\/\/elmawkie.dz\/fr\/aid-el-fitr-10-000-commercants-mobilises-pour-assurer-la-permanence-dans-6-wilayas-de-lest\/","og_site_name":"El Mawkie","article_publisher":"https:\/\/www.facebook.com\/profile.php?id=100088407094989&locale=fr_FR","article_published_time":"2026-03-17T14:17:06+00:00","article_modified_time":"2026-03-17T14:17:07+00:00","og_image":[{"width":600,"height":400,"url":"https:\/\/elmawkie.dz\/fr\/wp-content\/uploads\/2026\/03\/IMG_2705.jpeg","type":"image\/jpeg"}],"author":"R\u00e9daction","twitter_card":"summary_large_image","twitter_misc":{"Written by":"R\u00e9daction","Est. reading time":"3 minutes"},"schema":{"@context":"https:\/\/schema.org","@graph":[{"@type":"Article","@id":"https:\/\/elmawkie.dz\/fr\/aid-el-fitr-10-000-commercants-mobilises-pour-assurer-la-permanence-dans-6-wilayas-de-lest\/#article","isPartOf":{"@id":"https:\/\/elmawkie.dz\/fr\/aid-el-fitr-10-000-commercants-mobilises-pour-assurer-la-permanence-dans-6-wilayas-de-lest\/"},"author":{"name":"R\u00e9daction","@id":"https:\/\/elmawkie.dz\/fr\/#\/schema\/person\/e7bd59d6467874ba5c4723d8a9f0a63c"},"headline":"A\u00efd El-Fitr : 10.000 commer\u00e7ants mobilis\u00e9s pour assurer la permanence dans 6 wilayas de l\u2019Est","datePublished":"2026-03-17T14:17:06+00:00","dateModified":"2026-03-17T14:17:07+00:00","mainEntityOfPage":{"@id":"https:\/\/elmawkie.dz\/fr\/aid-el-fitr-10-000-commercants-mobilises-pour-assurer-la-permanence-dans-6-wilayas-de-lest\/"},"wordCount":437,"commentCount":0,"publisher":{"@id":"https:\/\/elmawkie.dz\/fr\/#organization"},"image":{"@id":"https:\/\/elmawkie.dz\/fr\/aid-el-fitr-10-000-commercants-mobilises-pour-assurer-la-permanence-dans-6-wilayas-de-lest\/#primaryimage"},"thumbnailUrl":"https:\/\/elmawkie.dz\/fr\/wp-content\/uploads\/2026\/03\/IMG_2705.jpeg","keywords":["10.000 commer\u00e7ants","A\u00efd El-Fitr"],"articleSection":["R\u00e9gion"],"inLanguage":"fr-FR","potentialAction":[{"@type":"CommentAction","name":"Comment","target":["https:\/\/elmawkie.dz\/fr\/aid-el-fitr-10-000-commercants-mobilises-pour-assurer-la-permanence-dans-6-wilayas-de-lest\/#respond"]}]},{"@type":"WebPage","@id":"https:\/\/elmawkie.dz\/fr\/aid-el-fitr-10-000-commercants-mobilises-pour-assurer-la-permanence-dans-6-wilayas-de-lest\/","url":"https:\/\/elmawkie.dz\/fr\/aid-el-fitr-10-000-commercants-mobilises-pour-assurer-la-permanence-dans-6-wilayas-de-lest\/","name":"A\u00efd El-Fitr : 10.000 commer\u00e7ants mobilis\u00e9s pour assurer la permanence dans 6 wilayas de l\u2019Est - El Mawkie","isPartOf":{"@id":"https:\/\/elmawkie.dz\/fr\/#website"},"primaryImageOfPage":{"@id":"https:\/\/elmawkie.dz\/fr\/aid-el-fitr-10-000-commercants-mobilises-pour-assurer-la-permanence-dans-6-wilayas-de-lest\/#primaryimage"},"image":{"@id":"https:\/\/elmawkie.dz\/fr\/aid-el-fitr-10-000-commercants-mobilises-pour-assurer-la-permanence-dans-6-wilayas-de-lest\/#primaryimage"},"thumbnailUrl":"https:\/\/elmawkie.dz\/fr\/wp-content\/uploads\/2026\/03\/IMG_2705.jpeg","datePublished":"2026-03-17T14:17:06+00:00","dateModified":"2026-03-17T14:17:07+00:00","breadcrumb":{"@id":"https:\/\/elmawkie.dz\/fr\/aid-el-fitr-10-000-commercants-mobilises-pour-assurer-la-permanence-dans-6-wilayas-de-lest\/#breadcrumb"},"inLanguage":"fr-FR","potentialAction":[{"@type":"ReadAction","target":["https:\/\/elmawkie.dz\/fr\/aid-el-fitr-10-000-commercants-mobilises-pour-assurer-la-permanence-dans-6-wilayas-de-lest\/"]}]},{"@type":"ImageObject","inLanguage":"fr-FR","@id":"https:\/\/elmawkie.dz\/fr\/aid-el-fitr-10-000-commercants-mobilises-pour-assurer-la-permanence-dans-6-wilayas-de-lest\/#primaryimage","url":"https:\/\/elmawkie.dz\/fr\/wp-content\/uploads\/2026\/03\/IMG_2705.jpeg","contentUrl":"https:\/\/elmawkie.dz\/fr\/wp-content\/uploads\/2026\/03\/IMG_2705.jpeg","width":600,"height":400},{"@type":"BreadcrumbList","@id":"https:\/\/elmawkie.dz\/fr\/aid-el-fitr-10-000-commercants-mobilises-pour-assurer-la-permanence-dans-6-wilayas-de-lest\/#breadcrumb","itemListElement":[{"@type":"ListItem","position":1,"name":"Home","item":"https:\/\/elmawkie.dz\/fr\/"},{"@type":"ListItem","position":2,"name":"A\u00efd El-Fitr : 10.000 commer\u00e7ants mobilis\u00e9s pour assurer la permanence dans 6 wilayas de l\u2019Est"}]},{"@type":"WebSite","@id":"https:\/\/elmawkie.dz\/fr\/#website","url":"https:\/\/elmawkie.dz\/fr\/","name":"EL MAWKIE","description":"Journal \u00c9lectronique Alg\u00e9rien","publisher":{"@id":"https:\/\/elmawkie.dz\/fr\/#organization"},"potentialAction":[{"@type":"SearchAction","target":{"@type":"EntryPoint","urlTemplate":"https:\/\/elmawkie.dz\/fr\/?s={search_term_string}"},"query-input":"required name=search_term_string"}],"inLanguage":"fr-FR"},{"@type":"Organization","@id":"https:\/\/elmawkie.dz\/fr\/#organization","name":"EL MAWKIE","url":"https:\/\/elmawkie.dz\/fr\/","logo":{"@type":"ImageObject","inLanguage":"fr-FR","@id":"https:\/\/elmawkie.dz\/fr\/#\/schema\/logo\/image\/","url":"https:\/\/elmawkie.dz\/fr\/wp-content\/uploads\/2024\/05\/logo1.png","contentUrl":"https:\/\/elmawkie.dz\/fr\/wp-content\/uploads\/2024\/05\/logo1.png","width":1648,"height":652,"caption":"EL MAWKIE"},"image":{"@id":"https:\/\/elmawkie.dz\/fr\/#\/schema\/logo\/image\/"},"sameAs":["https:\/\/www.facebook.com\/profile.php?id=100088407094989&locale=fr_FR"]},{"@type":"Person","@id":"https:\/\/elmawkie.dz\/fr\/#\/schema\/person\/e7bd59d6467874ba5c4723d8a9f0a63c","name":"R\u00e9daction","image":{"@type":"ImageObject","inLanguage":"fr-FR","@id":"https:\/\/elmawkie.dz\/fr\/#\/schema\/person\/image\/","url":"https:\/\/secure.gravatar.com\/avatar\/f0f773456344da4d2788c054a3d30a0c?s=96&d=mm&r=g","contentUrl":"https:\/\/secure.gravatar.com\/avatar\/f0f773456344da4d2788c054a3d30a0c?s=96&d=mm&r=g","caption":"R\u00e9daction"},"url":"https:\/\/elmawkie.dz\/fr\/author\/redaction\/"}]}},"_links":{"self":[{"href":"https:\/\/elmawkie.dz\/fr\/wp-json\/wp\/v2\/posts\/63548","targetHints":{"allow":["GET"]}}],"collection":[{"href":"https:\/\/elmawkie.dz\/fr\/wp-json\/wp\/v2\/posts"}],"about":[{"href":"https:\/\/elmawkie.dz\/fr\/wp-json\/wp\/v2\/types\/post"}],"author":[{"embeddable":true,"href":"https:\/\/elmawkie.dz\/fr\/wp-json\/wp\/v2\/users\/9"}],"replies":[{"embeddable":true,"href":"https:\/\/elmawkie.dz\/fr\/wp-json\/wp\/v2\/comments?post=63548"}],"version-history":[{"count":1,"href":"https:\/\/elmawkie.dz\/fr\/wp-json\/wp\/v2\/posts\/63548\/revisions"}],"predecessor-version":[{"id":63551,"href":"https:\/\/elmawkie.dz\/fr\/wp-json\/wp\/v2\/posts\/63548\/revisions\/63551"}],"wp:featuredmedia":[{"embeddable":true,"href":"https:\/\/elmawkie.dz\/fr\/wp-json\/wp\/v2\/media\/63550"}],"wp:attachment":[{"href":"https:\/\/elmawkie.dz\/fr\/wp-json\/wp\/v2\/media?parent=63548"}],"wp:term":[{"taxonomy":"category","embeddable":true,"href":"https:\/\/elmawkie.dz\/fr\/wp-json\/wp\/v2\/categories?post=63548"},{"taxonomy":"post_tag","embeddable":true,"href":"https:\/\/elmawkie.dz\/fr\/wp-json\/wp\/v2\/tags?post=63548"}],"curies":[{"name":"wp","href":"https:\/\/api.w.org\/{rel}","templated":true}]}}