{"id":63544,"date":"2026-03-17T14:43:20","date_gmt":"2026-03-17T13:43:20","guid":{"rendered":"https:\/\/elmawkie.dz\/fr\/?p=63544"},"modified":"2026-03-17T14:43:21","modified_gmt":"2026-03-17T13:43:21","slug":"plus-de-100-jeunes-des-zaouias-et-ecoles-coraniques-dirigent-les-prieres-de-tarawih-a-tlemcen","status":"publish","type":"post","link":"https:\/\/elmawkie.dz\/fr\/plus-de-100-jeunes-des-zaouias-et-ecoles-coraniques-dirigent-les-prieres-de-tarawih-a-tlemcen\/","title":{"rendered":"Plus de 100 jeunes des zaou\u00efas et \u00e9coles coraniques dirigent les pri\u00e8res de Tarawih \u00e0 Tlemcen"},"content":{"rendered":"\n<p>Pas moins de 110 jeunes issus des zaou\u00efas et des \u00e9coles coraniques de la wilaya de Tlemcen vivent l\u2019exp\u00e9rience de diriger la pri\u00e8re des tarawih, pour la premi\u00e8re fois pour beaucoup d\u2019entre eux, dans diff\u00e9rentes mosqu\u00e9es de la wilaya, a-t-on appris, mardi, aupr\u00e8s des responsables de la direction locale des Affaires religieuses et des Wakfs.<\/p>\n\n\n\n<p>Cette initiative intervient apr\u00e8s que les volontaires aient \u00e9t\u00e9 soumis \u00e0 une \u00e9valuation par une commission sp\u00e9cialis\u00e9e, qui s\u2019est assur\u00e9e de leur ma\u00eetrise des r\u00e8gles de r\u00e9citation, de leur bonne m\u00e9morisation du Coran, ainsi que de leur aptitude \u00e0 assumer la responsabilit\u00e9 de l\u2019imamat, durant ce mois sacr\u00e9, a indiqu\u00e9 \u00e0 l\u2019APS le chef du service de l\u2019enseignement coranique, de la formation et de la culture islamique de la direction, Benkhaldi Mohamed-Mustapha.<\/p>\n\n\n\n<p>Le m\u00eame responsable a estim\u00e9 que cette exp\u00e9rience constitue une \u00e9tape importante dans le parcours de ces jeunes, leur permettant de c\u00f4toyer les fid\u00e8les et d\u2019acqu\u00e9rir une exp\u00e9rience pratique dans l\u2019imamat, en plus de renforcer leur confiance en eux et d\u2019am\u00e9liorer leur performance dans la r\u00e9citation du Coran.<\/p>\n\n\n\n<p>M. Benkhaldi a \u00e9galement pr\u00e9cis\u00e9 que l\u2019implication des jeunes issus des zaou\u00efas et des \u00e9coles coraniques dans l\u2019encadrement des pri\u00e8res des Tarawih s\u2019inscrit dans une d\u00e9marche de valorisation du r\u00f4le de ces institutions dans la formation des imams et dans le renforcement de la r\u00e9f\u00e9rence religieuse nationale, tout en apportant une diversit\u00e9 dans les r\u00e9citations au sein des mosqu\u00e9es.<\/p>\n\n\n\n<p>Par ailleurs, \u00e0 l\u2019occasion du mois sacr\u00e9, 32 salles de pri\u00e8re ont \u00e9t\u00e9 ouvertes dans de nouveaux quartiers r\u00e9sidentiels avec une autorisation exceptionnelle, afin de rapprocher les lieux de culte des citoyens et de r\u00e9duire la pression sur les mosqu\u00e9es, tout en permettant \u00e0 un plus grand nombre de volontaires de participer \u00e0 l\u2019animation des nuits du Ramadhan.<\/p>\n\n\n\n<p>De son c\u00f4t\u00e9, le Conseil \u00ab\u00a0Souboul El Khe\u00efrate\u00a0\u00bb, relevant de la direction des Affaires religieuses et des Wakfs de la wilaya de Tlemcen, a distribu\u00e9 plus de 10.000 couffins aux n\u00e9cessiteux depuis le d\u00e9but du mois de Ramadhan, selon la m\u00eame source, pr\u00e9cisant que ces aides comprenaient des denr\u00e9es alimentaires et certains produits de premi\u00e8re n\u00e9cessit\u00e9 pour les familles, durant le mois de je\u00fbne, en plus de la distribution de plus de 100 repas quotidiens \u00e0 travers des restaurants d\u2019iftar destin\u00e9s aux passants, ouverts par des bienfaiteurs avec la participation du Conseil.&nbsp;<\/p>\n","protected":false},"excerpt":{"rendered":"<p>Pas moins de 110 jeunes issus des zaou\u00efas et des \u00e9coles coraniques de la wilaya de Tlemcen vivent l\u2019exp\u00e9rience de diriger la pri\u00e8re des tarawih, pour la premi\u00e8re fois pour beaucoup d\u2019entre eux, dans diff\u00e9rentes mosqu\u00e9es de la wilaya, a-t-on appris, mardi, aupr\u00e8s des responsables de la direction locale des Affaires religieuses et des Wakfs. &hellip;<\/p>\n","protected":false},"author":9,"featured_media":63546,"comment_status":"open","ping_status":"open","sticky":false,"template":"","format":"standard","meta":{"footnotes":""},"categories":[50],"tags":[871],"class_list":["post-63544","post","type-post","status-publish","format-standard","has-post-thumbnail","hentry","category-region","tag-tlemcen"],"yoast_head":"<!-- This site is optimized with the Yoast SEO Premium plugin v22.6 (Yoast SEO v22.6) - https:\/\/yoast.com\/wordpress\/plugins\/seo\/ -->\n<title>Plus de 100 jeunes des zaou\u00efas et \u00e9coles coraniques dirigent les pri\u00e8res de Tarawih \u00e0 Tlemcen - El Mawkie<\/title>\n<meta name=\"robots\" content=\"index, follow, max-snippet:-1, max-image-preview:large, max-video-preview:-1\" \/>\n<link rel=\"canonical\" href=\"https:\/\/elmawkie.dz\/fr\/plus-de-100-jeunes-des-zaouias-et-ecoles-coraniques-dirigent-les-prieres-de-tarawih-a-tlemcen\/\" \/>\n<meta property=\"og:locale\" content=\"fr_FR\" \/>\n<meta property=\"og:type\" content=\"article\" \/>\n<meta property=\"og:title\" content=\"Plus de 100 jeunes des zaou\u00efas et \u00e9coles coraniques dirigent les pri\u00e8res de Tarawih \u00e0 Tlemcen\" \/>\n<meta property=\"og:description\" content=\"Pas moins de 110 jeunes issus des zaou\u00efas et des \u00e9coles coraniques de la wilaya de Tlemcen vivent l\u2019exp\u00e9rience de diriger la pri\u00e8re des tarawih, pour la premi\u00e8re fois pour beaucoup d\u2019entre eux, dans diff\u00e9rentes mosqu\u00e9es de la wilaya, a-t-on appris, mardi, aupr\u00e8s des responsables de la direction locale des Affaires religieuses et des Wakfs. &hellip;\" \/>\n<meta property=\"og:url\" content=\"https:\/\/elmawkie.dz\/fr\/plus-de-100-jeunes-des-zaouias-et-ecoles-coraniques-dirigent-les-prieres-de-tarawih-a-tlemcen\/\" \/>\n<meta property=\"og:site_name\" content=\"El Mawkie\" \/>\n<meta property=\"article:publisher\" content=\"https:\/\/www.facebook.com\/profile.php?id=100088407094989&amp;locale=fr_FR\" \/>\n<meta property=\"article:published_time\" content=\"2026-03-17T13:43:20+00:00\" \/>\n<meta property=\"article:modified_time\" content=\"2026-03-17T13:43:21+00:00\" \/>\n<meta property=\"og:image\" content=\"https:\/\/elmawkie.dz\/fr\/wp-content\/uploads\/2026\/03\/503da82f-5ee4-4190-96f5-f0cf1072f5ac.jpeg\" \/>\n\t<meta property=\"og:image:width\" content=\"943\" \/>\n\t<meta property=\"og:image:height\" content=\"670\" \/>\n\t<meta property=\"og:image:type\" content=\"image\/jpeg\" \/>\n<meta name=\"author\" content=\"R\u00e9daction\" \/>\n<meta name=\"twitter:card\" content=\"summary_large_image\" \/>\n<meta name=\"twitter:label1\" content=\"Written by\" \/>\n\t<meta name=\"twitter:data1\" content=\"R\u00e9daction\" \/>\n\t<meta name=\"twitter:label2\" content=\"Est. reading time\" \/>\n\t<meta name=\"twitter:data2\" content=\"3 minutes\" \/>\n<script type=\"application\/ld+json\" class=\"yoast-schema-graph\">{\"@context\":\"https:\/\/schema.org\",\"@graph\":[{\"@type\":\"Article\",\"@id\":\"https:\/\/elmawkie.dz\/fr\/plus-de-100-jeunes-des-zaouias-et-ecoles-coraniques-dirigent-les-prieres-de-tarawih-a-tlemcen\/#article\",\"isPartOf\":{\"@id\":\"https:\/\/elmawkie.dz\/fr\/plus-de-100-jeunes-des-zaouias-et-ecoles-coraniques-dirigent-les-prieres-de-tarawih-a-tlemcen\/\"},\"author\":{\"name\":\"R\u00e9daction\",\"@id\":\"https:\/\/elmawkie.dz\/fr\/#\/schema\/person\/e7bd59d6467874ba5c4723d8a9f0a63c\"},\"headline\":\"Plus de 100 jeunes des zaou\u00efas et \u00e9coles coraniques dirigent les pri\u00e8res de Tarawih \u00e0 Tlemcen\",\"datePublished\":\"2026-03-17T13:43:20+00:00\",\"dateModified\":\"2026-03-17T13:43:21+00:00\",\"mainEntityOfPage\":{\"@id\":\"https:\/\/elmawkie.dz\/fr\/plus-de-100-jeunes-des-zaouias-et-ecoles-coraniques-dirigent-les-prieres-de-tarawih-a-tlemcen\/\"},\"wordCount\":452,\"commentCount\":0,\"publisher\":{\"@id\":\"https:\/\/elmawkie.dz\/fr\/#organization\"},\"image\":{\"@id\":\"https:\/\/elmawkie.dz\/fr\/plus-de-100-jeunes-des-zaouias-et-ecoles-coraniques-dirigent-les-prieres-de-tarawih-a-tlemcen\/#primaryimage\"},\"thumbnailUrl\":\"https:\/\/elmawkie.dz\/fr\/wp-content\/uploads\/2026\/03\/503da82f-5ee4-4190-96f5-f0cf1072f5ac.jpeg\",\"keywords\":[\"Tlemcen\"],\"articleSection\":[\"R\u00e9gion\"],\"inLanguage\":\"fr-FR\",\"potentialAction\":[{\"@type\":\"CommentAction\",\"name\":\"Comment\",\"target\":[\"https:\/\/elmawkie.dz\/fr\/plus-de-100-jeunes-des-zaouias-et-ecoles-coraniques-dirigent-les-prieres-de-tarawih-a-tlemcen\/#respond\"]}]},{\"@type\":\"WebPage\",\"@id\":\"https:\/\/elmawkie.dz\/fr\/plus-de-100-jeunes-des-zaouias-et-ecoles-coraniques-dirigent-les-prieres-de-tarawih-a-tlemcen\/\",\"url\":\"https:\/\/elmawkie.dz\/fr\/plus-de-100-jeunes-des-zaouias-et-ecoles-coraniques-dirigent-les-prieres-de-tarawih-a-tlemcen\/\",\"name\":\"Plus de 100 jeunes des zaou\u00efas et \u00e9coles coraniques dirigent les pri\u00e8res de Tarawih \u00e0 Tlemcen - El Mawkie\",\"isPartOf\":{\"@id\":\"https:\/\/elmawkie.dz\/fr\/#website\"},\"primaryImageOfPage\":{\"@id\":\"https:\/\/elmawkie.dz\/fr\/plus-de-100-jeunes-des-zaouias-et-ecoles-coraniques-dirigent-les-prieres-de-tarawih-a-tlemcen\/#primaryimage\"},\"image\":{\"@id\":\"https:\/\/elmawkie.dz\/fr\/plus-de-100-jeunes-des-zaouias-et-ecoles-coraniques-dirigent-les-prieres-de-tarawih-a-tlemcen\/#primaryimage\"},\"thumbnailUrl\":\"https:\/\/elmawkie.dz\/fr\/wp-content\/uploads\/2026\/03\/503da82f-5ee4-4190-96f5-f0cf1072f5ac.jpeg\",\"datePublished\":\"2026-03-17T13:43:20+00:00\",\"dateModified\":\"2026-03-17T13:43:21+00:00\",\"breadcrumb\":{\"@id\":\"https:\/\/elmawkie.dz\/fr\/plus-de-100-jeunes-des-zaouias-et-ecoles-coraniques-dirigent-les-prieres-de-tarawih-a-tlemcen\/#breadcrumb\"},\"inLanguage\":\"fr-FR\",\"potentialAction\":[{\"@type\":\"ReadAction\",\"target\":[\"https:\/\/elmawkie.dz\/fr\/plus-de-100-jeunes-des-zaouias-et-ecoles-coraniques-dirigent-les-prieres-de-tarawih-a-tlemcen\/\"]}]},{\"@type\":\"ImageObject\",\"inLanguage\":\"fr-FR\",\"@id\":\"https:\/\/elmawkie.dz\/fr\/plus-de-100-jeunes-des-zaouias-et-ecoles-coraniques-dirigent-les-prieres-de-tarawih-a-tlemcen\/#primaryimage\",\"url\":\"https:\/\/elmawkie.dz\/fr\/wp-content\/uploads\/2026\/03\/503da82f-5ee4-4190-96f5-f0cf1072f5ac.jpeg\",\"contentUrl\":\"https:\/\/elmawkie.dz\/fr\/wp-content\/uploads\/2026\/03\/503da82f-5ee4-4190-96f5-f0cf1072f5ac.jpeg\",\"width\":943,\"height\":670},{\"@type\":\"BreadcrumbList\",\"@id\":\"https:\/\/elmawkie.dz\/fr\/plus-de-100-jeunes-des-zaouias-et-ecoles-coraniques-dirigent-les-prieres-de-tarawih-a-tlemcen\/#breadcrumb\",\"itemListElement\":[{\"@type\":\"ListItem\",\"position\":1,\"name\":\"Home\",\"item\":\"https:\/\/elmawkie.dz\/fr\/\"},{\"@type\":\"ListItem\",\"position\":2,\"name\":\"Plus de 100 jeunes des zaou\u00efas et \u00e9coles coraniques dirigent les pri\u00e8res de Tarawih \u00e0 Tlemcen\"}]},{\"@type\":\"WebSite\",\"@id\":\"https:\/\/elmawkie.dz\/fr\/#website\",\"url\":\"https:\/\/elmawkie.dz\/fr\/\",\"name\":\"EL MAWKIE\",\"description\":\"Journal \u00c9lectronique Alg\u00e9rien\",\"publisher\":{\"@id\":\"https:\/\/elmawkie.dz\/fr\/#organization\"},\"potentialAction\":[{\"@type\":\"SearchAction\",\"target\":{\"@type\":\"EntryPoint\",\"urlTemplate\":\"https:\/\/elmawkie.dz\/fr\/?s={search_term_string}\"},\"query-input\":\"required name=search_term_string\"}],\"inLanguage\":\"fr-FR\"},{\"@type\":\"Organization\",\"@id\":\"https:\/\/elmawkie.dz\/fr\/#organization\",\"name\":\"EL MAWKIE\",\"url\":\"https:\/\/elmawkie.dz\/fr\/\",\"logo\":{\"@type\":\"ImageObject\",\"inLanguage\":\"fr-FR\",\"@id\":\"https:\/\/elmawkie.dz\/fr\/#\/schema\/logo\/image\/\",\"url\":\"https:\/\/elmawkie.dz\/fr\/wp-content\/uploads\/2024\/05\/logo1.png\",\"contentUrl\":\"https:\/\/elmawkie.dz\/fr\/wp-content\/uploads\/2024\/05\/logo1.png\",\"width\":1648,\"height\":652,\"caption\":\"EL MAWKIE\"},\"image\":{\"@id\":\"https:\/\/elmawkie.dz\/fr\/#\/schema\/logo\/image\/\"},\"sameAs\":[\"https:\/\/www.facebook.com\/profile.php?id=100088407094989&locale=fr_FR\"]},{\"@type\":\"Person\",\"@id\":\"https:\/\/elmawkie.dz\/fr\/#\/schema\/person\/e7bd59d6467874ba5c4723d8a9f0a63c\",\"name\":\"R\u00e9daction\",\"image\":{\"@type\":\"ImageObject\",\"inLanguage\":\"fr-FR\",\"@id\":\"https:\/\/elmawkie.dz\/fr\/#\/schema\/person\/image\/\",\"url\":\"https:\/\/secure.gravatar.com\/avatar\/f0f773456344da4d2788c054a3d30a0c?s=96&d=mm&r=g\",\"contentUrl\":\"https:\/\/secure.gravatar.com\/avatar\/f0f773456344da4d2788c054a3d30a0c?s=96&d=mm&r=g\",\"caption\":\"R\u00e9daction\"},\"url\":\"https:\/\/elmawkie.dz\/fr\/author\/redaction\/\"}]}<\/script>\n<!-- \/ Yoast SEO Premium plugin. -->","yoast_head_json":{"title":"Plus de 100 jeunes des zaou\u00efas et \u00e9coles coraniques dirigent les pri\u00e8res de Tarawih \u00e0 Tlemcen - El Mawkie","robots":{"index":"index","follow":"follow","max-snippet":"max-snippet:-1","max-image-preview":"max-image-preview:large","max-video-preview":"max-video-preview:-1"},"canonical":"https:\/\/elmawkie.dz\/fr\/plus-de-100-jeunes-des-zaouias-et-ecoles-coraniques-dirigent-les-prieres-de-tarawih-a-tlemcen\/","og_locale":"fr_FR","og_type":"article","og_title":"Plus de 100 jeunes des zaou\u00efas et \u00e9coles coraniques dirigent les pri\u00e8res de Tarawih \u00e0 Tlemcen","og_description":"Pas moins de 110 jeunes issus des zaou\u00efas et des \u00e9coles coraniques de la wilaya de Tlemcen vivent l\u2019exp\u00e9rience de diriger la pri\u00e8re des tarawih, pour la premi\u00e8re fois pour beaucoup d\u2019entre eux, dans diff\u00e9rentes mosqu\u00e9es de la wilaya, a-t-on appris, mardi, aupr\u00e8s des responsables de la direction locale des Affaires religieuses et des Wakfs. &hellip;","og_url":"https:\/\/elmawkie.dz\/fr\/plus-de-100-jeunes-des-zaouias-et-ecoles-coraniques-dirigent-les-prieres-de-tarawih-a-tlemcen\/","og_site_name":"El Mawkie","article_publisher":"https:\/\/www.facebook.com\/profile.php?id=100088407094989&locale=fr_FR","article_published_time":"2026-03-17T13:43:20+00:00","article_modified_time":"2026-03-17T13:43:21+00:00","og_image":[{"width":943,"height":670,"url":"https:\/\/elmawkie.dz\/fr\/wp-content\/uploads\/2026\/03\/503da82f-5ee4-4190-96f5-f0cf1072f5ac.jpeg","type":"image\/jpeg"}],"author":"R\u00e9daction","twitter_card":"summary_large_image","twitter_misc":{"Written by":"R\u00e9daction","Est. reading time":"3 minutes"},"schema":{"@context":"https:\/\/schema.org","@graph":[{"@type":"Article","@id":"https:\/\/elmawkie.dz\/fr\/plus-de-100-jeunes-des-zaouias-et-ecoles-coraniques-dirigent-les-prieres-de-tarawih-a-tlemcen\/#article","isPartOf":{"@id":"https:\/\/elmawkie.dz\/fr\/plus-de-100-jeunes-des-zaouias-et-ecoles-coraniques-dirigent-les-prieres-de-tarawih-a-tlemcen\/"},"author":{"name":"R\u00e9daction","@id":"https:\/\/elmawkie.dz\/fr\/#\/schema\/person\/e7bd59d6467874ba5c4723d8a9f0a63c"},"headline":"Plus de 100 jeunes des zaou\u00efas et \u00e9coles coraniques dirigent les pri\u00e8res de Tarawih \u00e0 Tlemcen","datePublished":"2026-03-17T13:43:20+00:00","dateModified":"2026-03-17T13:43:21+00:00","mainEntityOfPage":{"@id":"https:\/\/elmawkie.dz\/fr\/plus-de-100-jeunes-des-zaouias-et-ecoles-coraniques-dirigent-les-prieres-de-tarawih-a-tlemcen\/"},"wordCount":452,"commentCount":0,"publisher":{"@id":"https:\/\/elmawkie.dz\/fr\/#organization"},"image":{"@id":"https:\/\/elmawkie.dz\/fr\/plus-de-100-jeunes-des-zaouias-et-ecoles-coraniques-dirigent-les-prieres-de-tarawih-a-tlemcen\/#primaryimage"},"thumbnailUrl":"https:\/\/elmawkie.dz\/fr\/wp-content\/uploads\/2026\/03\/503da82f-5ee4-4190-96f5-f0cf1072f5ac.jpeg","keywords":["Tlemcen"],"articleSection":["R\u00e9gion"],"inLanguage":"fr-FR","potentialAction":[{"@type":"CommentAction","name":"Comment","target":["https:\/\/elmawkie.dz\/fr\/plus-de-100-jeunes-des-zaouias-et-ecoles-coraniques-dirigent-les-prieres-de-tarawih-a-tlemcen\/#respond"]}]},{"@type":"WebPage","@id":"https:\/\/elmawkie.dz\/fr\/plus-de-100-jeunes-des-zaouias-et-ecoles-coraniques-dirigent-les-prieres-de-tarawih-a-tlemcen\/","url":"https:\/\/elmawkie.dz\/fr\/plus-de-100-jeunes-des-zaouias-et-ecoles-coraniques-dirigent-les-prieres-de-tarawih-a-tlemcen\/","name":"Plus de 100 jeunes des zaou\u00efas et \u00e9coles coraniques dirigent les pri\u00e8res de Tarawih \u00e0 Tlemcen - El Mawkie","isPartOf":{"@id":"https:\/\/elmawkie.dz\/fr\/#website"},"primaryImageOfPage":{"@id":"https:\/\/elmawkie.dz\/fr\/plus-de-100-jeunes-des-zaouias-et-ecoles-coraniques-dirigent-les-prieres-de-tarawih-a-tlemcen\/#primaryimage"},"image":{"@id":"https:\/\/elmawkie.dz\/fr\/plus-de-100-jeunes-des-zaouias-et-ecoles-coraniques-dirigent-les-prieres-de-tarawih-a-tlemcen\/#primaryimage"},"thumbnailUrl":"https:\/\/elmawkie.dz\/fr\/wp-content\/uploads\/2026\/03\/503da82f-5ee4-4190-96f5-f0cf1072f5ac.jpeg","datePublished":"2026-03-17T13:43:20+00:00","dateModified":"2026-03-17T13:43:21+00:00","breadcrumb":{"@id":"https:\/\/elmawkie.dz\/fr\/plus-de-100-jeunes-des-zaouias-et-ecoles-coraniques-dirigent-les-prieres-de-tarawih-a-tlemcen\/#breadcrumb"},"inLanguage":"fr-FR","potentialAction":[{"@type":"ReadAction","target":["https:\/\/elmawkie.dz\/fr\/plus-de-100-jeunes-des-zaouias-et-ecoles-coraniques-dirigent-les-prieres-de-tarawih-a-tlemcen\/"]}]},{"@type":"ImageObject","inLanguage":"fr-FR","@id":"https:\/\/elmawkie.dz\/fr\/plus-de-100-jeunes-des-zaouias-et-ecoles-coraniques-dirigent-les-prieres-de-tarawih-a-tlemcen\/#primaryimage","url":"https:\/\/elmawkie.dz\/fr\/wp-content\/uploads\/2026\/03\/503da82f-5ee4-4190-96f5-f0cf1072f5ac.jpeg","contentUrl":"https:\/\/elmawkie.dz\/fr\/wp-content\/uploads\/2026\/03\/503da82f-5ee4-4190-96f5-f0cf1072f5ac.jpeg","width":943,"height":670},{"@type":"BreadcrumbList","@id":"https:\/\/elmawkie.dz\/fr\/plus-de-100-jeunes-des-zaouias-et-ecoles-coraniques-dirigent-les-prieres-de-tarawih-a-tlemcen\/#breadcrumb","itemListElement":[{"@type":"ListItem","position":1,"name":"Home","item":"https:\/\/elmawkie.dz\/fr\/"},{"@type":"ListItem","position":2,"name":"Plus de 100 jeunes des zaou\u00efas et \u00e9coles coraniques dirigent les pri\u00e8res de Tarawih \u00e0 Tlemcen"}]},{"@type":"WebSite","@id":"https:\/\/elmawkie.dz\/fr\/#website","url":"https:\/\/elmawkie.dz\/fr\/","name":"EL MAWKIE","description":"Journal \u00c9lectronique Alg\u00e9rien","publisher":{"@id":"https:\/\/elmawkie.dz\/fr\/#organization"},"potentialAction":[{"@type":"SearchAction","target":{"@type":"EntryPoint","urlTemplate":"https:\/\/elmawkie.dz\/fr\/?s={search_term_string}"},"query-input":"required name=search_term_string"}],"inLanguage":"fr-FR"},{"@type":"Organization","@id":"https:\/\/elmawkie.dz\/fr\/#organization","name":"EL MAWKIE","url":"https:\/\/elmawkie.dz\/fr\/","logo":{"@type":"ImageObject","inLanguage":"fr-FR","@id":"https:\/\/elmawkie.dz\/fr\/#\/schema\/logo\/image\/","url":"https:\/\/elmawkie.dz\/fr\/wp-content\/uploads\/2024\/05\/logo1.png","contentUrl":"https:\/\/elmawkie.dz\/fr\/wp-content\/uploads\/2024\/05\/logo1.png","width":1648,"height":652,"caption":"EL MAWKIE"},"image":{"@id":"https:\/\/elmawkie.dz\/fr\/#\/schema\/logo\/image\/"},"sameAs":["https:\/\/www.facebook.com\/profile.php?id=100088407094989&locale=fr_FR"]},{"@type":"Person","@id":"https:\/\/elmawkie.dz\/fr\/#\/schema\/person\/e7bd59d6467874ba5c4723d8a9f0a63c","name":"R\u00e9daction","image":{"@type":"ImageObject","inLanguage":"fr-FR","@id":"https:\/\/elmawkie.dz\/fr\/#\/schema\/person\/image\/","url":"https:\/\/secure.gravatar.com\/avatar\/f0f773456344da4d2788c054a3d30a0c?s=96&d=mm&r=g","contentUrl":"https:\/\/secure.gravatar.com\/avatar\/f0f773456344da4d2788c054a3d30a0c?s=96&d=mm&r=g","caption":"R\u00e9daction"},"url":"https:\/\/elmawkie.dz\/fr\/author\/redaction\/"}]}},"_links":{"self":[{"href":"https:\/\/elmawkie.dz\/fr\/wp-json\/wp\/v2\/posts\/63544","targetHints":{"allow":["GET"]}}],"collection":[{"href":"https:\/\/elmawkie.dz\/fr\/wp-json\/wp\/v2\/posts"}],"about":[{"href":"https:\/\/elmawkie.dz\/fr\/wp-json\/wp\/v2\/types\/post"}],"author":[{"embeddable":true,"href":"https:\/\/elmawkie.dz\/fr\/wp-json\/wp\/v2\/users\/9"}],"replies":[{"embeddable":true,"href":"https:\/\/elmawkie.dz\/fr\/wp-json\/wp\/v2\/comments?post=63544"}],"version-history":[{"count":1,"href":"https:\/\/elmawkie.dz\/fr\/wp-json\/wp\/v2\/posts\/63544\/revisions"}],"predecessor-version":[{"id":63547,"href":"https:\/\/elmawkie.dz\/fr\/wp-json\/wp\/v2\/posts\/63544\/revisions\/63547"}],"wp:featuredmedia":[{"embeddable":true,"href":"https:\/\/elmawkie.dz\/fr\/wp-json\/wp\/v2\/media\/63546"}],"wp:attachment":[{"href":"https:\/\/elmawkie.dz\/fr\/wp-json\/wp\/v2\/media?parent=63544"}],"wp:term":[{"taxonomy":"category","embeddable":true,"href":"https:\/\/elmawkie.dz\/fr\/wp-json\/wp\/v2\/categories?post=63544"},{"taxonomy":"post_tag","embeddable":true,"href":"https:\/\/elmawkie.dz\/fr\/wp-json\/wp\/v2\/tags?post=63544"}],"curies":[{"name":"wp","href":"https:\/\/api.w.org\/{rel}","templated":true}]}}