{"id":63532,"date":"2026-03-17T14:31:06","date_gmt":"2026-03-17T13:31:06","guid":{"rendered":"https:\/\/elmawkie.dz\/fr\/?p=63532"},"modified":"2026-03-17T14:31:07","modified_gmt":"2026-03-17T13:31:07","slug":"laylat-al-qadr-celebrations-en-lhonneur-des-apprenants-du-saint-coran-a-bechar-et-beni-abbes","status":"publish","type":"post","link":"https:\/\/elmawkie.dz\/fr\/laylat-al-qadr-celebrations-en-lhonneur-des-apprenants-du-saint-coran-a-bechar-et-beni-abbes\/","title":{"rendered":"Laylat Al-Qadr : c\u00e9l\u00e9brations en l\u2019honneur des apprenants du Saint Coran \u00e0 B\u00e9char et B\u00e9ni-Abb\u00e8s"},"content":{"rendered":"\n<p>Les diff\u00e9rentes mosqu\u00e9es et zaou\u00efas des wilayas de Bechar et Beni-Abbes ont organis\u00e9, lundi soir, des c\u00e9r\u00e9monies en l&rsquo;honneur des apprenants du Saint Coran \u00e0 l&rsquo;occasion de la c\u00e9l\u00e9bration de Laylat Al-Qadr (La Nuit du Destin).<\/p>\n\n\n\n<p>Rassemblant les apprenants du Saint Coran des diff\u00e9rentes \u00e9coles coraniques des deux wilayas, les imams, les chouyoukh des zaou\u00efas, notamment celles de Kerzaz et Kenadsa, ainsi que les autorit\u00e9s locales et des fid\u00e8les, les c\u00e9r\u00e9monies c\u00e9l\u00e9brant Laylat Al-Qadr ont honor\u00e9 plus de 200 apprenants \u00e0 travers les diff\u00e9rentes collectivit\u00e9s de ces wilayas du Sud-ouest.<\/p>\n\n\n\n<p>A Bechar, une c\u00e9r\u00e9monie majeure s&rsquo;est tenue \u00e0 la mosqu\u00e9e El-Falah, en pr\u00e9sence des autorit\u00e9s de la wilaya, o\u00f9 une trentaine d&rsquo;apprenants, tous \u00e2ges confondus, ayant m\u00e9moris\u00e9 le Saint Coran, ont \u00e9t\u00e9 honor\u00e9s dans une atmosph\u00e8re empreinte de Madih et de Dhikr religieux, glorifiant le Proph\u00e8te de l&rsquo;Islam (QSSSL).<\/p>\n\n\n\n<p>A Beni-Abbes, une c\u00e9r\u00e9monie similaire s&rsquo;est d\u00e9roul\u00e9e \u00e0 la mosqu\u00e9e Cheikh Abdelkader El-Yadjouri&rsquo;, au chef-lieu de la wilaya. Etaient \u00e9galement pr\u00e9sents, lors de cet \u00e9v\u00e9nement religieux, les autorit\u00e9s locales, des imams, des chouyoukh des zaou\u00efas et de nombreux fid\u00e8les.<\/p>\n\n\n\n<p>Cette c\u00e9l\u00e9bration religieuse a \u00e9t\u00e9 marqu\u00e9e par la remise de prix \u00e0 une quinzaine de laur\u00e9ats du concours de m\u00e9morisation du Coran et des hadiths, organis\u00e9 tout au long du mois de Ramadhan par la direction locale des Affaires religieuses et des Wakfs.<\/p>\n\n\n\n<p>La c\u00e9r\u00e9monie a \u00e9galement \u00e9t\u00e9 enrichie par des r\u00e9citations de la bourda c\u00e9l\u00e9brant la grandeur du Proph\u00e8te Mohammed<\/p>\n","protected":false},"excerpt":{"rendered":"<p>Les diff\u00e9rentes mosqu\u00e9es et zaou\u00efas des wilayas de Bechar et Beni-Abbes ont organis\u00e9, lundi soir, des c\u00e9r\u00e9monies en l&rsquo;honneur des apprenants du Saint Coran \u00e0 l&rsquo;occasion de la c\u00e9l\u00e9bration de Laylat Al-Qadr (La Nuit du Destin). Rassemblant les apprenants du Saint Coran des diff\u00e9rentes \u00e9coles coraniques des deux wilayas, les imams, les chouyoukh des zaou\u00efas, &hellip;<\/p>\n","protected":false},"author":9,"featured_media":63534,"comment_status":"open","ping_status":"open","sticky":false,"template":"","format":"standard","meta":{"footnotes":""},"categories":[50],"tags":[2265,6290,3112],"class_list":["post-63532","post","type-post","status-publish","format-standard","has-post-thumbnail","hentry","category-region","tag-bechar-2","tag-laylat-al-qadr","tag-saint-coran"],"yoast_head":"<!-- This site is optimized with the Yoast SEO Premium plugin v22.6 (Yoast SEO v22.6) - https:\/\/yoast.com\/wordpress\/plugins\/seo\/ -->\n<title>Laylat Al-Qadr : c\u00e9l\u00e9brations en l\u2019honneur des apprenants du Saint Coran \u00e0 B\u00e9char et B\u00e9ni-Abb\u00e8s - El Mawkie<\/title>\n<meta name=\"robots\" content=\"index, follow, max-snippet:-1, max-image-preview:large, max-video-preview:-1\" \/>\n<link rel=\"canonical\" href=\"https:\/\/elmawkie.dz\/fr\/laylat-al-qadr-celebrations-en-lhonneur-des-apprenants-du-saint-coran-a-bechar-et-beni-abbes\/\" \/>\n<meta property=\"og:locale\" content=\"fr_FR\" \/>\n<meta property=\"og:type\" content=\"article\" \/>\n<meta property=\"og:title\" content=\"Laylat Al-Qadr : c\u00e9l\u00e9brations en l\u2019honneur des apprenants du Saint Coran \u00e0 B\u00e9char et B\u00e9ni-Abb\u00e8s\" \/>\n<meta property=\"og:description\" content=\"Les diff\u00e9rentes mosqu\u00e9es et zaou\u00efas des wilayas de Bechar et Beni-Abbes ont organis\u00e9, lundi soir, des c\u00e9r\u00e9monies en l&rsquo;honneur des apprenants du Saint Coran \u00e0 l&rsquo;occasion de la c\u00e9l\u00e9bration de Laylat Al-Qadr (La Nuit du Destin). Rassemblant les apprenants du Saint Coran des diff\u00e9rentes \u00e9coles coraniques des deux wilayas, les imams, les chouyoukh des zaou\u00efas, &hellip;\" \/>\n<meta property=\"og:url\" content=\"https:\/\/elmawkie.dz\/fr\/laylat-al-qadr-celebrations-en-lhonneur-des-apprenants-du-saint-coran-a-bechar-et-beni-abbes\/\" \/>\n<meta property=\"og:site_name\" content=\"El Mawkie\" \/>\n<meta property=\"article:publisher\" content=\"https:\/\/www.facebook.com\/profile.php?id=100088407094989&amp;locale=fr_FR\" \/>\n<meta property=\"article:published_time\" content=\"2026-03-17T13:31:06+00:00\" \/>\n<meta property=\"article:modified_time\" content=\"2026-03-17T13:31:07+00:00\" \/>\n<meta property=\"og:image\" content=\"https:\/\/elmawkie.dz\/fr\/wp-content\/uploads\/2026\/03\/IMG_2691.jpeg\" \/>\n\t<meta property=\"og:image:width\" content=\"1080\" \/>\n\t<meta property=\"og:image:height\" content=\"720\" \/>\n\t<meta property=\"og:image:type\" content=\"image\/jpeg\" \/>\n<meta name=\"author\" content=\"R\u00e9daction\" \/>\n<meta name=\"twitter:card\" content=\"summary_large_image\" \/>\n<meta name=\"twitter:label1\" content=\"Written by\" \/>\n\t<meta name=\"twitter:data1\" content=\"R\u00e9daction\" \/>\n\t<meta name=\"twitter:label2\" content=\"Est. reading time\" \/>\n\t<meta name=\"twitter:data2\" content=\"2 minutes\" \/>\n<script type=\"application\/ld+json\" class=\"yoast-schema-graph\">{\"@context\":\"https:\/\/schema.org\",\"@graph\":[{\"@type\":\"Article\",\"@id\":\"https:\/\/elmawkie.dz\/fr\/laylat-al-qadr-celebrations-en-lhonneur-des-apprenants-du-saint-coran-a-bechar-et-beni-abbes\/#article\",\"isPartOf\":{\"@id\":\"https:\/\/elmawkie.dz\/fr\/laylat-al-qadr-celebrations-en-lhonneur-des-apprenants-du-saint-coran-a-bechar-et-beni-abbes\/\"},\"author\":{\"name\":\"R\u00e9daction\",\"@id\":\"https:\/\/elmawkie.dz\/fr\/#\/schema\/person\/e7bd59d6467874ba5c4723d8a9f0a63c\"},\"headline\":\"Laylat Al-Qadr : c\u00e9l\u00e9brations en l\u2019honneur des apprenants du Saint Coran \u00e0 B\u00e9char et B\u00e9ni-Abb\u00e8s\",\"datePublished\":\"2026-03-17T13:31:06+00:00\",\"dateModified\":\"2026-03-17T13:31:07+00:00\",\"mainEntityOfPage\":{\"@id\":\"https:\/\/elmawkie.dz\/fr\/laylat-al-qadr-celebrations-en-lhonneur-des-apprenants-du-saint-coran-a-bechar-et-beni-abbes\/\"},\"wordCount\":305,\"commentCount\":0,\"publisher\":{\"@id\":\"https:\/\/elmawkie.dz\/fr\/#organization\"},\"image\":{\"@id\":\"https:\/\/elmawkie.dz\/fr\/laylat-al-qadr-celebrations-en-lhonneur-des-apprenants-du-saint-coran-a-bechar-et-beni-abbes\/#primaryimage\"},\"thumbnailUrl\":\"https:\/\/elmawkie.dz\/fr\/wp-content\/uploads\/2026\/03\/IMG_2691.jpeg\",\"keywords\":[\"Bechar\",\"Laylat Al-Qadr\",\"Saint coran\"],\"articleSection\":[\"R\u00e9gion\"],\"inLanguage\":\"fr-FR\",\"potentialAction\":[{\"@type\":\"CommentAction\",\"name\":\"Comment\",\"target\":[\"https:\/\/elmawkie.dz\/fr\/laylat-al-qadr-celebrations-en-lhonneur-des-apprenants-du-saint-coran-a-bechar-et-beni-abbes\/#respond\"]}]},{\"@type\":\"WebPage\",\"@id\":\"https:\/\/elmawkie.dz\/fr\/laylat-al-qadr-celebrations-en-lhonneur-des-apprenants-du-saint-coran-a-bechar-et-beni-abbes\/\",\"url\":\"https:\/\/elmawkie.dz\/fr\/laylat-al-qadr-celebrations-en-lhonneur-des-apprenants-du-saint-coran-a-bechar-et-beni-abbes\/\",\"name\":\"Laylat Al-Qadr : c\u00e9l\u00e9brations en l\u2019honneur des apprenants du Saint Coran \u00e0 B\u00e9char et B\u00e9ni-Abb\u00e8s - El Mawkie\",\"isPartOf\":{\"@id\":\"https:\/\/elmawkie.dz\/fr\/#website\"},\"primaryImageOfPage\":{\"@id\":\"https:\/\/elmawkie.dz\/fr\/laylat-al-qadr-celebrations-en-lhonneur-des-apprenants-du-saint-coran-a-bechar-et-beni-abbes\/#primaryimage\"},\"image\":{\"@id\":\"https:\/\/elmawkie.dz\/fr\/laylat-al-qadr-celebrations-en-lhonneur-des-apprenants-du-saint-coran-a-bechar-et-beni-abbes\/#primaryimage\"},\"thumbnailUrl\":\"https:\/\/elmawkie.dz\/fr\/wp-content\/uploads\/2026\/03\/IMG_2691.jpeg\",\"datePublished\":\"2026-03-17T13:31:06+00:00\",\"dateModified\":\"2026-03-17T13:31:07+00:00\",\"breadcrumb\":{\"@id\":\"https:\/\/elmawkie.dz\/fr\/laylat-al-qadr-celebrations-en-lhonneur-des-apprenants-du-saint-coran-a-bechar-et-beni-abbes\/#breadcrumb\"},\"inLanguage\":\"fr-FR\",\"potentialAction\":[{\"@type\":\"ReadAction\",\"target\":[\"https:\/\/elmawkie.dz\/fr\/laylat-al-qadr-celebrations-en-lhonneur-des-apprenants-du-saint-coran-a-bechar-et-beni-abbes\/\"]}]},{\"@type\":\"ImageObject\",\"inLanguage\":\"fr-FR\",\"@id\":\"https:\/\/elmawkie.dz\/fr\/laylat-al-qadr-celebrations-en-lhonneur-des-apprenants-du-saint-coran-a-bechar-et-beni-abbes\/#primaryimage\",\"url\":\"https:\/\/elmawkie.dz\/fr\/wp-content\/uploads\/2026\/03\/IMG_2691.jpeg\",\"contentUrl\":\"https:\/\/elmawkie.dz\/fr\/wp-content\/uploads\/2026\/03\/IMG_2691.jpeg\",\"width\":1080,\"height\":720},{\"@type\":\"BreadcrumbList\",\"@id\":\"https:\/\/elmawkie.dz\/fr\/laylat-al-qadr-celebrations-en-lhonneur-des-apprenants-du-saint-coran-a-bechar-et-beni-abbes\/#breadcrumb\",\"itemListElement\":[{\"@type\":\"ListItem\",\"position\":1,\"name\":\"Home\",\"item\":\"https:\/\/elmawkie.dz\/fr\/\"},{\"@type\":\"ListItem\",\"position\":2,\"name\":\"Laylat Al-Qadr : c\u00e9l\u00e9brations en l\u2019honneur des apprenants du Saint Coran \u00e0 B\u00e9char et B\u00e9ni-Abb\u00e8s\"}]},{\"@type\":\"WebSite\",\"@id\":\"https:\/\/elmawkie.dz\/fr\/#website\",\"url\":\"https:\/\/elmawkie.dz\/fr\/\",\"name\":\"EL MAWKIE\",\"description\":\"Journal \u00c9lectronique Alg\u00e9rien\",\"publisher\":{\"@id\":\"https:\/\/elmawkie.dz\/fr\/#organization\"},\"potentialAction\":[{\"@type\":\"SearchAction\",\"target\":{\"@type\":\"EntryPoint\",\"urlTemplate\":\"https:\/\/elmawkie.dz\/fr\/?s={search_term_string}\"},\"query-input\":\"required name=search_term_string\"}],\"inLanguage\":\"fr-FR\"},{\"@type\":\"Organization\",\"@id\":\"https:\/\/elmawkie.dz\/fr\/#organization\",\"name\":\"EL MAWKIE\",\"url\":\"https:\/\/elmawkie.dz\/fr\/\",\"logo\":{\"@type\":\"ImageObject\",\"inLanguage\":\"fr-FR\",\"@id\":\"https:\/\/elmawkie.dz\/fr\/#\/schema\/logo\/image\/\",\"url\":\"https:\/\/elmawkie.dz\/fr\/wp-content\/uploads\/2024\/05\/logo1.png\",\"contentUrl\":\"https:\/\/elmawkie.dz\/fr\/wp-content\/uploads\/2024\/05\/logo1.png\",\"width\":1648,\"height\":652,\"caption\":\"EL MAWKIE\"},\"image\":{\"@id\":\"https:\/\/elmawkie.dz\/fr\/#\/schema\/logo\/image\/\"},\"sameAs\":[\"https:\/\/www.facebook.com\/profile.php?id=100088407094989&locale=fr_FR\"]},{\"@type\":\"Person\",\"@id\":\"https:\/\/elmawkie.dz\/fr\/#\/schema\/person\/e7bd59d6467874ba5c4723d8a9f0a63c\",\"name\":\"R\u00e9daction\",\"image\":{\"@type\":\"ImageObject\",\"inLanguage\":\"fr-FR\",\"@id\":\"https:\/\/elmawkie.dz\/fr\/#\/schema\/person\/image\/\",\"url\":\"https:\/\/secure.gravatar.com\/avatar\/f0f773456344da4d2788c054a3d30a0c?s=96&d=mm&r=g\",\"contentUrl\":\"https:\/\/secure.gravatar.com\/avatar\/f0f773456344da4d2788c054a3d30a0c?s=96&d=mm&r=g\",\"caption\":\"R\u00e9daction\"},\"url\":\"https:\/\/elmawkie.dz\/fr\/author\/redaction\/\"}]}<\/script>\n<!-- \/ Yoast SEO Premium plugin. -->","yoast_head_json":{"title":"Laylat Al-Qadr : c\u00e9l\u00e9brations en l\u2019honneur des apprenants du Saint Coran \u00e0 B\u00e9char et B\u00e9ni-Abb\u00e8s - El Mawkie","robots":{"index":"index","follow":"follow","max-snippet":"max-snippet:-1","max-image-preview":"max-image-preview:large","max-video-preview":"max-video-preview:-1"},"canonical":"https:\/\/elmawkie.dz\/fr\/laylat-al-qadr-celebrations-en-lhonneur-des-apprenants-du-saint-coran-a-bechar-et-beni-abbes\/","og_locale":"fr_FR","og_type":"article","og_title":"Laylat Al-Qadr : c\u00e9l\u00e9brations en l\u2019honneur des apprenants du Saint Coran \u00e0 B\u00e9char et B\u00e9ni-Abb\u00e8s","og_description":"Les diff\u00e9rentes mosqu\u00e9es et zaou\u00efas des wilayas de Bechar et Beni-Abbes ont organis\u00e9, lundi soir, des c\u00e9r\u00e9monies en l&rsquo;honneur des apprenants du Saint Coran \u00e0 l&rsquo;occasion de la c\u00e9l\u00e9bration de Laylat Al-Qadr (La Nuit du Destin). Rassemblant les apprenants du Saint Coran des diff\u00e9rentes \u00e9coles coraniques des deux wilayas, les imams, les chouyoukh des zaou\u00efas, &hellip;","og_url":"https:\/\/elmawkie.dz\/fr\/laylat-al-qadr-celebrations-en-lhonneur-des-apprenants-du-saint-coran-a-bechar-et-beni-abbes\/","og_site_name":"El Mawkie","article_publisher":"https:\/\/www.facebook.com\/profile.php?id=100088407094989&locale=fr_FR","article_published_time":"2026-03-17T13:31:06+00:00","article_modified_time":"2026-03-17T13:31:07+00:00","og_image":[{"width":1080,"height":720,"url":"https:\/\/elmawkie.dz\/fr\/wp-content\/uploads\/2026\/03\/IMG_2691.jpeg","type":"image\/jpeg"}],"author":"R\u00e9daction","twitter_card":"summary_large_image","twitter_misc":{"Written by":"R\u00e9daction","Est. reading time":"2 minutes"},"schema":{"@context":"https:\/\/schema.org","@graph":[{"@type":"Article","@id":"https:\/\/elmawkie.dz\/fr\/laylat-al-qadr-celebrations-en-lhonneur-des-apprenants-du-saint-coran-a-bechar-et-beni-abbes\/#article","isPartOf":{"@id":"https:\/\/elmawkie.dz\/fr\/laylat-al-qadr-celebrations-en-lhonneur-des-apprenants-du-saint-coran-a-bechar-et-beni-abbes\/"},"author":{"name":"R\u00e9daction","@id":"https:\/\/elmawkie.dz\/fr\/#\/schema\/person\/e7bd59d6467874ba5c4723d8a9f0a63c"},"headline":"Laylat Al-Qadr : c\u00e9l\u00e9brations en l\u2019honneur des apprenants du Saint Coran \u00e0 B\u00e9char et B\u00e9ni-Abb\u00e8s","datePublished":"2026-03-17T13:31:06+00:00","dateModified":"2026-03-17T13:31:07+00:00","mainEntityOfPage":{"@id":"https:\/\/elmawkie.dz\/fr\/laylat-al-qadr-celebrations-en-lhonneur-des-apprenants-du-saint-coran-a-bechar-et-beni-abbes\/"},"wordCount":305,"commentCount":0,"publisher":{"@id":"https:\/\/elmawkie.dz\/fr\/#organization"},"image":{"@id":"https:\/\/elmawkie.dz\/fr\/laylat-al-qadr-celebrations-en-lhonneur-des-apprenants-du-saint-coran-a-bechar-et-beni-abbes\/#primaryimage"},"thumbnailUrl":"https:\/\/elmawkie.dz\/fr\/wp-content\/uploads\/2026\/03\/IMG_2691.jpeg","keywords":["Bechar","Laylat Al-Qadr","Saint coran"],"articleSection":["R\u00e9gion"],"inLanguage":"fr-FR","potentialAction":[{"@type":"CommentAction","name":"Comment","target":["https:\/\/elmawkie.dz\/fr\/laylat-al-qadr-celebrations-en-lhonneur-des-apprenants-du-saint-coran-a-bechar-et-beni-abbes\/#respond"]}]},{"@type":"WebPage","@id":"https:\/\/elmawkie.dz\/fr\/laylat-al-qadr-celebrations-en-lhonneur-des-apprenants-du-saint-coran-a-bechar-et-beni-abbes\/","url":"https:\/\/elmawkie.dz\/fr\/laylat-al-qadr-celebrations-en-lhonneur-des-apprenants-du-saint-coran-a-bechar-et-beni-abbes\/","name":"Laylat Al-Qadr : c\u00e9l\u00e9brations en l\u2019honneur des apprenants du Saint Coran \u00e0 B\u00e9char et B\u00e9ni-Abb\u00e8s - El Mawkie","isPartOf":{"@id":"https:\/\/elmawkie.dz\/fr\/#website"},"primaryImageOfPage":{"@id":"https:\/\/elmawkie.dz\/fr\/laylat-al-qadr-celebrations-en-lhonneur-des-apprenants-du-saint-coran-a-bechar-et-beni-abbes\/#primaryimage"},"image":{"@id":"https:\/\/elmawkie.dz\/fr\/laylat-al-qadr-celebrations-en-lhonneur-des-apprenants-du-saint-coran-a-bechar-et-beni-abbes\/#primaryimage"},"thumbnailUrl":"https:\/\/elmawkie.dz\/fr\/wp-content\/uploads\/2026\/03\/IMG_2691.jpeg","datePublished":"2026-03-17T13:31:06+00:00","dateModified":"2026-03-17T13:31:07+00:00","breadcrumb":{"@id":"https:\/\/elmawkie.dz\/fr\/laylat-al-qadr-celebrations-en-lhonneur-des-apprenants-du-saint-coran-a-bechar-et-beni-abbes\/#breadcrumb"},"inLanguage":"fr-FR","potentialAction":[{"@type":"ReadAction","target":["https:\/\/elmawkie.dz\/fr\/laylat-al-qadr-celebrations-en-lhonneur-des-apprenants-du-saint-coran-a-bechar-et-beni-abbes\/"]}]},{"@type":"ImageObject","inLanguage":"fr-FR","@id":"https:\/\/elmawkie.dz\/fr\/laylat-al-qadr-celebrations-en-lhonneur-des-apprenants-du-saint-coran-a-bechar-et-beni-abbes\/#primaryimage","url":"https:\/\/elmawkie.dz\/fr\/wp-content\/uploads\/2026\/03\/IMG_2691.jpeg","contentUrl":"https:\/\/elmawkie.dz\/fr\/wp-content\/uploads\/2026\/03\/IMG_2691.jpeg","width":1080,"height":720},{"@type":"BreadcrumbList","@id":"https:\/\/elmawkie.dz\/fr\/laylat-al-qadr-celebrations-en-lhonneur-des-apprenants-du-saint-coran-a-bechar-et-beni-abbes\/#breadcrumb","itemListElement":[{"@type":"ListItem","position":1,"name":"Home","item":"https:\/\/elmawkie.dz\/fr\/"},{"@type":"ListItem","position":2,"name":"Laylat Al-Qadr : c\u00e9l\u00e9brations en l\u2019honneur des apprenants du Saint Coran \u00e0 B\u00e9char et B\u00e9ni-Abb\u00e8s"}]},{"@type":"WebSite","@id":"https:\/\/elmawkie.dz\/fr\/#website","url":"https:\/\/elmawkie.dz\/fr\/","name":"EL MAWKIE","description":"Journal \u00c9lectronique Alg\u00e9rien","publisher":{"@id":"https:\/\/elmawkie.dz\/fr\/#organization"},"potentialAction":[{"@type":"SearchAction","target":{"@type":"EntryPoint","urlTemplate":"https:\/\/elmawkie.dz\/fr\/?s={search_term_string}"},"query-input":"required name=search_term_string"}],"inLanguage":"fr-FR"},{"@type":"Organization","@id":"https:\/\/elmawkie.dz\/fr\/#organization","name":"EL MAWKIE","url":"https:\/\/elmawkie.dz\/fr\/","logo":{"@type":"ImageObject","inLanguage":"fr-FR","@id":"https:\/\/elmawkie.dz\/fr\/#\/schema\/logo\/image\/","url":"https:\/\/elmawkie.dz\/fr\/wp-content\/uploads\/2024\/05\/logo1.png","contentUrl":"https:\/\/elmawkie.dz\/fr\/wp-content\/uploads\/2024\/05\/logo1.png","width":1648,"height":652,"caption":"EL MAWKIE"},"image":{"@id":"https:\/\/elmawkie.dz\/fr\/#\/schema\/logo\/image\/"},"sameAs":["https:\/\/www.facebook.com\/profile.php?id=100088407094989&locale=fr_FR"]},{"@type":"Person","@id":"https:\/\/elmawkie.dz\/fr\/#\/schema\/person\/e7bd59d6467874ba5c4723d8a9f0a63c","name":"R\u00e9daction","image":{"@type":"ImageObject","inLanguage":"fr-FR","@id":"https:\/\/elmawkie.dz\/fr\/#\/schema\/person\/image\/","url":"https:\/\/secure.gravatar.com\/avatar\/f0f773456344da4d2788c054a3d30a0c?s=96&d=mm&r=g","contentUrl":"https:\/\/secure.gravatar.com\/avatar\/f0f773456344da4d2788c054a3d30a0c?s=96&d=mm&r=g","caption":"R\u00e9daction"},"url":"https:\/\/elmawkie.dz\/fr\/author\/redaction\/"}]}},"_links":{"self":[{"href":"https:\/\/elmawkie.dz\/fr\/wp-json\/wp\/v2\/posts\/63532","targetHints":{"allow":["GET"]}}],"collection":[{"href":"https:\/\/elmawkie.dz\/fr\/wp-json\/wp\/v2\/posts"}],"about":[{"href":"https:\/\/elmawkie.dz\/fr\/wp-json\/wp\/v2\/types\/post"}],"author":[{"embeddable":true,"href":"https:\/\/elmawkie.dz\/fr\/wp-json\/wp\/v2\/users\/9"}],"replies":[{"embeddable":true,"href":"https:\/\/elmawkie.dz\/fr\/wp-json\/wp\/v2\/comments?post=63532"}],"version-history":[{"count":1,"href":"https:\/\/elmawkie.dz\/fr\/wp-json\/wp\/v2\/posts\/63532\/revisions"}],"predecessor-version":[{"id":63535,"href":"https:\/\/elmawkie.dz\/fr\/wp-json\/wp\/v2\/posts\/63532\/revisions\/63535"}],"wp:featuredmedia":[{"embeddable":true,"href":"https:\/\/elmawkie.dz\/fr\/wp-json\/wp\/v2\/media\/63534"}],"wp:attachment":[{"href":"https:\/\/elmawkie.dz\/fr\/wp-json\/wp\/v2\/media?parent=63532"}],"wp:term":[{"taxonomy":"category","embeddable":true,"href":"https:\/\/elmawkie.dz\/fr\/wp-json\/wp\/v2\/categories?post=63532"},{"taxonomy":"post_tag","embeddable":true,"href":"https:\/\/elmawkie.dz\/fr\/wp-json\/wp\/v2\/tags?post=63532"}],"curies":[{"name":"wp","href":"https:\/\/api.w.org\/{rel}","templated":true}]}}