{"id":63496,"date":"2026-03-15T22:47:20","date_gmt":"2026-03-15T21:47:20","guid":{"rendered":"https:\/\/elmawkie.dz\/fr\/?p=63496"},"modified":"2026-03-15T22:47:21","modified_gmt":"2026-03-15T21:47:21","slug":"memoire-nationale-alger-commemore-le-64e-anniversaire-de-la-mort-en-martyr-de-mouloud-feraoun","status":"publish","type":"post","link":"https:\/\/elmawkie.dz\/fr\/memoire-nationale-alger-commemore-le-64e-anniversaire-de-la-mort-en-martyr-de-mouloud-feraoun\/","title":{"rendered":"M\u00e9moire nationale : Alger comm\u00e9more le 64e anniversaire de la mort en martyr de Mouloud Feraoun"},"content":{"rendered":"\n<p>Une conf\u00e9rence intitul\u00e9e \u00ab\u00a0Le martyr Mouloud Feraoun, la conscience de l\u2019Alg\u00e9rie port\u00e9e par la plume\u00a0\u00bb, s\u2019est tenue dimanche \u00e0 Alger, au cours de laquelle l\u2019accent a \u00e9t\u00e9 mis sur la dimension nationale et l\u2019engagement qui ont caract\u00e9ris\u00e9 l\u2019\u0153uvre de l\u2019\u00e9crivain, ayant document\u00e9 la souffrance du peuple alg\u00e9rien sous la colonisation fran\u00e7aise.<\/p>\n\n\n\n<p>Cette conf\u00e9rence a \u00e9t\u00e9 organis\u00e9e par le Centre national d&rsquo;\u00e9tudes et de recherche sur la R\u00e9sistance populaire, le Mouvement national et la R\u00e9volution du 1er Novembre 1954 (CNERMN54), \u00e0 l\u2019occasion du 64e anniversaire de la mort en martyr de Mouloud Feraoun, assassin\u00e9 le 15 mars 1962, aux c\u00f4t\u00e9s de plusieurs de ses compagnons, par l\u2019Organisation de l\u2019arm\u00e9e secr\u00e8te (OAS) fran\u00e7aise.<\/p>\n\n\n\n<p>Les intervenants ont unanimement soulign\u00e9 que l\u2019assassinat de Mouloud Feraoun met en \u00e9vidence la dimension nationale de cet instituteur et intellectuel engag\u00e9, dont les \u00e9crits en langue fran\u00e7aise constituaient un moyen d\u2019affirmer son identit\u00e9 alg\u00e9rienne et de lutter contre le colonialisme.<\/p>\n\n\n\n<p>Dans ce contexte, Ali Feraoun, fils de l\u2019\u00e9crivain, a mis l\u2019accent sur l\u2019importance des \u00e9crits et des contributions de son p\u00e8re dans la lutte contre la colonisation fran\u00e7aise, indiquant que son p\u00e8re \u00ab\u00a0entretenait des contacts secrets et \u00e9troits avec les dirigeants de la R\u00e9volution dans la wilaya III historique\u00a0\u00bb. L\u2019\u00e9crivain \u00ab\u00a0a \u00e9galement contribu\u00e9, \u00e0 travers ses textes romanesques, \u00e0 mettre en lumi\u00e8re les souffrances et les pr\u00e9occupations du peuple alg\u00e9rien\u00a0\u00bb, a-t-il relev\u00e9 ajoutant que \u00ab\u00a0les archives prouvent l\u2019implication du g\u00e9n\u00e9ral Charles de Gaulle dans son assassinat ainsi que celui de ses compagnons\u00a0\u00bb.<\/p>\n\n\n\n<p>De son c\u00f4t\u00e9, Saidi Meziane, professeur \u00e0 l\u2019Ecole normale sup\u00e9rieure de Bouzar\u00e9ah (ENSB), a \u00e9voqu\u00e9 le parcours \u00e9ducatif de Mouloud Feraoun, le qualifiant de \u00ab\u00a0l\u2019un des \u00e9crivains alg\u00e9riens les plus \u00e9minents ayant \u00e9crit dans la langue du colonisateur pour exprimer la souffrance et la trag\u00e9die du peuple alg\u00e9rien\u00a0\u00bb.<\/p>\n\n\n\n<p>Pour sa part, la repr\u00e9sentante du minist\u00e8re des Moudjahidine et des Ayants droit, Khe\u00efra Meziti, a indiqu\u00e9 que plusieurs activit\u00e9s ont \u00e9t\u00e9 organis\u00e9es pour comm\u00e9morer le 64e anniversaire de la mort en martyr de Mouloud Feraoun et de ses compagnons, \u00e0 travers diff\u00e9rentes institutions mus\u00e9ales relevant du minist\u00e8re.<\/p>\n\n\n\n<p>Le pr\u00e9sident de l\u2019Association Mouloud Feraoun, Nessah Mokrane, a mis en exergue la port\u00e9e symbolique de la comm\u00e9moration de la m\u00e9moire de l\u2019\u00e9crivain Mouloud Feraoun et de ses compagnons, pour que les jeunes g\u00e9n\u00e9rations en prennent connaissance et partant \u00ab\u00a0renforcer l\u2019esprit d\u2019identit\u00e9 et l\u2019attachement aux valeurs nationales pour lesquelles les martyrs se sont sacrifi\u00e9s\u00a0\u00bb.<\/p>\n\n\n\n<p>Lors de cette rencontre \u00e0 laquelle ont pris part des repr\u00e9sentants de plusieurs instances et institutions nationales ainsi que des membres de la famille r\u00e9volutionnaire, la famille du martyr Mouloud Feraoun a \u00e9t\u00e9 honor\u00e9e.<\/p>\n","protected":false},"excerpt":{"rendered":"<p>Une conf\u00e9rence intitul\u00e9e \u00ab\u00a0Le martyr Mouloud Feraoun, la conscience de l\u2019Alg\u00e9rie port\u00e9e par la plume\u00a0\u00bb, s\u2019est tenue dimanche \u00e0 Alger, au cours de laquelle l\u2019accent a \u00e9t\u00e9 mis sur la dimension nationale et l\u2019engagement qui ont caract\u00e9ris\u00e9 l\u2019\u0153uvre de l\u2019\u00e9crivain, ayant document\u00e9 la souffrance du peuple alg\u00e9rien sous la colonisation fran\u00e7aise. Cette conf\u00e9rence a \u00e9t\u00e9 &hellip;<\/p>\n","protected":false},"author":9,"featured_media":63498,"comment_status":"open","ping_status":"open","sticky":false,"template":"","format":"standard","meta":{"footnotes":""},"categories":[47],"tags":[450,2379,6285],"class_list":["post-63496","post","type-post","status-publish","format-standard","has-post-thumbnail","hentry","category-national","tag-alger","tag-memoire-nationale","tag-mouloud-feraoun"],"yoast_head":"<!-- This site is optimized with the Yoast SEO Premium plugin v22.6 (Yoast SEO v22.6) - https:\/\/yoast.com\/wordpress\/plugins\/seo\/ -->\n<title>M\u00e9moire nationale : Alger comm\u00e9more le 64e anniversaire de la mort en martyr de Mouloud Feraoun - El Mawkie<\/title>\n<meta name=\"robots\" content=\"index, follow, max-snippet:-1, max-image-preview:large, max-video-preview:-1\" \/>\n<link rel=\"canonical\" href=\"https:\/\/elmawkie.dz\/fr\/memoire-nationale-alger-commemore-le-64e-anniversaire-de-la-mort-en-martyr-de-mouloud-feraoun\/\" \/>\n<meta property=\"og:locale\" content=\"fr_FR\" \/>\n<meta property=\"og:type\" content=\"article\" \/>\n<meta property=\"og:title\" content=\"M\u00e9moire nationale : Alger comm\u00e9more le 64e anniversaire de la mort en martyr de Mouloud Feraoun\" \/>\n<meta property=\"og:description\" content=\"Une conf\u00e9rence intitul\u00e9e \u00ab\u00a0Le martyr Mouloud Feraoun, la conscience de l\u2019Alg\u00e9rie port\u00e9e par la plume\u00a0\u00bb, s\u2019est tenue dimanche \u00e0 Alger, au cours de laquelle l\u2019accent a \u00e9t\u00e9 mis sur la dimension nationale et l\u2019engagement qui ont caract\u00e9ris\u00e9 l\u2019\u0153uvre de l\u2019\u00e9crivain, ayant document\u00e9 la souffrance du peuple alg\u00e9rien sous la colonisation fran\u00e7aise. Cette conf\u00e9rence a \u00e9t\u00e9 &hellip;\" \/>\n<meta property=\"og:url\" content=\"https:\/\/elmawkie.dz\/fr\/memoire-nationale-alger-commemore-le-64e-anniversaire-de-la-mort-en-martyr-de-mouloud-feraoun\/\" \/>\n<meta property=\"og:site_name\" content=\"El Mawkie\" \/>\n<meta property=\"article:publisher\" content=\"https:\/\/www.facebook.com\/profile.php?id=100088407094989&amp;locale=fr_FR\" \/>\n<meta property=\"article:published_time\" content=\"2026-03-15T21:47:20+00:00\" \/>\n<meta property=\"article:modified_time\" content=\"2026-03-15T21:47:21+00:00\" \/>\n<meta property=\"og:image\" content=\"https:\/\/elmawkie.dz\/fr\/wp-content\/uploads\/2026\/03\/IMG_2616.jpeg\" \/>\n\t<meta property=\"og:image:width\" content=\"867\" \/>\n\t<meta property=\"og:image:height\" content=\"456\" \/>\n\t<meta property=\"og:image:type\" content=\"image\/jpeg\" \/>\n<meta name=\"author\" content=\"R\u00e9daction\" \/>\n<meta name=\"twitter:card\" content=\"summary_large_image\" \/>\n<meta name=\"twitter:label1\" content=\"Written by\" \/>\n\t<meta name=\"twitter:data1\" content=\"R\u00e9daction\" \/>\n\t<meta name=\"twitter:label2\" content=\"Est. reading time\" \/>\n\t<meta name=\"twitter:data2\" content=\"3 minutes\" \/>\n<script type=\"application\/ld+json\" class=\"yoast-schema-graph\">{\"@context\":\"https:\/\/schema.org\",\"@graph\":[{\"@type\":\"Article\",\"@id\":\"https:\/\/elmawkie.dz\/fr\/memoire-nationale-alger-commemore-le-64e-anniversaire-de-la-mort-en-martyr-de-mouloud-feraoun\/#article\",\"isPartOf\":{\"@id\":\"https:\/\/elmawkie.dz\/fr\/memoire-nationale-alger-commemore-le-64e-anniversaire-de-la-mort-en-martyr-de-mouloud-feraoun\/\"},\"author\":{\"name\":\"R\u00e9daction\",\"@id\":\"https:\/\/elmawkie.dz\/fr\/#\/schema\/person\/e7bd59d6467874ba5c4723d8a9f0a63c\"},\"headline\":\"M\u00e9moire nationale : Alger comm\u00e9more le 64e anniversaire de la mort en martyr de Mouloud Feraoun\",\"datePublished\":\"2026-03-15T21:47:20+00:00\",\"dateModified\":\"2026-03-15T21:47:21+00:00\",\"mainEntityOfPage\":{\"@id\":\"https:\/\/elmawkie.dz\/fr\/memoire-nationale-alger-commemore-le-64e-anniversaire-de-la-mort-en-martyr-de-mouloud-feraoun\/\"},\"wordCount\":511,\"commentCount\":0,\"publisher\":{\"@id\":\"https:\/\/elmawkie.dz\/fr\/#organization\"},\"image\":{\"@id\":\"https:\/\/elmawkie.dz\/fr\/memoire-nationale-alger-commemore-le-64e-anniversaire-de-la-mort-en-martyr-de-mouloud-feraoun\/#primaryimage\"},\"thumbnailUrl\":\"https:\/\/elmawkie.dz\/fr\/wp-content\/uploads\/2026\/03\/IMG_2616.jpeg\",\"keywords\":[\"alger\",\"m\u00e9moire nationale\",\"Mouloud feraoun\"],\"articleSection\":[\"National\"],\"inLanguage\":\"fr-FR\",\"potentialAction\":[{\"@type\":\"CommentAction\",\"name\":\"Comment\",\"target\":[\"https:\/\/elmawkie.dz\/fr\/memoire-nationale-alger-commemore-le-64e-anniversaire-de-la-mort-en-martyr-de-mouloud-feraoun\/#respond\"]}]},{\"@type\":\"WebPage\",\"@id\":\"https:\/\/elmawkie.dz\/fr\/memoire-nationale-alger-commemore-le-64e-anniversaire-de-la-mort-en-martyr-de-mouloud-feraoun\/\",\"url\":\"https:\/\/elmawkie.dz\/fr\/memoire-nationale-alger-commemore-le-64e-anniversaire-de-la-mort-en-martyr-de-mouloud-feraoun\/\",\"name\":\"M\u00e9moire nationale : Alger comm\u00e9more le 64e anniversaire de la mort en martyr de Mouloud Feraoun - El Mawkie\",\"isPartOf\":{\"@id\":\"https:\/\/elmawkie.dz\/fr\/#website\"},\"primaryImageOfPage\":{\"@id\":\"https:\/\/elmawkie.dz\/fr\/memoire-nationale-alger-commemore-le-64e-anniversaire-de-la-mort-en-martyr-de-mouloud-feraoun\/#primaryimage\"},\"image\":{\"@id\":\"https:\/\/elmawkie.dz\/fr\/memoire-nationale-alger-commemore-le-64e-anniversaire-de-la-mort-en-martyr-de-mouloud-feraoun\/#primaryimage\"},\"thumbnailUrl\":\"https:\/\/elmawkie.dz\/fr\/wp-content\/uploads\/2026\/03\/IMG_2616.jpeg\",\"datePublished\":\"2026-03-15T21:47:20+00:00\",\"dateModified\":\"2026-03-15T21:47:21+00:00\",\"breadcrumb\":{\"@id\":\"https:\/\/elmawkie.dz\/fr\/memoire-nationale-alger-commemore-le-64e-anniversaire-de-la-mort-en-martyr-de-mouloud-feraoun\/#breadcrumb\"},\"inLanguage\":\"fr-FR\",\"potentialAction\":[{\"@type\":\"ReadAction\",\"target\":[\"https:\/\/elmawkie.dz\/fr\/memoire-nationale-alger-commemore-le-64e-anniversaire-de-la-mort-en-martyr-de-mouloud-feraoun\/\"]}]},{\"@type\":\"ImageObject\",\"inLanguage\":\"fr-FR\",\"@id\":\"https:\/\/elmawkie.dz\/fr\/memoire-nationale-alger-commemore-le-64e-anniversaire-de-la-mort-en-martyr-de-mouloud-feraoun\/#primaryimage\",\"url\":\"https:\/\/elmawkie.dz\/fr\/wp-content\/uploads\/2026\/03\/IMG_2616.jpeg\",\"contentUrl\":\"https:\/\/elmawkie.dz\/fr\/wp-content\/uploads\/2026\/03\/IMG_2616.jpeg\",\"width\":867,\"height\":456,\"caption\":\"Screenshot\"},{\"@type\":\"BreadcrumbList\",\"@id\":\"https:\/\/elmawkie.dz\/fr\/memoire-nationale-alger-commemore-le-64e-anniversaire-de-la-mort-en-martyr-de-mouloud-feraoun\/#breadcrumb\",\"itemListElement\":[{\"@type\":\"ListItem\",\"position\":1,\"name\":\"Home\",\"item\":\"https:\/\/elmawkie.dz\/fr\/\"},{\"@type\":\"ListItem\",\"position\":2,\"name\":\"M\u00e9moire nationale : Alger comm\u00e9more le 64e anniversaire de la mort en martyr de Mouloud Feraoun\"}]},{\"@type\":\"WebSite\",\"@id\":\"https:\/\/elmawkie.dz\/fr\/#website\",\"url\":\"https:\/\/elmawkie.dz\/fr\/\",\"name\":\"EL MAWKIE\",\"description\":\"Journal \u00c9lectronique Alg\u00e9rien\",\"publisher\":{\"@id\":\"https:\/\/elmawkie.dz\/fr\/#organization\"},\"potentialAction\":[{\"@type\":\"SearchAction\",\"target\":{\"@type\":\"EntryPoint\",\"urlTemplate\":\"https:\/\/elmawkie.dz\/fr\/?s={search_term_string}\"},\"query-input\":\"required name=search_term_string\"}],\"inLanguage\":\"fr-FR\"},{\"@type\":\"Organization\",\"@id\":\"https:\/\/elmawkie.dz\/fr\/#organization\",\"name\":\"EL MAWKIE\",\"url\":\"https:\/\/elmawkie.dz\/fr\/\",\"logo\":{\"@type\":\"ImageObject\",\"inLanguage\":\"fr-FR\",\"@id\":\"https:\/\/elmawkie.dz\/fr\/#\/schema\/logo\/image\/\",\"url\":\"https:\/\/elmawkie.dz\/fr\/wp-content\/uploads\/2024\/05\/logo1.png\",\"contentUrl\":\"https:\/\/elmawkie.dz\/fr\/wp-content\/uploads\/2024\/05\/logo1.png\",\"width\":1648,\"height\":652,\"caption\":\"EL MAWKIE\"},\"image\":{\"@id\":\"https:\/\/elmawkie.dz\/fr\/#\/schema\/logo\/image\/\"},\"sameAs\":[\"https:\/\/www.facebook.com\/profile.php?id=100088407094989&locale=fr_FR\"]},{\"@type\":\"Person\",\"@id\":\"https:\/\/elmawkie.dz\/fr\/#\/schema\/person\/e7bd59d6467874ba5c4723d8a9f0a63c\",\"name\":\"R\u00e9daction\",\"image\":{\"@type\":\"ImageObject\",\"inLanguage\":\"fr-FR\",\"@id\":\"https:\/\/elmawkie.dz\/fr\/#\/schema\/person\/image\/\",\"url\":\"https:\/\/secure.gravatar.com\/avatar\/f0f773456344da4d2788c054a3d30a0c?s=96&d=mm&r=g\",\"contentUrl\":\"https:\/\/secure.gravatar.com\/avatar\/f0f773456344da4d2788c054a3d30a0c?s=96&d=mm&r=g\",\"caption\":\"R\u00e9daction\"},\"url\":\"https:\/\/elmawkie.dz\/fr\/author\/redaction\/\"}]}<\/script>\n<!-- \/ Yoast SEO Premium plugin. -->","yoast_head_json":{"title":"M\u00e9moire nationale : Alger comm\u00e9more le 64e anniversaire de la mort en martyr de Mouloud Feraoun - El Mawkie","robots":{"index":"index","follow":"follow","max-snippet":"max-snippet:-1","max-image-preview":"max-image-preview:large","max-video-preview":"max-video-preview:-1"},"canonical":"https:\/\/elmawkie.dz\/fr\/memoire-nationale-alger-commemore-le-64e-anniversaire-de-la-mort-en-martyr-de-mouloud-feraoun\/","og_locale":"fr_FR","og_type":"article","og_title":"M\u00e9moire nationale : Alger comm\u00e9more le 64e anniversaire de la mort en martyr de Mouloud Feraoun","og_description":"Une conf\u00e9rence intitul\u00e9e \u00ab\u00a0Le martyr Mouloud Feraoun, la conscience de l\u2019Alg\u00e9rie port\u00e9e par la plume\u00a0\u00bb, s\u2019est tenue dimanche \u00e0 Alger, au cours de laquelle l\u2019accent a \u00e9t\u00e9 mis sur la dimension nationale et l\u2019engagement qui ont caract\u00e9ris\u00e9 l\u2019\u0153uvre de l\u2019\u00e9crivain, ayant document\u00e9 la souffrance du peuple alg\u00e9rien sous la colonisation fran\u00e7aise. Cette conf\u00e9rence a \u00e9t\u00e9 &hellip;","og_url":"https:\/\/elmawkie.dz\/fr\/memoire-nationale-alger-commemore-le-64e-anniversaire-de-la-mort-en-martyr-de-mouloud-feraoun\/","og_site_name":"El Mawkie","article_publisher":"https:\/\/www.facebook.com\/profile.php?id=100088407094989&locale=fr_FR","article_published_time":"2026-03-15T21:47:20+00:00","article_modified_time":"2026-03-15T21:47:21+00:00","og_image":[{"width":867,"height":456,"url":"https:\/\/elmawkie.dz\/fr\/wp-content\/uploads\/2026\/03\/IMG_2616.jpeg","type":"image\/jpeg"}],"author":"R\u00e9daction","twitter_card":"summary_large_image","twitter_misc":{"Written by":"R\u00e9daction","Est. reading time":"3 minutes"},"schema":{"@context":"https:\/\/schema.org","@graph":[{"@type":"Article","@id":"https:\/\/elmawkie.dz\/fr\/memoire-nationale-alger-commemore-le-64e-anniversaire-de-la-mort-en-martyr-de-mouloud-feraoun\/#article","isPartOf":{"@id":"https:\/\/elmawkie.dz\/fr\/memoire-nationale-alger-commemore-le-64e-anniversaire-de-la-mort-en-martyr-de-mouloud-feraoun\/"},"author":{"name":"R\u00e9daction","@id":"https:\/\/elmawkie.dz\/fr\/#\/schema\/person\/e7bd59d6467874ba5c4723d8a9f0a63c"},"headline":"M\u00e9moire nationale : Alger comm\u00e9more le 64e anniversaire de la mort en martyr de Mouloud Feraoun","datePublished":"2026-03-15T21:47:20+00:00","dateModified":"2026-03-15T21:47:21+00:00","mainEntityOfPage":{"@id":"https:\/\/elmawkie.dz\/fr\/memoire-nationale-alger-commemore-le-64e-anniversaire-de-la-mort-en-martyr-de-mouloud-feraoun\/"},"wordCount":511,"commentCount":0,"publisher":{"@id":"https:\/\/elmawkie.dz\/fr\/#organization"},"image":{"@id":"https:\/\/elmawkie.dz\/fr\/memoire-nationale-alger-commemore-le-64e-anniversaire-de-la-mort-en-martyr-de-mouloud-feraoun\/#primaryimage"},"thumbnailUrl":"https:\/\/elmawkie.dz\/fr\/wp-content\/uploads\/2026\/03\/IMG_2616.jpeg","keywords":["alger","m\u00e9moire nationale","Mouloud feraoun"],"articleSection":["National"],"inLanguage":"fr-FR","potentialAction":[{"@type":"CommentAction","name":"Comment","target":["https:\/\/elmawkie.dz\/fr\/memoire-nationale-alger-commemore-le-64e-anniversaire-de-la-mort-en-martyr-de-mouloud-feraoun\/#respond"]}]},{"@type":"WebPage","@id":"https:\/\/elmawkie.dz\/fr\/memoire-nationale-alger-commemore-le-64e-anniversaire-de-la-mort-en-martyr-de-mouloud-feraoun\/","url":"https:\/\/elmawkie.dz\/fr\/memoire-nationale-alger-commemore-le-64e-anniversaire-de-la-mort-en-martyr-de-mouloud-feraoun\/","name":"M\u00e9moire nationale : Alger comm\u00e9more le 64e anniversaire de la mort en martyr de Mouloud Feraoun - El Mawkie","isPartOf":{"@id":"https:\/\/elmawkie.dz\/fr\/#website"},"primaryImageOfPage":{"@id":"https:\/\/elmawkie.dz\/fr\/memoire-nationale-alger-commemore-le-64e-anniversaire-de-la-mort-en-martyr-de-mouloud-feraoun\/#primaryimage"},"image":{"@id":"https:\/\/elmawkie.dz\/fr\/memoire-nationale-alger-commemore-le-64e-anniversaire-de-la-mort-en-martyr-de-mouloud-feraoun\/#primaryimage"},"thumbnailUrl":"https:\/\/elmawkie.dz\/fr\/wp-content\/uploads\/2026\/03\/IMG_2616.jpeg","datePublished":"2026-03-15T21:47:20+00:00","dateModified":"2026-03-15T21:47:21+00:00","breadcrumb":{"@id":"https:\/\/elmawkie.dz\/fr\/memoire-nationale-alger-commemore-le-64e-anniversaire-de-la-mort-en-martyr-de-mouloud-feraoun\/#breadcrumb"},"inLanguage":"fr-FR","potentialAction":[{"@type":"ReadAction","target":["https:\/\/elmawkie.dz\/fr\/memoire-nationale-alger-commemore-le-64e-anniversaire-de-la-mort-en-martyr-de-mouloud-feraoun\/"]}]},{"@type":"ImageObject","inLanguage":"fr-FR","@id":"https:\/\/elmawkie.dz\/fr\/memoire-nationale-alger-commemore-le-64e-anniversaire-de-la-mort-en-martyr-de-mouloud-feraoun\/#primaryimage","url":"https:\/\/elmawkie.dz\/fr\/wp-content\/uploads\/2026\/03\/IMG_2616.jpeg","contentUrl":"https:\/\/elmawkie.dz\/fr\/wp-content\/uploads\/2026\/03\/IMG_2616.jpeg","width":867,"height":456,"caption":"Screenshot"},{"@type":"BreadcrumbList","@id":"https:\/\/elmawkie.dz\/fr\/memoire-nationale-alger-commemore-le-64e-anniversaire-de-la-mort-en-martyr-de-mouloud-feraoun\/#breadcrumb","itemListElement":[{"@type":"ListItem","position":1,"name":"Home","item":"https:\/\/elmawkie.dz\/fr\/"},{"@type":"ListItem","position":2,"name":"M\u00e9moire nationale : Alger comm\u00e9more le 64e anniversaire de la mort en martyr de Mouloud Feraoun"}]},{"@type":"WebSite","@id":"https:\/\/elmawkie.dz\/fr\/#website","url":"https:\/\/elmawkie.dz\/fr\/","name":"EL MAWKIE","description":"Journal \u00c9lectronique Alg\u00e9rien","publisher":{"@id":"https:\/\/elmawkie.dz\/fr\/#organization"},"potentialAction":[{"@type":"SearchAction","target":{"@type":"EntryPoint","urlTemplate":"https:\/\/elmawkie.dz\/fr\/?s={search_term_string}"},"query-input":"required name=search_term_string"}],"inLanguage":"fr-FR"},{"@type":"Organization","@id":"https:\/\/elmawkie.dz\/fr\/#organization","name":"EL MAWKIE","url":"https:\/\/elmawkie.dz\/fr\/","logo":{"@type":"ImageObject","inLanguage":"fr-FR","@id":"https:\/\/elmawkie.dz\/fr\/#\/schema\/logo\/image\/","url":"https:\/\/elmawkie.dz\/fr\/wp-content\/uploads\/2024\/05\/logo1.png","contentUrl":"https:\/\/elmawkie.dz\/fr\/wp-content\/uploads\/2024\/05\/logo1.png","width":1648,"height":652,"caption":"EL MAWKIE"},"image":{"@id":"https:\/\/elmawkie.dz\/fr\/#\/schema\/logo\/image\/"},"sameAs":["https:\/\/www.facebook.com\/profile.php?id=100088407094989&locale=fr_FR"]},{"@type":"Person","@id":"https:\/\/elmawkie.dz\/fr\/#\/schema\/person\/e7bd59d6467874ba5c4723d8a9f0a63c","name":"R\u00e9daction","image":{"@type":"ImageObject","inLanguage":"fr-FR","@id":"https:\/\/elmawkie.dz\/fr\/#\/schema\/person\/image\/","url":"https:\/\/secure.gravatar.com\/avatar\/f0f773456344da4d2788c054a3d30a0c?s=96&d=mm&r=g","contentUrl":"https:\/\/secure.gravatar.com\/avatar\/f0f773456344da4d2788c054a3d30a0c?s=96&d=mm&r=g","caption":"R\u00e9daction"},"url":"https:\/\/elmawkie.dz\/fr\/author\/redaction\/"}]}},"_links":{"self":[{"href":"https:\/\/elmawkie.dz\/fr\/wp-json\/wp\/v2\/posts\/63496","targetHints":{"allow":["GET"]}}],"collection":[{"href":"https:\/\/elmawkie.dz\/fr\/wp-json\/wp\/v2\/posts"}],"about":[{"href":"https:\/\/elmawkie.dz\/fr\/wp-json\/wp\/v2\/types\/post"}],"author":[{"embeddable":true,"href":"https:\/\/elmawkie.dz\/fr\/wp-json\/wp\/v2\/users\/9"}],"replies":[{"embeddable":true,"href":"https:\/\/elmawkie.dz\/fr\/wp-json\/wp\/v2\/comments?post=63496"}],"version-history":[{"count":1,"href":"https:\/\/elmawkie.dz\/fr\/wp-json\/wp\/v2\/posts\/63496\/revisions"}],"predecessor-version":[{"id":63499,"href":"https:\/\/elmawkie.dz\/fr\/wp-json\/wp\/v2\/posts\/63496\/revisions\/63499"}],"wp:featuredmedia":[{"embeddable":true,"href":"https:\/\/elmawkie.dz\/fr\/wp-json\/wp\/v2\/media\/63498"}],"wp:attachment":[{"href":"https:\/\/elmawkie.dz\/fr\/wp-json\/wp\/v2\/media?parent=63496"}],"wp:term":[{"taxonomy":"category","embeddable":true,"href":"https:\/\/elmawkie.dz\/fr\/wp-json\/wp\/v2\/categories?post=63496"},{"taxonomy":"post_tag","embeddable":true,"href":"https:\/\/elmawkie.dz\/fr\/wp-json\/wp\/v2\/tags?post=63496"}],"curies":[{"name":"wp","href":"https:\/\/api.w.org\/{rel}","templated":true}]}}