{"id":63471,"date":"2026-03-15T22:30:35","date_gmt":"2026-03-15T21:30:35","guid":{"rendered":"https:\/\/elmawkie.dz\/fr\/?p=63471"},"modified":"2026-03-15T22:30:36","modified_gmt":"2026-03-15T21:30:36","slug":"solidarite-avec-le-peuple-sahraoui-limposante-caravane-basque-consacre-lechec-des-manoeuvres-du-makhzen","status":"publish","type":"post","link":"https:\/\/elmawkie.dz\/fr\/solidarite-avec-le-peuple-sahraoui-limposante-caravane-basque-consacre-lechec-des-manoeuvres-du-makhzen\/","title":{"rendered":"Solidarit\u00e9 avec le peuple sahraoui : L&rsquo;imposante caravane basque consacre l&rsquo;\u00e9chec des man\u0153uvres du Makhzen"},"content":{"rendered":"\n<p><strong>Le mouvement de solidarit\u00e9 basque a port\u00e9 un coup s\u00e9v\u00e8re aux tentatives de marginalisation impos\u00e9es par le r\u00e9gime du Makhzen en lan\u00e7ant, samedi depuis Saint-S\u00e9bastien, une imposante caravane d&rsquo;aide humanitaire. Cette mobilisation d\u2019envergure, soutenue par les institutions et les populations du Pays Basque, s&rsquo;est d\u00e9roul\u00e9e en pr\u00e9sence du maire de la ville et du d\u00e9l\u00e9gu\u00e9 du Front Polisario, El-Mokhtar Lebaihi.<\/strong><\/p>\n\n\n\n<p><strong>Ce convoi d\u00e9passe le simple cadre caritatif pour s\u2019affirmer comme un acte de solidarit\u00e9 politique d\u00e9non\u00e7ant l&rsquo;occupation ill\u00e9gale du Sahara occidental. Dans un climat de guerre ouverte impos\u00e9e par l&rsquo;agresseur marocain, cette initiative r\u00e9it\u00e8re le soutien ind\u00e9fectible au peuple sahraoui et met en \u00e9chec les politiques d&rsquo;isolement recherch\u00e9es par les forces d&rsquo;occupation.<\/strong><\/p>\n\n\n\n<p><strong>Une <strong>cargaison<\/strong> de plus de 100 tonnes, comprenant des fournitures m\u00e9dicales et des produits de premi\u00e8re n\u00e9cessit\u00e9, a \u00e9t\u00e9 <strong>mobilis\u00e9e<\/strong> pour <strong>att\u00e9nuer les effets des restrictions<\/strong> humanitaires. Ces ressources sont destin\u00e9es \u00e0 <strong>soutenir les structures<\/strong> de la R\u00e9publique Arabe Sahraouie D\u00e9mocratique (RASD) et \u00e0 renforcer la r\u00e9silience des r\u00e9fugi\u00e9s face \u00e0 la pr\u00e9carit\u00e9 orchestr\u00e9e par l\u2019occupant marocain.<br><\/strong><\/p>\n\n\n\n<p><strong>Le repr\u00e9sentant du Front Polisario a d\u00e9clar\u00e9 que cette caravane est la concr\u00e9tisation d\u2019une alliance historique contre le colonialisme. De son c\u00f4t\u00e9, le maire de Saint-S\u00e9bastien a r\u00e9affirm\u00e9 l&rsquo;engagement de sa municipalit\u00e9 envers la cause sahraouie, pr\u00e9cisant que le succ\u00e8s de cette op\u00e9ration, malgr\u00e9 une conjoncture internationale complexe, illustre l&rsquo;\u00e9chec du Makhzen \u00e0 occulter la question sahraouie sur la sc\u00e8ne europ\u00e9enne.<\/strong><\/p>\n\n\n\n<p><strong>Cette d\u00e9monstration de force vient couronner la reconnaissance politique manifest\u00e9e r\u00e9cemment au Parlement basque lors du cinquantenaire de la RASD. Elle confirme le passage d&rsquo;une solidarit\u00e9 citoyenne \u00e0 un engagement institutionnel ferme, actant la r\u00e9alit\u00e9 de l&rsquo;\u00c9tat sahraoui face aux d\u00e9nis de l&rsquo;occupant.<\/strong><\/p>\n\n\n\n<p><strong>k.Y<\/strong><\/p>\n\n\n\n<figure class=\"wp-block-image size-full\"><img decoding=\"async\" width=\"800\" height=\"640\" src=\"https:\/\/elmawkie.dz\/fr\/wp-content\/uploads\/2026\/03\/IMG_2610.webp\" alt=\"\" class=\"wp-image-63474\" srcset=\"https:\/\/elmawkie.dz\/fr\/wp-content\/uploads\/2026\/03\/IMG_2610.webp 800w, https:\/\/elmawkie.dz\/fr\/wp-content\/uploads\/2026\/03\/IMG_2610-300x240.webp 300w, https:\/\/elmawkie.dz\/fr\/wp-content\/uploads\/2026\/03\/IMG_2610-768x614.webp 768w\" sizes=\"(max-width: 800px) 100vw, 800px\" \/><\/figure>\n","protected":false},"excerpt":{"rendered":"<p>Le mouvement de solidarit\u00e9 basque a port\u00e9 un coup s\u00e9v\u00e8re aux tentatives de marginalisation impos\u00e9es par le r\u00e9gime du Makhzen en lan\u00e7ant, samedi depuis Saint-S\u00e9bastien, une imposante caravane d&rsquo;aide humanitaire. Cette mobilisation d\u2019envergure, soutenue par les institutions et les populations du Pays Basque, s&rsquo;est d\u00e9roul\u00e9e en pr\u00e9sence du maire de la ville et du d\u00e9l\u00e9gu\u00e9 &hellip;<\/p>\n","protected":false},"author":9,"featured_media":63473,"comment_status":"open","ping_status":"open","sticky":false,"template":"","format":"standard","meta":{"footnotes":""},"categories":[44],"tags":[6280,922,3023],"class_list":["post-63471","post","type-post","status-publish","format-standard","has-post-thumbnail","hentry","category-international","tag-caravane-basque","tag-le-peuple-sahraoui","tag-makhzen"],"yoast_head":"<!-- This site is optimized with the Yoast SEO Premium plugin v22.6 (Yoast SEO v22.6) - https:\/\/yoast.com\/wordpress\/plugins\/seo\/ -->\n<title>Solidarit\u00e9 avec le peuple sahraoui : L&#039;imposante caravane basque consacre l&#039;\u00e9chec des man\u0153uvres du Makhzen - El Mawkie<\/title>\n<meta name=\"robots\" content=\"index, follow, max-snippet:-1, max-image-preview:large, max-video-preview:-1\" \/>\n<link rel=\"canonical\" href=\"https:\/\/elmawkie.dz\/fr\/solidarite-avec-le-peuple-sahraoui-limposante-caravane-basque-consacre-lechec-des-manoeuvres-du-makhzen\/\" \/>\n<meta property=\"og:locale\" content=\"fr_FR\" \/>\n<meta property=\"og:type\" content=\"article\" \/>\n<meta property=\"og:title\" content=\"Solidarit\u00e9 avec le peuple sahraoui : L&#039;imposante caravane basque consacre l&#039;\u00e9chec des man\u0153uvres du Makhzen\" \/>\n<meta property=\"og:description\" content=\"Le mouvement de solidarit\u00e9 basque a port\u00e9 un coup s\u00e9v\u00e8re aux tentatives de marginalisation impos\u00e9es par le r\u00e9gime du Makhzen en lan\u00e7ant, samedi depuis Saint-S\u00e9bastien, une imposante caravane d&rsquo;aide humanitaire. Cette mobilisation d\u2019envergure, soutenue par les institutions et les populations du Pays Basque, s&rsquo;est d\u00e9roul\u00e9e en pr\u00e9sence du maire de la ville et du d\u00e9l\u00e9gu\u00e9 &hellip;\" \/>\n<meta property=\"og:url\" content=\"https:\/\/elmawkie.dz\/fr\/solidarite-avec-le-peuple-sahraoui-limposante-caravane-basque-consacre-lechec-des-manoeuvres-du-makhzen\/\" \/>\n<meta property=\"og:site_name\" content=\"El Mawkie\" \/>\n<meta property=\"article:publisher\" content=\"https:\/\/www.facebook.com\/profile.php?id=100088407094989&amp;locale=fr_FR\" \/>\n<meta property=\"article:published_time\" content=\"2026-03-15T21:30:35+00:00\" \/>\n<meta property=\"article:modified_time\" content=\"2026-03-15T21:30:36+00:00\" \/>\n<meta property=\"og:image\" content=\"https:\/\/elmawkie.dz\/fr\/wp-content\/uploads\/2026\/03\/IMG_2609.webp\" \/>\n\t<meta property=\"og:image:width\" content=\"800\" \/>\n\t<meta property=\"og:image:height\" content=\"600\" \/>\n\t<meta property=\"og:image:type\" content=\"image\/webp\" \/>\n<meta name=\"author\" content=\"R\u00e9daction\" \/>\n<meta name=\"twitter:card\" content=\"summary_large_image\" \/>\n<meta name=\"twitter:label1\" content=\"Written by\" \/>\n\t<meta name=\"twitter:data1\" content=\"R\u00e9daction\" \/>\n\t<meta name=\"twitter:label2\" content=\"Est. reading time\" \/>\n\t<meta name=\"twitter:data2\" content=\"2 minutes\" \/>\n<script type=\"application\/ld+json\" class=\"yoast-schema-graph\">{\"@context\":\"https:\/\/schema.org\",\"@graph\":[{\"@type\":\"Article\",\"@id\":\"https:\/\/elmawkie.dz\/fr\/solidarite-avec-le-peuple-sahraoui-limposante-caravane-basque-consacre-lechec-des-manoeuvres-du-makhzen\/#article\",\"isPartOf\":{\"@id\":\"https:\/\/elmawkie.dz\/fr\/solidarite-avec-le-peuple-sahraoui-limposante-caravane-basque-consacre-lechec-des-manoeuvres-du-makhzen\/\"},\"author\":{\"name\":\"R\u00e9daction\",\"@id\":\"https:\/\/elmawkie.dz\/fr\/#\/schema\/person\/e7bd59d6467874ba5c4723d8a9f0a63c\"},\"headline\":\"Solidarit\u00e9 avec le peuple sahraoui : L&rsquo;imposante caravane basque consacre l&rsquo;\u00e9chec des man\u0153uvres du Makhzen\",\"datePublished\":\"2026-03-15T21:30:35+00:00\",\"dateModified\":\"2026-03-15T21:30:36+00:00\",\"mainEntityOfPage\":{\"@id\":\"https:\/\/elmawkie.dz\/fr\/solidarite-avec-le-peuple-sahraoui-limposante-caravane-basque-consacre-lechec-des-manoeuvres-du-makhzen\/\"},\"wordCount\":350,\"commentCount\":0,\"publisher\":{\"@id\":\"https:\/\/elmawkie.dz\/fr\/#organization\"},\"image\":{\"@id\":\"https:\/\/elmawkie.dz\/fr\/solidarite-avec-le-peuple-sahraoui-limposante-caravane-basque-consacre-lechec-des-manoeuvres-du-makhzen\/#primaryimage\"},\"thumbnailUrl\":\"https:\/\/elmawkie.dz\/fr\/wp-content\/uploads\/2026\/03\/IMG_2609.webp\",\"keywords\":[\"Caravane basque\",\"Le peuple sahraoui\",\"Makhzen\"],\"articleSection\":[\"International\"],\"inLanguage\":\"fr-FR\",\"potentialAction\":[{\"@type\":\"CommentAction\",\"name\":\"Comment\",\"target\":[\"https:\/\/elmawkie.dz\/fr\/solidarite-avec-le-peuple-sahraoui-limposante-caravane-basque-consacre-lechec-des-manoeuvres-du-makhzen\/#respond\"]}]},{\"@type\":\"WebPage\",\"@id\":\"https:\/\/elmawkie.dz\/fr\/solidarite-avec-le-peuple-sahraoui-limposante-caravane-basque-consacre-lechec-des-manoeuvres-du-makhzen\/\",\"url\":\"https:\/\/elmawkie.dz\/fr\/solidarite-avec-le-peuple-sahraoui-limposante-caravane-basque-consacre-lechec-des-manoeuvres-du-makhzen\/\",\"name\":\"Solidarit\u00e9 avec le peuple sahraoui : L'imposante caravane basque consacre l'\u00e9chec des man\u0153uvres du Makhzen - El Mawkie\",\"isPartOf\":{\"@id\":\"https:\/\/elmawkie.dz\/fr\/#website\"},\"primaryImageOfPage\":{\"@id\":\"https:\/\/elmawkie.dz\/fr\/solidarite-avec-le-peuple-sahraoui-limposante-caravane-basque-consacre-lechec-des-manoeuvres-du-makhzen\/#primaryimage\"},\"image\":{\"@id\":\"https:\/\/elmawkie.dz\/fr\/solidarite-avec-le-peuple-sahraoui-limposante-caravane-basque-consacre-lechec-des-manoeuvres-du-makhzen\/#primaryimage\"},\"thumbnailUrl\":\"https:\/\/elmawkie.dz\/fr\/wp-content\/uploads\/2026\/03\/IMG_2609.webp\",\"datePublished\":\"2026-03-15T21:30:35+00:00\",\"dateModified\":\"2026-03-15T21:30:36+00:00\",\"breadcrumb\":{\"@id\":\"https:\/\/elmawkie.dz\/fr\/solidarite-avec-le-peuple-sahraoui-limposante-caravane-basque-consacre-lechec-des-manoeuvres-du-makhzen\/#breadcrumb\"},\"inLanguage\":\"fr-FR\",\"potentialAction\":[{\"@type\":\"ReadAction\",\"target\":[\"https:\/\/elmawkie.dz\/fr\/solidarite-avec-le-peuple-sahraoui-limposante-caravane-basque-consacre-lechec-des-manoeuvres-du-makhzen\/\"]}]},{\"@type\":\"ImageObject\",\"inLanguage\":\"fr-FR\",\"@id\":\"https:\/\/elmawkie.dz\/fr\/solidarite-avec-le-peuple-sahraoui-limposante-caravane-basque-consacre-lechec-des-manoeuvres-du-makhzen\/#primaryimage\",\"url\":\"https:\/\/elmawkie.dz\/fr\/wp-content\/uploads\/2026\/03\/IMG_2609.webp\",\"contentUrl\":\"https:\/\/elmawkie.dz\/fr\/wp-content\/uploads\/2026\/03\/IMG_2609.webp\",\"width\":800,\"height\":600},{\"@type\":\"BreadcrumbList\",\"@id\":\"https:\/\/elmawkie.dz\/fr\/solidarite-avec-le-peuple-sahraoui-limposante-caravane-basque-consacre-lechec-des-manoeuvres-du-makhzen\/#breadcrumb\",\"itemListElement\":[{\"@type\":\"ListItem\",\"position\":1,\"name\":\"Home\",\"item\":\"https:\/\/elmawkie.dz\/fr\/\"},{\"@type\":\"ListItem\",\"position\":2,\"name\":\"Solidarit\u00e9 avec le peuple sahraoui : L&rsquo;imposante caravane basque consacre l&rsquo;\u00e9chec des man\u0153uvres du Makhzen\"}]},{\"@type\":\"WebSite\",\"@id\":\"https:\/\/elmawkie.dz\/fr\/#website\",\"url\":\"https:\/\/elmawkie.dz\/fr\/\",\"name\":\"EL MAWKIE\",\"description\":\"Journal \u00c9lectronique Alg\u00e9rien\",\"publisher\":{\"@id\":\"https:\/\/elmawkie.dz\/fr\/#organization\"},\"potentialAction\":[{\"@type\":\"SearchAction\",\"target\":{\"@type\":\"EntryPoint\",\"urlTemplate\":\"https:\/\/elmawkie.dz\/fr\/?s={search_term_string}\"},\"query-input\":\"required name=search_term_string\"}],\"inLanguage\":\"fr-FR\"},{\"@type\":\"Organization\",\"@id\":\"https:\/\/elmawkie.dz\/fr\/#organization\",\"name\":\"EL MAWKIE\",\"url\":\"https:\/\/elmawkie.dz\/fr\/\",\"logo\":{\"@type\":\"ImageObject\",\"inLanguage\":\"fr-FR\",\"@id\":\"https:\/\/elmawkie.dz\/fr\/#\/schema\/logo\/image\/\",\"url\":\"https:\/\/elmawkie.dz\/fr\/wp-content\/uploads\/2024\/05\/logo1.png\",\"contentUrl\":\"https:\/\/elmawkie.dz\/fr\/wp-content\/uploads\/2024\/05\/logo1.png\",\"width\":1648,\"height\":652,\"caption\":\"EL MAWKIE\"},\"image\":{\"@id\":\"https:\/\/elmawkie.dz\/fr\/#\/schema\/logo\/image\/\"},\"sameAs\":[\"https:\/\/www.facebook.com\/profile.php?id=100088407094989&locale=fr_FR\"]},{\"@type\":\"Person\",\"@id\":\"https:\/\/elmawkie.dz\/fr\/#\/schema\/person\/e7bd59d6467874ba5c4723d8a9f0a63c\",\"name\":\"R\u00e9daction\",\"image\":{\"@type\":\"ImageObject\",\"inLanguage\":\"fr-FR\",\"@id\":\"https:\/\/elmawkie.dz\/fr\/#\/schema\/person\/image\/\",\"url\":\"https:\/\/secure.gravatar.com\/avatar\/f0f773456344da4d2788c054a3d30a0c?s=96&d=mm&r=g\",\"contentUrl\":\"https:\/\/secure.gravatar.com\/avatar\/f0f773456344da4d2788c054a3d30a0c?s=96&d=mm&r=g\",\"caption\":\"R\u00e9daction\"},\"url\":\"https:\/\/elmawkie.dz\/fr\/author\/redaction\/\"}]}<\/script>\n<!-- \/ Yoast SEO Premium plugin. -->","yoast_head_json":{"title":"Solidarit\u00e9 avec le peuple sahraoui : L'imposante caravane basque consacre l'\u00e9chec des man\u0153uvres du Makhzen - El Mawkie","robots":{"index":"index","follow":"follow","max-snippet":"max-snippet:-1","max-image-preview":"max-image-preview:large","max-video-preview":"max-video-preview:-1"},"canonical":"https:\/\/elmawkie.dz\/fr\/solidarite-avec-le-peuple-sahraoui-limposante-caravane-basque-consacre-lechec-des-manoeuvres-du-makhzen\/","og_locale":"fr_FR","og_type":"article","og_title":"Solidarit\u00e9 avec le peuple sahraoui : L'imposante caravane basque consacre l'\u00e9chec des man\u0153uvres du Makhzen","og_description":"Le mouvement de solidarit\u00e9 basque a port\u00e9 un coup s\u00e9v\u00e8re aux tentatives de marginalisation impos\u00e9es par le r\u00e9gime du Makhzen en lan\u00e7ant, samedi depuis Saint-S\u00e9bastien, une imposante caravane d&rsquo;aide humanitaire. Cette mobilisation d\u2019envergure, soutenue par les institutions et les populations du Pays Basque, s&rsquo;est d\u00e9roul\u00e9e en pr\u00e9sence du maire de la ville et du d\u00e9l\u00e9gu\u00e9 &hellip;","og_url":"https:\/\/elmawkie.dz\/fr\/solidarite-avec-le-peuple-sahraoui-limposante-caravane-basque-consacre-lechec-des-manoeuvres-du-makhzen\/","og_site_name":"El Mawkie","article_publisher":"https:\/\/www.facebook.com\/profile.php?id=100088407094989&locale=fr_FR","article_published_time":"2026-03-15T21:30:35+00:00","article_modified_time":"2026-03-15T21:30:36+00:00","og_image":[{"width":800,"height":600,"url":"https:\/\/elmawkie.dz\/fr\/wp-content\/uploads\/2026\/03\/IMG_2609.webp","type":"image\/webp"}],"author":"R\u00e9daction","twitter_card":"summary_large_image","twitter_misc":{"Written by":"R\u00e9daction","Est. reading time":"2 minutes"},"schema":{"@context":"https:\/\/schema.org","@graph":[{"@type":"Article","@id":"https:\/\/elmawkie.dz\/fr\/solidarite-avec-le-peuple-sahraoui-limposante-caravane-basque-consacre-lechec-des-manoeuvres-du-makhzen\/#article","isPartOf":{"@id":"https:\/\/elmawkie.dz\/fr\/solidarite-avec-le-peuple-sahraoui-limposante-caravane-basque-consacre-lechec-des-manoeuvres-du-makhzen\/"},"author":{"name":"R\u00e9daction","@id":"https:\/\/elmawkie.dz\/fr\/#\/schema\/person\/e7bd59d6467874ba5c4723d8a9f0a63c"},"headline":"Solidarit\u00e9 avec le peuple sahraoui : L&rsquo;imposante caravane basque consacre l&rsquo;\u00e9chec des man\u0153uvres du Makhzen","datePublished":"2026-03-15T21:30:35+00:00","dateModified":"2026-03-15T21:30:36+00:00","mainEntityOfPage":{"@id":"https:\/\/elmawkie.dz\/fr\/solidarite-avec-le-peuple-sahraoui-limposante-caravane-basque-consacre-lechec-des-manoeuvres-du-makhzen\/"},"wordCount":350,"commentCount":0,"publisher":{"@id":"https:\/\/elmawkie.dz\/fr\/#organization"},"image":{"@id":"https:\/\/elmawkie.dz\/fr\/solidarite-avec-le-peuple-sahraoui-limposante-caravane-basque-consacre-lechec-des-manoeuvres-du-makhzen\/#primaryimage"},"thumbnailUrl":"https:\/\/elmawkie.dz\/fr\/wp-content\/uploads\/2026\/03\/IMG_2609.webp","keywords":["Caravane basque","Le peuple sahraoui","Makhzen"],"articleSection":["International"],"inLanguage":"fr-FR","potentialAction":[{"@type":"CommentAction","name":"Comment","target":["https:\/\/elmawkie.dz\/fr\/solidarite-avec-le-peuple-sahraoui-limposante-caravane-basque-consacre-lechec-des-manoeuvres-du-makhzen\/#respond"]}]},{"@type":"WebPage","@id":"https:\/\/elmawkie.dz\/fr\/solidarite-avec-le-peuple-sahraoui-limposante-caravane-basque-consacre-lechec-des-manoeuvres-du-makhzen\/","url":"https:\/\/elmawkie.dz\/fr\/solidarite-avec-le-peuple-sahraoui-limposante-caravane-basque-consacre-lechec-des-manoeuvres-du-makhzen\/","name":"Solidarit\u00e9 avec le peuple sahraoui : L'imposante caravane basque consacre l'\u00e9chec des man\u0153uvres du Makhzen - El Mawkie","isPartOf":{"@id":"https:\/\/elmawkie.dz\/fr\/#website"},"primaryImageOfPage":{"@id":"https:\/\/elmawkie.dz\/fr\/solidarite-avec-le-peuple-sahraoui-limposante-caravane-basque-consacre-lechec-des-manoeuvres-du-makhzen\/#primaryimage"},"image":{"@id":"https:\/\/elmawkie.dz\/fr\/solidarite-avec-le-peuple-sahraoui-limposante-caravane-basque-consacre-lechec-des-manoeuvres-du-makhzen\/#primaryimage"},"thumbnailUrl":"https:\/\/elmawkie.dz\/fr\/wp-content\/uploads\/2026\/03\/IMG_2609.webp","datePublished":"2026-03-15T21:30:35+00:00","dateModified":"2026-03-15T21:30:36+00:00","breadcrumb":{"@id":"https:\/\/elmawkie.dz\/fr\/solidarite-avec-le-peuple-sahraoui-limposante-caravane-basque-consacre-lechec-des-manoeuvres-du-makhzen\/#breadcrumb"},"inLanguage":"fr-FR","potentialAction":[{"@type":"ReadAction","target":["https:\/\/elmawkie.dz\/fr\/solidarite-avec-le-peuple-sahraoui-limposante-caravane-basque-consacre-lechec-des-manoeuvres-du-makhzen\/"]}]},{"@type":"ImageObject","inLanguage":"fr-FR","@id":"https:\/\/elmawkie.dz\/fr\/solidarite-avec-le-peuple-sahraoui-limposante-caravane-basque-consacre-lechec-des-manoeuvres-du-makhzen\/#primaryimage","url":"https:\/\/elmawkie.dz\/fr\/wp-content\/uploads\/2026\/03\/IMG_2609.webp","contentUrl":"https:\/\/elmawkie.dz\/fr\/wp-content\/uploads\/2026\/03\/IMG_2609.webp","width":800,"height":600},{"@type":"BreadcrumbList","@id":"https:\/\/elmawkie.dz\/fr\/solidarite-avec-le-peuple-sahraoui-limposante-caravane-basque-consacre-lechec-des-manoeuvres-du-makhzen\/#breadcrumb","itemListElement":[{"@type":"ListItem","position":1,"name":"Home","item":"https:\/\/elmawkie.dz\/fr\/"},{"@type":"ListItem","position":2,"name":"Solidarit\u00e9 avec le peuple sahraoui : L&rsquo;imposante caravane basque consacre l&rsquo;\u00e9chec des man\u0153uvres du Makhzen"}]},{"@type":"WebSite","@id":"https:\/\/elmawkie.dz\/fr\/#website","url":"https:\/\/elmawkie.dz\/fr\/","name":"EL MAWKIE","description":"Journal \u00c9lectronique Alg\u00e9rien","publisher":{"@id":"https:\/\/elmawkie.dz\/fr\/#organization"},"potentialAction":[{"@type":"SearchAction","target":{"@type":"EntryPoint","urlTemplate":"https:\/\/elmawkie.dz\/fr\/?s={search_term_string}"},"query-input":"required name=search_term_string"}],"inLanguage":"fr-FR"},{"@type":"Organization","@id":"https:\/\/elmawkie.dz\/fr\/#organization","name":"EL MAWKIE","url":"https:\/\/elmawkie.dz\/fr\/","logo":{"@type":"ImageObject","inLanguage":"fr-FR","@id":"https:\/\/elmawkie.dz\/fr\/#\/schema\/logo\/image\/","url":"https:\/\/elmawkie.dz\/fr\/wp-content\/uploads\/2024\/05\/logo1.png","contentUrl":"https:\/\/elmawkie.dz\/fr\/wp-content\/uploads\/2024\/05\/logo1.png","width":1648,"height":652,"caption":"EL MAWKIE"},"image":{"@id":"https:\/\/elmawkie.dz\/fr\/#\/schema\/logo\/image\/"},"sameAs":["https:\/\/www.facebook.com\/profile.php?id=100088407094989&locale=fr_FR"]},{"@type":"Person","@id":"https:\/\/elmawkie.dz\/fr\/#\/schema\/person\/e7bd59d6467874ba5c4723d8a9f0a63c","name":"R\u00e9daction","image":{"@type":"ImageObject","inLanguage":"fr-FR","@id":"https:\/\/elmawkie.dz\/fr\/#\/schema\/person\/image\/","url":"https:\/\/secure.gravatar.com\/avatar\/f0f773456344da4d2788c054a3d30a0c?s=96&d=mm&r=g","contentUrl":"https:\/\/secure.gravatar.com\/avatar\/f0f773456344da4d2788c054a3d30a0c?s=96&d=mm&r=g","caption":"R\u00e9daction"},"url":"https:\/\/elmawkie.dz\/fr\/author\/redaction\/"}]}},"_links":{"self":[{"href":"https:\/\/elmawkie.dz\/fr\/wp-json\/wp\/v2\/posts\/63471","targetHints":{"allow":["GET"]}}],"collection":[{"href":"https:\/\/elmawkie.dz\/fr\/wp-json\/wp\/v2\/posts"}],"about":[{"href":"https:\/\/elmawkie.dz\/fr\/wp-json\/wp\/v2\/types\/post"}],"author":[{"embeddable":true,"href":"https:\/\/elmawkie.dz\/fr\/wp-json\/wp\/v2\/users\/9"}],"replies":[{"embeddable":true,"href":"https:\/\/elmawkie.dz\/fr\/wp-json\/wp\/v2\/comments?post=63471"}],"version-history":[{"count":1,"href":"https:\/\/elmawkie.dz\/fr\/wp-json\/wp\/v2\/posts\/63471\/revisions"}],"predecessor-version":[{"id":63475,"href":"https:\/\/elmawkie.dz\/fr\/wp-json\/wp\/v2\/posts\/63471\/revisions\/63475"}],"wp:featuredmedia":[{"embeddable":true,"href":"https:\/\/elmawkie.dz\/fr\/wp-json\/wp\/v2\/media\/63473"}],"wp:attachment":[{"href":"https:\/\/elmawkie.dz\/fr\/wp-json\/wp\/v2\/media?parent=63471"}],"wp:term":[{"taxonomy":"category","embeddable":true,"href":"https:\/\/elmawkie.dz\/fr\/wp-json\/wp\/v2\/categories?post=63471"},{"taxonomy":"post_tag","embeddable":true,"href":"https:\/\/elmawkie.dz\/fr\/wp-json\/wp\/v2\/tags?post=63471"}],"curies":[{"name":"wp","href":"https:\/\/api.w.org\/{rel}","templated":true}]}}