{"id":63467,"date":"2026-03-15T17:39:29","date_gmt":"2026-03-15T16:39:29","guid":{"rendered":"https:\/\/elmawkie.dz\/fr\/?p=63467"},"modified":"2026-03-15T17:39:30","modified_gmt":"2026-03-15T16:39:30","slug":"tizi-ouzou-remise-dagrements-a-trois-associations-pour-louverture-de-centres-educatifs-specialises","status":"publish","type":"post","link":"https:\/\/elmawkie.dz\/fr\/tizi-ouzou-remise-dagrements-a-trois-associations-pour-louverture-de-centres-educatifs-specialises\/","title":{"rendered":"Tizi-Ouzou : remise d\u2019agr\u00e9ments \u00e0 trois associations pour l\u2019ouverture de centres \u00e9ducatifs sp\u00e9cialis\u00e9s"},"content":{"rendered":"\n<p>Trois associations ont b\u00e9n\u00e9fici\u00e9 dimanche d&rsquo;agr\u00e9ments pour l&rsquo;ouverture de Centres p\u00e9dagogiques pour enfants inadapt\u00e9s mentaux \u00e0 Tizi-Ouzou, \u00e0 l&rsquo;occasion de la c\u00e9l\u00e9bration de la Journ\u00e9e nationale des personnes aux besoins sp\u00e9cifiques (le 14 mars).<\/p>\n\n\n\n<p>Il s&rsquo;agit d&rsquo;une association de parents d&rsquo;enfants inadapt\u00e9s mentaux, une autre d&rsquo;enfants handicap\u00e9s mentaux et physiques et d&rsquo;une autre d&rsquo;aides aux enfants aux besoins sp\u00e9cifiques qui ont \u00e9t\u00e9 autoris\u00e9es \u00e0 g\u00e9rer des centres destin\u00e9s \u00e0 la prise en charge d&rsquo;enfants aux besoins sp\u00e9cifiques.<\/p>\n\n\n\n<p>Les nouvelles structures s&rsquo;ajouteront aux quatre du genre d\u00e9j\u00e0 existantes au niveau de la wilaya g\u00e9r\u00e9es par des associations. Les repr\u00e9sentants des trois associations ont re\u00e7u leurs agr\u00e9ments lors d&rsquo;une c\u00e9r\u00e9monie organis\u00e9e au Centre de loisirs scientifiques (CLS).<\/p>\n\n\n\n<p>Elles seront implant\u00e9es au niveau de trois localit\u00e9s diff\u00e9rentes, Souk El-thenine dans la commune de Maatkas, et aux Ouadhias et Ait Boumehdi dans la commune de Ouacifs.<\/p>\n\n\n\n<p>La wilaya de Tizi-Ouzou dispose, \u00e9galement, d&rsquo;un Centre d&rsquo;aide par le travail (CAT) \u00e0 Ait Aissa Mimoune qui est g\u00e9r\u00e9 par une association et qui est le deuxi\u00e8me du genre, apr\u00e8s celui d&rsquo;Alger, a-t-on appris du directeur local de l&rsquo;action sociale et de la solidarit\u00e9, Achour Mehanni.<\/p>\n\n\n\n<p>Un lot d&rsquo;\u00e9quipements, une dizaine de tricycles, une vingtaine de chaises roulantes, dont six \u00e9lectriques, ainsi que des proth\u00e8ses auditives ont \u00e9t\u00e9 distribu\u00e9s \u00e0 des personnes aux besoins sp\u00e9cifiques lors de cette c\u00e9r\u00e9monie organis\u00e9e en pr\u00e9sence des autorit\u00e9s locales.&nbsp;<\/p>\n","protected":false},"excerpt":{"rendered":"<p>Trois associations ont b\u00e9n\u00e9fici\u00e9 dimanche d&rsquo;agr\u00e9ments pour l&rsquo;ouverture de Centres p\u00e9dagogiques pour enfants inadapt\u00e9s mentaux \u00e0 Tizi-Ouzou, \u00e0 l&rsquo;occasion de la c\u00e9l\u00e9bration de la Journ\u00e9e nationale des personnes aux besoins sp\u00e9cifiques (le 14 mars). Il s&rsquo;agit d&rsquo;une association de parents d&rsquo;enfants inadapt\u00e9s mentaux, une autre d&rsquo;enfants handicap\u00e9s mentaux et physiques et d&rsquo;une autre d&rsquo;aides aux &hellip;<\/p>\n","protected":false},"author":9,"featured_media":63469,"comment_status":"open","ping_status":"open","sticky":false,"template":"","format":"standard","meta":{"footnotes":""},"categories":[50],"tags":[993],"class_list":["post-63467","post","type-post","status-publish","format-standard","has-post-thumbnail","hentry","category-region","tag-tizi-ouzou"],"yoast_head":"<!-- This site is optimized with the Yoast SEO Premium plugin v22.6 (Yoast SEO v22.6) - https:\/\/yoast.com\/wordpress\/plugins\/seo\/ -->\n<title>Tizi-Ouzou : remise d\u2019agr\u00e9ments \u00e0 trois associations pour l\u2019ouverture de centres \u00e9ducatifs sp\u00e9cialis\u00e9s - El Mawkie<\/title>\n<meta name=\"robots\" content=\"index, follow, max-snippet:-1, max-image-preview:large, max-video-preview:-1\" \/>\n<link rel=\"canonical\" href=\"https:\/\/elmawkie.dz\/fr\/tizi-ouzou-remise-dagrements-a-trois-associations-pour-louverture-de-centres-educatifs-specialises\/\" \/>\n<meta property=\"og:locale\" content=\"fr_FR\" \/>\n<meta property=\"og:type\" content=\"article\" \/>\n<meta property=\"og:title\" content=\"Tizi-Ouzou : remise d\u2019agr\u00e9ments \u00e0 trois associations pour l\u2019ouverture de centres \u00e9ducatifs sp\u00e9cialis\u00e9s\" \/>\n<meta property=\"og:description\" content=\"Trois associations ont b\u00e9n\u00e9fici\u00e9 dimanche d&rsquo;agr\u00e9ments pour l&rsquo;ouverture de Centres p\u00e9dagogiques pour enfants inadapt\u00e9s mentaux \u00e0 Tizi-Ouzou, \u00e0 l&rsquo;occasion de la c\u00e9l\u00e9bration de la Journ\u00e9e nationale des personnes aux besoins sp\u00e9cifiques (le 14 mars). Il s&rsquo;agit d&rsquo;une association de parents d&rsquo;enfants inadapt\u00e9s mentaux, une autre d&rsquo;enfants handicap\u00e9s mentaux et physiques et d&rsquo;une autre d&rsquo;aides aux &hellip;\" \/>\n<meta property=\"og:url\" content=\"https:\/\/elmawkie.dz\/fr\/tizi-ouzou-remise-dagrements-a-trois-associations-pour-louverture-de-centres-educatifs-specialises\/\" \/>\n<meta property=\"og:site_name\" content=\"El Mawkie\" \/>\n<meta property=\"article:publisher\" content=\"https:\/\/www.facebook.com\/profile.php?id=100088407094989&amp;locale=fr_FR\" \/>\n<meta property=\"article:published_time\" content=\"2026-03-15T16:39:29+00:00\" \/>\n<meta property=\"article:modified_time\" content=\"2026-03-15T16:39:30+00:00\" \/>\n<meta property=\"og:image\" content=\"https:\/\/elmawkie.dz\/fr\/wp-content\/uploads\/2026\/03\/IMG_2603.jpeg\" \/>\n\t<meta property=\"og:image:width\" content=\"1280\" \/>\n\t<meta property=\"og:image:height\" content=\"853\" \/>\n\t<meta property=\"og:image:type\" content=\"image\/jpeg\" \/>\n<meta name=\"author\" content=\"R\u00e9daction\" \/>\n<meta name=\"twitter:card\" content=\"summary_large_image\" \/>\n<meta name=\"twitter:label1\" content=\"Written by\" \/>\n\t<meta name=\"twitter:data1\" content=\"R\u00e9daction\" \/>\n\t<meta name=\"twitter:label2\" content=\"Est. reading time\" \/>\n\t<meta name=\"twitter:data2\" content=\"2 minutes\" \/>\n<script type=\"application\/ld+json\" class=\"yoast-schema-graph\">{\"@context\":\"https:\/\/schema.org\",\"@graph\":[{\"@type\":\"Article\",\"@id\":\"https:\/\/elmawkie.dz\/fr\/tizi-ouzou-remise-dagrements-a-trois-associations-pour-louverture-de-centres-educatifs-specialises\/#article\",\"isPartOf\":{\"@id\":\"https:\/\/elmawkie.dz\/fr\/tizi-ouzou-remise-dagrements-a-trois-associations-pour-louverture-de-centres-educatifs-specialises\/\"},\"author\":{\"name\":\"R\u00e9daction\",\"@id\":\"https:\/\/elmawkie.dz\/fr\/#\/schema\/person\/e7bd59d6467874ba5c4723d8a9f0a63c\"},\"headline\":\"Tizi-Ouzou : remise d\u2019agr\u00e9ments \u00e0 trois associations pour l\u2019ouverture de centres \u00e9ducatifs sp\u00e9cialis\u00e9s\",\"datePublished\":\"2026-03-15T16:39:29+00:00\",\"dateModified\":\"2026-03-15T16:39:30+00:00\",\"mainEntityOfPage\":{\"@id\":\"https:\/\/elmawkie.dz\/fr\/tizi-ouzou-remise-dagrements-a-trois-associations-pour-louverture-de-centres-educatifs-specialises\/\"},\"wordCount\":294,\"commentCount\":0,\"publisher\":{\"@id\":\"https:\/\/elmawkie.dz\/fr\/#organization\"},\"image\":{\"@id\":\"https:\/\/elmawkie.dz\/fr\/tizi-ouzou-remise-dagrements-a-trois-associations-pour-louverture-de-centres-educatifs-specialises\/#primaryimage\"},\"thumbnailUrl\":\"https:\/\/elmawkie.dz\/fr\/wp-content\/uploads\/2026\/03\/IMG_2603.jpeg\",\"keywords\":[\"Tizi-Ouzou\"],\"articleSection\":[\"R\u00e9gion\"],\"inLanguage\":\"fr-FR\",\"potentialAction\":[{\"@type\":\"CommentAction\",\"name\":\"Comment\",\"target\":[\"https:\/\/elmawkie.dz\/fr\/tizi-ouzou-remise-dagrements-a-trois-associations-pour-louverture-de-centres-educatifs-specialises\/#respond\"]}]},{\"@type\":\"WebPage\",\"@id\":\"https:\/\/elmawkie.dz\/fr\/tizi-ouzou-remise-dagrements-a-trois-associations-pour-louverture-de-centres-educatifs-specialises\/\",\"url\":\"https:\/\/elmawkie.dz\/fr\/tizi-ouzou-remise-dagrements-a-trois-associations-pour-louverture-de-centres-educatifs-specialises\/\",\"name\":\"Tizi-Ouzou : remise d\u2019agr\u00e9ments \u00e0 trois associations pour l\u2019ouverture de centres \u00e9ducatifs sp\u00e9cialis\u00e9s - El Mawkie\",\"isPartOf\":{\"@id\":\"https:\/\/elmawkie.dz\/fr\/#website\"},\"primaryImageOfPage\":{\"@id\":\"https:\/\/elmawkie.dz\/fr\/tizi-ouzou-remise-dagrements-a-trois-associations-pour-louverture-de-centres-educatifs-specialises\/#primaryimage\"},\"image\":{\"@id\":\"https:\/\/elmawkie.dz\/fr\/tizi-ouzou-remise-dagrements-a-trois-associations-pour-louverture-de-centres-educatifs-specialises\/#primaryimage\"},\"thumbnailUrl\":\"https:\/\/elmawkie.dz\/fr\/wp-content\/uploads\/2026\/03\/IMG_2603.jpeg\",\"datePublished\":\"2026-03-15T16:39:29+00:00\",\"dateModified\":\"2026-03-15T16:39:30+00:00\",\"breadcrumb\":{\"@id\":\"https:\/\/elmawkie.dz\/fr\/tizi-ouzou-remise-dagrements-a-trois-associations-pour-louverture-de-centres-educatifs-specialises\/#breadcrumb\"},\"inLanguage\":\"fr-FR\",\"potentialAction\":[{\"@type\":\"ReadAction\",\"target\":[\"https:\/\/elmawkie.dz\/fr\/tizi-ouzou-remise-dagrements-a-trois-associations-pour-louverture-de-centres-educatifs-specialises\/\"]}]},{\"@type\":\"ImageObject\",\"inLanguage\":\"fr-FR\",\"@id\":\"https:\/\/elmawkie.dz\/fr\/tizi-ouzou-remise-dagrements-a-trois-associations-pour-louverture-de-centres-educatifs-specialises\/#primaryimage\",\"url\":\"https:\/\/elmawkie.dz\/fr\/wp-content\/uploads\/2026\/03\/IMG_2603.jpeg\",\"contentUrl\":\"https:\/\/elmawkie.dz\/fr\/wp-content\/uploads\/2026\/03\/IMG_2603.jpeg\",\"width\":1280,\"height\":853},{\"@type\":\"BreadcrumbList\",\"@id\":\"https:\/\/elmawkie.dz\/fr\/tizi-ouzou-remise-dagrements-a-trois-associations-pour-louverture-de-centres-educatifs-specialises\/#breadcrumb\",\"itemListElement\":[{\"@type\":\"ListItem\",\"position\":1,\"name\":\"Home\",\"item\":\"https:\/\/elmawkie.dz\/fr\/\"},{\"@type\":\"ListItem\",\"position\":2,\"name\":\"Tizi-Ouzou : remise d\u2019agr\u00e9ments \u00e0 trois associations pour l\u2019ouverture de centres \u00e9ducatifs sp\u00e9cialis\u00e9s\"}]},{\"@type\":\"WebSite\",\"@id\":\"https:\/\/elmawkie.dz\/fr\/#website\",\"url\":\"https:\/\/elmawkie.dz\/fr\/\",\"name\":\"EL MAWKIE\",\"description\":\"Journal \u00c9lectronique Alg\u00e9rien\",\"publisher\":{\"@id\":\"https:\/\/elmawkie.dz\/fr\/#organization\"},\"potentialAction\":[{\"@type\":\"SearchAction\",\"target\":{\"@type\":\"EntryPoint\",\"urlTemplate\":\"https:\/\/elmawkie.dz\/fr\/?s={search_term_string}\"},\"query-input\":\"required name=search_term_string\"}],\"inLanguage\":\"fr-FR\"},{\"@type\":\"Organization\",\"@id\":\"https:\/\/elmawkie.dz\/fr\/#organization\",\"name\":\"EL MAWKIE\",\"url\":\"https:\/\/elmawkie.dz\/fr\/\",\"logo\":{\"@type\":\"ImageObject\",\"inLanguage\":\"fr-FR\",\"@id\":\"https:\/\/elmawkie.dz\/fr\/#\/schema\/logo\/image\/\",\"url\":\"https:\/\/elmawkie.dz\/fr\/wp-content\/uploads\/2024\/05\/logo1.png\",\"contentUrl\":\"https:\/\/elmawkie.dz\/fr\/wp-content\/uploads\/2024\/05\/logo1.png\",\"width\":1648,\"height\":652,\"caption\":\"EL MAWKIE\"},\"image\":{\"@id\":\"https:\/\/elmawkie.dz\/fr\/#\/schema\/logo\/image\/\"},\"sameAs\":[\"https:\/\/www.facebook.com\/profile.php?id=100088407094989&locale=fr_FR\"]},{\"@type\":\"Person\",\"@id\":\"https:\/\/elmawkie.dz\/fr\/#\/schema\/person\/e7bd59d6467874ba5c4723d8a9f0a63c\",\"name\":\"R\u00e9daction\",\"image\":{\"@type\":\"ImageObject\",\"inLanguage\":\"fr-FR\",\"@id\":\"https:\/\/elmawkie.dz\/fr\/#\/schema\/person\/image\/\",\"url\":\"https:\/\/secure.gravatar.com\/avatar\/f0f773456344da4d2788c054a3d30a0c?s=96&d=mm&r=g\",\"contentUrl\":\"https:\/\/secure.gravatar.com\/avatar\/f0f773456344da4d2788c054a3d30a0c?s=96&d=mm&r=g\",\"caption\":\"R\u00e9daction\"},\"url\":\"https:\/\/elmawkie.dz\/fr\/author\/redaction\/\"}]}<\/script>\n<!-- \/ Yoast SEO Premium plugin. -->","yoast_head_json":{"title":"Tizi-Ouzou : remise d\u2019agr\u00e9ments \u00e0 trois associations pour l\u2019ouverture de centres \u00e9ducatifs sp\u00e9cialis\u00e9s - El Mawkie","robots":{"index":"index","follow":"follow","max-snippet":"max-snippet:-1","max-image-preview":"max-image-preview:large","max-video-preview":"max-video-preview:-1"},"canonical":"https:\/\/elmawkie.dz\/fr\/tizi-ouzou-remise-dagrements-a-trois-associations-pour-louverture-de-centres-educatifs-specialises\/","og_locale":"fr_FR","og_type":"article","og_title":"Tizi-Ouzou : remise d\u2019agr\u00e9ments \u00e0 trois associations pour l\u2019ouverture de centres \u00e9ducatifs sp\u00e9cialis\u00e9s","og_description":"Trois associations ont b\u00e9n\u00e9fici\u00e9 dimanche d&rsquo;agr\u00e9ments pour l&rsquo;ouverture de Centres p\u00e9dagogiques pour enfants inadapt\u00e9s mentaux \u00e0 Tizi-Ouzou, \u00e0 l&rsquo;occasion de la c\u00e9l\u00e9bration de la Journ\u00e9e nationale des personnes aux besoins sp\u00e9cifiques (le 14 mars). Il s&rsquo;agit d&rsquo;une association de parents d&rsquo;enfants inadapt\u00e9s mentaux, une autre d&rsquo;enfants handicap\u00e9s mentaux et physiques et d&rsquo;une autre d&rsquo;aides aux &hellip;","og_url":"https:\/\/elmawkie.dz\/fr\/tizi-ouzou-remise-dagrements-a-trois-associations-pour-louverture-de-centres-educatifs-specialises\/","og_site_name":"El Mawkie","article_publisher":"https:\/\/www.facebook.com\/profile.php?id=100088407094989&locale=fr_FR","article_published_time":"2026-03-15T16:39:29+00:00","article_modified_time":"2026-03-15T16:39:30+00:00","og_image":[{"width":1280,"height":853,"url":"https:\/\/elmawkie.dz\/fr\/wp-content\/uploads\/2026\/03\/IMG_2603.jpeg","type":"image\/jpeg"}],"author":"R\u00e9daction","twitter_card":"summary_large_image","twitter_misc":{"Written by":"R\u00e9daction","Est. reading time":"2 minutes"},"schema":{"@context":"https:\/\/schema.org","@graph":[{"@type":"Article","@id":"https:\/\/elmawkie.dz\/fr\/tizi-ouzou-remise-dagrements-a-trois-associations-pour-louverture-de-centres-educatifs-specialises\/#article","isPartOf":{"@id":"https:\/\/elmawkie.dz\/fr\/tizi-ouzou-remise-dagrements-a-trois-associations-pour-louverture-de-centres-educatifs-specialises\/"},"author":{"name":"R\u00e9daction","@id":"https:\/\/elmawkie.dz\/fr\/#\/schema\/person\/e7bd59d6467874ba5c4723d8a9f0a63c"},"headline":"Tizi-Ouzou : remise d\u2019agr\u00e9ments \u00e0 trois associations pour l\u2019ouverture de centres \u00e9ducatifs sp\u00e9cialis\u00e9s","datePublished":"2026-03-15T16:39:29+00:00","dateModified":"2026-03-15T16:39:30+00:00","mainEntityOfPage":{"@id":"https:\/\/elmawkie.dz\/fr\/tizi-ouzou-remise-dagrements-a-trois-associations-pour-louverture-de-centres-educatifs-specialises\/"},"wordCount":294,"commentCount":0,"publisher":{"@id":"https:\/\/elmawkie.dz\/fr\/#organization"},"image":{"@id":"https:\/\/elmawkie.dz\/fr\/tizi-ouzou-remise-dagrements-a-trois-associations-pour-louverture-de-centres-educatifs-specialises\/#primaryimage"},"thumbnailUrl":"https:\/\/elmawkie.dz\/fr\/wp-content\/uploads\/2026\/03\/IMG_2603.jpeg","keywords":["Tizi-Ouzou"],"articleSection":["R\u00e9gion"],"inLanguage":"fr-FR","potentialAction":[{"@type":"CommentAction","name":"Comment","target":["https:\/\/elmawkie.dz\/fr\/tizi-ouzou-remise-dagrements-a-trois-associations-pour-louverture-de-centres-educatifs-specialises\/#respond"]}]},{"@type":"WebPage","@id":"https:\/\/elmawkie.dz\/fr\/tizi-ouzou-remise-dagrements-a-trois-associations-pour-louverture-de-centres-educatifs-specialises\/","url":"https:\/\/elmawkie.dz\/fr\/tizi-ouzou-remise-dagrements-a-trois-associations-pour-louverture-de-centres-educatifs-specialises\/","name":"Tizi-Ouzou : remise d\u2019agr\u00e9ments \u00e0 trois associations pour l\u2019ouverture de centres \u00e9ducatifs sp\u00e9cialis\u00e9s - El Mawkie","isPartOf":{"@id":"https:\/\/elmawkie.dz\/fr\/#website"},"primaryImageOfPage":{"@id":"https:\/\/elmawkie.dz\/fr\/tizi-ouzou-remise-dagrements-a-trois-associations-pour-louverture-de-centres-educatifs-specialises\/#primaryimage"},"image":{"@id":"https:\/\/elmawkie.dz\/fr\/tizi-ouzou-remise-dagrements-a-trois-associations-pour-louverture-de-centres-educatifs-specialises\/#primaryimage"},"thumbnailUrl":"https:\/\/elmawkie.dz\/fr\/wp-content\/uploads\/2026\/03\/IMG_2603.jpeg","datePublished":"2026-03-15T16:39:29+00:00","dateModified":"2026-03-15T16:39:30+00:00","breadcrumb":{"@id":"https:\/\/elmawkie.dz\/fr\/tizi-ouzou-remise-dagrements-a-trois-associations-pour-louverture-de-centres-educatifs-specialises\/#breadcrumb"},"inLanguage":"fr-FR","potentialAction":[{"@type":"ReadAction","target":["https:\/\/elmawkie.dz\/fr\/tizi-ouzou-remise-dagrements-a-trois-associations-pour-louverture-de-centres-educatifs-specialises\/"]}]},{"@type":"ImageObject","inLanguage":"fr-FR","@id":"https:\/\/elmawkie.dz\/fr\/tizi-ouzou-remise-dagrements-a-trois-associations-pour-louverture-de-centres-educatifs-specialises\/#primaryimage","url":"https:\/\/elmawkie.dz\/fr\/wp-content\/uploads\/2026\/03\/IMG_2603.jpeg","contentUrl":"https:\/\/elmawkie.dz\/fr\/wp-content\/uploads\/2026\/03\/IMG_2603.jpeg","width":1280,"height":853},{"@type":"BreadcrumbList","@id":"https:\/\/elmawkie.dz\/fr\/tizi-ouzou-remise-dagrements-a-trois-associations-pour-louverture-de-centres-educatifs-specialises\/#breadcrumb","itemListElement":[{"@type":"ListItem","position":1,"name":"Home","item":"https:\/\/elmawkie.dz\/fr\/"},{"@type":"ListItem","position":2,"name":"Tizi-Ouzou : remise d\u2019agr\u00e9ments \u00e0 trois associations pour l\u2019ouverture de centres \u00e9ducatifs sp\u00e9cialis\u00e9s"}]},{"@type":"WebSite","@id":"https:\/\/elmawkie.dz\/fr\/#website","url":"https:\/\/elmawkie.dz\/fr\/","name":"EL MAWKIE","description":"Journal \u00c9lectronique Alg\u00e9rien","publisher":{"@id":"https:\/\/elmawkie.dz\/fr\/#organization"},"potentialAction":[{"@type":"SearchAction","target":{"@type":"EntryPoint","urlTemplate":"https:\/\/elmawkie.dz\/fr\/?s={search_term_string}"},"query-input":"required name=search_term_string"}],"inLanguage":"fr-FR"},{"@type":"Organization","@id":"https:\/\/elmawkie.dz\/fr\/#organization","name":"EL MAWKIE","url":"https:\/\/elmawkie.dz\/fr\/","logo":{"@type":"ImageObject","inLanguage":"fr-FR","@id":"https:\/\/elmawkie.dz\/fr\/#\/schema\/logo\/image\/","url":"https:\/\/elmawkie.dz\/fr\/wp-content\/uploads\/2024\/05\/logo1.png","contentUrl":"https:\/\/elmawkie.dz\/fr\/wp-content\/uploads\/2024\/05\/logo1.png","width":1648,"height":652,"caption":"EL MAWKIE"},"image":{"@id":"https:\/\/elmawkie.dz\/fr\/#\/schema\/logo\/image\/"},"sameAs":["https:\/\/www.facebook.com\/profile.php?id=100088407094989&locale=fr_FR"]},{"@type":"Person","@id":"https:\/\/elmawkie.dz\/fr\/#\/schema\/person\/e7bd59d6467874ba5c4723d8a9f0a63c","name":"R\u00e9daction","image":{"@type":"ImageObject","inLanguage":"fr-FR","@id":"https:\/\/elmawkie.dz\/fr\/#\/schema\/person\/image\/","url":"https:\/\/secure.gravatar.com\/avatar\/f0f773456344da4d2788c054a3d30a0c?s=96&d=mm&r=g","contentUrl":"https:\/\/secure.gravatar.com\/avatar\/f0f773456344da4d2788c054a3d30a0c?s=96&d=mm&r=g","caption":"R\u00e9daction"},"url":"https:\/\/elmawkie.dz\/fr\/author\/redaction\/"}]}},"_links":{"self":[{"href":"https:\/\/elmawkie.dz\/fr\/wp-json\/wp\/v2\/posts\/63467","targetHints":{"allow":["GET"]}}],"collection":[{"href":"https:\/\/elmawkie.dz\/fr\/wp-json\/wp\/v2\/posts"}],"about":[{"href":"https:\/\/elmawkie.dz\/fr\/wp-json\/wp\/v2\/types\/post"}],"author":[{"embeddable":true,"href":"https:\/\/elmawkie.dz\/fr\/wp-json\/wp\/v2\/users\/9"}],"replies":[{"embeddable":true,"href":"https:\/\/elmawkie.dz\/fr\/wp-json\/wp\/v2\/comments?post=63467"}],"version-history":[{"count":1,"href":"https:\/\/elmawkie.dz\/fr\/wp-json\/wp\/v2\/posts\/63467\/revisions"}],"predecessor-version":[{"id":63470,"href":"https:\/\/elmawkie.dz\/fr\/wp-json\/wp\/v2\/posts\/63467\/revisions\/63470"}],"wp:featuredmedia":[{"embeddable":true,"href":"https:\/\/elmawkie.dz\/fr\/wp-json\/wp\/v2\/media\/63469"}],"wp:attachment":[{"href":"https:\/\/elmawkie.dz\/fr\/wp-json\/wp\/v2\/media?parent=63467"}],"wp:term":[{"taxonomy":"category","embeddable":true,"href":"https:\/\/elmawkie.dz\/fr\/wp-json\/wp\/v2\/categories?post=63467"},{"taxonomy":"post_tag","embeddable":true,"href":"https:\/\/elmawkie.dz\/fr\/wp-json\/wp\/v2\/tags?post=63467"}],"curies":[{"name":"wp","href":"https:\/\/api.w.org\/{rel}","templated":true}]}}