{"id":63451,"date":"2026-03-15T17:25:53","date_gmt":"2026-03-15T16:25:53","guid":{"rendered":"https:\/\/elmawkie.dz\/fr\/?p=63451"},"modified":"2026-03-15T17:25:54","modified_gmt":"2026-03-15T16:25:54","slug":"remise-des-bulletins-du-deuxieme-trimestre-porte-ouverte-dans-les-etablissements-scolaires-jeudi-prochain","status":"publish","type":"post","link":"https:\/\/elmawkie.dz\/fr\/remise-des-bulletins-du-deuxieme-trimestre-porte-ouverte-dans-les-etablissements-scolaires-jeudi-prochain\/","title":{"rendered":"Remise des bulletins du deuxi\u00e8me trimestre : porte ouverte dans les \u00e9tablissements scolaires jeudi prochain"},"content":{"rendered":"\n<p>Une journ\u00e9e portes ouvertes dans les \u00e9tablissements scolaires des trois cycles d&rsquo;enseignement sera organis\u00e9e jeudi prochain, afin de permettre aux parents d&rsquo;\u00e9l\u00e8ves de retirer les bulletins de leurs enfants et de prendre connaissance de leurs r\u00e9sultats scolaires, indique, dimanche, un communiqu\u00e9 du minist\u00e8re de l&rsquo;Education nationale.<\/p>\n\n\n\n<p>Cette journ\u00e9e s&rsquo;inscrit dans le cadre de \u00ab\u00a0la mise en \u0153uvre des mesures visant \u00e0 permettre aux parents de suivre les r\u00e9sultats de leurs enfants au cours du deuxi\u00e8me trimestre de l&rsquo;ann\u00e9e scolaire 2025-2026, et dans le but de renforcer la communication entre l&rsquo;\u00e9tablissement scolaire et les parents d&rsquo;\u00e9l\u00e8ves\u00a0\u00bb, pr\u00e9cise la m\u00eame source.<\/p>\n\n\n\n<p>Elle permet \u00e9galement aux parents de suivre le niveau de leurs enfants, de s&rsquo;enqu\u00e9rir de leur progr\u00e8s scolaire et de renforcer la communication directe avec le personnel p\u00e9dagogique et administratif des \u00e9tablissements scolaires, contribuant ainsi \u00e0 accompagner les \u00e9l\u00e8ves et \u00e0 les soutenir pour am\u00e9liorer leurs performances et obtenir de meilleurs r\u00e9sultats scolaires\u00a0\u00bb, conclut le communiqu\u00e9.&nbsp;<\/p>\n","protected":false},"excerpt":{"rendered":"<p>Une journ\u00e9e portes ouvertes dans les \u00e9tablissements scolaires des trois cycles d&rsquo;enseignement sera organis\u00e9e jeudi prochain, afin de permettre aux parents d&rsquo;\u00e9l\u00e8ves de retirer les bulletins de leurs enfants et de prendre connaissance de leurs r\u00e9sultats scolaires, indique, dimanche, un communiqu\u00e9 du minist\u00e8re de l&rsquo;Education nationale. Cette journ\u00e9e s&rsquo;inscrit dans le cadre de \u00ab\u00a0la mise &hellip;<\/p>\n","protected":false},"author":9,"featured_media":63453,"comment_status":"open","ping_status":"open","sticky":false,"template":"","format":"standard","meta":{"footnotes":""},"categories":[47],"tags":[],"class_list":["post-63451","post","type-post","status-publish","format-standard","has-post-thumbnail","hentry","category-national"],"yoast_head":"<!-- This site is optimized with the Yoast SEO Premium plugin v22.6 (Yoast SEO v22.6) - https:\/\/yoast.com\/wordpress\/plugins\/seo\/ -->\n<title>Remise des bulletins du deuxi\u00e8me trimestre : porte ouverte dans les \u00e9tablissements scolaires jeudi prochain - El Mawkie<\/title>\n<meta name=\"robots\" content=\"index, follow, max-snippet:-1, max-image-preview:large, max-video-preview:-1\" \/>\n<link rel=\"canonical\" href=\"https:\/\/elmawkie.dz\/fr\/remise-des-bulletins-du-deuxieme-trimestre-porte-ouverte-dans-les-etablissements-scolaires-jeudi-prochain\/\" \/>\n<meta property=\"og:locale\" content=\"fr_FR\" \/>\n<meta property=\"og:type\" content=\"article\" \/>\n<meta property=\"og:title\" content=\"Remise des bulletins du deuxi\u00e8me trimestre : porte ouverte dans les \u00e9tablissements scolaires jeudi prochain\" \/>\n<meta property=\"og:description\" content=\"Une journ\u00e9e portes ouvertes dans les \u00e9tablissements scolaires des trois cycles d&rsquo;enseignement sera organis\u00e9e jeudi prochain, afin de permettre aux parents d&rsquo;\u00e9l\u00e8ves de retirer les bulletins de leurs enfants et de prendre connaissance de leurs r\u00e9sultats scolaires, indique, dimanche, un communiqu\u00e9 du minist\u00e8re de l&rsquo;Education nationale. Cette journ\u00e9e s&rsquo;inscrit dans le cadre de \u00ab\u00a0la mise &hellip;\" \/>\n<meta property=\"og:url\" content=\"https:\/\/elmawkie.dz\/fr\/remise-des-bulletins-du-deuxieme-trimestre-porte-ouverte-dans-les-etablissements-scolaires-jeudi-prochain\/\" \/>\n<meta property=\"og:site_name\" content=\"El Mawkie\" \/>\n<meta property=\"article:publisher\" content=\"https:\/\/www.facebook.com\/profile.php?id=100088407094989&amp;locale=fr_FR\" \/>\n<meta property=\"article:published_time\" content=\"2026-03-15T16:25:53+00:00\" \/>\n<meta property=\"article:modified_time\" content=\"2026-03-15T16:25:54+00:00\" \/>\n<meta property=\"og:image\" content=\"https:\/\/elmawkie.dz\/fr\/wp-content\/uploads\/2026\/03\/IMG_2589.webp\" \/>\n\t<meta property=\"og:image:width\" content=\"1920\" \/>\n\t<meta property=\"og:image:height\" content=\"799\" \/>\n\t<meta property=\"og:image:type\" content=\"image\/webp\" \/>\n<meta name=\"author\" content=\"R\u00e9daction\" \/>\n<meta name=\"twitter:card\" content=\"summary_large_image\" \/>\n<meta name=\"twitter:label1\" content=\"Written by\" \/>\n\t<meta name=\"twitter:data1\" content=\"R\u00e9daction\" \/>\n\t<meta name=\"twitter:label2\" content=\"Est. reading time\" \/>\n\t<meta name=\"twitter:data2\" content=\"1 minute\" \/>\n<script type=\"application\/ld+json\" class=\"yoast-schema-graph\">{\"@context\":\"https:\/\/schema.org\",\"@graph\":[{\"@type\":\"Article\",\"@id\":\"https:\/\/elmawkie.dz\/fr\/remise-des-bulletins-du-deuxieme-trimestre-porte-ouverte-dans-les-etablissements-scolaires-jeudi-prochain\/#article\",\"isPartOf\":{\"@id\":\"https:\/\/elmawkie.dz\/fr\/remise-des-bulletins-du-deuxieme-trimestre-porte-ouverte-dans-les-etablissements-scolaires-jeudi-prochain\/\"},\"author\":{\"name\":\"R\u00e9daction\",\"@id\":\"https:\/\/elmawkie.dz\/fr\/#\/schema\/person\/e7bd59d6467874ba5c4723d8a9f0a63c\"},\"headline\":\"Remise des bulletins du deuxi\u00e8me trimestre : porte ouverte dans les \u00e9tablissements scolaires jeudi prochain\",\"datePublished\":\"2026-03-15T16:25:53+00:00\",\"dateModified\":\"2026-03-15T16:25:54+00:00\",\"mainEntityOfPage\":{\"@id\":\"https:\/\/elmawkie.dz\/fr\/remise-des-bulletins-du-deuxieme-trimestre-porte-ouverte-dans-les-etablissements-scolaires-jeudi-prochain\/\"},\"wordCount\":194,\"commentCount\":0,\"publisher\":{\"@id\":\"https:\/\/elmawkie.dz\/fr\/#organization\"},\"image\":{\"@id\":\"https:\/\/elmawkie.dz\/fr\/remise-des-bulletins-du-deuxieme-trimestre-porte-ouverte-dans-les-etablissements-scolaires-jeudi-prochain\/#primaryimage\"},\"thumbnailUrl\":\"https:\/\/elmawkie.dz\/fr\/wp-content\/uploads\/2026\/03\/IMG_2589.webp\",\"articleSection\":[\"National\"],\"inLanguage\":\"fr-FR\",\"potentialAction\":[{\"@type\":\"CommentAction\",\"name\":\"Comment\",\"target\":[\"https:\/\/elmawkie.dz\/fr\/remise-des-bulletins-du-deuxieme-trimestre-porte-ouverte-dans-les-etablissements-scolaires-jeudi-prochain\/#respond\"]}]},{\"@type\":\"WebPage\",\"@id\":\"https:\/\/elmawkie.dz\/fr\/remise-des-bulletins-du-deuxieme-trimestre-porte-ouverte-dans-les-etablissements-scolaires-jeudi-prochain\/\",\"url\":\"https:\/\/elmawkie.dz\/fr\/remise-des-bulletins-du-deuxieme-trimestre-porte-ouverte-dans-les-etablissements-scolaires-jeudi-prochain\/\",\"name\":\"Remise des bulletins du deuxi\u00e8me trimestre : porte ouverte dans les \u00e9tablissements scolaires jeudi prochain - El Mawkie\",\"isPartOf\":{\"@id\":\"https:\/\/elmawkie.dz\/fr\/#website\"},\"primaryImageOfPage\":{\"@id\":\"https:\/\/elmawkie.dz\/fr\/remise-des-bulletins-du-deuxieme-trimestre-porte-ouverte-dans-les-etablissements-scolaires-jeudi-prochain\/#primaryimage\"},\"image\":{\"@id\":\"https:\/\/elmawkie.dz\/fr\/remise-des-bulletins-du-deuxieme-trimestre-porte-ouverte-dans-les-etablissements-scolaires-jeudi-prochain\/#primaryimage\"},\"thumbnailUrl\":\"https:\/\/elmawkie.dz\/fr\/wp-content\/uploads\/2026\/03\/IMG_2589.webp\",\"datePublished\":\"2026-03-15T16:25:53+00:00\",\"dateModified\":\"2026-03-15T16:25:54+00:00\",\"breadcrumb\":{\"@id\":\"https:\/\/elmawkie.dz\/fr\/remise-des-bulletins-du-deuxieme-trimestre-porte-ouverte-dans-les-etablissements-scolaires-jeudi-prochain\/#breadcrumb\"},\"inLanguage\":\"fr-FR\",\"potentialAction\":[{\"@type\":\"ReadAction\",\"target\":[\"https:\/\/elmawkie.dz\/fr\/remise-des-bulletins-du-deuxieme-trimestre-porte-ouverte-dans-les-etablissements-scolaires-jeudi-prochain\/\"]}]},{\"@type\":\"ImageObject\",\"inLanguage\":\"fr-FR\",\"@id\":\"https:\/\/elmawkie.dz\/fr\/remise-des-bulletins-du-deuxieme-trimestre-porte-ouverte-dans-les-etablissements-scolaires-jeudi-prochain\/#primaryimage\",\"url\":\"https:\/\/elmawkie.dz\/fr\/wp-content\/uploads\/2026\/03\/IMG_2589.webp\",\"contentUrl\":\"https:\/\/elmawkie.dz\/fr\/wp-content\/uploads\/2026\/03\/IMG_2589.webp\",\"width\":1920,\"height\":799},{\"@type\":\"BreadcrumbList\",\"@id\":\"https:\/\/elmawkie.dz\/fr\/remise-des-bulletins-du-deuxieme-trimestre-porte-ouverte-dans-les-etablissements-scolaires-jeudi-prochain\/#breadcrumb\",\"itemListElement\":[{\"@type\":\"ListItem\",\"position\":1,\"name\":\"Home\",\"item\":\"https:\/\/elmawkie.dz\/fr\/\"},{\"@type\":\"ListItem\",\"position\":2,\"name\":\"Remise des bulletins du deuxi\u00e8me trimestre : porte ouverte dans les \u00e9tablissements scolaires jeudi prochain\"}]},{\"@type\":\"WebSite\",\"@id\":\"https:\/\/elmawkie.dz\/fr\/#website\",\"url\":\"https:\/\/elmawkie.dz\/fr\/\",\"name\":\"EL MAWKIE\",\"description\":\"Journal \u00c9lectronique Alg\u00e9rien\",\"publisher\":{\"@id\":\"https:\/\/elmawkie.dz\/fr\/#organization\"},\"potentialAction\":[{\"@type\":\"SearchAction\",\"target\":{\"@type\":\"EntryPoint\",\"urlTemplate\":\"https:\/\/elmawkie.dz\/fr\/?s={search_term_string}\"},\"query-input\":\"required name=search_term_string\"}],\"inLanguage\":\"fr-FR\"},{\"@type\":\"Organization\",\"@id\":\"https:\/\/elmawkie.dz\/fr\/#organization\",\"name\":\"EL MAWKIE\",\"url\":\"https:\/\/elmawkie.dz\/fr\/\",\"logo\":{\"@type\":\"ImageObject\",\"inLanguage\":\"fr-FR\",\"@id\":\"https:\/\/elmawkie.dz\/fr\/#\/schema\/logo\/image\/\",\"url\":\"https:\/\/elmawkie.dz\/fr\/wp-content\/uploads\/2024\/05\/logo1.png\",\"contentUrl\":\"https:\/\/elmawkie.dz\/fr\/wp-content\/uploads\/2024\/05\/logo1.png\",\"width\":1648,\"height\":652,\"caption\":\"EL MAWKIE\"},\"image\":{\"@id\":\"https:\/\/elmawkie.dz\/fr\/#\/schema\/logo\/image\/\"},\"sameAs\":[\"https:\/\/www.facebook.com\/profile.php?id=100088407094989&locale=fr_FR\"]},{\"@type\":\"Person\",\"@id\":\"https:\/\/elmawkie.dz\/fr\/#\/schema\/person\/e7bd59d6467874ba5c4723d8a9f0a63c\",\"name\":\"R\u00e9daction\",\"image\":{\"@type\":\"ImageObject\",\"inLanguage\":\"fr-FR\",\"@id\":\"https:\/\/elmawkie.dz\/fr\/#\/schema\/person\/image\/\",\"url\":\"https:\/\/secure.gravatar.com\/avatar\/f0f773456344da4d2788c054a3d30a0c?s=96&d=mm&r=g\",\"contentUrl\":\"https:\/\/secure.gravatar.com\/avatar\/f0f773456344da4d2788c054a3d30a0c?s=96&d=mm&r=g\",\"caption\":\"R\u00e9daction\"},\"url\":\"https:\/\/elmawkie.dz\/fr\/author\/redaction\/\"}]}<\/script>\n<!-- \/ Yoast SEO Premium plugin. -->","yoast_head_json":{"title":"Remise des bulletins du deuxi\u00e8me trimestre : porte ouverte dans les \u00e9tablissements scolaires jeudi prochain - El Mawkie","robots":{"index":"index","follow":"follow","max-snippet":"max-snippet:-1","max-image-preview":"max-image-preview:large","max-video-preview":"max-video-preview:-1"},"canonical":"https:\/\/elmawkie.dz\/fr\/remise-des-bulletins-du-deuxieme-trimestre-porte-ouverte-dans-les-etablissements-scolaires-jeudi-prochain\/","og_locale":"fr_FR","og_type":"article","og_title":"Remise des bulletins du deuxi\u00e8me trimestre : porte ouverte dans les \u00e9tablissements scolaires jeudi prochain","og_description":"Une journ\u00e9e portes ouvertes dans les \u00e9tablissements scolaires des trois cycles d&rsquo;enseignement sera organis\u00e9e jeudi prochain, afin de permettre aux parents d&rsquo;\u00e9l\u00e8ves de retirer les bulletins de leurs enfants et de prendre connaissance de leurs r\u00e9sultats scolaires, indique, dimanche, un communiqu\u00e9 du minist\u00e8re de l&rsquo;Education nationale. Cette journ\u00e9e s&rsquo;inscrit dans le cadre de \u00ab\u00a0la mise &hellip;","og_url":"https:\/\/elmawkie.dz\/fr\/remise-des-bulletins-du-deuxieme-trimestre-porte-ouverte-dans-les-etablissements-scolaires-jeudi-prochain\/","og_site_name":"El Mawkie","article_publisher":"https:\/\/www.facebook.com\/profile.php?id=100088407094989&locale=fr_FR","article_published_time":"2026-03-15T16:25:53+00:00","article_modified_time":"2026-03-15T16:25:54+00:00","og_image":[{"width":1920,"height":799,"url":"https:\/\/elmawkie.dz\/fr\/wp-content\/uploads\/2026\/03\/IMG_2589.webp","type":"image\/webp"}],"author":"R\u00e9daction","twitter_card":"summary_large_image","twitter_misc":{"Written by":"R\u00e9daction","Est. reading time":"1 minute"},"schema":{"@context":"https:\/\/schema.org","@graph":[{"@type":"Article","@id":"https:\/\/elmawkie.dz\/fr\/remise-des-bulletins-du-deuxieme-trimestre-porte-ouverte-dans-les-etablissements-scolaires-jeudi-prochain\/#article","isPartOf":{"@id":"https:\/\/elmawkie.dz\/fr\/remise-des-bulletins-du-deuxieme-trimestre-porte-ouverte-dans-les-etablissements-scolaires-jeudi-prochain\/"},"author":{"name":"R\u00e9daction","@id":"https:\/\/elmawkie.dz\/fr\/#\/schema\/person\/e7bd59d6467874ba5c4723d8a9f0a63c"},"headline":"Remise des bulletins du deuxi\u00e8me trimestre : porte ouverte dans les \u00e9tablissements scolaires jeudi prochain","datePublished":"2026-03-15T16:25:53+00:00","dateModified":"2026-03-15T16:25:54+00:00","mainEntityOfPage":{"@id":"https:\/\/elmawkie.dz\/fr\/remise-des-bulletins-du-deuxieme-trimestre-porte-ouverte-dans-les-etablissements-scolaires-jeudi-prochain\/"},"wordCount":194,"commentCount":0,"publisher":{"@id":"https:\/\/elmawkie.dz\/fr\/#organization"},"image":{"@id":"https:\/\/elmawkie.dz\/fr\/remise-des-bulletins-du-deuxieme-trimestre-porte-ouverte-dans-les-etablissements-scolaires-jeudi-prochain\/#primaryimage"},"thumbnailUrl":"https:\/\/elmawkie.dz\/fr\/wp-content\/uploads\/2026\/03\/IMG_2589.webp","articleSection":["National"],"inLanguage":"fr-FR","potentialAction":[{"@type":"CommentAction","name":"Comment","target":["https:\/\/elmawkie.dz\/fr\/remise-des-bulletins-du-deuxieme-trimestre-porte-ouverte-dans-les-etablissements-scolaires-jeudi-prochain\/#respond"]}]},{"@type":"WebPage","@id":"https:\/\/elmawkie.dz\/fr\/remise-des-bulletins-du-deuxieme-trimestre-porte-ouverte-dans-les-etablissements-scolaires-jeudi-prochain\/","url":"https:\/\/elmawkie.dz\/fr\/remise-des-bulletins-du-deuxieme-trimestre-porte-ouverte-dans-les-etablissements-scolaires-jeudi-prochain\/","name":"Remise des bulletins du deuxi\u00e8me trimestre : porte ouverte dans les \u00e9tablissements scolaires jeudi prochain - El Mawkie","isPartOf":{"@id":"https:\/\/elmawkie.dz\/fr\/#website"},"primaryImageOfPage":{"@id":"https:\/\/elmawkie.dz\/fr\/remise-des-bulletins-du-deuxieme-trimestre-porte-ouverte-dans-les-etablissements-scolaires-jeudi-prochain\/#primaryimage"},"image":{"@id":"https:\/\/elmawkie.dz\/fr\/remise-des-bulletins-du-deuxieme-trimestre-porte-ouverte-dans-les-etablissements-scolaires-jeudi-prochain\/#primaryimage"},"thumbnailUrl":"https:\/\/elmawkie.dz\/fr\/wp-content\/uploads\/2026\/03\/IMG_2589.webp","datePublished":"2026-03-15T16:25:53+00:00","dateModified":"2026-03-15T16:25:54+00:00","breadcrumb":{"@id":"https:\/\/elmawkie.dz\/fr\/remise-des-bulletins-du-deuxieme-trimestre-porte-ouverte-dans-les-etablissements-scolaires-jeudi-prochain\/#breadcrumb"},"inLanguage":"fr-FR","potentialAction":[{"@type":"ReadAction","target":["https:\/\/elmawkie.dz\/fr\/remise-des-bulletins-du-deuxieme-trimestre-porte-ouverte-dans-les-etablissements-scolaires-jeudi-prochain\/"]}]},{"@type":"ImageObject","inLanguage":"fr-FR","@id":"https:\/\/elmawkie.dz\/fr\/remise-des-bulletins-du-deuxieme-trimestre-porte-ouverte-dans-les-etablissements-scolaires-jeudi-prochain\/#primaryimage","url":"https:\/\/elmawkie.dz\/fr\/wp-content\/uploads\/2026\/03\/IMG_2589.webp","contentUrl":"https:\/\/elmawkie.dz\/fr\/wp-content\/uploads\/2026\/03\/IMG_2589.webp","width":1920,"height":799},{"@type":"BreadcrumbList","@id":"https:\/\/elmawkie.dz\/fr\/remise-des-bulletins-du-deuxieme-trimestre-porte-ouverte-dans-les-etablissements-scolaires-jeudi-prochain\/#breadcrumb","itemListElement":[{"@type":"ListItem","position":1,"name":"Home","item":"https:\/\/elmawkie.dz\/fr\/"},{"@type":"ListItem","position":2,"name":"Remise des bulletins du deuxi\u00e8me trimestre : porte ouverte dans les \u00e9tablissements scolaires jeudi prochain"}]},{"@type":"WebSite","@id":"https:\/\/elmawkie.dz\/fr\/#website","url":"https:\/\/elmawkie.dz\/fr\/","name":"EL MAWKIE","description":"Journal \u00c9lectronique Alg\u00e9rien","publisher":{"@id":"https:\/\/elmawkie.dz\/fr\/#organization"},"potentialAction":[{"@type":"SearchAction","target":{"@type":"EntryPoint","urlTemplate":"https:\/\/elmawkie.dz\/fr\/?s={search_term_string}"},"query-input":"required name=search_term_string"}],"inLanguage":"fr-FR"},{"@type":"Organization","@id":"https:\/\/elmawkie.dz\/fr\/#organization","name":"EL MAWKIE","url":"https:\/\/elmawkie.dz\/fr\/","logo":{"@type":"ImageObject","inLanguage":"fr-FR","@id":"https:\/\/elmawkie.dz\/fr\/#\/schema\/logo\/image\/","url":"https:\/\/elmawkie.dz\/fr\/wp-content\/uploads\/2024\/05\/logo1.png","contentUrl":"https:\/\/elmawkie.dz\/fr\/wp-content\/uploads\/2024\/05\/logo1.png","width":1648,"height":652,"caption":"EL MAWKIE"},"image":{"@id":"https:\/\/elmawkie.dz\/fr\/#\/schema\/logo\/image\/"},"sameAs":["https:\/\/www.facebook.com\/profile.php?id=100088407094989&locale=fr_FR"]},{"@type":"Person","@id":"https:\/\/elmawkie.dz\/fr\/#\/schema\/person\/e7bd59d6467874ba5c4723d8a9f0a63c","name":"R\u00e9daction","image":{"@type":"ImageObject","inLanguage":"fr-FR","@id":"https:\/\/elmawkie.dz\/fr\/#\/schema\/person\/image\/","url":"https:\/\/secure.gravatar.com\/avatar\/f0f773456344da4d2788c054a3d30a0c?s=96&d=mm&r=g","contentUrl":"https:\/\/secure.gravatar.com\/avatar\/f0f773456344da4d2788c054a3d30a0c?s=96&d=mm&r=g","caption":"R\u00e9daction"},"url":"https:\/\/elmawkie.dz\/fr\/author\/redaction\/"}]}},"_links":{"self":[{"href":"https:\/\/elmawkie.dz\/fr\/wp-json\/wp\/v2\/posts\/63451","targetHints":{"allow":["GET"]}}],"collection":[{"href":"https:\/\/elmawkie.dz\/fr\/wp-json\/wp\/v2\/posts"}],"about":[{"href":"https:\/\/elmawkie.dz\/fr\/wp-json\/wp\/v2\/types\/post"}],"author":[{"embeddable":true,"href":"https:\/\/elmawkie.dz\/fr\/wp-json\/wp\/v2\/users\/9"}],"replies":[{"embeddable":true,"href":"https:\/\/elmawkie.dz\/fr\/wp-json\/wp\/v2\/comments?post=63451"}],"version-history":[{"count":1,"href":"https:\/\/elmawkie.dz\/fr\/wp-json\/wp\/v2\/posts\/63451\/revisions"}],"predecessor-version":[{"id":63454,"href":"https:\/\/elmawkie.dz\/fr\/wp-json\/wp\/v2\/posts\/63451\/revisions\/63454"}],"wp:featuredmedia":[{"embeddable":true,"href":"https:\/\/elmawkie.dz\/fr\/wp-json\/wp\/v2\/media\/63453"}],"wp:attachment":[{"href":"https:\/\/elmawkie.dz\/fr\/wp-json\/wp\/v2\/media?parent=63451"}],"wp:term":[{"taxonomy":"category","embeddable":true,"href":"https:\/\/elmawkie.dz\/fr\/wp-json\/wp\/v2\/categories?post=63451"},{"taxonomy":"post_tag","embeddable":true,"href":"https:\/\/elmawkie.dz\/fr\/wp-json\/wp\/v2\/tags?post=63451"}],"curies":[{"name":"wp","href":"https:\/\/api.w.org\/{rel}","templated":true}]}}