{"id":63418,"date":"2026-03-14T13:01:54","date_gmt":"2026-03-14T12:01:54","guid":{"rendered":"https:\/\/elmawkie.dz\/fr\/?p=63418"},"modified":"2026-03-14T13:01:55","modified_gmt":"2026-03-14T12:01:55","slug":"lambassade-de-palestine-en-algerie-celebre-la-journee-de-la-culture-palestinienne","status":"publish","type":"post","link":"https:\/\/elmawkie.dz\/fr\/lambassade-de-palestine-en-algerie-celebre-la-journee-de-la-culture-palestinienne\/","title":{"rendered":"L\u2019ambassade de Palestine en Alg\u00e9rie c\u00e9l\u00e8bre la Journ\u00e9e de la culture palestinienne"},"content":{"rendered":"\n<p>L&rsquo;ambassade de l&rsquo;Etat de Palestine en Alg\u00e9rie a c\u00e9l\u00e9br\u00e9, vendredi soir \u00e0 Alger, la Journ\u00e9e de la culture palestinienne, co\u00efncidant avec l&rsquo;anniversaire de naissance du po\u00e8te de la cause palestinienne, feu Mahmoud Darwich (1941-2008), \u00e0 travers un riche programme d&rsquo;activit\u00e9s culturelles et artistiques, en vue de promouvoir l&rsquo;identit\u00e9 nationale et le patrimoine culturel palestiniens.<\/p>\n\n\n\n<p>Organis\u00e9e sous le slogan \u00ab\u00a0Notre culture, notre histoire&#8230;la Palestine, notre patrie\u00a0\u00bb, cette rencontre, qui a r\u00e9uni des membres de la communaut\u00e9 palestinienne et des \u00e9tudiants palestiniens r\u00e9sidant en Alg\u00e9rie, a \u00e9t\u00e9 marqu\u00e9e par de belles prestations vocales et musicales de Dabkeh et de Mawawil puis\u00e9s du patrimoine culturel palestinien ancestral, outre la pr\u00e9sentation de plats traditionnels de la cuisine palestinienne.<\/p>\n\n\n\n<p>Dans son allocution d&rsquo;ouverture, l&rsquo;ambassadeur de l&rsquo;Etat de Palestine en Alg\u00e9rie, Fayez Abu Aita, a exprim\u00e9 sa joie de c\u00e9l\u00e9brer la Journ\u00e9e de la culture palestinienne, pr\u00e9sentant, \u00e0 cette occasion, ses \u00ab\u00a0plus vifs remerciements et sa profonde reconnaissance \u00e0 l&rsquo;Alg\u00e9rie, dirigeants, gouvernement et peuple, pour les efforts tous azimuts d\u00e9ploy\u00e9s en soutien \u00e0 la cause palestinienne\u00a0\u00bb.<\/p>\n\n\n\n<p>\u00ab\u00a0Les po\u00e8tes, \u00e9crivains et intellectuels palestiniens en particulier, et arabes en g\u00e9n\u00e9ral, ont grandement contribu\u00e9 \u00e0 la pr\u00e9servation de l&rsquo;identit\u00e9 nationale palestinienne et du patrimoine palestinien, face au plan imp\u00e9rialiste sioniste visant \u00e0 effacer la culture et l&rsquo;identit\u00e9 palestiniennes\u00a0\u00bb, a-t-il estim\u00e9.<\/p>\n\n\n\n<p>M. Abu Aita a indiqu\u00e9 que \u00ab\u00a0gr\u00e2ce \u00e0 ces intellectuels \u00e9minents qui ont pr\u00e9serv\u00e9 la culture et l&rsquo;identit\u00e9 du peuple palestinien, nous avons pu renforcer, incarner et mettre en valeur cette culture dans notre patrie et dans la diaspora\u00a0\u00bb, soulignant \u00ab\u00a0la n\u00e9cessit\u00e9 de continuer \u00e0 s&rsquo;attacher aux droits nationaux palestiniens, ainsi qu&rsquo;\u00e0 l&rsquo;identit\u00e9, \u00e0 la culture, aux valeurs, aux coutumes et aux traditions palestiniennes\u00a0\u00bb.<\/p>\n\n\n\n<p>De son c\u00f4t\u00e9, le pr\u00e9sident de l&rsquo;Union g\u00e9n\u00e9rale des \u00e9crivains palestiniens (section d&rsquo;Alg\u00e9rie), Hussein Abou Al-Nadjaa, a \u00e9voqu\u00e9 le r\u00f4le des \u00e9crivains, des po\u00e8tes et des intellectuels palestiniens, depuis les d\u00e9buts de l&rsquo;occupation sioniste, dans \u00ab\u00a0la pr\u00e9servation et la protection des composantes de l&rsquo;identit\u00e9 et du patrimoine culturel national palestinien\u00a0\u00bb, ainsi que dans \u00ab\u00a0la lutte contre la d\u00e9sinformation sioniste et les tentatives d&rsquo;occultation de la v\u00e9rit\u00e9 historique et d&rsquo;appropriation des \u00e9l\u00e9ments de l&rsquo;identit\u00e9 et du patrimoine national palestiniens\u00a0\u00bb.<\/p>\n\n\n\n<p>La soir\u00e9e a \u00e9t\u00e9 ponctu\u00e9e par une exposition consacr\u00e9e au patrimoine vestimentaire palestinien, pr\u00e9sentant des mod\u00e8les remarquables de costumes et de bijoux traditionnels, en sus de lectures po\u00e9tiques inspir\u00e9es des oeuvres de Mahmoud Darwich. Elle a vu \u00e9galement la projection d&rsquo;un court m\u00e9trage retra\u00e7ant le parcours et la lutte de Mahmoud Darwich. Un groupe de cr\u00e9ateurs et cr\u00e9atrices palestiniens, r\u00e9sidant en Alg\u00e9rie, dans les domaines de la litt\u00e9rature, de la po\u00e9sie, de la musique et de l&rsquo;\u00e9dition, ont \u00e9t\u00e9 aussi honor\u00e9s en reconnaissance de leurs efforts pour pr\u00e9server la culture et le patrimoine palestiniens.&nbsp;<\/p>\n","protected":false},"excerpt":{"rendered":"<p>L&rsquo;ambassade de l&rsquo;Etat de Palestine en Alg\u00e9rie a c\u00e9l\u00e9br\u00e9, vendredi soir \u00e0 Alger, la Journ\u00e9e de la culture palestinienne, co\u00efncidant avec l&rsquo;anniversaire de naissance du po\u00e8te de la cause palestinienne, feu Mahmoud Darwich (1941-2008), \u00e0 travers un riche programme d&rsquo;activit\u00e9s culturelles et artistiques, en vue de promouvoir l&rsquo;identit\u00e9 nationale et le patrimoine culturel palestiniens. Organis\u00e9e &hellip;<\/p>\n","protected":false},"author":9,"featured_media":63420,"comment_status":"open","ping_status":"open","sticky":false,"template":"","format":"standard","meta":{"footnotes":""},"categories":[3,44,47],"tags":[],"class_list":["post-63418","post","type-post","status-publish","format-standard","has-post-thumbnail","hentry","category-bs-culture","category-international","category-national"],"yoast_head":"<!-- This site is optimized with the Yoast SEO Premium plugin v22.6 (Yoast SEO v22.6) - https:\/\/yoast.com\/wordpress\/plugins\/seo\/ -->\n<title>L\u2019ambassade de Palestine en Alg\u00e9rie c\u00e9l\u00e8bre la Journ\u00e9e de la culture palestinienne - El Mawkie<\/title>\n<meta name=\"robots\" content=\"index, follow, max-snippet:-1, max-image-preview:large, max-video-preview:-1\" \/>\n<link rel=\"canonical\" href=\"https:\/\/elmawkie.dz\/fr\/lambassade-de-palestine-en-algerie-celebre-la-journee-de-la-culture-palestinienne\/\" \/>\n<meta property=\"og:locale\" content=\"fr_FR\" \/>\n<meta property=\"og:type\" content=\"article\" \/>\n<meta property=\"og:title\" content=\"L\u2019ambassade de Palestine en Alg\u00e9rie c\u00e9l\u00e8bre la Journ\u00e9e de la culture palestinienne\" \/>\n<meta property=\"og:description\" content=\"L&rsquo;ambassade de l&rsquo;Etat de Palestine en Alg\u00e9rie a c\u00e9l\u00e9br\u00e9, vendredi soir \u00e0 Alger, la Journ\u00e9e de la culture palestinienne, co\u00efncidant avec l&rsquo;anniversaire de naissance du po\u00e8te de la cause palestinienne, feu Mahmoud Darwich (1941-2008), \u00e0 travers un riche programme d&rsquo;activit\u00e9s culturelles et artistiques, en vue de promouvoir l&rsquo;identit\u00e9 nationale et le patrimoine culturel palestiniens. Organis\u00e9e &hellip;\" \/>\n<meta property=\"og:url\" content=\"https:\/\/elmawkie.dz\/fr\/lambassade-de-palestine-en-algerie-celebre-la-journee-de-la-culture-palestinienne\/\" \/>\n<meta property=\"og:site_name\" content=\"El Mawkie\" \/>\n<meta property=\"article:publisher\" content=\"https:\/\/www.facebook.com\/profile.php?id=100088407094989&amp;locale=fr_FR\" \/>\n<meta property=\"article:published_time\" content=\"2026-03-14T12:01:54+00:00\" \/>\n<meta property=\"article:modified_time\" content=\"2026-03-14T12:01:55+00:00\" \/>\n<meta property=\"og:image\" content=\"https:\/\/elmawkie.dz\/fr\/wp-content\/uploads\/2026\/03\/5f6c71fa-7d64-4264-be4c-339068845c3a.jpeg\" \/>\n\t<meta property=\"og:image:width\" content=\"1058\" \/>\n\t<meta property=\"og:image:height\" content=\"725\" \/>\n\t<meta property=\"og:image:type\" content=\"image\/jpeg\" \/>\n<meta name=\"author\" content=\"R\u00e9daction\" \/>\n<meta name=\"twitter:card\" content=\"summary_large_image\" \/>\n<meta name=\"twitter:label1\" content=\"Written by\" \/>\n\t<meta name=\"twitter:data1\" content=\"R\u00e9daction\" \/>\n\t<meta name=\"twitter:label2\" content=\"Est. reading time\" \/>\n\t<meta name=\"twitter:data2\" content=\"3 minutes\" \/>\n<script type=\"application\/ld+json\" class=\"yoast-schema-graph\">{\"@context\":\"https:\/\/schema.org\",\"@graph\":[{\"@type\":\"Article\",\"@id\":\"https:\/\/elmawkie.dz\/fr\/lambassade-de-palestine-en-algerie-celebre-la-journee-de-la-culture-palestinienne\/#article\",\"isPartOf\":{\"@id\":\"https:\/\/elmawkie.dz\/fr\/lambassade-de-palestine-en-algerie-celebre-la-journee-de-la-culture-palestinienne\/\"},\"author\":{\"name\":\"R\u00e9daction\",\"@id\":\"https:\/\/elmawkie.dz\/fr\/#\/schema\/person\/e7bd59d6467874ba5c4723d8a9f0a63c\"},\"headline\":\"L\u2019ambassade de Palestine en Alg\u00e9rie c\u00e9l\u00e8bre la Journ\u00e9e de la culture palestinienne\",\"datePublished\":\"2026-03-14T12:01:54+00:00\",\"dateModified\":\"2026-03-14T12:01:55+00:00\",\"mainEntityOfPage\":{\"@id\":\"https:\/\/elmawkie.dz\/fr\/lambassade-de-palestine-en-algerie-celebre-la-journee-de-la-culture-palestinienne\/\"},\"wordCount\":538,\"commentCount\":0,\"publisher\":{\"@id\":\"https:\/\/elmawkie.dz\/fr\/#organization\"},\"image\":{\"@id\":\"https:\/\/elmawkie.dz\/fr\/lambassade-de-palestine-en-algerie-celebre-la-journee-de-la-culture-palestinienne\/#primaryimage\"},\"thumbnailUrl\":\"https:\/\/elmawkie.dz\/fr\/wp-content\/uploads\/2026\/03\/5f6c71fa-7d64-4264-be4c-339068845c3a.jpeg\",\"articleSection\":[\"Culture\",\"International\",\"National\"],\"inLanguage\":\"fr-FR\",\"potentialAction\":[{\"@type\":\"CommentAction\",\"name\":\"Comment\",\"target\":[\"https:\/\/elmawkie.dz\/fr\/lambassade-de-palestine-en-algerie-celebre-la-journee-de-la-culture-palestinienne\/#respond\"]}]},{\"@type\":\"WebPage\",\"@id\":\"https:\/\/elmawkie.dz\/fr\/lambassade-de-palestine-en-algerie-celebre-la-journee-de-la-culture-palestinienne\/\",\"url\":\"https:\/\/elmawkie.dz\/fr\/lambassade-de-palestine-en-algerie-celebre-la-journee-de-la-culture-palestinienne\/\",\"name\":\"L\u2019ambassade de Palestine en Alg\u00e9rie c\u00e9l\u00e8bre la Journ\u00e9e de la culture palestinienne - El Mawkie\",\"isPartOf\":{\"@id\":\"https:\/\/elmawkie.dz\/fr\/#website\"},\"primaryImageOfPage\":{\"@id\":\"https:\/\/elmawkie.dz\/fr\/lambassade-de-palestine-en-algerie-celebre-la-journee-de-la-culture-palestinienne\/#primaryimage\"},\"image\":{\"@id\":\"https:\/\/elmawkie.dz\/fr\/lambassade-de-palestine-en-algerie-celebre-la-journee-de-la-culture-palestinienne\/#primaryimage\"},\"thumbnailUrl\":\"https:\/\/elmawkie.dz\/fr\/wp-content\/uploads\/2026\/03\/5f6c71fa-7d64-4264-be4c-339068845c3a.jpeg\",\"datePublished\":\"2026-03-14T12:01:54+00:00\",\"dateModified\":\"2026-03-14T12:01:55+00:00\",\"breadcrumb\":{\"@id\":\"https:\/\/elmawkie.dz\/fr\/lambassade-de-palestine-en-algerie-celebre-la-journee-de-la-culture-palestinienne\/#breadcrumb\"},\"inLanguage\":\"fr-FR\",\"potentialAction\":[{\"@type\":\"ReadAction\",\"target\":[\"https:\/\/elmawkie.dz\/fr\/lambassade-de-palestine-en-algerie-celebre-la-journee-de-la-culture-palestinienne\/\"]}]},{\"@type\":\"ImageObject\",\"inLanguage\":\"fr-FR\",\"@id\":\"https:\/\/elmawkie.dz\/fr\/lambassade-de-palestine-en-algerie-celebre-la-journee-de-la-culture-palestinienne\/#primaryimage\",\"url\":\"https:\/\/elmawkie.dz\/fr\/wp-content\/uploads\/2026\/03\/5f6c71fa-7d64-4264-be4c-339068845c3a.jpeg\",\"contentUrl\":\"https:\/\/elmawkie.dz\/fr\/wp-content\/uploads\/2026\/03\/5f6c71fa-7d64-4264-be4c-339068845c3a.jpeg\",\"width\":1058,\"height\":725},{\"@type\":\"BreadcrumbList\",\"@id\":\"https:\/\/elmawkie.dz\/fr\/lambassade-de-palestine-en-algerie-celebre-la-journee-de-la-culture-palestinienne\/#breadcrumb\",\"itemListElement\":[{\"@type\":\"ListItem\",\"position\":1,\"name\":\"Home\",\"item\":\"https:\/\/elmawkie.dz\/fr\/\"},{\"@type\":\"ListItem\",\"position\":2,\"name\":\"L\u2019ambassade de Palestine en Alg\u00e9rie c\u00e9l\u00e8bre la Journ\u00e9e de la culture palestinienne\"}]},{\"@type\":\"WebSite\",\"@id\":\"https:\/\/elmawkie.dz\/fr\/#website\",\"url\":\"https:\/\/elmawkie.dz\/fr\/\",\"name\":\"EL MAWKIE\",\"description\":\"Journal \u00c9lectronique Alg\u00e9rien\",\"publisher\":{\"@id\":\"https:\/\/elmawkie.dz\/fr\/#organization\"},\"potentialAction\":[{\"@type\":\"SearchAction\",\"target\":{\"@type\":\"EntryPoint\",\"urlTemplate\":\"https:\/\/elmawkie.dz\/fr\/?s={search_term_string}\"},\"query-input\":\"required name=search_term_string\"}],\"inLanguage\":\"fr-FR\"},{\"@type\":\"Organization\",\"@id\":\"https:\/\/elmawkie.dz\/fr\/#organization\",\"name\":\"EL MAWKIE\",\"url\":\"https:\/\/elmawkie.dz\/fr\/\",\"logo\":{\"@type\":\"ImageObject\",\"inLanguage\":\"fr-FR\",\"@id\":\"https:\/\/elmawkie.dz\/fr\/#\/schema\/logo\/image\/\",\"url\":\"https:\/\/elmawkie.dz\/fr\/wp-content\/uploads\/2024\/05\/logo1.png\",\"contentUrl\":\"https:\/\/elmawkie.dz\/fr\/wp-content\/uploads\/2024\/05\/logo1.png\",\"width\":1648,\"height\":652,\"caption\":\"EL MAWKIE\"},\"image\":{\"@id\":\"https:\/\/elmawkie.dz\/fr\/#\/schema\/logo\/image\/\"},\"sameAs\":[\"https:\/\/www.facebook.com\/profile.php?id=100088407094989&locale=fr_FR\"]},{\"@type\":\"Person\",\"@id\":\"https:\/\/elmawkie.dz\/fr\/#\/schema\/person\/e7bd59d6467874ba5c4723d8a9f0a63c\",\"name\":\"R\u00e9daction\",\"image\":{\"@type\":\"ImageObject\",\"inLanguage\":\"fr-FR\",\"@id\":\"https:\/\/elmawkie.dz\/fr\/#\/schema\/person\/image\/\",\"url\":\"https:\/\/secure.gravatar.com\/avatar\/f0f773456344da4d2788c054a3d30a0c?s=96&d=mm&r=g\",\"contentUrl\":\"https:\/\/secure.gravatar.com\/avatar\/f0f773456344da4d2788c054a3d30a0c?s=96&d=mm&r=g\",\"caption\":\"R\u00e9daction\"},\"url\":\"https:\/\/elmawkie.dz\/fr\/author\/redaction\/\"}]}<\/script>\n<!-- \/ Yoast SEO Premium plugin. -->","yoast_head_json":{"title":"L\u2019ambassade de Palestine en Alg\u00e9rie c\u00e9l\u00e8bre la Journ\u00e9e de la culture palestinienne - El Mawkie","robots":{"index":"index","follow":"follow","max-snippet":"max-snippet:-1","max-image-preview":"max-image-preview:large","max-video-preview":"max-video-preview:-1"},"canonical":"https:\/\/elmawkie.dz\/fr\/lambassade-de-palestine-en-algerie-celebre-la-journee-de-la-culture-palestinienne\/","og_locale":"fr_FR","og_type":"article","og_title":"L\u2019ambassade de Palestine en Alg\u00e9rie c\u00e9l\u00e8bre la Journ\u00e9e de la culture palestinienne","og_description":"L&rsquo;ambassade de l&rsquo;Etat de Palestine en Alg\u00e9rie a c\u00e9l\u00e9br\u00e9, vendredi soir \u00e0 Alger, la Journ\u00e9e de la culture palestinienne, co\u00efncidant avec l&rsquo;anniversaire de naissance du po\u00e8te de la cause palestinienne, feu Mahmoud Darwich (1941-2008), \u00e0 travers un riche programme d&rsquo;activit\u00e9s culturelles et artistiques, en vue de promouvoir l&rsquo;identit\u00e9 nationale et le patrimoine culturel palestiniens. Organis\u00e9e &hellip;","og_url":"https:\/\/elmawkie.dz\/fr\/lambassade-de-palestine-en-algerie-celebre-la-journee-de-la-culture-palestinienne\/","og_site_name":"El Mawkie","article_publisher":"https:\/\/www.facebook.com\/profile.php?id=100088407094989&locale=fr_FR","article_published_time":"2026-03-14T12:01:54+00:00","article_modified_time":"2026-03-14T12:01:55+00:00","og_image":[{"width":1058,"height":725,"url":"https:\/\/elmawkie.dz\/fr\/wp-content\/uploads\/2026\/03\/5f6c71fa-7d64-4264-be4c-339068845c3a.jpeg","type":"image\/jpeg"}],"author":"R\u00e9daction","twitter_card":"summary_large_image","twitter_misc":{"Written by":"R\u00e9daction","Est. reading time":"3 minutes"},"schema":{"@context":"https:\/\/schema.org","@graph":[{"@type":"Article","@id":"https:\/\/elmawkie.dz\/fr\/lambassade-de-palestine-en-algerie-celebre-la-journee-de-la-culture-palestinienne\/#article","isPartOf":{"@id":"https:\/\/elmawkie.dz\/fr\/lambassade-de-palestine-en-algerie-celebre-la-journee-de-la-culture-palestinienne\/"},"author":{"name":"R\u00e9daction","@id":"https:\/\/elmawkie.dz\/fr\/#\/schema\/person\/e7bd59d6467874ba5c4723d8a9f0a63c"},"headline":"L\u2019ambassade de Palestine en Alg\u00e9rie c\u00e9l\u00e8bre la Journ\u00e9e de la culture palestinienne","datePublished":"2026-03-14T12:01:54+00:00","dateModified":"2026-03-14T12:01:55+00:00","mainEntityOfPage":{"@id":"https:\/\/elmawkie.dz\/fr\/lambassade-de-palestine-en-algerie-celebre-la-journee-de-la-culture-palestinienne\/"},"wordCount":538,"commentCount":0,"publisher":{"@id":"https:\/\/elmawkie.dz\/fr\/#organization"},"image":{"@id":"https:\/\/elmawkie.dz\/fr\/lambassade-de-palestine-en-algerie-celebre-la-journee-de-la-culture-palestinienne\/#primaryimage"},"thumbnailUrl":"https:\/\/elmawkie.dz\/fr\/wp-content\/uploads\/2026\/03\/5f6c71fa-7d64-4264-be4c-339068845c3a.jpeg","articleSection":["Culture","International","National"],"inLanguage":"fr-FR","potentialAction":[{"@type":"CommentAction","name":"Comment","target":["https:\/\/elmawkie.dz\/fr\/lambassade-de-palestine-en-algerie-celebre-la-journee-de-la-culture-palestinienne\/#respond"]}]},{"@type":"WebPage","@id":"https:\/\/elmawkie.dz\/fr\/lambassade-de-palestine-en-algerie-celebre-la-journee-de-la-culture-palestinienne\/","url":"https:\/\/elmawkie.dz\/fr\/lambassade-de-palestine-en-algerie-celebre-la-journee-de-la-culture-palestinienne\/","name":"L\u2019ambassade de Palestine en Alg\u00e9rie c\u00e9l\u00e8bre la Journ\u00e9e de la culture palestinienne - El Mawkie","isPartOf":{"@id":"https:\/\/elmawkie.dz\/fr\/#website"},"primaryImageOfPage":{"@id":"https:\/\/elmawkie.dz\/fr\/lambassade-de-palestine-en-algerie-celebre-la-journee-de-la-culture-palestinienne\/#primaryimage"},"image":{"@id":"https:\/\/elmawkie.dz\/fr\/lambassade-de-palestine-en-algerie-celebre-la-journee-de-la-culture-palestinienne\/#primaryimage"},"thumbnailUrl":"https:\/\/elmawkie.dz\/fr\/wp-content\/uploads\/2026\/03\/5f6c71fa-7d64-4264-be4c-339068845c3a.jpeg","datePublished":"2026-03-14T12:01:54+00:00","dateModified":"2026-03-14T12:01:55+00:00","breadcrumb":{"@id":"https:\/\/elmawkie.dz\/fr\/lambassade-de-palestine-en-algerie-celebre-la-journee-de-la-culture-palestinienne\/#breadcrumb"},"inLanguage":"fr-FR","potentialAction":[{"@type":"ReadAction","target":["https:\/\/elmawkie.dz\/fr\/lambassade-de-palestine-en-algerie-celebre-la-journee-de-la-culture-palestinienne\/"]}]},{"@type":"ImageObject","inLanguage":"fr-FR","@id":"https:\/\/elmawkie.dz\/fr\/lambassade-de-palestine-en-algerie-celebre-la-journee-de-la-culture-palestinienne\/#primaryimage","url":"https:\/\/elmawkie.dz\/fr\/wp-content\/uploads\/2026\/03\/5f6c71fa-7d64-4264-be4c-339068845c3a.jpeg","contentUrl":"https:\/\/elmawkie.dz\/fr\/wp-content\/uploads\/2026\/03\/5f6c71fa-7d64-4264-be4c-339068845c3a.jpeg","width":1058,"height":725},{"@type":"BreadcrumbList","@id":"https:\/\/elmawkie.dz\/fr\/lambassade-de-palestine-en-algerie-celebre-la-journee-de-la-culture-palestinienne\/#breadcrumb","itemListElement":[{"@type":"ListItem","position":1,"name":"Home","item":"https:\/\/elmawkie.dz\/fr\/"},{"@type":"ListItem","position":2,"name":"L\u2019ambassade de Palestine en Alg\u00e9rie c\u00e9l\u00e8bre la Journ\u00e9e de la culture palestinienne"}]},{"@type":"WebSite","@id":"https:\/\/elmawkie.dz\/fr\/#website","url":"https:\/\/elmawkie.dz\/fr\/","name":"EL MAWKIE","description":"Journal \u00c9lectronique Alg\u00e9rien","publisher":{"@id":"https:\/\/elmawkie.dz\/fr\/#organization"},"potentialAction":[{"@type":"SearchAction","target":{"@type":"EntryPoint","urlTemplate":"https:\/\/elmawkie.dz\/fr\/?s={search_term_string}"},"query-input":"required name=search_term_string"}],"inLanguage":"fr-FR"},{"@type":"Organization","@id":"https:\/\/elmawkie.dz\/fr\/#organization","name":"EL MAWKIE","url":"https:\/\/elmawkie.dz\/fr\/","logo":{"@type":"ImageObject","inLanguage":"fr-FR","@id":"https:\/\/elmawkie.dz\/fr\/#\/schema\/logo\/image\/","url":"https:\/\/elmawkie.dz\/fr\/wp-content\/uploads\/2024\/05\/logo1.png","contentUrl":"https:\/\/elmawkie.dz\/fr\/wp-content\/uploads\/2024\/05\/logo1.png","width":1648,"height":652,"caption":"EL MAWKIE"},"image":{"@id":"https:\/\/elmawkie.dz\/fr\/#\/schema\/logo\/image\/"},"sameAs":["https:\/\/www.facebook.com\/profile.php?id=100088407094989&locale=fr_FR"]},{"@type":"Person","@id":"https:\/\/elmawkie.dz\/fr\/#\/schema\/person\/e7bd59d6467874ba5c4723d8a9f0a63c","name":"R\u00e9daction","image":{"@type":"ImageObject","inLanguage":"fr-FR","@id":"https:\/\/elmawkie.dz\/fr\/#\/schema\/person\/image\/","url":"https:\/\/secure.gravatar.com\/avatar\/f0f773456344da4d2788c054a3d30a0c?s=96&d=mm&r=g","contentUrl":"https:\/\/secure.gravatar.com\/avatar\/f0f773456344da4d2788c054a3d30a0c?s=96&d=mm&r=g","caption":"R\u00e9daction"},"url":"https:\/\/elmawkie.dz\/fr\/author\/redaction\/"}]}},"_links":{"self":[{"href":"https:\/\/elmawkie.dz\/fr\/wp-json\/wp\/v2\/posts\/63418","targetHints":{"allow":["GET"]}}],"collection":[{"href":"https:\/\/elmawkie.dz\/fr\/wp-json\/wp\/v2\/posts"}],"about":[{"href":"https:\/\/elmawkie.dz\/fr\/wp-json\/wp\/v2\/types\/post"}],"author":[{"embeddable":true,"href":"https:\/\/elmawkie.dz\/fr\/wp-json\/wp\/v2\/users\/9"}],"replies":[{"embeddable":true,"href":"https:\/\/elmawkie.dz\/fr\/wp-json\/wp\/v2\/comments?post=63418"}],"version-history":[{"count":1,"href":"https:\/\/elmawkie.dz\/fr\/wp-json\/wp\/v2\/posts\/63418\/revisions"}],"predecessor-version":[{"id":63421,"href":"https:\/\/elmawkie.dz\/fr\/wp-json\/wp\/v2\/posts\/63418\/revisions\/63421"}],"wp:featuredmedia":[{"embeddable":true,"href":"https:\/\/elmawkie.dz\/fr\/wp-json\/wp\/v2\/media\/63420"}],"wp:attachment":[{"href":"https:\/\/elmawkie.dz\/fr\/wp-json\/wp\/v2\/media?parent=63418"}],"wp:term":[{"taxonomy":"category","embeddable":true,"href":"https:\/\/elmawkie.dz\/fr\/wp-json\/wp\/v2\/categories?post=63418"},{"taxonomy":"post_tag","embeddable":true,"href":"https:\/\/elmawkie.dz\/fr\/wp-json\/wp\/v2\/tags?post=63418"}],"curies":[{"name":"wp","href":"https:\/\/api.w.org\/{rel}","templated":true}]}}