{"id":63414,"date":"2026-03-14T12:56:04","date_gmt":"2026-03-14T11:56:04","guid":{"rendered":"https:\/\/elmawkie.dz\/fr\/?p=63414"},"modified":"2026-03-14T12:56:05","modified_gmt":"2026-03-14T11:56:05","slug":"entre-inchad-madih-et-poesie-populaire-une-soiree-spirituelle-a-boussaada","status":"publish","type":"post","link":"https:\/\/elmawkie.dz\/fr\/entre-inchad-madih-et-poesie-populaire-une-soiree-spirituelle-a-boussaada\/","title":{"rendered":"Entre Inchad, Madih et po\u00e9sie populaire : une soir\u00e9e spirituelle \u00e0 Boussa\u00e2da"},"content":{"rendered":"\n<p>La ville de Boussa\u00e2da (M&rsquo;sila) a abrit\u00e9, vendredi, une soir\u00e9e tout en spiritualit\u00e9, d\u00e9di\u00e9e \u00e0 l&rsquo;Inchad et au Madih religieux ainsi qu&rsquo;\u00e0 la po\u00e9sie populaire.<\/p>\n\n\n\n<p>Organis\u00e9e au Mus\u00e9e public national Nasreddine-Dinet, dans le cadre de la manifestation culturelle \u00ab\u00a0Les nuits de Ramadhan \u00e0 Boussa\u00e2da\u00a0\u00bb, la soir\u00e9e a \u00e9t\u00e9 marqu\u00e9e par des performances appr\u00e9ci\u00e9es par le public, \u0153uvres du mounchid Nadjib Ayache qui a interpr\u00e9t\u00e9 plusieurs chants et Madih religieux, et du po\u00e8te Abelhafid Abdelghaffar qui a gratifi\u00e9 l&rsquo;assistance de po\u00e8mes de style Melhoun, avant que l&rsquo;artiste Ahmed Ladjdel n&rsquo;anime un spectacle pour enfants.<\/p>\n\n\n\n<p>Le directeur int\u00e9rimaire du mus\u00e9e Nasreddine-Dinet, Messaoud Gharbi, se f\u00e9licitant de la pr\u00e9sence remarquable du public, a indiqu\u00e9, dans une d\u00e9claration aux m\u00e9dias, que cette soir\u00e9e \u00ab\u00a0s&rsquo;inscrit dans le cadre du programme concoct\u00e9 pour animer les soir\u00e9es de Ramadhan pour lesquelles des artistes connus dans la r\u00e9gion ont \u00e9t\u00e9 invit\u00e9s\u00a0\u00bb.<\/p>\n\n\n\n<p>M. Gharbi a consid\u00e9r\u00e9 que la diversification des activit\u00e9s culturelles \u00ab\u00a0refl\u00e8te l&rsquo;effort du mus\u00e9e de mettre en valeur le riche patrimoine culturel de la r\u00e9gion de Boussa\u00e2da, \u00e0 l&rsquo;exemple de l&rsquo;Inchad, du Madih religieux et de la po\u00e9sie populaire dont la musicalit\u00e9 a toujours \u00e9t\u00e9 appr\u00e9ci\u00e9e dans la Cit\u00e9 du Bonheur\u00a0\u00bb.<\/p>\n\n\n\n<p>Pour rappel, le Mus\u00e9e public national Nasreddine-Dinet a \u00e9labor\u00e9 un programme de veill\u00e9es durant le Ramadhan riche et diversifi\u00e9 dont l&rsquo;animation est confi\u00e9e \u00e0 des artistes de Boussa\u00e2da et ses alentours.<\/p>\n","protected":false},"excerpt":{"rendered":"<p>La ville de Boussa\u00e2da (M&rsquo;sila) a abrit\u00e9, vendredi, une soir\u00e9e tout en spiritualit\u00e9, d\u00e9di\u00e9e \u00e0 l&rsquo;Inchad et au Madih religieux ainsi qu&rsquo;\u00e0 la po\u00e9sie populaire. Organis\u00e9e au Mus\u00e9e public national Nasreddine-Dinet, dans le cadre de la manifestation culturelle \u00ab\u00a0Les nuits de Ramadhan \u00e0 Boussa\u00e2da\u00a0\u00bb, la soir\u00e9e a \u00e9t\u00e9 marqu\u00e9e par des performances appr\u00e9ci\u00e9es par le &hellip;<\/p>\n","protected":false},"author":9,"featured_media":63416,"comment_status":"open","ping_status":"open","sticky":false,"template":"","format":"standard","meta":{"footnotes":""},"categories":[3],"tags":[6270,6265],"class_list":["post-63414","post","type-post","status-publish","format-standard","has-post-thumbnail","hentry","category-bs-culture","tag-boussaada","tag-inchad"],"yoast_head":"<!-- This site is optimized with the Yoast SEO Premium plugin v22.6 (Yoast SEO v22.6) - https:\/\/yoast.com\/wordpress\/plugins\/seo\/ -->\n<title>Entre Inchad, Madih et po\u00e9sie populaire : une soir\u00e9e spirituelle \u00e0 Boussa\u00e2da - El Mawkie<\/title>\n<meta name=\"robots\" content=\"index, follow, max-snippet:-1, max-image-preview:large, max-video-preview:-1\" \/>\n<link rel=\"canonical\" href=\"https:\/\/elmawkie.dz\/fr\/entre-inchad-madih-et-poesie-populaire-une-soiree-spirituelle-a-boussaada\/\" \/>\n<meta property=\"og:locale\" content=\"fr_FR\" \/>\n<meta property=\"og:type\" content=\"article\" \/>\n<meta property=\"og:title\" content=\"Entre Inchad, Madih et po\u00e9sie populaire : une soir\u00e9e spirituelle \u00e0 Boussa\u00e2da\" \/>\n<meta property=\"og:description\" content=\"La ville de Boussa\u00e2da (M&rsquo;sila) a abrit\u00e9, vendredi, une soir\u00e9e tout en spiritualit\u00e9, d\u00e9di\u00e9e \u00e0 l&rsquo;Inchad et au Madih religieux ainsi qu&rsquo;\u00e0 la po\u00e9sie populaire. Organis\u00e9e au Mus\u00e9e public national Nasreddine-Dinet, dans le cadre de la manifestation culturelle \u00ab\u00a0Les nuits de Ramadhan \u00e0 Boussa\u00e2da\u00a0\u00bb, la soir\u00e9e a \u00e9t\u00e9 marqu\u00e9e par des performances appr\u00e9ci\u00e9es par le &hellip;\" \/>\n<meta property=\"og:url\" content=\"https:\/\/elmawkie.dz\/fr\/entre-inchad-madih-et-poesie-populaire-une-soiree-spirituelle-a-boussaada\/\" \/>\n<meta property=\"og:site_name\" content=\"El Mawkie\" \/>\n<meta property=\"article:publisher\" content=\"https:\/\/www.facebook.com\/profile.php?id=100088407094989&amp;locale=fr_FR\" \/>\n<meta property=\"article:published_time\" content=\"2026-03-14T11:56:04+00:00\" \/>\n<meta property=\"article:modified_time\" content=\"2026-03-14T11:56:05+00:00\" \/>\n<meta property=\"og:image\" content=\"https:\/\/elmawkie.dz\/fr\/wp-content\/uploads\/2026\/03\/IMG_2501.jpeg\" \/>\n\t<meta property=\"og:image:width\" content=\"1080\" \/>\n\t<meta property=\"og:image:height\" content=\"720\" \/>\n\t<meta property=\"og:image:type\" content=\"image\/jpeg\" \/>\n<meta name=\"author\" content=\"R\u00e9daction\" \/>\n<meta name=\"twitter:card\" content=\"summary_large_image\" \/>\n<meta name=\"twitter:label1\" content=\"Written by\" \/>\n\t<meta name=\"twitter:data1\" content=\"R\u00e9daction\" \/>\n\t<meta name=\"twitter:label2\" content=\"Est. reading time\" \/>\n\t<meta name=\"twitter:data2\" content=\"2 minutes\" \/>\n<script type=\"application\/ld+json\" class=\"yoast-schema-graph\">{\"@context\":\"https:\/\/schema.org\",\"@graph\":[{\"@type\":\"Article\",\"@id\":\"https:\/\/elmawkie.dz\/fr\/entre-inchad-madih-et-poesie-populaire-une-soiree-spirituelle-a-boussaada\/#article\",\"isPartOf\":{\"@id\":\"https:\/\/elmawkie.dz\/fr\/entre-inchad-madih-et-poesie-populaire-une-soiree-spirituelle-a-boussaada\/\"},\"author\":{\"name\":\"R\u00e9daction\",\"@id\":\"https:\/\/elmawkie.dz\/fr\/#\/schema\/person\/e7bd59d6467874ba5c4723d8a9f0a63c\"},\"headline\":\"Entre Inchad, Madih et po\u00e9sie populaire : une soir\u00e9e spirituelle \u00e0 Boussa\u00e2da\",\"datePublished\":\"2026-03-14T11:56:04+00:00\",\"dateModified\":\"2026-03-14T11:56:05+00:00\",\"mainEntityOfPage\":{\"@id\":\"https:\/\/elmawkie.dz\/fr\/entre-inchad-madih-et-poesie-populaire-une-soiree-spirituelle-a-boussaada\/\"},\"wordCount\":282,\"commentCount\":0,\"publisher\":{\"@id\":\"https:\/\/elmawkie.dz\/fr\/#organization\"},\"image\":{\"@id\":\"https:\/\/elmawkie.dz\/fr\/entre-inchad-madih-et-poesie-populaire-une-soiree-spirituelle-a-boussaada\/#primaryimage\"},\"thumbnailUrl\":\"https:\/\/elmawkie.dz\/fr\/wp-content\/uploads\/2026\/03\/IMG_2501.jpeg\",\"keywords\":[\"Boussa\u00e2da\",\"Inchad\"],\"articleSection\":[\"Culture\"],\"inLanguage\":\"fr-FR\",\"potentialAction\":[{\"@type\":\"CommentAction\",\"name\":\"Comment\",\"target\":[\"https:\/\/elmawkie.dz\/fr\/entre-inchad-madih-et-poesie-populaire-une-soiree-spirituelle-a-boussaada\/#respond\"]}]},{\"@type\":\"WebPage\",\"@id\":\"https:\/\/elmawkie.dz\/fr\/entre-inchad-madih-et-poesie-populaire-une-soiree-spirituelle-a-boussaada\/\",\"url\":\"https:\/\/elmawkie.dz\/fr\/entre-inchad-madih-et-poesie-populaire-une-soiree-spirituelle-a-boussaada\/\",\"name\":\"Entre Inchad, Madih et po\u00e9sie populaire : une soir\u00e9e spirituelle \u00e0 Boussa\u00e2da - El Mawkie\",\"isPartOf\":{\"@id\":\"https:\/\/elmawkie.dz\/fr\/#website\"},\"primaryImageOfPage\":{\"@id\":\"https:\/\/elmawkie.dz\/fr\/entre-inchad-madih-et-poesie-populaire-une-soiree-spirituelle-a-boussaada\/#primaryimage\"},\"image\":{\"@id\":\"https:\/\/elmawkie.dz\/fr\/entre-inchad-madih-et-poesie-populaire-une-soiree-spirituelle-a-boussaada\/#primaryimage\"},\"thumbnailUrl\":\"https:\/\/elmawkie.dz\/fr\/wp-content\/uploads\/2026\/03\/IMG_2501.jpeg\",\"datePublished\":\"2026-03-14T11:56:04+00:00\",\"dateModified\":\"2026-03-14T11:56:05+00:00\",\"breadcrumb\":{\"@id\":\"https:\/\/elmawkie.dz\/fr\/entre-inchad-madih-et-poesie-populaire-une-soiree-spirituelle-a-boussaada\/#breadcrumb\"},\"inLanguage\":\"fr-FR\",\"potentialAction\":[{\"@type\":\"ReadAction\",\"target\":[\"https:\/\/elmawkie.dz\/fr\/entre-inchad-madih-et-poesie-populaire-une-soiree-spirituelle-a-boussaada\/\"]}]},{\"@type\":\"ImageObject\",\"inLanguage\":\"fr-FR\",\"@id\":\"https:\/\/elmawkie.dz\/fr\/entre-inchad-madih-et-poesie-populaire-une-soiree-spirituelle-a-boussaada\/#primaryimage\",\"url\":\"https:\/\/elmawkie.dz\/fr\/wp-content\/uploads\/2026\/03\/IMG_2501.jpeg\",\"contentUrl\":\"https:\/\/elmawkie.dz\/fr\/wp-content\/uploads\/2026\/03\/IMG_2501.jpeg\",\"width\":1080,\"height\":720},{\"@type\":\"BreadcrumbList\",\"@id\":\"https:\/\/elmawkie.dz\/fr\/entre-inchad-madih-et-poesie-populaire-une-soiree-spirituelle-a-boussaada\/#breadcrumb\",\"itemListElement\":[{\"@type\":\"ListItem\",\"position\":1,\"name\":\"Home\",\"item\":\"https:\/\/elmawkie.dz\/fr\/\"},{\"@type\":\"ListItem\",\"position\":2,\"name\":\"Entre Inchad, Madih et po\u00e9sie populaire : une soir\u00e9e spirituelle \u00e0 Boussa\u00e2da\"}]},{\"@type\":\"WebSite\",\"@id\":\"https:\/\/elmawkie.dz\/fr\/#website\",\"url\":\"https:\/\/elmawkie.dz\/fr\/\",\"name\":\"EL MAWKIE\",\"description\":\"Journal \u00c9lectronique Alg\u00e9rien\",\"publisher\":{\"@id\":\"https:\/\/elmawkie.dz\/fr\/#organization\"},\"potentialAction\":[{\"@type\":\"SearchAction\",\"target\":{\"@type\":\"EntryPoint\",\"urlTemplate\":\"https:\/\/elmawkie.dz\/fr\/?s={search_term_string}\"},\"query-input\":\"required name=search_term_string\"}],\"inLanguage\":\"fr-FR\"},{\"@type\":\"Organization\",\"@id\":\"https:\/\/elmawkie.dz\/fr\/#organization\",\"name\":\"EL MAWKIE\",\"url\":\"https:\/\/elmawkie.dz\/fr\/\",\"logo\":{\"@type\":\"ImageObject\",\"inLanguage\":\"fr-FR\",\"@id\":\"https:\/\/elmawkie.dz\/fr\/#\/schema\/logo\/image\/\",\"url\":\"https:\/\/elmawkie.dz\/fr\/wp-content\/uploads\/2024\/05\/logo1.png\",\"contentUrl\":\"https:\/\/elmawkie.dz\/fr\/wp-content\/uploads\/2024\/05\/logo1.png\",\"width\":1648,\"height\":652,\"caption\":\"EL MAWKIE\"},\"image\":{\"@id\":\"https:\/\/elmawkie.dz\/fr\/#\/schema\/logo\/image\/\"},\"sameAs\":[\"https:\/\/www.facebook.com\/profile.php?id=100088407094989&locale=fr_FR\"]},{\"@type\":\"Person\",\"@id\":\"https:\/\/elmawkie.dz\/fr\/#\/schema\/person\/e7bd59d6467874ba5c4723d8a9f0a63c\",\"name\":\"R\u00e9daction\",\"image\":{\"@type\":\"ImageObject\",\"inLanguage\":\"fr-FR\",\"@id\":\"https:\/\/elmawkie.dz\/fr\/#\/schema\/person\/image\/\",\"url\":\"https:\/\/secure.gravatar.com\/avatar\/f0f773456344da4d2788c054a3d30a0c?s=96&d=mm&r=g\",\"contentUrl\":\"https:\/\/secure.gravatar.com\/avatar\/f0f773456344da4d2788c054a3d30a0c?s=96&d=mm&r=g\",\"caption\":\"R\u00e9daction\"},\"url\":\"https:\/\/elmawkie.dz\/fr\/author\/redaction\/\"}]}<\/script>\n<!-- \/ Yoast SEO Premium plugin. -->","yoast_head_json":{"title":"Entre Inchad, Madih et po\u00e9sie populaire : une soir\u00e9e spirituelle \u00e0 Boussa\u00e2da - El Mawkie","robots":{"index":"index","follow":"follow","max-snippet":"max-snippet:-1","max-image-preview":"max-image-preview:large","max-video-preview":"max-video-preview:-1"},"canonical":"https:\/\/elmawkie.dz\/fr\/entre-inchad-madih-et-poesie-populaire-une-soiree-spirituelle-a-boussaada\/","og_locale":"fr_FR","og_type":"article","og_title":"Entre Inchad, Madih et po\u00e9sie populaire : une soir\u00e9e spirituelle \u00e0 Boussa\u00e2da","og_description":"La ville de Boussa\u00e2da (M&rsquo;sila) a abrit\u00e9, vendredi, une soir\u00e9e tout en spiritualit\u00e9, d\u00e9di\u00e9e \u00e0 l&rsquo;Inchad et au Madih religieux ainsi qu&rsquo;\u00e0 la po\u00e9sie populaire. Organis\u00e9e au Mus\u00e9e public national Nasreddine-Dinet, dans le cadre de la manifestation culturelle \u00ab\u00a0Les nuits de Ramadhan \u00e0 Boussa\u00e2da\u00a0\u00bb, la soir\u00e9e a \u00e9t\u00e9 marqu\u00e9e par des performances appr\u00e9ci\u00e9es par le &hellip;","og_url":"https:\/\/elmawkie.dz\/fr\/entre-inchad-madih-et-poesie-populaire-une-soiree-spirituelle-a-boussaada\/","og_site_name":"El Mawkie","article_publisher":"https:\/\/www.facebook.com\/profile.php?id=100088407094989&locale=fr_FR","article_published_time":"2026-03-14T11:56:04+00:00","article_modified_time":"2026-03-14T11:56:05+00:00","og_image":[{"width":1080,"height":720,"url":"https:\/\/elmawkie.dz\/fr\/wp-content\/uploads\/2026\/03\/IMG_2501.jpeg","type":"image\/jpeg"}],"author":"R\u00e9daction","twitter_card":"summary_large_image","twitter_misc":{"Written by":"R\u00e9daction","Est. reading time":"2 minutes"},"schema":{"@context":"https:\/\/schema.org","@graph":[{"@type":"Article","@id":"https:\/\/elmawkie.dz\/fr\/entre-inchad-madih-et-poesie-populaire-une-soiree-spirituelle-a-boussaada\/#article","isPartOf":{"@id":"https:\/\/elmawkie.dz\/fr\/entre-inchad-madih-et-poesie-populaire-une-soiree-spirituelle-a-boussaada\/"},"author":{"name":"R\u00e9daction","@id":"https:\/\/elmawkie.dz\/fr\/#\/schema\/person\/e7bd59d6467874ba5c4723d8a9f0a63c"},"headline":"Entre Inchad, Madih et po\u00e9sie populaire : une soir\u00e9e spirituelle \u00e0 Boussa\u00e2da","datePublished":"2026-03-14T11:56:04+00:00","dateModified":"2026-03-14T11:56:05+00:00","mainEntityOfPage":{"@id":"https:\/\/elmawkie.dz\/fr\/entre-inchad-madih-et-poesie-populaire-une-soiree-spirituelle-a-boussaada\/"},"wordCount":282,"commentCount":0,"publisher":{"@id":"https:\/\/elmawkie.dz\/fr\/#organization"},"image":{"@id":"https:\/\/elmawkie.dz\/fr\/entre-inchad-madih-et-poesie-populaire-une-soiree-spirituelle-a-boussaada\/#primaryimage"},"thumbnailUrl":"https:\/\/elmawkie.dz\/fr\/wp-content\/uploads\/2026\/03\/IMG_2501.jpeg","keywords":["Boussa\u00e2da","Inchad"],"articleSection":["Culture"],"inLanguage":"fr-FR","potentialAction":[{"@type":"CommentAction","name":"Comment","target":["https:\/\/elmawkie.dz\/fr\/entre-inchad-madih-et-poesie-populaire-une-soiree-spirituelle-a-boussaada\/#respond"]}]},{"@type":"WebPage","@id":"https:\/\/elmawkie.dz\/fr\/entre-inchad-madih-et-poesie-populaire-une-soiree-spirituelle-a-boussaada\/","url":"https:\/\/elmawkie.dz\/fr\/entre-inchad-madih-et-poesie-populaire-une-soiree-spirituelle-a-boussaada\/","name":"Entre Inchad, Madih et po\u00e9sie populaire : une soir\u00e9e spirituelle \u00e0 Boussa\u00e2da - El Mawkie","isPartOf":{"@id":"https:\/\/elmawkie.dz\/fr\/#website"},"primaryImageOfPage":{"@id":"https:\/\/elmawkie.dz\/fr\/entre-inchad-madih-et-poesie-populaire-une-soiree-spirituelle-a-boussaada\/#primaryimage"},"image":{"@id":"https:\/\/elmawkie.dz\/fr\/entre-inchad-madih-et-poesie-populaire-une-soiree-spirituelle-a-boussaada\/#primaryimage"},"thumbnailUrl":"https:\/\/elmawkie.dz\/fr\/wp-content\/uploads\/2026\/03\/IMG_2501.jpeg","datePublished":"2026-03-14T11:56:04+00:00","dateModified":"2026-03-14T11:56:05+00:00","breadcrumb":{"@id":"https:\/\/elmawkie.dz\/fr\/entre-inchad-madih-et-poesie-populaire-une-soiree-spirituelle-a-boussaada\/#breadcrumb"},"inLanguage":"fr-FR","potentialAction":[{"@type":"ReadAction","target":["https:\/\/elmawkie.dz\/fr\/entre-inchad-madih-et-poesie-populaire-une-soiree-spirituelle-a-boussaada\/"]}]},{"@type":"ImageObject","inLanguage":"fr-FR","@id":"https:\/\/elmawkie.dz\/fr\/entre-inchad-madih-et-poesie-populaire-une-soiree-spirituelle-a-boussaada\/#primaryimage","url":"https:\/\/elmawkie.dz\/fr\/wp-content\/uploads\/2026\/03\/IMG_2501.jpeg","contentUrl":"https:\/\/elmawkie.dz\/fr\/wp-content\/uploads\/2026\/03\/IMG_2501.jpeg","width":1080,"height":720},{"@type":"BreadcrumbList","@id":"https:\/\/elmawkie.dz\/fr\/entre-inchad-madih-et-poesie-populaire-une-soiree-spirituelle-a-boussaada\/#breadcrumb","itemListElement":[{"@type":"ListItem","position":1,"name":"Home","item":"https:\/\/elmawkie.dz\/fr\/"},{"@type":"ListItem","position":2,"name":"Entre Inchad, Madih et po\u00e9sie populaire : une soir\u00e9e spirituelle \u00e0 Boussa\u00e2da"}]},{"@type":"WebSite","@id":"https:\/\/elmawkie.dz\/fr\/#website","url":"https:\/\/elmawkie.dz\/fr\/","name":"EL MAWKIE","description":"Journal \u00c9lectronique Alg\u00e9rien","publisher":{"@id":"https:\/\/elmawkie.dz\/fr\/#organization"},"potentialAction":[{"@type":"SearchAction","target":{"@type":"EntryPoint","urlTemplate":"https:\/\/elmawkie.dz\/fr\/?s={search_term_string}"},"query-input":"required name=search_term_string"}],"inLanguage":"fr-FR"},{"@type":"Organization","@id":"https:\/\/elmawkie.dz\/fr\/#organization","name":"EL MAWKIE","url":"https:\/\/elmawkie.dz\/fr\/","logo":{"@type":"ImageObject","inLanguage":"fr-FR","@id":"https:\/\/elmawkie.dz\/fr\/#\/schema\/logo\/image\/","url":"https:\/\/elmawkie.dz\/fr\/wp-content\/uploads\/2024\/05\/logo1.png","contentUrl":"https:\/\/elmawkie.dz\/fr\/wp-content\/uploads\/2024\/05\/logo1.png","width":1648,"height":652,"caption":"EL MAWKIE"},"image":{"@id":"https:\/\/elmawkie.dz\/fr\/#\/schema\/logo\/image\/"},"sameAs":["https:\/\/www.facebook.com\/profile.php?id=100088407094989&locale=fr_FR"]},{"@type":"Person","@id":"https:\/\/elmawkie.dz\/fr\/#\/schema\/person\/e7bd59d6467874ba5c4723d8a9f0a63c","name":"R\u00e9daction","image":{"@type":"ImageObject","inLanguage":"fr-FR","@id":"https:\/\/elmawkie.dz\/fr\/#\/schema\/person\/image\/","url":"https:\/\/secure.gravatar.com\/avatar\/f0f773456344da4d2788c054a3d30a0c?s=96&d=mm&r=g","contentUrl":"https:\/\/secure.gravatar.com\/avatar\/f0f773456344da4d2788c054a3d30a0c?s=96&d=mm&r=g","caption":"R\u00e9daction"},"url":"https:\/\/elmawkie.dz\/fr\/author\/redaction\/"}]}},"_links":{"self":[{"href":"https:\/\/elmawkie.dz\/fr\/wp-json\/wp\/v2\/posts\/63414","targetHints":{"allow":["GET"]}}],"collection":[{"href":"https:\/\/elmawkie.dz\/fr\/wp-json\/wp\/v2\/posts"}],"about":[{"href":"https:\/\/elmawkie.dz\/fr\/wp-json\/wp\/v2\/types\/post"}],"author":[{"embeddable":true,"href":"https:\/\/elmawkie.dz\/fr\/wp-json\/wp\/v2\/users\/9"}],"replies":[{"embeddable":true,"href":"https:\/\/elmawkie.dz\/fr\/wp-json\/wp\/v2\/comments?post=63414"}],"version-history":[{"count":1,"href":"https:\/\/elmawkie.dz\/fr\/wp-json\/wp\/v2\/posts\/63414\/revisions"}],"predecessor-version":[{"id":63417,"href":"https:\/\/elmawkie.dz\/fr\/wp-json\/wp\/v2\/posts\/63414\/revisions\/63417"}],"wp:featuredmedia":[{"embeddable":true,"href":"https:\/\/elmawkie.dz\/fr\/wp-json\/wp\/v2\/media\/63416"}],"wp:attachment":[{"href":"https:\/\/elmawkie.dz\/fr\/wp-json\/wp\/v2\/media?parent=63414"}],"wp:term":[{"taxonomy":"category","embeddable":true,"href":"https:\/\/elmawkie.dz\/fr\/wp-json\/wp\/v2\/categories?post=63414"},{"taxonomy":"post_tag","embeddable":true,"href":"https:\/\/elmawkie.dz\/fr\/wp-json\/wp\/v2\/tags?post=63414"}],"curies":[{"name":"wp","href":"https:\/\/api.w.org\/{rel}","templated":true}]}}