{"id":63406,"date":"2026-03-14T12:51:13","date_gmt":"2026-03-14T11:51:13","guid":{"rendered":"https:\/\/elmawkie.dz\/fr\/?p=63406"},"modified":"2026-03-14T12:51:15","modified_gmt":"2026-03-14T11:51:15","slug":"distinction-des-laureats-de-la-15e-edition-du-concours-taj-el-coran","status":"publish","type":"post","link":"https:\/\/elmawkie.dz\/fr\/distinction-des-laureats-de-la-15e-edition-du-concours-taj-el-coran\/","title":{"rendered":"Distinction des laur\u00e9ats de la 15e \u00e9dition du concours \u00ab\u00a0Taj El Coran\u00a0\u00bb"},"content":{"rendered":"\n<p>La 15e \u00e9dition du concours \u00ab\u00a0Taj El Coran\u00a0\u00bb s&rsquo;est cl\u00f4tur\u00e9e, vendredi soir au Centre international de conf\u00e9rences Abdelatif-Rahal (CIC, Alger), par une c\u00e9r\u00e9monie de distinction des laur\u00e9ats.<\/p>\n\n\n\n<p>Dans la cat\u00e9gorie f\u00e9minine, la premi\u00e8re place est revenue \u00e0 Nour El-Imane Aissani (Tlemcen), suivie de Asma Beltas (Jijel) et Nour el Houda Midoune (Oran), respectivement \u00e0 la deuxi\u00e8me et troisi\u00e8me places.<\/p>\n\n\n\n<p>Quant \u00e0 la cat\u00e9gorie masculine, le r\u00e9citant Abderrahmane Taouch (Tiaret) a remport\u00e9 le premier prix de cette \u00e9dition, suivi de Mohamed el Habib Zerouati (Alger), puis de Fatah Bayou (Tissemsilt) \u00e0 la troisi\u00e8me position.<\/p>\n\n\n\n<p>Dans une d\u00e9claration \u00e0 la presse en marge de cette c\u00e9r\u00e9monie, le ministre des Affaires religieuses et des Wakfs, Youcef Belmehdi s&rsquo;est f\u00e9licit\u00e9 de l&rsquo;organisation r\u00e9ussie de cette \u00e9dition du concours \u00ab\u00a0Taj El Coran\u00a0\u00bb, marqu\u00e9e par la participation de r\u00e9citants internationaux, ce qui refl\u00e8te, a-t-il dit, \u00ab\u00a0l&rsquo;\u00e9volution que connait ce grand concours et sa contribution \u00e0 mettre en valeur les efforts de l&rsquo;Alg\u00e9rie au service du Saint Coran, \u00e0 travers les diff\u00e9rentes comp\u00e9titions et \u00e9missions qui forment des \u00e9l\u00e8ves et des \u00e9tudiants dans ce domaine pour en faire des symboles tant au niveau national qu&rsquo;international\u00a0\u00bb.<\/p>\n\n\n\n<p>L&rsquo;enseignement coranique en Alg\u00e9rie \u00ab\u00a0progresse avec succ\u00e8s\u00a0\u00bb, et ce \u00ab\u00a0gr\u00e2ce \u00e0 l&rsquo;int\u00e9r\u00eat particulier et au soutien du pr\u00e9sident de la R\u00e9publique, M. Abdelmadjid Tebboune\u00a0\u00bb, a pr\u00e9cis\u00e9 le ministre.<\/p>\n\n\n\n<p>S&rsquo;agissant de la distinction des huffaz du Saint Coran de la cat\u00e9gorie des personnes \u00e0 besoins sp\u00e9cifiques, M. Belmehdi a soulign\u00e9 que cette initiative, organis\u00e9e en coordination avec le minist\u00e8re de la Solidarit\u00e9 nationale \u00ab\u00a0contribue \u00e0 apporter de la joie \u00e0 cette cat\u00e9gorie qui jouit d&rsquo;une grande attention aupr\u00e8s du pr\u00e9sident de la R\u00e9publique\u00a0\u00bb.<\/p>\n\n\n\n<p>La c\u00e9r\u00e9monie de cl\u00f4ture de cette \u00e9dition du concours \u00ab\u00a0Taj El Coran\u00a0\u00bb, organis\u00e9e par la cha\u00eene TV Coran, s&rsquo;est d\u00e9roul\u00e9e en pr\u00e9sence de hauts responsable de l&rsquo;Etat et de plusieurs membres du gouvernement, en sus de repr\u00e9sentants de diff\u00e9rents secteurs et instances nationales.<\/p>\n","protected":false},"excerpt":{"rendered":"<p>La 15e \u00e9dition du concours \u00ab\u00a0Taj El Coran\u00a0\u00bb s&rsquo;est cl\u00f4tur\u00e9e, vendredi soir au Centre international de conf\u00e9rences Abdelatif-Rahal (CIC, Alger), par une c\u00e9r\u00e9monie de distinction des laur\u00e9ats. Dans la cat\u00e9gorie f\u00e9minine, la premi\u00e8re place est revenue \u00e0 Nour El-Imane Aissani (Tlemcen), suivie de Asma Beltas (Jijel) et Nour el Houda Midoune (Oran), respectivement \u00e0 la &hellip;<\/p>\n","protected":false},"author":9,"featured_media":63408,"comment_status":"open","ping_status":"open","sticky":false,"template":"","format":"standard","meta":{"footnotes":""},"categories":[47],"tags":[6269],"class_list":["post-63406","post","type-post","status-publish","format-standard","has-post-thumbnail","hentry","category-national","tag-taj-el-coran"],"yoast_head":"<!-- This site is optimized with the Yoast SEO Premium plugin v22.6 (Yoast SEO v22.6) - https:\/\/yoast.com\/wordpress\/plugins\/seo\/ -->\n<title>Distinction des laur\u00e9ats de la 15e \u00e9dition du concours &quot;Taj El Coran&quot; - El Mawkie<\/title>\n<meta name=\"robots\" content=\"index, follow, max-snippet:-1, max-image-preview:large, max-video-preview:-1\" \/>\n<link rel=\"canonical\" href=\"https:\/\/elmawkie.dz\/fr\/distinction-des-laureats-de-la-15e-edition-du-concours-taj-el-coran\/\" \/>\n<meta property=\"og:locale\" content=\"fr_FR\" \/>\n<meta property=\"og:type\" content=\"article\" \/>\n<meta property=\"og:title\" content=\"Distinction des laur\u00e9ats de la 15e \u00e9dition du concours &quot;Taj El Coran&quot;\" \/>\n<meta property=\"og:description\" content=\"La 15e \u00e9dition du concours \u00ab\u00a0Taj El Coran\u00a0\u00bb s&rsquo;est cl\u00f4tur\u00e9e, vendredi soir au Centre international de conf\u00e9rences Abdelatif-Rahal (CIC, Alger), par une c\u00e9r\u00e9monie de distinction des laur\u00e9ats. Dans la cat\u00e9gorie f\u00e9minine, la premi\u00e8re place est revenue \u00e0 Nour El-Imane Aissani (Tlemcen), suivie de Asma Beltas (Jijel) et Nour el Houda Midoune (Oran), respectivement \u00e0 la &hellip;\" \/>\n<meta property=\"og:url\" content=\"https:\/\/elmawkie.dz\/fr\/distinction-des-laureats-de-la-15e-edition-du-concours-taj-el-coran\/\" \/>\n<meta property=\"og:site_name\" content=\"El Mawkie\" \/>\n<meta property=\"article:publisher\" content=\"https:\/\/www.facebook.com\/profile.php?id=100088407094989&amp;locale=fr_FR\" \/>\n<meta property=\"article:published_time\" content=\"2026-03-14T11:51:13+00:00\" \/>\n<meta property=\"article:modified_time\" content=\"2026-03-14T11:51:15+00:00\" \/>\n<meta property=\"og:image\" content=\"https:\/\/elmawkie.dz\/fr\/wp-content\/uploads\/2026\/03\/IMG_2500.jpeg\" \/>\n\t<meta property=\"og:image:width\" content=\"2048\" \/>\n\t<meta property=\"og:image:height\" content=\"1536\" \/>\n\t<meta property=\"og:image:type\" content=\"image\/jpeg\" \/>\n<meta name=\"author\" content=\"R\u00e9daction\" \/>\n<meta name=\"twitter:card\" content=\"summary_large_image\" \/>\n<meta name=\"twitter:label1\" content=\"Written by\" \/>\n\t<meta name=\"twitter:data1\" content=\"R\u00e9daction\" \/>\n\t<meta name=\"twitter:label2\" content=\"Est. reading time\" \/>\n\t<meta name=\"twitter:data2\" content=\"2 minutes\" \/>\n<script type=\"application\/ld+json\" class=\"yoast-schema-graph\">{\"@context\":\"https:\/\/schema.org\",\"@graph\":[{\"@type\":\"Article\",\"@id\":\"https:\/\/elmawkie.dz\/fr\/distinction-des-laureats-de-la-15e-edition-du-concours-taj-el-coran\/#article\",\"isPartOf\":{\"@id\":\"https:\/\/elmawkie.dz\/fr\/distinction-des-laureats-de-la-15e-edition-du-concours-taj-el-coran\/\"},\"author\":{\"name\":\"R\u00e9daction\",\"@id\":\"https:\/\/elmawkie.dz\/fr\/#\/schema\/person\/e7bd59d6467874ba5c4723d8a9f0a63c\"},\"headline\":\"Distinction des laur\u00e9ats de la 15e \u00e9dition du concours \u00ab\u00a0Taj El Coran\u00a0\u00bb\",\"datePublished\":\"2026-03-14T11:51:13+00:00\",\"dateModified\":\"2026-03-14T11:51:15+00:00\",\"mainEntityOfPage\":{\"@id\":\"https:\/\/elmawkie.dz\/fr\/distinction-des-laureats-de-la-15e-edition-du-concours-taj-el-coran\/\"},\"wordCount\":379,\"commentCount\":0,\"publisher\":{\"@id\":\"https:\/\/elmawkie.dz\/fr\/#organization\"},\"image\":{\"@id\":\"https:\/\/elmawkie.dz\/fr\/distinction-des-laureats-de-la-15e-edition-du-concours-taj-el-coran\/#primaryimage\"},\"thumbnailUrl\":\"https:\/\/elmawkie.dz\/fr\/wp-content\/uploads\/2026\/03\/IMG_2500.jpeg\",\"keywords\":[\"Taj El Coran\"],\"articleSection\":[\"National\"],\"inLanguage\":\"fr-FR\",\"potentialAction\":[{\"@type\":\"CommentAction\",\"name\":\"Comment\",\"target\":[\"https:\/\/elmawkie.dz\/fr\/distinction-des-laureats-de-la-15e-edition-du-concours-taj-el-coran\/#respond\"]}]},{\"@type\":\"WebPage\",\"@id\":\"https:\/\/elmawkie.dz\/fr\/distinction-des-laureats-de-la-15e-edition-du-concours-taj-el-coran\/\",\"url\":\"https:\/\/elmawkie.dz\/fr\/distinction-des-laureats-de-la-15e-edition-du-concours-taj-el-coran\/\",\"name\":\"Distinction des laur\u00e9ats de la 15e \u00e9dition du concours \\\"Taj El Coran\\\" - El Mawkie\",\"isPartOf\":{\"@id\":\"https:\/\/elmawkie.dz\/fr\/#website\"},\"primaryImageOfPage\":{\"@id\":\"https:\/\/elmawkie.dz\/fr\/distinction-des-laureats-de-la-15e-edition-du-concours-taj-el-coran\/#primaryimage\"},\"image\":{\"@id\":\"https:\/\/elmawkie.dz\/fr\/distinction-des-laureats-de-la-15e-edition-du-concours-taj-el-coran\/#primaryimage\"},\"thumbnailUrl\":\"https:\/\/elmawkie.dz\/fr\/wp-content\/uploads\/2026\/03\/IMG_2500.jpeg\",\"datePublished\":\"2026-03-14T11:51:13+00:00\",\"dateModified\":\"2026-03-14T11:51:15+00:00\",\"breadcrumb\":{\"@id\":\"https:\/\/elmawkie.dz\/fr\/distinction-des-laureats-de-la-15e-edition-du-concours-taj-el-coran\/#breadcrumb\"},\"inLanguage\":\"fr-FR\",\"potentialAction\":[{\"@type\":\"ReadAction\",\"target\":[\"https:\/\/elmawkie.dz\/fr\/distinction-des-laureats-de-la-15e-edition-du-concours-taj-el-coran\/\"]}]},{\"@type\":\"ImageObject\",\"inLanguage\":\"fr-FR\",\"@id\":\"https:\/\/elmawkie.dz\/fr\/distinction-des-laureats-de-la-15e-edition-du-concours-taj-el-coran\/#primaryimage\",\"url\":\"https:\/\/elmawkie.dz\/fr\/wp-content\/uploads\/2026\/03\/IMG_2500.jpeg\",\"contentUrl\":\"https:\/\/elmawkie.dz\/fr\/wp-content\/uploads\/2026\/03\/IMG_2500.jpeg\",\"width\":2048,\"height\":1536},{\"@type\":\"BreadcrumbList\",\"@id\":\"https:\/\/elmawkie.dz\/fr\/distinction-des-laureats-de-la-15e-edition-du-concours-taj-el-coran\/#breadcrumb\",\"itemListElement\":[{\"@type\":\"ListItem\",\"position\":1,\"name\":\"Home\",\"item\":\"https:\/\/elmawkie.dz\/fr\/\"},{\"@type\":\"ListItem\",\"position\":2,\"name\":\"Distinction des laur\u00e9ats de la 15e \u00e9dition du concours \u00ab\u00a0Taj El Coran\u00a0\u00bb\"}]},{\"@type\":\"WebSite\",\"@id\":\"https:\/\/elmawkie.dz\/fr\/#website\",\"url\":\"https:\/\/elmawkie.dz\/fr\/\",\"name\":\"EL MAWKIE\",\"description\":\"Journal \u00c9lectronique Alg\u00e9rien\",\"publisher\":{\"@id\":\"https:\/\/elmawkie.dz\/fr\/#organization\"},\"potentialAction\":[{\"@type\":\"SearchAction\",\"target\":{\"@type\":\"EntryPoint\",\"urlTemplate\":\"https:\/\/elmawkie.dz\/fr\/?s={search_term_string}\"},\"query-input\":\"required name=search_term_string\"}],\"inLanguage\":\"fr-FR\"},{\"@type\":\"Organization\",\"@id\":\"https:\/\/elmawkie.dz\/fr\/#organization\",\"name\":\"EL MAWKIE\",\"url\":\"https:\/\/elmawkie.dz\/fr\/\",\"logo\":{\"@type\":\"ImageObject\",\"inLanguage\":\"fr-FR\",\"@id\":\"https:\/\/elmawkie.dz\/fr\/#\/schema\/logo\/image\/\",\"url\":\"https:\/\/elmawkie.dz\/fr\/wp-content\/uploads\/2024\/05\/logo1.png\",\"contentUrl\":\"https:\/\/elmawkie.dz\/fr\/wp-content\/uploads\/2024\/05\/logo1.png\",\"width\":1648,\"height\":652,\"caption\":\"EL MAWKIE\"},\"image\":{\"@id\":\"https:\/\/elmawkie.dz\/fr\/#\/schema\/logo\/image\/\"},\"sameAs\":[\"https:\/\/www.facebook.com\/profile.php?id=100088407094989&locale=fr_FR\"]},{\"@type\":\"Person\",\"@id\":\"https:\/\/elmawkie.dz\/fr\/#\/schema\/person\/e7bd59d6467874ba5c4723d8a9f0a63c\",\"name\":\"R\u00e9daction\",\"image\":{\"@type\":\"ImageObject\",\"inLanguage\":\"fr-FR\",\"@id\":\"https:\/\/elmawkie.dz\/fr\/#\/schema\/person\/image\/\",\"url\":\"https:\/\/secure.gravatar.com\/avatar\/f0f773456344da4d2788c054a3d30a0c?s=96&d=mm&r=g\",\"contentUrl\":\"https:\/\/secure.gravatar.com\/avatar\/f0f773456344da4d2788c054a3d30a0c?s=96&d=mm&r=g\",\"caption\":\"R\u00e9daction\"},\"url\":\"https:\/\/elmawkie.dz\/fr\/author\/redaction\/\"}]}<\/script>\n<!-- \/ Yoast SEO Premium plugin. -->","yoast_head_json":{"title":"Distinction des laur\u00e9ats de la 15e \u00e9dition du concours \"Taj El Coran\" - El Mawkie","robots":{"index":"index","follow":"follow","max-snippet":"max-snippet:-1","max-image-preview":"max-image-preview:large","max-video-preview":"max-video-preview:-1"},"canonical":"https:\/\/elmawkie.dz\/fr\/distinction-des-laureats-de-la-15e-edition-du-concours-taj-el-coran\/","og_locale":"fr_FR","og_type":"article","og_title":"Distinction des laur\u00e9ats de la 15e \u00e9dition du concours \"Taj El Coran\"","og_description":"La 15e \u00e9dition du concours \u00ab\u00a0Taj El Coran\u00a0\u00bb s&rsquo;est cl\u00f4tur\u00e9e, vendredi soir au Centre international de conf\u00e9rences Abdelatif-Rahal (CIC, Alger), par une c\u00e9r\u00e9monie de distinction des laur\u00e9ats. Dans la cat\u00e9gorie f\u00e9minine, la premi\u00e8re place est revenue \u00e0 Nour El-Imane Aissani (Tlemcen), suivie de Asma Beltas (Jijel) et Nour el Houda Midoune (Oran), respectivement \u00e0 la &hellip;","og_url":"https:\/\/elmawkie.dz\/fr\/distinction-des-laureats-de-la-15e-edition-du-concours-taj-el-coran\/","og_site_name":"El Mawkie","article_publisher":"https:\/\/www.facebook.com\/profile.php?id=100088407094989&locale=fr_FR","article_published_time":"2026-03-14T11:51:13+00:00","article_modified_time":"2026-03-14T11:51:15+00:00","og_image":[{"width":2048,"height":1536,"url":"https:\/\/elmawkie.dz\/fr\/wp-content\/uploads\/2026\/03\/IMG_2500.jpeg","type":"image\/jpeg"}],"author":"R\u00e9daction","twitter_card":"summary_large_image","twitter_misc":{"Written by":"R\u00e9daction","Est. reading time":"2 minutes"},"schema":{"@context":"https:\/\/schema.org","@graph":[{"@type":"Article","@id":"https:\/\/elmawkie.dz\/fr\/distinction-des-laureats-de-la-15e-edition-du-concours-taj-el-coran\/#article","isPartOf":{"@id":"https:\/\/elmawkie.dz\/fr\/distinction-des-laureats-de-la-15e-edition-du-concours-taj-el-coran\/"},"author":{"name":"R\u00e9daction","@id":"https:\/\/elmawkie.dz\/fr\/#\/schema\/person\/e7bd59d6467874ba5c4723d8a9f0a63c"},"headline":"Distinction des laur\u00e9ats de la 15e \u00e9dition du concours \u00ab\u00a0Taj El Coran\u00a0\u00bb","datePublished":"2026-03-14T11:51:13+00:00","dateModified":"2026-03-14T11:51:15+00:00","mainEntityOfPage":{"@id":"https:\/\/elmawkie.dz\/fr\/distinction-des-laureats-de-la-15e-edition-du-concours-taj-el-coran\/"},"wordCount":379,"commentCount":0,"publisher":{"@id":"https:\/\/elmawkie.dz\/fr\/#organization"},"image":{"@id":"https:\/\/elmawkie.dz\/fr\/distinction-des-laureats-de-la-15e-edition-du-concours-taj-el-coran\/#primaryimage"},"thumbnailUrl":"https:\/\/elmawkie.dz\/fr\/wp-content\/uploads\/2026\/03\/IMG_2500.jpeg","keywords":["Taj El Coran"],"articleSection":["National"],"inLanguage":"fr-FR","potentialAction":[{"@type":"CommentAction","name":"Comment","target":["https:\/\/elmawkie.dz\/fr\/distinction-des-laureats-de-la-15e-edition-du-concours-taj-el-coran\/#respond"]}]},{"@type":"WebPage","@id":"https:\/\/elmawkie.dz\/fr\/distinction-des-laureats-de-la-15e-edition-du-concours-taj-el-coran\/","url":"https:\/\/elmawkie.dz\/fr\/distinction-des-laureats-de-la-15e-edition-du-concours-taj-el-coran\/","name":"Distinction des laur\u00e9ats de la 15e \u00e9dition du concours \"Taj El Coran\" - El Mawkie","isPartOf":{"@id":"https:\/\/elmawkie.dz\/fr\/#website"},"primaryImageOfPage":{"@id":"https:\/\/elmawkie.dz\/fr\/distinction-des-laureats-de-la-15e-edition-du-concours-taj-el-coran\/#primaryimage"},"image":{"@id":"https:\/\/elmawkie.dz\/fr\/distinction-des-laureats-de-la-15e-edition-du-concours-taj-el-coran\/#primaryimage"},"thumbnailUrl":"https:\/\/elmawkie.dz\/fr\/wp-content\/uploads\/2026\/03\/IMG_2500.jpeg","datePublished":"2026-03-14T11:51:13+00:00","dateModified":"2026-03-14T11:51:15+00:00","breadcrumb":{"@id":"https:\/\/elmawkie.dz\/fr\/distinction-des-laureats-de-la-15e-edition-du-concours-taj-el-coran\/#breadcrumb"},"inLanguage":"fr-FR","potentialAction":[{"@type":"ReadAction","target":["https:\/\/elmawkie.dz\/fr\/distinction-des-laureats-de-la-15e-edition-du-concours-taj-el-coran\/"]}]},{"@type":"ImageObject","inLanguage":"fr-FR","@id":"https:\/\/elmawkie.dz\/fr\/distinction-des-laureats-de-la-15e-edition-du-concours-taj-el-coran\/#primaryimage","url":"https:\/\/elmawkie.dz\/fr\/wp-content\/uploads\/2026\/03\/IMG_2500.jpeg","contentUrl":"https:\/\/elmawkie.dz\/fr\/wp-content\/uploads\/2026\/03\/IMG_2500.jpeg","width":2048,"height":1536},{"@type":"BreadcrumbList","@id":"https:\/\/elmawkie.dz\/fr\/distinction-des-laureats-de-la-15e-edition-du-concours-taj-el-coran\/#breadcrumb","itemListElement":[{"@type":"ListItem","position":1,"name":"Home","item":"https:\/\/elmawkie.dz\/fr\/"},{"@type":"ListItem","position":2,"name":"Distinction des laur\u00e9ats de la 15e \u00e9dition du concours \u00ab\u00a0Taj El Coran\u00a0\u00bb"}]},{"@type":"WebSite","@id":"https:\/\/elmawkie.dz\/fr\/#website","url":"https:\/\/elmawkie.dz\/fr\/","name":"EL MAWKIE","description":"Journal \u00c9lectronique Alg\u00e9rien","publisher":{"@id":"https:\/\/elmawkie.dz\/fr\/#organization"},"potentialAction":[{"@type":"SearchAction","target":{"@type":"EntryPoint","urlTemplate":"https:\/\/elmawkie.dz\/fr\/?s={search_term_string}"},"query-input":"required name=search_term_string"}],"inLanguage":"fr-FR"},{"@type":"Organization","@id":"https:\/\/elmawkie.dz\/fr\/#organization","name":"EL MAWKIE","url":"https:\/\/elmawkie.dz\/fr\/","logo":{"@type":"ImageObject","inLanguage":"fr-FR","@id":"https:\/\/elmawkie.dz\/fr\/#\/schema\/logo\/image\/","url":"https:\/\/elmawkie.dz\/fr\/wp-content\/uploads\/2024\/05\/logo1.png","contentUrl":"https:\/\/elmawkie.dz\/fr\/wp-content\/uploads\/2024\/05\/logo1.png","width":1648,"height":652,"caption":"EL MAWKIE"},"image":{"@id":"https:\/\/elmawkie.dz\/fr\/#\/schema\/logo\/image\/"},"sameAs":["https:\/\/www.facebook.com\/profile.php?id=100088407094989&locale=fr_FR"]},{"@type":"Person","@id":"https:\/\/elmawkie.dz\/fr\/#\/schema\/person\/e7bd59d6467874ba5c4723d8a9f0a63c","name":"R\u00e9daction","image":{"@type":"ImageObject","inLanguage":"fr-FR","@id":"https:\/\/elmawkie.dz\/fr\/#\/schema\/person\/image\/","url":"https:\/\/secure.gravatar.com\/avatar\/f0f773456344da4d2788c054a3d30a0c?s=96&d=mm&r=g","contentUrl":"https:\/\/secure.gravatar.com\/avatar\/f0f773456344da4d2788c054a3d30a0c?s=96&d=mm&r=g","caption":"R\u00e9daction"},"url":"https:\/\/elmawkie.dz\/fr\/author\/redaction\/"}]}},"_links":{"self":[{"href":"https:\/\/elmawkie.dz\/fr\/wp-json\/wp\/v2\/posts\/63406","targetHints":{"allow":["GET"]}}],"collection":[{"href":"https:\/\/elmawkie.dz\/fr\/wp-json\/wp\/v2\/posts"}],"about":[{"href":"https:\/\/elmawkie.dz\/fr\/wp-json\/wp\/v2\/types\/post"}],"author":[{"embeddable":true,"href":"https:\/\/elmawkie.dz\/fr\/wp-json\/wp\/v2\/users\/9"}],"replies":[{"embeddable":true,"href":"https:\/\/elmawkie.dz\/fr\/wp-json\/wp\/v2\/comments?post=63406"}],"version-history":[{"count":1,"href":"https:\/\/elmawkie.dz\/fr\/wp-json\/wp\/v2\/posts\/63406\/revisions"}],"predecessor-version":[{"id":63409,"href":"https:\/\/elmawkie.dz\/fr\/wp-json\/wp\/v2\/posts\/63406\/revisions\/63409"}],"wp:featuredmedia":[{"embeddable":true,"href":"https:\/\/elmawkie.dz\/fr\/wp-json\/wp\/v2\/media\/63408"}],"wp:attachment":[{"href":"https:\/\/elmawkie.dz\/fr\/wp-json\/wp\/v2\/media?parent=63406"}],"wp:term":[{"taxonomy":"category","embeddable":true,"href":"https:\/\/elmawkie.dz\/fr\/wp-json\/wp\/v2\/categories?post=63406"},{"taxonomy":"post_tag","embeddable":true,"href":"https:\/\/elmawkie.dz\/fr\/wp-json\/wp\/v2\/tags?post=63406"}],"curies":[{"name":"wp","href":"https:\/\/api.w.org\/{rel}","templated":true}]}}