{"id":63402,"date":"2026-03-14T12:49:12","date_gmt":"2026-03-14T11:49:12","guid":{"rendered":"https:\/\/elmawkie.dz\/fr\/?p=63402"},"modified":"2026-03-14T12:49:13","modified_gmt":"2026-03-14T11:49:13","slug":"agression-sioniste-antonio-guterres-salue-la-resilience-de-la-population-libanaise","status":"publish","type":"post","link":"https:\/\/elmawkie.dz\/fr\/agression-sioniste-antonio-guterres-salue-la-resilience-de-la-population-libanaise\/","title":{"rendered":"Agression sioniste : Antonio Guterres salue la r\u00e9silience de la population libanaise"},"content":{"rendered":"\n<p>Le Secr\u00e9taire g\u00e9n\u00e9ral de l&rsquo;ONU, Antonio Guterres, en visite \u00e0 Beyrouth, a salu\u00e9 la r\u00e9silience de la population libanaise, d\u00e9j\u00e0 fragilis\u00e9e par des ann\u00e9es de crise \u00e9conomique et politique et victime actuellement d&rsquo;une agression sioniste. Le chef de l&rsquo;ONU est arriv\u00e9 vendredi \u00e0 Beyrouth au lendemain de violentes frappes sionistes sur la capitale libanaise pour marquer sa solidarit\u00e9 avec la population.<\/p>\n\n\n\n<p>\u00ab\u00a0Nous devons avoir un cessez-le-feu imm\u00e9diat\u00a0\u00bb, a-t-il plaid\u00e9 devant le pr\u00e9sident du parlement libanais, Nabih Berri. Rappelant l&rsquo;ampleur de la catastrophe humanitaire au Liban, o\u00f9 l&rsquo;acc\u00e8s \u00e0 la nourriture, \u00e0 l&rsquo;eau, aux soins de sant\u00e9 et \u00e0 l&rsquo;\u00e9ducation est d\u00e9sormais gravement perturb\u00e9 dans plusieurs r\u00e9gions du pays, Guterres a lanc\u00e9 avec le Premier ministre libanais Nawaf Salam un appel humanitaire \u00e9clair de plus de 300 millions de dollars destin\u00e9 \u00e0 financer l&rsquo;aide d&rsquo;urgence au cours des trois prochains mois.<\/p>\n\n\n\n<p>\u00ab\u00a0La solidarit\u00e9 en paroles doit s&rsquo;accompagner d\u2019une solidarit\u00e9 en actes\u00a0\u00bb, a-t-il d\u00e9clar\u00e9.<\/p>\n\n\n\n<p>Malgr\u00e9 la violence des bombardements, Antonio Guterres a salu\u00e9 la r\u00e9silience de la population libanaise, rappelant que des \u00e9coles ont ouvert leurs portes pour accueillir les familles d\u00e9plac\u00e9es et que des soignants continuent de travailler sous une pression immense.<\/p>\n\n\n\n<p>\u00ab\u00a0Le peuple libanais peut compter sur moi et sur les Nations unies pour faire tout ce qui est possible afin de mettre fin \u00e0 ce cauchemar\u00a0\u00bb, a-t-il ajout\u00e9.<\/p>\n\n\n\n<p>Au cours de sa visite, le Secr\u00e9taire g\u00e9n\u00e9ral s&rsquo;est entretenu avec le pr\u00e9sident libanais, le g\u00e9n\u00e9ral Joseph Aoun, et s&rsquo;est \u00e9galement rendu dans un h\u00f4pital au chevet d&rsquo;un Casque bleu de la Force int\u00e9rimaire des Nations unies au Liban (FINUL), bless\u00e9 durant l&rsquo;agression sioniste.<\/p>\n","protected":false},"excerpt":{"rendered":"<p>Le Secr\u00e9taire g\u00e9n\u00e9ral de l&rsquo;ONU, Antonio Guterres, en visite \u00e0 Beyrouth, a salu\u00e9 la r\u00e9silience de la population libanaise, d\u00e9j\u00e0 fragilis\u00e9e par des ann\u00e9es de crise \u00e9conomique et politique et victime actuellement d&rsquo;une agression sioniste. Le chef de l&rsquo;ONU est arriv\u00e9 vendredi \u00e0 Beyrouth au lendemain de violentes frappes sionistes sur la capitale libanaise pour &hellip;<\/p>\n","protected":false},"author":9,"featured_media":63404,"comment_status":"open","ping_status":"open","sticky":false,"template":"","format":"standard","meta":{"footnotes":""},"categories":[44],"tags":[697],"class_list":["post-63402","post","type-post","status-publish","format-standard","has-post-thumbnail","hentry","category-international","tag-antonio-guterres"],"yoast_head":"<!-- This site is optimized with the Yoast SEO Premium plugin v22.6 (Yoast SEO v22.6) - https:\/\/yoast.com\/wordpress\/plugins\/seo\/ -->\n<title>Agression sioniste : Antonio Guterres salue la r\u00e9silience de la population libanaise - El Mawkie<\/title>\n<meta name=\"robots\" content=\"index, follow, max-snippet:-1, max-image-preview:large, max-video-preview:-1\" \/>\n<link rel=\"canonical\" href=\"https:\/\/elmawkie.dz\/fr\/agression-sioniste-antonio-guterres-salue-la-resilience-de-la-population-libanaise\/\" \/>\n<meta property=\"og:locale\" content=\"fr_FR\" \/>\n<meta property=\"og:type\" content=\"article\" \/>\n<meta property=\"og:title\" content=\"Agression sioniste : Antonio Guterres salue la r\u00e9silience de la population libanaise\" \/>\n<meta property=\"og:description\" content=\"Le Secr\u00e9taire g\u00e9n\u00e9ral de l&rsquo;ONU, Antonio Guterres, en visite \u00e0 Beyrouth, a salu\u00e9 la r\u00e9silience de la population libanaise, d\u00e9j\u00e0 fragilis\u00e9e par des ann\u00e9es de crise \u00e9conomique et politique et victime actuellement d&rsquo;une agression sioniste. Le chef de l&rsquo;ONU est arriv\u00e9 vendredi \u00e0 Beyrouth au lendemain de violentes frappes sionistes sur la capitale libanaise pour &hellip;\" \/>\n<meta property=\"og:url\" content=\"https:\/\/elmawkie.dz\/fr\/agression-sioniste-antonio-guterres-salue-la-resilience-de-la-population-libanaise\/\" \/>\n<meta property=\"og:site_name\" content=\"El Mawkie\" \/>\n<meta property=\"article:publisher\" content=\"https:\/\/www.facebook.com\/profile.php?id=100088407094989&amp;locale=fr_FR\" \/>\n<meta property=\"article:published_time\" content=\"2026-03-14T11:49:12+00:00\" \/>\n<meta property=\"article:modified_time\" content=\"2026-03-14T11:49:13+00:00\" \/>\n<meta property=\"og:image\" content=\"https:\/\/elmawkie.dz\/fr\/wp-content\/uploads\/2026\/03\/IMG_2499.jpeg\" \/>\n\t<meta property=\"og:image:width\" content=\"588\" \/>\n\t<meta property=\"og:image:height\" content=\"330\" \/>\n\t<meta property=\"og:image:type\" content=\"image\/jpeg\" \/>\n<meta name=\"author\" content=\"R\u00e9daction\" \/>\n<meta name=\"twitter:card\" content=\"summary_large_image\" \/>\n<meta name=\"twitter:label1\" content=\"Written by\" \/>\n\t<meta name=\"twitter:data1\" content=\"R\u00e9daction\" \/>\n\t<meta name=\"twitter:label2\" content=\"Est. reading time\" \/>\n\t<meta name=\"twitter:data2\" content=\"2 minutes\" \/>\n<script type=\"application\/ld+json\" class=\"yoast-schema-graph\">{\"@context\":\"https:\/\/schema.org\",\"@graph\":[{\"@type\":\"Article\",\"@id\":\"https:\/\/elmawkie.dz\/fr\/agression-sioniste-antonio-guterres-salue-la-resilience-de-la-population-libanaise\/#article\",\"isPartOf\":{\"@id\":\"https:\/\/elmawkie.dz\/fr\/agression-sioniste-antonio-guterres-salue-la-resilience-de-la-population-libanaise\/\"},\"author\":{\"name\":\"R\u00e9daction\",\"@id\":\"https:\/\/elmawkie.dz\/fr\/#\/schema\/person\/e7bd59d6467874ba5c4723d8a9f0a63c\"},\"headline\":\"Agression sioniste : Antonio Guterres salue la r\u00e9silience de la population libanaise\",\"datePublished\":\"2026-03-14T11:49:12+00:00\",\"dateModified\":\"2026-03-14T11:49:13+00:00\",\"mainEntityOfPage\":{\"@id\":\"https:\/\/elmawkie.dz\/fr\/agression-sioniste-antonio-guterres-salue-la-resilience-de-la-population-libanaise\/\"},\"wordCount\":306,\"commentCount\":0,\"publisher\":{\"@id\":\"https:\/\/elmawkie.dz\/fr\/#organization\"},\"image\":{\"@id\":\"https:\/\/elmawkie.dz\/fr\/agression-sioniste-antonio-guterres-salue-la-resilience-de-la-population-libanaise\/#primaryimage\"},\"thumbnailUrl\":\"https:\/\/elmawkie.dz\/fr\/wp-content\/uploads\/2026\/03\/IMG_2499.jpeg\",\"keywords\":[\"Antonio Guterres\"],\"articleSection\":[\"International\"],\"inLanguage\":\"fr-FR\",\"potentialAction\":[{\"@type\":\"CommentAction\",\"name\":\"Comment\",\"target\":[\"https:\/\/elmawkie.dz\/fr\/agression-sioniste-antonio-guterres-salue-la-resilience-de-la-population-libanaise\/#respond\"]}]},{\"@type\":\"WebPage\",\"@id\":\"https:\/\/elmawkie.dz\/fr\/agression-sioniste-antonio-guterres-salue-la-resilience-de-la-population-libanaise\/\",\"url\":\"https:\/\/elmawkie.dz\/fr\/agression-sioniste-antonio-guterres-salue-la-resilience-de-la-population-libanaise\/\",\"name\":\"Agression sioniste : Antonio Guterres salue la r\u00e9silience de la population libanaise - El Mawkie\",\"isPartOf\":{\"@id\":\"https:\/\/elmawkie.dz\/fr\/#website\"},\"primaryImageOfPage\":{\"@id\":\"https:\/\/elmawkie.dz\/fr\/agression-sioniste-antonio-guterres-salue-la-resilience-de-la-population-libanaise\/#primaryimage\"},\"image\":{\"@id\":\"https:\/\/elmawkie.dz\/fr\/agression-sioniste-antonio-guterres-salue-la-resilience-de-la-population-libanaise\/#primaryimage\"},\"thumbnailUrl\":\"https:\/\/elmawkie.dz\/fr\/wp-content\/uploads\/2026\/03\/IMG_2499.jpeg\",\"datePublished\":\"2026-03-14T11:49:12+00:00\",\"dateModified\":\"2026-03-14T11:49:13+00:00\",\"breadcrumb\":{\"@id\":\"https:\/\/elmawkie.dz\/fr\/agression-sioniste-antonio-guterres-salue-la-resilience-de-la-population-libanaise\/#breadcrumb\"},\"inLanguage\":\"fr-FR\",\"potentialAction\":[{\"@type\":\"ReadAction\",\"target\":[\"https:\/\/elmawkie.dz\/fr\/agression-sioniste-antonio-guterres-salue-la-resilience-de-la-population-libanaise\/\"]}]},{\"@type\":\"ImageObject\",\"inLanguage\":\"fr-FR\",\"@id\":\"https:\/\/elmawkie.dz\/fr\/agression-sioniste-antonio-guterres-salue-la-resilience-de-la-population-libanaise\/#primaryimage\",\"url\":\"https:\/\/elmawkie.dz\/fr\/wp-content\/uploads\/2026\/03\/IMG_2499.jpeg\",\"contentUrl\":\"https:\/\/elmawkie.dz\/fr\/wp-content\/uploads\/2026\/03\/IMG_2499.jpeg\",\"width\":588,\"height\":330},{\"@type\":\"BreadcrumbList\",\"@id\":\"https:\/\/elmawkie.dz\/fr\/agression-sioniste-antonio-guterres-salue-la-resilience-de-la-population-libanaise\/#breadcrumb\",\"itemListElement\":[{\"@type\":\"ListItem\",\"position\":1,\"name\":\"Home\",\"item\":\"https:\/\/elmawkie.dz\/fr\/\"},{\"@type\":\"ListItem\",\"position\":2,\"name\":\"Agression sioniste : Antonio Guterres salue la r\u00e9silience de la population libanaise\"}]},{\"@type\":\"WebSite\",\"@id\":\"https:\/\/elmawkie.dz\/fr\/#website\",\"url\":\"https:\/\/elmawkie.dz\/fr\/\",\"name\":\"EL MAWKIE\",\"description\":\"Journal \u00c9lectronique Alg\u00e9rien\",\"publisher\":{\"@id\":\"https:\/\/elmawkie.dz\/fr\/#organization\"},\"potentialAction\":[{\"@type\":\"SearchAction\",\"target\":{\"@type\":\"EntryPoint\",\"urlTemplate\":\"https:\/\/elmawkie.dz\/fr\/?s={search_term_string}\"},\"query-input\":\"required name=search_term_string\"}],\"inLanguage\":\"fr-FR\"},{\"@type\":\"Organization\",\"@id\":\"https:\/\/elmawkie.dz\/fr\/#organization\",\"name\":\"EL MAWKIE\",\"url\":\"https:\/\/elmawkie.dz\/fr\/\",\"logo\":{\"@type\":\"ImageObject\",\"inLanguage\":\"fr-FR\",\"@id\":\"https:\/\/elmawkie.dz\/fr\/#\/schema\/logo\/image\/\",\"url\":\"https:\/\/elmawkie.dz\/fr\/wp-content\/uploads\/2024\/05\/logo1.png\",\"contentUrl\":\"https:\/\/elmawkie.dz\/fr\/wp-content\/uploads\/2024\/05\/logo1.png\",\"width\":1648,\"height\":652,\"caption\":\"EL MAWKIE\"},\"image\":{\"@id\":\"https:\/\/elmawkie.dz\/fr\/#\/schema\/logo\/image\/\"},\"sameAs\":[\"https:\/\/www.facebook.com\/profile.php?id=100088407094989&locale=fr_FR\"]},{\"@type\":\"Person\",\"@id\":\"https:\/\/elmawkie.dz\/fr\/#\/schema\/person\/e7bd59d6467874ba5c4723d8a9f0a63c\",\"name\":\"R\u00e9daction\",\"image\":{\"@type\":\"ImageObject\",\"inLanguage\":\"fr-FR\",\"@id\":\"https:\/\/elmawkie.dz\/fr\/#\/schema\/person\/image\/\",\"url\":\"https:\/\/secure.gravatar.com\/avatar\/f0f773456344da4d2788c054a3d30a0c?s=96&d=mm&r=g\",\"contentUrl\":\"https:\/\/secure.gravatar.com\/avatar\/f0f773456344da4d2788c054a3d30a0c?s=96&d=mm&r=g\",\"caption\":\"R\u00e9daction\"},\"url\":\"https:\/\/elmawkie.dz\/fr\/author\/redaction\/\"}]}<\/script>\n<!-- \/ Yoast SEO Premium plugin. -->","yoast_head_json":{"title":"Agression sioniste : Antonio Guterres salue la r\u00e9silience de la population libanaise - El Mawkie","robots":{"index":"index","follow":"follow","max-snippet":"max-snippet:-1","max-image-preview":"max-image-preview:large","max-video-preview":"max-video-preview:-1"},"canonical":"https:\/\/elmawkie.dz\/fr\/agression-sioniste-antonio-guterres-salue-la-resilience-de-la-population-libanaise\/","og_locale":"fr_FR","og_type":"article","og_title":"Agression sioniste : Antonio Guterres salue la r\u00e9silience de la population libanaise","og_description":"Le Secr\u00e9taire g\u00e9n\u00e9ral de l&rsquo;ONU, Antonio Guterres, en visite \u00e0 Beyrouth, a salu\u00e9 la r\u00e9silience de la population libanaise, d\u00e9j\u00e0 fragilis\u00e9e par des ann\u00e9es de crise \u00e9conomique et politique et victime actuellement d&rsquo;une agression sioniste. Le chef de l&rsquo;ONU est arriv\u00e9 vendredi \u00e0 Beyrouth au lendemain de violentes frappes sionistes sur la capitale libanaise pour &hellip;","og_url":"https:\/\/elmawkie.dz\/fr\/agression-sioniste-antonio-guterres-salue-la-resilience-de-la-population-libanaise\/","og_site_name":"El Mawkie","article_publisher":"https:\/\/www.facebook.com\/profile.php?id=100088407094989&locale=fr_FR","article_published_time":"2026-03-14T11:49:12+00:00","article_modified_time":"2026-03-14T11:49:13+00:00","og_image":[{"width":588,"height":330,"url":"https:\/\/elmawkie.dz\/fr\/wp-content\/uploads\/2026\/03\/IMG_2499.jpeg","type":"image\/jpeg"}],"author":"R\u00e9daction","twitter_card":"summary_large_image","twitter_misc":{"Written by":"R\u00e9daction","Est. reading time":"2 minutes"},"schema":{"@context":"https:\/\/schema.org","@graph":[{"@type":"Article","@id":"https:\/\/elmawkie.dz\/fr\/agression-sioniste-antonio-guterres-salue-la-resilience-de-la-population-libanaise\/#article","isPartOf":{"@id":"https:\/\/elmawkie.dz\/fr\/agression-sioniste-antonio-guterres-salue-la-resilience-de-la-population-libanaise\/"},"author":{"name":"R\u00e9daction","@id":"https:\/\/elmawkie.dz\/fr\/#\/schema\/person\/e7bd59d6467874ba5c4723d8a9f0a63c"},"headline":"Agression sioniste : Antonio Guterres salue la r\u00e9silience de la population libanaise","datePublished":"2026-03-14T11:49:12+00:00","dateModified":"2026-03-14T11:49:13+00:00","mainEntityOfPage":{"@id":"https:\/\/elmawkie.dz\/fr\/agression-sioniste-antonio-guterres-salue-la-resilience-de-la-population-libanaise\/"},"wordCount":306,"commentCount":0,"publisher":{"@id":"https:\/\/elmawkie.dz\/fr\/#organization"},"image":{"@id":"https:\/\/elmawkie.dz\/fr\/agression-sioniste-antonio-guterres-salue-la-resilience-de-la-population-libanaise\/#primaryimage"},"thumbnailUrl":"https:\/\/elmawkie.dz\/fr\/wp-content\/uploads\/2026\/03\/IMG_2499.jpeg","keywords":["Antonio Guterres"],"articleSection":["International"],"inLanguage":"fr-FR","potentialAction":[{"@type":"CommentAction","name":"Comment","target":["https:\/\/elmawkie.dz\/fr\/agression-sioniste-antonio-guterres-salue-la-resilience-de-la-population-libanaise\/#respond"]}]},{"@type":"WebPage","@id":"https:\/\/elmawkie.dz\/fr\/agression-sioniste-antonio-guterres-salue-la-resilience-de-la-population-libanaise\/","url":"https:\/\/elmawkie.dz\/fr\/agression-sioniste-antonio-guterres-salue-la-resilience-de-la-population-libanaise\/","name":"Agression sioniste : Antonio Guterres salue la r\u00e9silience de la population libanaise - El Mawkie","isPartOf":{"@id":"https:\/\/elmawkie.dz\/fr\/#website"},"primaryImageOfPage":{"@id":"https:\/\/elmawkie.dz\/fr\/agression-sioniste-antonio-guterres-salue-la-resilience-de-la-population-libanaise\/#primaryimage"},"image":{"@id":"https:\/\/elmawkie.dz\/fr\/agression-sioniste-antonio-guterres-salue-la-resilience-de-la-population-libanaise\/#primaryimage"},"thumbnailUrl":"https:\/\/elmawkie.dz\/fr\/wp-content\/uploads\/2026\/03\/IMG_2499.jpeg","datePublished":"2026-03-14T11:49:12+00:00","dateModified":"2026-03-14T11:49:13+00:00","breadcrumb":{"@id":"https:\/\/elmawkie.dz\/fr\/agression-sioniste-antonio-guterres-salue-la-resilience-de-la-population-libanaise\/#breadcrumb"},"inLanguage":"fr-FR","potentialAction":[{"@type":"ReadAction","target":["https:\/\/elmawkie.dz\/fr\/agression-sioniste-antonio-guterres-salue-la-resilience-de-la-population-libanaise\/"]}]},{"@type":"ImageObject","inLanguage":"fr-FR","@id":"https:\/\/elmawkie.dz\/fr\/agression-sioniste-antonio-guterres-salue-la-resilience-de-la-population-libanaise\/#primaryimage","url":"https:\/\/elmawkie.dz\/fr\/wp-content\/uploads\/2026\/03\/IMG_2499.jpeg","contentUrl":"https:\/\/elmawkie.dz\/fr\/wp-content\/uploads\/2026\/03\/IMG_2499.jpeg","width":588,"height":330},{"@type":"BreadcrumbList","@id":"https:\/\/elmawkie.dz\/fr\/agression-sioniste-antonio-guterres-salue-la-resilience-de-la-population-libanaise\/#breadcrumb","itemListElement":[{"@type":"ListItem","position":1,"name":"Home","item":"https:\/\/elmawkie.dz\/fr\/"},{"@type":"ListItem","position":2,"name":"Agression sioniste : Antonio Guterres salue la r\u00e9silience de la population libanaise"}]},{"@type":"WebSite","@id":"https:\/\/elmawkie.dz\/fr\/#website","url":"https:\/\/elmawkie.dz\/fr\/","name":"EL MAWKIE","description":"Journal \u00c9lectronique Alg\u00e9rien","publisher":{"@id":"https:\/\/elmawkie.dz\/fr\/#organization"},"potentialAction":[{"@type":"SearchAction","target":{"@type":"EntryPoint","urlTemplate":"https:\/\/elmawkie.dz\/fr\/?s={search_term_string}"},"query-input":"required name=search_term_string"}],"inLanguage":"fr-FR"},{"@type":"Organization","@id":"https:\/\/elmawkie.dz\/fr\/#organization","name":"EL MAWKIE","url":"https:\/\/elmawkie.dz\/fr\/","logo":{"@type":"ImageObject","inLanguage":"fr-FR","@id":"https:\/\/elmawkie.dz\/fr\/#\/schema\/logo\/image\/","url":"https:\/\/elmawkie.dz\/fr\/wp-content\/uploads\/2024\/05\/logo1.png","contentUrl":"https:\/\/elmawkie.dz\/fr\/wp-content\/uploads\/2024\/05\/logo1.png","width":1648,"height":652,"caption":"EL MAWKIE"},"image":{"@id":"https:\/\/elmawkie.dz\/fr\/#\/schema\/logo\/image\/"},"sameAs":["https:\/\/www.facebook.com\/profile.php?id=100088407094989&locale=fr_FR"]},{"@type":"Person","@id":"https:\/\/elmawkie.dz\/fr\/#\/schema\/person\/e7bd59d6467874ba5c4723d8a9f0a63c","name":"R\u00e9daction","image":{"@type":"ImageObject","inLanguage":"fr-FR","@id":"https:\/\/elmawkie.dz\/fr\/#\/schema\/person\/image\/","url":"https:\/\/secure.gravatar.com\/avatar\/f0f773456344da4d2788c054a3d30a0c?s=96&d=mm&r=g","contentUrl":"https:\/\/secure.gravatar.com\/avatar\/f0f773456344da4d2788c054a3d30a0c?s=96&d=mm&r=g","caption":"R\u00e9daction"},"url":"https:\/\/elmawkie.dz\/fr\/author\/redaction\/"}]}},"_links":{"self":[{"href":"https:\/\/elmawkie.dz\/fr\/wp-json\/wp\/v2\/posts\/63402","targetHints":{"allow":["GET"]}}],"collection":[{"href":"https:\/\/elmawkie.dz\/fr\/wp-json\/wp\/v2\/posts"}],"about":[{"href":"https:\/\/elmawkie.dz\/fr\/wp-json\/wp\/v2\/types\/post"}],"author":[{"embeddable":true,"href":"https:\/\/elmawkie.dz\/fr\/wp-json\/wp\/v2\/users\/9"}],"replies":[{"embeddable":true,"href":"https:\/\/elmawkie.dz\/fr\/wp-json\/wp\/v2\/comments?post=63402"}],"version-history":[{"count":1,"href":"https:\/\/elmawkie.dz\/fr\/wp-json\/wp\/v2\/posts\/63402\/revisions"}],"predecessor-version":[{"id":63405,"href":"https:\/\/elmawkie.dz\/fr\/wp-json\/wp\/v2\/posts\/63402\/revisions\/63405"}],"wp:featuredmedia":[{"embeddable":true,"href":"https:\/\/elmawkie.dz\/fr\/wp-json\/wp\/v2\/media\/63404"}],"wp:attachment":[{"href":"https:\/\/elmawkie.dz\/fr\/wp-json\/wp\/v2\/media?parent=63402"}],"wp:term":[{"taxonomy":"category","embeddable":true,"href":"https:\/\/elmawkie.dz\/fr\/wp-json\/wp\/v2\/categories?post=63402"},{"taxonomy":"post_tag","embeddable":true,"href":"https:\/\/elmawkie.dz\/fr\/wp-json\/wp\/v2\/tags?post=63402"}],"curies":[{"name":"wp","href":"https:\/\/api.w.org\/{rel}","templated":true}]}}