{"id":63394,"date":"2026-03-13T20:43:13","date_gmt":"2026-03-13T19:43:13","guid":{"rendered":"https:\/\/elmawkie.dz\/fr\/?p=63394"},"modified":"2026-03-13T20:43:14","modified_gmt":"2026-03-13T19:43:14","slug":"transport-international-ouverture-dune-ligne-de-bus-reliant-annaba-a-tunis","status":"publish","type":"post","link":"https:\/\/elmawkie.dz\/fr\/transport-international-ouverture-dune-ligne-de-bus-reliant-annaba-a-tunis\/","title":{"rendered":"Transport international : ouverture d\u2019une ligne de bus reliant Annaba \u00e0 Tunis"},"content":{"rendered":"\n<p>La ligne de transport par bus reliant la ville d\u2019Annaba (Alg\u00e9rie) \u00e0 Tunis (Tunisie) a \u00e9t\u00e9 officiellement mise en service vendredi, dans le cadre du renforcement du r\u00e9seau de transport international et de la facilitation de la circulation des personnes entre les deux pays.<\/p>\n\n\n\n<p>La c\u00e9r\u00e9monie de lancement de cette ligne s\u2019est d\u00e9roul\u00e9e \u00e0 la gare routi\u00e8re de transport de voyageurs Mohamed Mounib Sendid dans la ville d\u2019Annaba, sous la supervision du wali d\u2019Annaba, M. Abdelkrim Lamouri, en pr\u00e9sence de cadres du secteur des transports.<\/p>\n\n\n\n<p>Selon les explications fournies sur place, cette ligne assure des liaisons directes entre la gare routi\u00e8re d&rsquo;Annaba et celle de \u00ab\u00a0Bab Alioua\u00a0\u00bb \u00e0 Tunis, via un itin\u00e9raire desservant les communes de Ben M&rsquo;hidi, d\u2019A\u00efn El Assel et d\u2019El Tarf, ainsi que le poste frontalier d&rsquo;El Ayoun (Alg\u00e9rie), pour se poursuivre en territoire tunisien par les r\u00e9gions de Babouch, d\u2019A\u00efn Draham, de Jendouba et de B\u00e9ja.<\/p>\n\n\n\n<p>Les services concern\u00e9s ont programm\u00e9 quatre navettes hebdomadaires (aller-retour) durant les journ\u00e9es de jeudi, vendredi, samedi et dimanche, avec la possibilit\u00e9 d\u2019augmenter la fr\u00e9quence des voyages \u00e0 l\u2019avenir pour r\u00e9pondre \u00e0 la demande croissante.<\/p>\n\n\n\n<p>Le prix du billet a \u00e9t\u00e9 fix\u00e9 \u00e0 2.300 DA, avec la possibilit\u00e9 de r\u00e9servation \u00e9lectronique via l\u2019application \u00ab\u00a0Mahattati\u00a0\u00bb ou directement aux guichets de la gare routi\u00e8re, avec l\u2019obligation de disposer d\u2019un passeport en cours de validit\u00e9.<\/p>\n\n\n\n<p>Cette nouvelle desserte terrestre devrait contribuer \u00e0 la dynamisation de l\u2019activit\u00e9 touristique et \u00e9conomique dans les zones frontali\u00e8res et au renforcement de l\u2019int\u00e9gration sociale entre les deux pays fr\u00e8res, a soulign\u00e9 le wali d\u2019Annaba dans une d\u00e9claration \u00e0 la presse en marge de l\u2019inauguration de la ligne.&nbsp;<\/p>\n","protected":false},"excerpt":{"rendered":"<p>La ligne de transport par bus reliant la ville d\u2019Annaba (Alg\u00e9rie) \u00e0 Tunis (Tunisie) a \u00e9t\u00e9 officiellement mise en service vendredi, dans le cadre du renforcement du r\u00e9seau de transport international et de la facilitation de la circulation des personnes entre les deux pays. La c\u00e9r\u00e9monie de lancement de cette ligne s\u2019est d\u00e9roul\u00e9e \u00e0 la &hellip;<\/p>\n","protected":false},"author":9,"featured_media":63396,"comment_status":"open","ping_status":"open","sticky":false,"template":"","format":"standard","meta":{"footnotes":""},"categories":[47],"tags":[88,135],"class_list":["post-63394","post","type-post","status-publish","format-standard","has-post-thumbnail","hentry","category-national","tag-algerie","tag-tunisie"],"yoast_head":"<!-- This site is optimized with the Yoast SEO Premium plugin v22.6 (Yoast SEO v22.6) - https:\/\/yoast.com\/wordpress\/plugins\/seo\/ -->\n<title>Transport international : ouverture d\u2019une ligne de bus reliant Annaba \u00e0 Tunis - El Mawkie<\/title>\n<meta name=\"robots\" content=\"index, follow, max-snippet:-1, max-image-preview:large, max-video-preview:-1\" \/>\n<link rel=\"canonical\" href=\"https:\/\/elmawkie.dz\/fr\/transport-international-ouverture-dune-ligne-de-bus-reliant-annaba-a-tunis\/\" \/>\n<meta property=\"og:locale\" content=\"fr_FR\" \/>\n<meta property=\"og:type\" content=\"article\" \/>\n<meta property=\"og:title\" content=\"Transport international : ouverture d\u2019une ligne de bus reliant Annaba \u00e0 Tunis\" \/>\n<meta property=\"og:description\" content=\"La ligne de transport par bus reliant la ville d\u2019Annaba (Alg\u00e9rie) \u00e0 Tunis (Tunisie) a \u00e9t\u00e9 officiellement mise en service vendredi, dans le cadre du renforcement du r\u00e9seau de transport international et de la facilitation de la circulation des personnes entre les deux pays. La c\u00e9r\u00e9monie de lancement de cette ligne s\u2019est d\u00e9roul\u00e9e \u00e0 la &hellip;\" \/>\n<meta property=\"og:url\" content=\"https:\/\/elmawkie.dz\/fr\/transport-international-ouverture-dune-ligne-de-bus-reliant-annaba-a-tunis\/\" \/>\n<meta property=\"og:site_name\" content=\"El Mawkie\" \/>\n<meta property=\"article:publisher\" content=\"https:\/\/www.facebook.com\/profile.php?id=100088407094989&amp;locale=fr_FR\" \/>\n<meta property=\"article:published_time\" content=\"2026-03-13T19:43:13+00:00\" \/>\n<meta property=\"article:modified_time\" content=\"2026-03-13T19:43:14+00:00\" \/>\n<meta property=\"og:image\" content=\"https:\/\/elmawkie.dz\/fr\/wp-content\/uploads\/2026\/03\/IMG_2453.jpeg\" \/>\n\t<meta property=\"og:image:width\" content=\"1280\" \/>\n\t<meta property=\"og:image:height\" content=\"853\" \/>\n\t<meta property=\"og:image:type\" content=\"image\/jpeg\" \/>\n<meta name=\"author\" content=\"R\u00e9daction\" \/>\n<meta name=\"twitter:card\" content=\"summary_large_image\" \/>\n<meta name=\"twitter:label1\" content=\"Written by\" \/>\n\t<meta name=\"twitter:data1\" content=\"R\u00e9daction\" \/>\n\t<meta name=\"twitter:label2\" content=\"Est. reading time\" \/>\n\t<meta name=\"twitter:data2\" content=\"2 minutes\" \/>\n<script type=\"application\/ld+json\" class=\"yoast-schema-graph\">{\"@context\":\"https:\/\/schema.org\",\"@graph\":[{\"@type\":\"Article\",\"@id\":\"https:\/\/elmawkie.dz\/fr\/transport-international-ouverture-dune-ligne-de-bus-reliant-annaba-a-tunis\/#article\",\"isPartOf\":{\"@id\":\"https:\/\/elmawkie.dz\/fr\/transport-international-ouverture-dune-ligne-de-bus-reliant-annaba-a-tunis\/\"},\"author\":{\"name\":\"R\u00e9daction\",\"@id\":\"https:\/\/elmawkie.dz\/fr\/#\/schema\/person\/e7bd59d6467874ba5c4723d8a9f0a63c\"},\"headline\":\"Transport international : ouverture d\u2019une ligne de bus reliant Annaba \u00e0 Tunis\",\"datePublished\":\"2026-03-13T19:43:13+00:00\",\"dateModified\":\"2026-03-13T19:43:14+00:00\",\"mainEntityOfPage\":{\"@id\":\"https:\/\/elmawkie.dz\/fr\/transport-international-ouverture-dune-ligne-de-bus-reliant-annaba-a-tunis\/\"},\"wordCount\":315,\"commentCount\":0,\"publisher\":{\"@id\":\"https:\/\/elmawkie.dz\/fr\/#organization\"},\"image\":{\"@id\":\"https:\/\/elmawkie.dz\/fr\/transport-international-ouverture-dune-ligne-de-bus-reliant-annaba-a-tunis\/#primaryimage\"},\"thumbnailUrl\":\"https:\/\/elmawkie.dz\/fr\/wp-content\/uploads\/2026\/03\/IMG_2453.jpeg\",\"keywords\":[\"Alg\u00e9rie\",\"Tunisie\"],\"articleSection\":[\"National\"],\"inLanguage\":\"fr-FR\",\"potentialAction\":[{\"@type\":\"CommentAction\",\"name\":\"Comment\",\"target\":[\"https:\/\/elmawkie.dz\/fr\/transport-international-ouverture-dune-ligne-de-bus-reliant-annaba-a-tunis\/#respond\"]}]},{\"@type\":\"WebPage\",\"@id\":\"https:\/\/elmawkie.dz\/fr\/transport-international-ouverture-dune-ligne-de-bus-reliant-annaba-a-tunis\/\",\"url\":\"https:\/\/elmawkie.dz\/fr\/transport-international-ouverture-dune-ligne-de-bus-reliant-annaba-a-tunis\/\",\"name\":\"Transport international : ouverture d\u2019une ligne de bus reliant Annaba \u00e0 Tunis - El Mawkie\",\"isPartOf\":{\"@id\":\"https:\/\/elmawkie.dz\/fr\/#website\"},\"primaryImageOfPage\":{\"@id\":\"https:\/\/elmawkie.dz\/fr\/transport-international-ouverture-dune-ligne-de-bus-reliant-annaba-a-tunis\/#primaryimage\"},\"image\":{\"@id\":\"https:\/\/elmawkie.dz\/fr\/transport-international-ouverture-dune-ligne-de-bus-reliant-annaba-a-tunis\/#primaryimage\"},\"thumbnailUrl\":\"https:\/\/elmawkie.dz\/fr\/wp-content\/uploads\/2026\/03\/IMG_2453.jpeg\",\"datePublished\":\"2026-03-13T19:43:13+00:00\",\"dateModified\":\"2026-03-13T19:43:14+00:00\",\"breadcrumb\":{\"@id\":\"https:\/\/elmawkie.dz\/fr\/transport-international-ouverture-dune-ligne-de-bus-reliant-annaba-a-tunis\/#breadcrumb\"},\"inLanguage\":\"fr-FR\",\"potentialAction\":[{\"@type\":\"ReadAction\",\"target\":[\"https:\/\/elmawkie.dz\/fr\/transport-international-ouverture-dune-ligne-de-bus-reliant-annaba-a-tunis\/\"]}]},{\"@type\":\"ImageObject\",\"inLanguage\":\"fr-FR\",\"@id\":\"https:\/\/elmawkie.dz\/fr\/transport-international-ouverture-dune-ligne-de-bus-reliant-annaba-a-tunis\/#primaryimage\",\"url\":\"https:\/\/elmawkie.dz\/fr\/wp-content\/uploads\/2026\/03\/IMG_2453.jpeg\",\"contentUrl\":\"https:\/\/elmawkie.dz\/fr\/wp-content\/uploads\/2026\/03\/IMG_2453.jpeg\",\"width\":1280,\"height\":853},{\"@type\":\"BreadcrumbList\",\"@id\":\"https:\/\/elmawkie.dz\/fr\/transport-international-ouverture-dune-ligne-de-bus-reliant-annaba-a-tunis\/#breadcrumb\",\"itemListElement\":[{\"@type\":\"ListItem\",\"position\":1,\"name\":\"Home\",\"item\":\"https:\/\/elmawkie.dz\/fr\/\"},{\"@type\":\"ListItem\",\"position\":2,\"name\":\"Transport international : ouverture d\u2019une ligne de bus reliant Annaba \u00e0 Tunis\"}]},{\"@type\":\"WebSite\",\"@id\":\"https:\/\/elmawkie.dz\/fr\/#website\",\"url\":\"https:\/\/elmawkie.dz\/fr\/\",\"name\":\"EL MAWKIE\",\"description\":\"Journal \u00c9lectronique Alg\u00e9rien\",\"publisher\":{\"@id\":\"https:\/\/elmawkie.dz\/fr\/#organization\"},\"potentialAction\":[{\"@type\":\"SearchAction\",\"target\":{\"@type\":\"EntryPoint\",\"urlTemplate\":\"https:\/\/elmawkie.dz\/fr\/?s={search_term_string}\"},\"query-input\":\"required name=search_term_string\"}],\"inLanguage\":\"fr-FR\"},{\"@type\":\"Organization\",\"@id\":\"https:\/\/elmawkie.dz\/fr\/#organization\",\"name\":\"EL MAWKIE\",\"url\":\"https:\/\/elmawkie.dz\/fr\/\",\"logo\":{\"@type\":\"ImageObject\",\"inLanguage\":\"fr-FR\",\"@id\":\"https:\/\/elmawkie.dz\/fr\/#\/schema\/logo\/image\/\",\"url\":\"https:\/\/elmawkie.dz\/fr\/wp-content\/uploads\/2024\/05\/logo1.png\",\"contentUrl\":\"https:\/\/elmawkie.dz\/fr\/wp-content\/uploads\/2024\/05\/logo1.png\",\"width\":1648,\"height\":652,\"caption\":\"EL MAWKIE\"},\"image\":{\"@id\":\"https:\/\/elmawkie.dz\/fr\/#\/schema\/logo\/image\/\"},\"sameAs\":[\"https:\/\/www.facebook.com\/profile.php?id=100088407094989&locale=fr_FR\"]},{\"@type\":\"Person\",\"@id\":\"https:\/\/elmawkie.dz\/fr\/#\/schema\/person\/e7bd59d6467874ba5c4723d8a9f0a63c\",\"name\":\"R\u00e9daction\",\"image\":{\"@type\":\"ImageObject\",\"inLanguage\":\"fr-FR\",\"@id\":\"https:\/\/elmawkie.dz\/fr\/#\/schema\/person\/image\/\",\"url\":\"https:\/\/secure.gravatar.com\/avatar\/f0f773456344da4d2788c054a3d30a0c?s=96&d=mm&r=g\",\"contentUrl\":\"https:\/\/secure.gravatar.com\/avatar\/f0f773456344da4d2788c054a3d30a0c?s=96&d=mm&r=g\",\"caption\":\"R\u00e9daction\"},\"url\":\"https:\/\/elmawkie.dz\/fr\/author\/redaction\/\"}]}<\/script>\n<!-- \/ Yoast SEO Premium plugin. -->","yoast_head_json":{"title":"Transport international : ouverture d\u2019une ligne de bus reliant Annaba \u00e0 Tunis - El Mawkie","robots":{"index":"index","follow":"follow","max-snippet":"max-snippet:-1","max-image-preview":"max-image-preview:large","max-video-preview":"max-video-preview:-1"},"canonical":"https:\/\/elmawkie.dz\/fr\/transport-international-ouverture-dune-ligne-de-bus-reliant-annaba-a-tunis\/","og_locale":"fr_FR","og_type":"article","og_title":"Transport international : ouverture d\u2019une ligne de bus reliant Annaba \u00e0 Tunis","og_description":"La ligne de transport par bus reliant la ville d\u2019Annaba (Alg\u00e9rie) \u00e0 Tunis (Tunisie) a \u00e9t\u00e9 officiellement mise en service vendredi, dans le cadre du renforcement du r\u00e9seau de transport international et de la facilitation de la circulation des personnes entre les deux pays. La c\u00e9r\u00e9monie de lancement de cette ligne s\u2019est d\u00e9roul\u00e9e \u00e0 la &hellip;","og_url":"https:\/\/elmawkie.dz\/fr\/transport-international-ouverture-dune-ligne-de-bus-reliant-annaba-a-tunis\/","og_site_name":"El Mawkie","article_publisher":"https:\/\/www.facebook.com\/profile.php?id=100088407094989&locale=fr_FR","article_published_time":"2026-03-13T19:43:13+00:00","article_modified_time":"2026-03-13T19:43:14+00:00","og_image":[{"width":1280,"height":853,"url":"https:\/\/elmawkie.dz\/fr\/wp-content\/uploads\/2026\/03\/IMG_2453.jpeg","type":"image\/jpeg"}],"author":"R\u00e9daction","twitter_card":"summary_large_image","twitter_misc":{"Written by":"R\u00e9daction","Est. reading time":"2 minutes"},"schema":{"@context":"https:\/\/schema.org","@graph":[{"@type":"Article","@id":"https:\/\/elmawkie.dz\/fr\/transport-international-ouverture-dune-ligne-de-bus-reliant-annaba-a-tunis\/#article","isPartOf":{"@id":"https:\/\/elmawkie.dz\/fr\/transport-international-ouverture-dune-ligne-de-bus-reliant-annaba-a-tunis\/"},"author":{"name":"R\u00e9daction","@id":"https:\/\/elmawkie.dz\/fr\/#\/schema\/person\/e7bd59d6467874ba5c4723d8a9f0a63c"},"headline":"Transport international : ouverture d\u2019une ligne de bus reliant Annaba \u00e0 Tunis","datePublished":"2026-03-13T19:43:13+00:00","dateModified":"2026-03-13T19:43:14+00:00","mainEntityOfPage":{"@id":"https:\/\/elmawkie.dz\/fr\/transport-international-ouverture-dune-ligne-de-bus-reliant-annaba-a-tunis\/"},"wordCount":315,"commentCount":0,"publisher":{"@id":"https:\/\/elmawkie.dz\/fr\/#organization"},"image":{"@id":"https:\/\/elmawkie.dz\/fr\/transport-international-ouverture-dune-ligne-de-bus-reliant-annaba-a-tunis\/#primaryimage"},"thumbnailUrl":"https:\/\/elmawkie.dz\/fr\/wp-content\/uploads\/2026\/03\/IMG_2453.jpeg","keywords":["Alg\u00e9rie","Tunisie"],"articleSection":["National"],"inLanguage":"fr-FR","potentialAction":[{"@type":"CommentAction","name":"Comment","target":["https:\/\/elmawkie.dz\/fr\/transport-international-ouverture-dune-ligne-de-bus-reliant-annaba-a-tunis\/#respond"]}]},{"@type":"WebPage","@id":"https:\/\/elmawkie.dz\/fr\/transport-international-ouverture-dune-ligne-de-bus-reliant-annaba-a-tunis\/","url":"https:\/\/elmawkie.dz\/fr\/transport-international-ouverture-dune-ligne-de-bus-reliant-annaba-a-tunis\/","name":"Transport international : ouverture d\u2019une ligne de bus reliant Annaba \u00e0 Tunis - El Mawkie","isPartOf":{"@id":"https:\/\/elmawkie.dz\/fr\/#website"},"primaryImageOfPage":{"@id":"https:\/\/elmawkie.dz\/fr\/transport-international-ouverture-dune-ligne-de-bus-reliant-annaba-a-tunis\/#primaryimage"},"image":{"@id":"https:\/\/elmawkie.dz\/fr\/transport-international-ouverture-dune-ligne-de-bus-reliant-annaba-a-tunis\/#primaryimage"},"thumbnailUrl":"https:\/\/elmawkie.dz\/fr\/wp-content\/uploads\/2026\/03\/IMG_2453.jpeg","datePublished":"2026-03-13T19:43:13+00:00","dateModified":"2026-03-13T19:43:14+00:00","breadcrumb":{"@id":"https:\/\/elmawkie.dz\/fr\/transport-international-ouverture-dune-ligne-de-bus-reliant-annaba-a-tunis\/#breadcrumb"},"inLanguage":"fr-FR","potentialAction":[{"@type":"ReadAction","target":["https:\/\/elmawkie.dz\/fr\/transport-international-ouverture-dune-ligne-de-bus-reliant-annaba-a-tunis\/"]}]},{"@type":"ImageObject","inLanguage":"fr-FR","@id":"https:\/\/elmawkie.dz\/fr\/transport-international-ouverture-dune-ligne-de-bus-reliant-annaba-a-tunis\/#primaryimage","url":"https:\/\/elmawkie.dz\/fr\/wp-content\/uploads\/2026\/03\/IMG_2453.jpeg","contentUrl":"https:\/\/elmawkie.dz\/fr\/wp-content\/uploads\/2026\/03\/IMG_2453.jpeg","width":1280,"height":853},{"@type":"BreadcrumbList","@id":"https:\/\/elmawkie.dz\/fr\/transport-international-ouverture-dune-ligne-de-bus-reliant-annaba-a-tunis\/#breadcrumb","itemListElement":[{"@type":"ListItem","position":1,"name":"Home","item":"https:\/\/elmawkie.dz\/fr\/"},{"@type":"ListItem","position":2,"name":"Transport international : ouverture d\u2019une ligne de bus reliant Annaba \u00e0 Tunis"}]},{"@type":"WebSite","@id":"https:\/\/elmawkie.dz\/fr\/#website","url":"https:\/\/elmawkie.dz\/fr\/","name":"EL MAWKIE","description":"Journal \u00c9lectronique Alg\u00e9rien","publisher":{"@id":"https:\/\/elmawkie.dz\/fr\/#organization"},"potentialAction":[{"@type":"SearchAction","target":{"@type":"EntryPoint","urlTemplate":"https:\/\/elmawkie.dz\/fr\/?s={search_term_string}"},"query-input":"required name=search_term_string"}],"inLanguage":"fr-FR"},{"@type":"Organization","@id":"https:\/\/elmawkie.dz\/fr\/#organization","name":"EL MAWKIE","url":"https:\/\/elmawkie.dz\/fr\/","logo":{"@type":"ImageObject","inLanguage":"fr-FR","@id":"https:\/\/elmawkie.dz\/fr\/#\/schema\/logo\/image\/","url":"https:\/\/elmawkie.dz\/fr\/wp-content\/uploads\/2024\/05\/logo1.png","contentUrl":"https:\/\/elmawkie.dz\/fr\/wp-content\/uploads\/2024\/05\/logo1.png","width":1648,"height":652,"caption":"EL MAWKIE"},"image":{"@id":"https:\/\/elmawkie.dz\/fr\/#\/schema\/logo\/image\/"},"sameAs":["https:\/\/www.facebook.com\/profile.php?id=100088407094989&locale=fr_FR"]},{"@type":"Person","@id":"https:\/\/elmawkie.dz\/fr\/#\/schema\/person\/e7bd59d6467874ba5c4723d8a9f0a63c","name":"R\u00e9daction","image":{"@type":"ImageObject","inLanguage":"fr-FR","@id":"https:\/\/elmawkie.dz\/fr\/#\/schema\/person\/image\/","url":"https:\/\/secure.gravatar.com\/avatar\/f0f773456344da4d2788c054a3d30a0c?s=96&d=mm&r=g","contentUrl":"https:\/\/secure.gravatar.com\/avatar\/f0f773456344da4d2788c054a3d30a0c?s=96&d=mm&r=g","caption":"R\u00e9daction"},"url":"https:\/\/elmawkie.dz\/fr\/author\/redaction\/"}]}},"_links":{"self":[{"href":"https:\/\/elmawkie.dz\/fr\/wp-json\/wp\/v2\/posts\/63394","targetHints":{"allow":["GET"]}}],"collection":[{"href":"https:\/\/elmawkie.dz\/fr\/wp-json\/wp\/v2\/posts"}],"about":[{"href":"https:\/\/elmawkie.dz\/fr\/wp-json\/wp\/v2\/types\/post"}],"author":[{"embeddable":true,"href":"https:\/\/elmawkie.dz\/fr\/wp-json\/wp\/v2\/users\/9"}],"replies":[{"embeddable":true,"href":"https:\/\/elmawkie.dz\/fr\/wp-json\/wp\/v2\/comments?post=63394"}],"version-history":[{"count":1,"href":"https:\/\/elmawkie.dz\/fr\/wp-json\/wp\/v2\/posts\/63394\/revisions"}],"predecessor-version":[{"id":63397,"href":"https:\/\/elmawkie.dz\/fr\/wp-json\/wp\/v2\/posts\/63394\/revisions\/63397"}],"wp:featuredmedia":[{"embeddable":true,"href":"https:\/\/elmawkie.dz\/fr\/wp-json\/wp\/v2\/media\/63396"}],"wp:attachment":[{"href":"https:\/\/elmawkie.dz\/fr\/wp-json\/wp\/v2\/media?parent=63394"}],"wp:term":[{"taxonomy":"category","embeddable":true,"href":"https:\/\/elmawkie.dz\/fr\/wp-json\/wp\/v2\/categories?post=63394"},{"taxonomy":"post_tag","embeddable":true,"href":"https:\/\/elmawkie.dz\/fr\/wp-json\/wp\/v2\/tags?post=63394"}],"curies":[{"name":"wp","href":"https:\/\/api.w.org\/{rel}","templated":true}]}}