{"id":63390,"date":"2026-03-13T20:41:08","date_gmt":"2026-03-13T19:41:08","guid":{"rendered":"https:\/\/elmawkie.dz\/fr\/?p=63390"},"modified":"2026-03-13T20:41:09","modified_gmt":"2026-03-13T19:41:09","slug":"le-president-sud-soudanais-sengage-a-organiser-des-legislatives-en-decembre","status":"publish","type":"post","link":"https:\/\/elmawkie.dz\/fr\/le-president-sud-soudanais-sengage-a-organiser-des-legislatives-en-decembre\/","title":{"rendered":"Le pr\u00e9sident sud-soudanais s&rsquo;engage \u00e0 organiser des l\u00e9gislatives en d\u00e9cembre"},"content":{"rendered":"\n<p>Le pr\u00e9sident sud-soudanais Salva Kiir s&rsquo;est engag\u00e9 jeudi \u00e0 ce que son pays organise les \u00e9lections l\u00e9gislatives en d\u00e9cembre, comme pr\u00e9vu. Il a fait cette promesse apr\u00e8s avoir \u00e9t\u00e9 inform\u00e9 le m\u00eame jour par le pr\u00e9sident de la Commission \u00e9lectorale nationale, Abednego Akok Kacoul, des pr\u00e9paratifs en vue de ces \u00e9lections. M. Kiir \u00ab\u00a0a soulign\u00e9 l&rsquo;importance de maintenir la dynamique dans les pr\u00e9paratifs et a indiqu\u00e9 que le gouvernement mettrait \u00e0 disposition les ressources et le soutien logistique n\u00e9cessaires au bon d\u00e9roulement des \u00e9lections de d\u00e9cembre 2026\u00a0\u00bb, a assur\u00e9 la pr\u00e9sidence dans un communiqu\u00e9.<\/p>\n\n\n\n<p>Au cours de la r\u00e9union, M. Akok a fait le point sur les pr\u00e9paratifs de l&rsquo;organisme \u00e9lectoral, pr\u00e9cisant que l&rsquo;annonce de la date officielle des \u00e9lections \u00e9tait pr\u00e9vue pour le mois de juin. Le Soudan du Sud pr\u00e9voit d&rsquo;organiser ses premi\u00e8res \u00e9lections l\u00e9gislatives en d\u00e9cembre prochain dans le cadre de la mise en \u0153uvre de l&rsquo;Accord sur le r\u00e8glement du conflit dans le pays. M. Akok a d\u00e9clar\u00e9 que ces \u00e9lections se d\u00e9rouleront dans 102 circonscriptions \u00e9lectorales r\u00e9parties dans les dix Etats et les trois zones administratives du pays.<\/p>\n","protected":false},"excerpt":{"rendered":"<p>Le pr\u00e9sident sud-soudanais Salva Kiir s&rsquo;est engag\u00e9 jeudi \u00e0 ce que son pays organise les \u00e9lections l\u00e9gislatives en d\u00e9cembre, comme pr\u00e9vu. Il a fait cette promesse apr\u00e8s avoir \u00e9t\u00e9 inform\u00e9 le m\u00eame jour par le pr\u00e9sident de la Commission \u00e9lectorale nationale, Abednego Akok Kacoul, des pr\u00e9paratifs en vue de ces \u00e9lections. M. Kiir \u00ab\u00a0a soulign\u00e9 &hellip;<\/p>\n","protected":false},"author":9,"featured_media":63392,"comment_status":"open","ping_status":"open","sticky":false,"template":"","format":"standard","meta":{"footnotes":""},"categories":[44],"tags":[1418,6268],"class_list":["post-63390","post","type-post","status-publish","format-standard","has-post-thumbnail","hentry","category-international","tag-le-president","tag-sud-soudanais"],"yoast_head":"<!-- This site is optimized with the Yoast SEO Premium plugin v22.6 (Yoast SEO v22.6) - https:\/\/yoast.com\/wordpress\/plugins\/seo\/ -->\n<title>Le pr\u00e9sident sud-soudanais s&#039;engage \u00e0 organiser des l\u00e9gislatives en d\u00e9cembre - El Mawkie<\/title>\n<meta name=\"robots\" content=\"index, follow, max-snippet:-1, max-image-preview:large, max-video-preview:-1\" \/>\n<link rel=\"canonical\" href=\"https:\/\/elmawkie.dz\/fr\/le-president-sud-soudanais-sengage-a-organiser-des-legislatives-en-decembre\/\" \/>\n<meta property=\"og:locale\" content=\"fr_FR\" \/>\n<meta property=\"og:type\" content=\"article\" \/>\n<meta property=\"og:title\" content=\"Le pr\u00e9sident sud-soudanais s&#039;engage \u00e0 organiser des l\u00e9gislatives en d\u00e9cembre\" \/>\n<meta property=\"og:description\" content=\"Le pr\u00e9sident sud-soudanais Salva Kiir s&rsquo;est engag\u00e9 jeudi \u00e0 ce que son pays organise les \u00e9lections l\u00e9gislatives en d\u00e9cembre, comme pr\u00e9vu. Il a fait cette promesse apr\u00e8s avoir \u00e9t\u00e9 inform\u00e9 le m\u00eame jour par le pr\u00e9sident de la Commission \u00e9lectorale nationale, Abednego Akok Kacoul, des pr\u00e9paratifs en vue de ces \u00e9lections. M. Kiir \u00ab\u00a0a soulign\u00e9 &hellip;\" \/>\n<meta property=\"og:url\" content=\"https:\/\/elmawkie.dz\/fr\/le-president-sud-soudanais-sengage-a-organiser-des-legislatives-en-decembre\/\" \/>\n<meta property=\"og:site_name\" content=\"El Mawkie\" \/>\n<meta property=\"article:publisher\" content=\"https:\/\/www.facebook.com\/profile.php?id=100088407094989&amp;locale=fr_FR\" \/>\n<meta property=\"article:published_time\" content=\"2026-03-13T19:41:08+00:00\" \/>\n<meta property=\"article:modified_time\" content=\"2026-03-13T19:41:09+00:00\" \/>\n<meta property=\"og:image\" content=\"https:\/\/elmawkie.dz\/fr\/wp-content\/uploads\/2026\/03\/IMG_2483.jpeg\" \/>\n\t<meta property=\"og:image:width\" content=\"388\" \/>\n\t<meta property=\"og:image:height\" content=\"220\" \/>\n\t<meta property=\"og:image:type\" content=\"image\/jpeg\" \/>\n<meta name=\"author\" content=\"R\u00e9daction\" \/>\n<meta name=\"twitter:card\" content=\"summary_large_image\" \/>\n<meta name=\"twitter:label1\" content=\"Written by\" \/>\n\t<meta name=\"twitter:data1\" content=\"R\u00e9daction\" \/>\n\t<meta name=\"twitter:label2\" content=\"Est. reading time\" \/>\n\t<meta name=\"twitter:data2\" content=\"2 minutes\" \/>\n<script type=\"application\/ld+json\" class=\"yoast-schema-graph\">{\"@context\":\"https:\/\/schema.org\",\"@graph\":[{\"@type\":\"Article\",\"@id\":\"https:\/\/elmawkie.dz\/fr\/le-president-sud-soudanais-sengage-a-organiser-des-legislatives-en-decembre\/#article\",\"isPartOf\":{\"@id\":\"https:\/\/elmawkie.dz\/fr\/le-president-sud-soudanais-sengage-a-organiser-des-legislatives-en-decembre\/\"},\"author\":{\"name\":\"R\u00e9daction\",\"@id\":\"https:\/\/elmawkie.dz\/fr\/#\/schema\/person\/e7bd59d6467874ba5c4723d8a9f0a63c\"},\"headline\":\"Le pr\u00e9sident sud-soudanais s&rsquo;engage \u00e0 organiser des l\u00e9gislatives en d\u00e9cembre\",\"datePublished\":\"2026-03-13T19:41:08+00:00\",\"dateModified\":\"2026-03-13T19:41:09+00:00\",\"mainEntityOfPage\":{\"@id\":\"https:\/\/elmawkie.dz\/fr\/le-president-sud-soudanais-sengage-a-organiser-des-legislatives-en-decembre\/\"},\"wordCount\":223,\"commentCount\":0,\"publisher\":{\"@id\":\"https:\/\/elmawkie.dz\/fr\/#organization\"},\"image\":{\"@id\":\"https:\/\/elmawkie.dz\/fr\/le-president-sud-soudanais-sengage-a-organiser-des-legislatives-en-decembre\/#primaryimage\"},\"thumbnailUrl\":\"https:\/\/elmawkie.dz\/fr\/wp-content\/uploads\/2026\/03\/IMG_2483.jpeg\",\"keywords\":[\"le Pr\u00e9sident\",\"Sud-Soudanais\"],\"articleSection\":[\"International\"],\"inLanguage\":\"fr-FR\",\"potentialAction\":[{\"@type\":\"CommentAction\",\"name\":\"Comment\",\"target\":[\"https:\/\/elmawkie.dz\/fr\/le-president-sud-soudanais-sengage-a-organiser-des-legislatives-en-decembre\/#respond\"]}]},{\"@type\":\"WebPage\",\"@id\":\"https:\/\/elmawkie.dz\/fr\/le-president-sud-soudanais-sengage-a-organiser-des-legislatives-en-decembre\/\",\"url\":\"https:\/\/elmawkie.dz\/fr\/le-president-sud-soudanais-sengage-a-organiser-des-legislatives-en-decembre\/\",\"name\":\"Le pr\u00e9sident sud-soudanais s'engage \u00e0 organiser des l\u00e9gislatives en d\u00e9cembre - El Mawkie\",\"isPartOf\":{\"@id\":\"https:\/\/elmawkie.dz\/fr\/#website\"},\"primaryImageOfPage\":{\"@id\":\"https:\/\/elmawkie.dz\/fr\/le-president-sud-soudanais-sengage-a-organiser-des-legislatives-en-decembre\/#primaryimage\"},\"image\":{\"@id\":\"https:\/\/elmawkie.dz\/fr\/le-president-sud-soudanais-sengage-a-organiser-des-legislatives-en-decembre\/#primaryimage\"},\"thumbnailUrl\":\"https:\/\/elmawkie.dz\/fr\/wp-content\/uploads\/2026\/03\/IMG_2483.jpeg\",\"datePublished\":\"2026-03-13T19:41:08+00:00\",\"dateModified\":\"2026-03-13T19:41:09+00:00\",\"breadcrumb\":{\"@id\":\"https:\/\/elmawkie.dz\/fr\/le-president-sud-soudanais-sengage-a-organiser-des-legislatives-en-decembre\/#breadcrumb\"},\"inLanguage\":\"fr-FR\",\"potentialAction\":[{\"@type\":\"ReadAction\",\"target\":[\"https:\/\/elmawkie.dz\/fr\/le-president-sud-soudanais-sengage-a-organiser-des-legislatives-en-decembre\/\"]}]},{\"@type\":\"ImageObject\",\"inLanguage\":\"fr-FR\",\"@id\":\"https:\/\/elmawkie.dz\/fr\/le-president-sud-soudanais-sengage-a-organiser-des-legislatives-en-decembre\/#primaryimage\",\"url\":\"https:\/\/elmawkie.dz\/fr\/wp-content\/uploads\/2026\/03\/IMG_2483.jpeg\",\"contentUrl\":\"https:\/\/elmawkie.dz\/fr\/wp-content\/uploads\/2026\/03\/IMG_2483.jpeg\",\"width\":388,\"height\":220},{\"@type\":\"BreadcrumbList\",\"@id\":\"https:\/\/elmawkie.dz\/fr\/le-president-sud-soudanais-sengage-a-organiser-des-legislatives-en-decembre\/#breadcrumb\",\"itemListElement\":[{\"@type\":\"ListItem\",\"position\":1,\"name\":\"Home\",\"item\":\"https:\/\/elmawkie.dz\/fr\/\"},{\"@type\":\"ListItem\",\"position\":2,\"name\":\"Le pr\u00e9sident sud-soudanais s&rsquo;engage \u00e0 organiser des l\u00e9gislatives en d\u00e9cembre\"}]},{\"@type\":\"WebSite\",\"@id\":\"https:\/\/elmawkie.dz\/fr\/#website\",\"url\":\"https:\/\/elmawkie.dz\/fr\/\",\"name\":\"EL MAWKIE\",\"description\":\"Journal \u00c9lectronique Alg\u00e9rien\",\"publisher\":{\"@id\":\"https:\/\/elmawkie.dz\/fr\/#organization\"},\"potentialAction\":[{\"@type\":\"SearchAction\",\"target\":{\"@type\":\"EntryPoint\",\"urlTemplate\":\"https:\/\/elmawkie.dz\/fr\/?s={search_term_string}\"},\"query-input\":\"required name=search_term_string\"}],\"inLanguage\":\"fr-FR\"},{\"@type\":\"Organization\",\"@id\":\"https:\/\/elmawkie.dz\/fr\/#organization\",\"name\":\"EL MAWKIE\",\"url\":\"https:\/\/elmawkie.dz\/fr\/\",\"logo\":{\"@type\":\"ImageObject\",\"inLanguage\":\"fr-FR\",\"@id\":\"https:\/\/elmawkie.dz\/fr\/#\/schema\/logo\/image\/\",\"url\":\"https:\/\/elmawkie.dz\/fr\/wp-content\/uploads\/2024\/05\/logo1.png\",\"contentUrl\":\"https:\/\/elmawkie.dz\/fr\/wp-content\/uploads\/2024\/05\/logo1.png\",\"width\":1648,\"height\":652,\"caption\":\"EL MAWKIE\"},\"image\":{\"@id\":\"https:\/\/elmawkie.dz\/fr\/#\/schema\/logo\/image\/\"},\"sameAs\":[\"https:\/\/www.facebook.com\/profile.php?id=100088407094989&locale=fr_FR\"]},{\"@type\":\"Person\",\"@id\":\"https:\/\/elmawkie.dz\/fr\/#\/schema\/person\/e7bd59d6467874ba5c4723d8a9f0a63c\",\"name\":\"R\u00e9daction\",\"image\":{\"@type\":\"ImageObject\",\"inLanguage\":\"fr-FR\",\"@id\":\"https:\/\/elmawkie.dz\/fr\/#\/schema\/person\/image\/\",\"url\":\"https:\/\/secure.gravatar.com\/avatar\/f0f773456344da4d2788c054a3d30a0c?s=96&d=mm&r=g\",\"contentUrl\":\"https:\/\/secure.gravatar.com\/avatar\/f0f773456344da4d2788c054a3d30a0c?s=96&d=mm&r=g\",\"caption\":\"R\u00e9daction\"},\"url\":\"https:\/\/elmawkie.dz\/fr\/author\/redaction\/\"}]}<\/script>\n<!-- \/ Yoast SEO Premium plugin. -->","yoast_head_json":{"title":"Le pr\u00e9sident sud-soudanais s'engage \u00e0 organiser des l\u00e9gislatives en d\u00e9cembre - El Mawkie","robots":{"index":"index","follow":"follow","max-snippet":"max-snippet:-1","max-image-preview":"max-image-preview:large","max-video-preview":"max-video-preview:-1"},"canonical":"https:\/\/elmawkie.dz\/fr\/le-president-sud-soudanais-sengage-a-organiser-des-legislatives-en-decembre\/","og_locale":"fr_FR","og_type":"article","og_title":"Le pr\u00e9sident sud-soudanais s'engage \u00e0 organiser des l\u00e9gislatives en d\u00e9cembre","og_description":"Le pr\u00e9sident sud-soudanais Salva Kiir s&rsquo;est engag\u00e9 jeudi \u00e0 ce que son pays organise les \u00e9lections l\u00e9gislatives en d\u00e9cembre, comme pr\u00e9vu. Il a fait cette promesse apr\u00e8s avoir \u00e9t\u00e9 inform\u00e9 le m\u00eame jour par le pr\u00e9sident de la Commission \u00e9lectorale nationale, Abednego Akok Kacoul, des pr\u00e9paratifs en vue de ces \u00e9lections. M. Kiir \u00ab\u00a0a soulign\u00e9 &hellip;","og_url":"https:\/\/elmawkie.dz\/fr\/le-president-sud-soudanais-sengage-a-organiser-des-legislatives-en-decembre\/","og_site_name":"El Mawkie","article_publisher":"https:\/\/www.facebook.com\/profile.php?id=100088407094989&locale=fr_FR","article_published_time":"2026-03-13T19:41:08+00:00","article_modified_time":"2026-03-13T19:41:09+00:00","og_image":[{"width":388,"height":220,"url":"https:\/\/elmawkie.dz\/fr\/wp-content\/uploads\/2026\/03\/IMG_2483.jpeg","type":"image\/jpeg"}],"author":"R\u00e9daction","twitter_card":"summary_large_image","twitter_misc":{"Written by":"R\u00e9daction","Est. reading time":"2 minutes"},"schema":{"@context":"https:\/\/schema.org","@graph":[{"@type":"Article","@id":"https:\/\/elmawkie.dz\/fr\/le-president-sud-soudanais-sengage-a-organiser-des-legislatives-en-decembre\/#article","isPartOf":{"@id":"https:\/\/elmawkie.dz\/fr\/le-president-sud-soudanais-sengage-a-organiser-des-legislatives-en-decembre\/"},"author":{"name":"R\u00e9daction","@id":"https:\/\/elmawkie.dz\/fr\/#\/schema\/person\/e7bd59d6467874ba5c4723d8a9f0a63c"},"headline":"Le pr\u00e9sident sud-soudanais s&rsquo;engage \u00e0 organiser des l\u00e9gislatives en d\u00e9cembre","datePublished":"2026-03-13T19:41:08+00:00","dateModified":"2026-03-13T19:41:09+00:00","mainEntityOfPage":{"@id":"https:\/\/elmawkie.dz\/fr\/le-president-sud-soudanais-sengage-a-organiser-des-legislatives-en-decembre\/"},"wordCount":223,"commentCount":0,"publisher":{"@id":"https:\/\/elmawkie.dz\/fr\/#organization"},"image":{"@id":"https:\/\/elmawkie.dz\/fr\/le-president-sud-soudanais-sengage-a-organiser-des-legislatives-en-decembre\/#primaryimage"},"thumbnailUrl":"https:\/\/elmawkie.dz\/fr\/wp-content\/uploads\/2026\/03\/IMG_2483.jpeg","keywords":["le Pr\u00e9sident","Sud-Soudanais"],"articleSection":["International"],"inLanguage":"fr-FR","potentialAction":[{"@type":"CommentAction","name":"Comment","target":["https:\/\/elmawkie.dz\/fr\/le-president-sud-soudanais-sengage-a-organiser-des-legislatives-en-decembre\/#respond"]}]},{"@type":"WebPage","@id":"https:\/\/elmawkie.dz\/fr\/le-president-sud-soudanais-sengage-a-organiser-des-legislatives-en-decembre\/","url":"https:\/\/elmawkie.dz\/fr\/le-president-sud-soudanais-sengage-a-organiser-des-legislatives-en-decembre\/","name":"Le pr\u00e9sident sud-soudanais s'engage \u00e0 organiser des l\u00e9gislatives en d\u00e9cembre - El Mawkie","isPartOf":{"@id":"https:\/\/elmawkie.dz\/fr\/#website"},"primaryImageOfPage":{"@id":"https:\/\/elmawkie.dz\/fr\/le-president-sud-soudanais-sengage-a-organiser-des-legislatives-en-decembre\/#primaryimage"},"image":{"@id":"https:\/\/elmawkie.dz\/fr\/le-president-sud-soudanais-sengage-a-organiser-des-legislatives-en-decembre\/#primaryimage"},"thumbnailUrl":"https:\/\/elmawkie.dz\/fr\/wp-content\/uploads\/2026\/03\/IMG_2483.jpeg","datePublished":"2026-03-13T19:41:08+00:00","dateModified":"2026-03-13T19:41:09+00:00","breadcrumb":{"@id":"https:\/\/elmawkie.dz\/fr\/le-president-sud-soudanais-sengage-a-organiser-des-legislatives-en-decembre\/#breadcrumb"},"inLanguage":"fr-FR","potentialAction":[{"@type":"ReadAction","target":["https:\/\/elmawkie.dz\/fr\/le-president-sud-soudanais-sengage-a-organiser-des-legislatives-en-decembre\/"]}]},{"@type":"ImageObject","inLanguage":"fr-FR","@id":"https:\/\/elmawkie.dz\/fr\/le-president-sud-soudanais-sengage-a-organiser-des-legislatives-en-decembre\/#primaryimage","url":"https:\/\/elmawkie.dz\/fr\/wp-content\/uploads\/2026\/03\/IMG_2483.jpeg","contentUrl":"https:\/\/elmawkie.dz\/fr\/wp-content\/uploads\/2026\/03\/IMG_2483.jpeg","width":388,"height":220},{"@type":"BreadcrumbList","@id":"https:\/\/elmawkie.dz\/fr\/le-president-sud-soudanais-sengage-a-organiser-des-legislatives-en-decembre\/#breadcrumb","itemListElement":[{"@type":"ListItem","position":1,"name":"Home","item":"https:\/\/elmawkie.dz\/fr\/"},{"@type":"ListItem","position":2,"name":"Le pr\u00e9sident sud-soudanais s&rsquo;engage \u00e0 organiser des l\u00e9gislatives en d\u00e9cembre"}]},{"@type":"WebSite","@id":"https:\/\/elmawkie.dz\/fr\/#website","url":"https:\/\/elmawkie.dz\/fr\/","name":"EL MAWKIE","description":"Journal \u00c9lectronique Alg\u00e9rien","publisher":{"@id":"https:\/\/elmawkie.dz\/fr\/#organization"},"potentialAction":[{"@type":"SearchAction","target":{"@type":"EntryPoint","urlTemplate":"https:\/\/elmawkie.dz\/fr\/?s={search_term_string}"},"query-input":"required name=search_term_string"}],"inLanguage":"fr-FR"},{"@type":"Organization","@id":"https:\/\/elmawkie.dz\/fr\/#organization","name":"EL MAWKIE","url":"https:\/\/elmawkie.dz\/fr\/","logo":{"@type":"ImageObject","inLanguage":"fr-FR","@id":"https:\/\/elmawkie.dz\/fr\/#\/schema\/logo\/image\/","url":"https:\/\/elmawkie.dz\/fr\/wp-content\/uploads\/2024\/05\/logo1.png","contentUrl":"https:\/\/elmawkie.dz\/fr\/wp-content\/uploads\/2024\/05\/logo1.png","width":1648,"height":652,"caption":"EL MAWKIE"},"image":{"@id":"https:\/\/elmawkie.dz\/fr\/#\/schema\/logo\/image\/"},"sameAs":["https:\/\/www.facebook.com\/profile.php?id=100088407094989&locale=fr_FR"]},{"@type":"Person","@id":"https:\/\/elmawkie.dz\/fr\/#\/schema\/person\/e7bd59d6467874ba5c4723d8a9f0a63c","name":"R\u00e9daction","image":{"@type":"ImageObject","inLanguage":"fr-FR","@id":"https:\/\/elmawkie.dz\/fr\/#\/schema\/person\/image\/","url":"https:\/\/secure.gravatar.com\/avatar\/f0f773456344da4d2788c054a3d30a0c?s=96&d=mm&r=g","contentUrl":"https:\/\/secure.gravatar.com\/avatar\/f0f773456344da4d2788c054a3d30a0c?s=96&d=mm&r=g","caption":"R\u00e9daction"},"url":"https:\/\/elmawkie.dz\/fr\/author\/redaction\/"}]}},"_links":{"self":[{"href":"https:\/\/elmawkie.dz\/fr\/wp-json\/wp\/v2\/posts\/63390","targetHints":{"allow":["GET"]}}],"collection":[{"href":"https:\/\/elmawkie.dz\/fr\/wp-json\/wp\/v2\/posts"}],"about":[{"href":"https:\/\/elmawkie.dz\/fr\/wp-json\/wp\/v2\/types\/post"}],"author":[{"embeddable":true,"href":"https:\/\/elmawkie.dz\/fr\/wp-json\/wp\/v2\/users\/9"}],"replies":[{"embeddable":true,"href":"https:\/\/elmawkie.dz\/fr\/wp-json\/wp\/v2\/comments?post=63390"}],"version-history":[{"count":1,"href":"https:\/\/elmawkie.dz\/fr\/wp-json\/wp\/v2\/posts\/63390\/revisions"}],"predecessor-version":[{"id":63393,"href":"https:\/\/elmawkie.dz\/fr\/wp-json\/wp\/v2\/posts\/63390\/revisions\/63393"}],"wp:featuredmedia":[{"embeddable":true,"href":"https:\/\/elmawkie.dz\/fr\/wp-json\/wp\/v2\/media\/63392"}],"wp:attachment":[{"href":"https:\/\/elmawkie.dz\/fr\/wp-json\/wp\/v2\/media?parent=63390"}],"wp:term":[{"taxonomy":"category","embeddable":true,"href":"https:\/\/elmawkie.dz\/fr\/wp-json\/wp\/v2\/categories?post=63390"},{"taxonomy":"post_tag","embeddable":true,"href":"https:\/\/elmawkie.dz\/fr\/wp-json\/wp\/v2\/tags?post=63390"}],"curies":[{"name":"wp","href":"https:\/\/api.w.org\/{rel}","templated":true}]}}