{"id":63386,"date":"2026-03-13T20:39:08","date_gmt":"2026-03-13T19:39:08","guid":{"rendered":"https:\/\/elmawkie.dz\/fr\/?p=63386"},"modified":"2026-03-13T20:39:10","modified_gmt":"2026-03-13T19:39:10","slug":"zambie-deux-deces-et-17-nouveaux-cas-de-cholera-enregistres-en-24-heures","status":"publish","type":"post","link":"https:\/\/elmawkie.dz\/fr\/zambie-deux-deces-et-17-nouveaux-cas-de-cholera-enregistres-en-24-heures\/","title":{"rendered":"Zambie: deux d\u00e9c\u00e8s et 17 nouveaux cas de chol\u00e9ra enregistr\u00e9s en 24 heures"},"content":{"rendered":"\n<p>Les autorit\u00e9s zambiennes ont annonc\u00e9 jeudi deux d\u00e9c\u00e8s et 17 nouveaux cas de chol\u00e9ra survenus au cours des derni\u00e8res 24 heures, appelant les citoyens \u00e0 prendre des pr\u00e9cautions pour \u00e9viter la propagation de la maladie.<\/p>\n\n\n\n<p>Selon l&rsquo;Institut national zambien de sant\u00e9 publique (ZNPHI), 14 des nouveaux cas ont \u00e9t\u00e9 enregistr\u00e9s \u00e0 Lusaka, la capitale, tandis que les trois autres ont \u00e9t\u00e9 signal\u00e9s dans le district de Mpulungu, au nord de la Zambie, le long des rives du lac Tanganyika.<\/p>\n\n\n\n<p>\u00ab\u00a0Les deux d\u00e9c\u00e8s ont \u00e9t\u00e9 enregistr\u00e9s dans le quartier de Kanyama \u00e0 Lusaka\u00a0\u00bb, a d\u00e9clar\u00e9 Doreen Shempela, directrice de la politique de sant\u00e9 publique, de la diplomatie et de la communication au ZNPHI, lors d&rsquo;une intervention \u00e0 la t\u00e9l\u00e9vision.<\/p>\n\n\n\n<p>Shempela a pr\u00e9cis\u00e9 que \u00ab\u00a0les autorit\u00e9s sanitaires poursuivent leur collaboration avec des partenaires pour renforcer la capacit\u00e9 des laboratoires, la surveillance et le traitement de la maladie\u00a0\u00bb, qui conna\u00eet g\u00e9n\u00e9ralement une recrudescence pendant la saison des pluies.<\/p>\n","protected":false},"excerpt":{"rendered":"<p>Les autorit\u00e9s zambiennes ont annonc\u00e9 jeudi deux d\u00e9c\u00e8s et 17 nouveaux cas de chol\u00e9ra survenus au cours des derni\u00e8res 24 heures, appelant les citoyens \u00e0 prendre des pr\u00e9cautions pour \u00e9viter la propagation de la maladie. Selon l&rsquo;Institut national zambien de sant\u00e9 publique (ZNPHI), 14 des nouveaux cas ont \u00e9t\u00e9 enregistr\u00e9s \u00e0 Lusaka, la capitale, tandis &hellip;<\/p>\n","protected":false},"author":9,"featured_media":63388,"comment_status":"open","ping_status":"open","sticky":false,"template":"","format":"standard","meta":{"footnotes":""},"categories":[44],"tags":[3224],"class_list":["post-63386","post","type-post","status-publish","format-standard","has-post-thumbnail","hentry","category-international","tag-zambie"],"yoast_head":"<!-- This site is optimized with the Yoast SEO Premium plugin v22.6 (Yoast SEO v22.6) - https:\/\/yoast.com\/wordpress\/plugins\/seo\/ -->\n<title>Zambie: deux d\u00e9c\u00e8s et 17 nouveaux cas de chol\u00e9ra enregistr\u00e9s en 24 heures - El Mawkie<\/title>\n<meta name=\"robots\" content=\"index, follow, max-snippet:-1, max-image-preview:large, max-video-preview:-1\" \/>\n<link rel=\"canonical\" href=\"https:\/\/elmawkie.dz\/fr\/zambie-deux-deces-et-17-nouveaux-cas-de-cholera-enregistres-en-24-heures\/\" \/>\n<meta property=\"og:locale\" content=\"fr_FR\" \/>\n<meta property=\"og:type\" content=\"article\" \/>\n<meta property=\"og:title\" content=\"Zambie: deux d\u00e9c\u00e8s et 17 nouveaux cas de chol\u00e9ra enregistr\u00e9s en 24 heures\" \/>\n<meta property=\"og:description\" content=\"Les autorit\u00e9s zambiennes ont annonc\u00e9 jeudi deux d\u00e9c\u00e8s et 17 nouveaux cas de chol\u00e9ra survenus au cours des derni\u00e8res 24 heures, appelant les citoyens \u00e0 prendre des pr\u00e9cautions pour \u00e9viter la propagation de la maladie. Selon l&rsquo;Institut national zambien de sant\u00e9 publique (ZNPHI), 14 des nouveaux cas ont \u00e9t\u00e9 enregistr\u00e9s \u00e0 Lusaka, la capitale, tandis &hellip;\" \/>\n<meta property=\"og:url\" content=\"https:\/\/elmawkie.dz\/fr\/zambie-deux-deces-et-17-nouveaux-cas-de-cholera-enregistres-en-24-heures\/\" \/>\n<meta property=\"og:site_name\" content=\"El Mawkie\" \/>\n<meta property=\"article:publisher\" content=\"https:\/\/www.facebook.com\/profile.php?id=100088407094989&amp;locale=fr_FR\" \/>\n<meta property=\"article:published_time\" content=\"2026-03-13T19:39:08+00:00\" \/>\n<meta property=\"article:modified_time\" content=\"2026-03-13T19:39:10+00:00\" \/>\n<meta property=\"og:image\" content=\"https:\/\/elmawkie.dz\/fr\/wp-content\/uploads\/2026\/03\/IMG_2482.jpeg\" \/>\n\t<meta property=\"og:image:width\" content=\"588\" \/>\n\t<meta property=\"og:image:height\" content=\"330\" \/>\n\t<meta property=\"og:image:type\" content=\"image\/jpeg\" \/>\n<meta name=\"author\" content=\"R\u00e9daction\" \/>\n<meta name=\"twitter:card\" content=\"summary_large_image\" \/>\n<meta name=\"twitter:label1\" content=\"Written by\" \/>\n\t<meta name=\"twitter:data1\" content=\"R\u00e9daction\" \/>\n\t<meta name=\"twitter:label2\" content=\"Est. reading time\" \/>\n\t<meta name=\"twitter:data2\" content=\"1 minute\" \/>\n<script type=\"application\/ld+json\" class=\"yoast-schema-graph\">{\"@context\":\"https:\/\/schema.org\",\"@graph\":[{\"@type\":\"Article\",\"@id\":\"https:\/\/elmawkie.dz\/fr\/zambie-deux-deces-et-17-nouveaux-cas-de-cholera-enregistres-en-24-heures\/#article\",\"isPartOf\":{\"@id\":\"https:\/\/elmawkie.dz\/fr\/zambie-deux-deces-et-17-nouveaux-cas-de-cholera-enregistres-en-24-heures\/\"},\"author\":{\"name\":\"R\u00e9daction\",\"@id\":\"https:\/\/elmawkie.dz\/fr\/#\/schema\/person\/e7bd59d6467874ba5c4723d8a9f0a63c\"},\"headline\":\"Zambie: deux d\u00e9c\u00e8s et 17 nouveaux cas de chol\u00e9ra enregistr\u00e9s en 24 heures\",\"datePublished\":\"2026-03-13T19:39:08+00:00\",\"dateModified\":\"2026-03-13T19:39:10+00:00\",\"mainEntityOfPage\":{\"@id\":\"https:\/\/elmawkie.dz\/fr\/zambie-deux-deces-et-17-nouveaux-cas-de-cholera-enregistres-en-24-heures\/\"},\"wordCount\":184,\"commentCount\":0,\"publisher\":{\"@id\":\"https:\/\/elmawkie.dz\/fr\/#organization\"},\"image\":{\"@id\":\"https:\/\/elmawkie.dz\/fr\/zambie-deux-deces-et-17-nouveaux-cas-de-cholera-enregistres-en-24-heures\/#primaryimage\"},\"thumbnailUrl\":\"https:\/\/elmawkie.dz\/fr\/wp-content\/uploads\/2026\/03\/IMG_2482.jpeg\",\"keywords\":[\"Zambie\"],\"articleSection\":[\"International\"],\"inLanguage\":\"fr-FR\",\"potentialAction\":[{\"@type\":\"CommentAction\",\"name\":\"Comment\",\"target\":[\"https:\/\/elmawkie.dz\/fr\/zambie-deux-deces-et-17-nouveaux-cas-de-cholera-enregistres-en-24-heures\/#respond\"]}]},{\"@type\":\"WebPage\",\"@id\":\"https:\/\/elmawkie.dz\/fr\/zambie-deux-deces-et-17-nouveaux-cas-de-cholera-enregistres-en-24-heures\/\",\"url\":\"https:\/\/elmawkie.dz\/fr\/zambie-deux-deces-et-17-nouveaux-cas-de-cholera-enregistres-en-24-heures\/\",\"name\":\"Zambie: deux d\u00e9c\u00e8s et 17 nouveaux cas de chol\u00e9ra enregistr\u00e9s en 24 heures - El Mawkie\",\"isPartOf\":{\"@id\":\"https:\/\/elmawkie.dz\/fr\/#website\"},\"primaryImageOfPage\":{\"@id\":\"https:\/\/elmawkie.dz\/fr\/zambie-deux-deces-et-17-nouveaux-cas-de-cholera-enregistres-en-24-heures\/#primaryimage\"},\"image\":{\"@id\":\"https:\/\/elmawkie.dz\/fr\/zambie-deux-deces-et-17-nouveaux-cas-de-cholera-enregistres-en-24-heures\/#primaryimage\"},\"thumbnailUrl\":\"https:\/\/elmawkie.dz\/fr\/wp-content\/uploads\/2026\/03\/IMG_2482.jpeg\",\"datePublished\":\"2026-03-13T19:39:08+00:00\",\"dateModified\":\"2026-03-13T19:39:10+00:00\",\"breadcrumb\":{\"@id\":\"https:\/\/elmawkie.dz\/fr\/zambie-deux-deces-et-17-nouveaux-cas-de-cholera-enregistres-en-24-heures\/#breadcrumb\"},\"inLanguage\":\"fr-FR\",\"potentialAction\":[{\"@type\":\"ReadAction\",\"target\":[\"https:\/\/elmawkie.dz\/fr\/zambie-deux-deces-et-17-nouveaux-cas-de-cholera-enregistres-en-24-heures\/\"]}]},{\"@type\":\"ImageObject\",\"inLanguage\":\"fr-FR\",\"@id\":\"https:\/\/elmawkie.dz\/fr\/zambie-deux-deces-et-17-nouveaux-cas-de-cholera-enregistres-en-24-heures\/#primaryimage\",\"url\":\"https:\/\/elmawkie.dz\/fr\/wp-content\/uploads\/2026\/03\/IMG_2482.jpeg\",\"contentUrl\":\"https:\/\/elmawkie.dz\/fr\/wp-content\/uploads\/2026\/03\/IMG_2482.jpeg\",\"width\":588,\"height\":330},{\"@type\":\"BreadcrumbList\",\"@id\":\"https:\/\/elmawkie.dz\/fr\/zambie-deux-deces-et-17-nouveaux-cas-de-cholera-enregistres-en-24-heures\/#breadcrumb\",\"itemListElement\":[{\"@type\":\"ListItem\",\"position\":1,\"name\":\"Home\",\"item\":\"https:\/\/elmawkie.dz\/fr\/\"},{\"@type\":\"ListItem\",\"position\":2,\"name\":\"Zambie: deux d\u00e9c\u00e8s et 17 nouveaux cas de chol\u00e9ra enregistr\u00e9s en 24 heures\"}]},{\"@type\":\"WebSite\",\"@id\":\"https:\/\/elmawkie.dz\/fr\/#website\",\"url\":\"https:\/\/elmawkie.dz\/fr\/\",\"name\":\"EL MAWKIE\",\"description\":\"Journal \u00c9lectronique Alg\u00e9rien\",\"publisher\":{\"@id\":\"https:\/\/elmawkie.dz\/fr\/#organization\"},\"potentialAction\":[{\"@type\":\"SearchAction\",\"target\":{\"@type\":\"EntryPoint\",\"urlTemplate\":\"https:\/\/elmawkie.dz\/fr\/?s={search_term_string}\"},\"query-input\":\"required name=search_term_string\"}],\"inLanguage\":\"fr-FR\"},{\"@type\":\"Organization\",\"@id\":\"https:\/\/elmawkie.dz\/fr\/#organization\",\"name\":\"EL MAWKIE\",\"url\":\"https:\/\/elmawkie.dz\/fr\/\",\"logo\":{\"@type\":\"ImageObject\",\"inLanguage\":\"fr-FR\",\"@id\":\"https:\/\/elmawkie.dz\/fr\/#\/schema\/logo\/image\/\",\"url\":\"https:\/\/elmawkie.dz\/fr\/wp-content\/uploads\/2024\/05\/logo1.png\",\"contentUrl\":\"https:\/\/elmawkie.dz\/fr\/wp-content\/uploads\/2024\/05\/logo1.png\",\"width\":1648,\"height\":652,\"caption\":\"EL MAWKIE\"},\"image\":{\"@id\":\"https:\/\/elmawkie.dz\/fr\/#\/schema\/logo\/image\/\"},\"sameAs\":[\"https:\/\/www.facebook.com\/profile.php?id=100088407094989&locale=fr_FR\"]},{\"@type\":\"Person\",\"@id\":\"https:\/\/elmawkie.dz\/fr\/#\/schema\/person\/e7bd59d6467874ba5c4723d8a9f0a63c\",\"name\":\"R\u00e9daction\",\"image\":{\"@type\":\"ImageObject\",\"inLanguage\":\"fr-FR\",\"@id\":\"https:\/\/elmawkie.dz\/fr\/#\/schema\/person\/image\/\",\"url\":\"https:\/\/secure.gravatar.com\/avatar\/f0f773456344da4d2788c054a3d30a0c?s=96&d=mm&r=g\",\"contentUrl\":\"https:\/\/secure.gravatar.com\/avatar\/f0f773456344da4d2788c054a3d30a0c?s=96&d=mm&r=g\",\"caption\":\"R\u00e9daction\"},\"url\":\"https:\/\/elmawkie.dz\/fr\/author\/redaction\/\"}]}<\/script>\n<!-- \/ Yoast SEO Premium plugin. -->","yoast_head_json":{"title":"Zambie: deux d\u00e9c\u00e8s et 17 nouveaux cas de chol\u00e9ra enregistr\u00e9s en 24 heures - El Mawkie","robots":{"index":"index","follow":"follow","max-snippet":"max-snippet:-1","max-image-preview":"max-image-preview:large","max-video-preview":"max-video-preview:-1"},"canonical":"https:\/\/elmawkie.dz\/fr\/zambie-deux-deces-et-17-nouveaux-cas-de-cholera-enregistres-en-24-heures\/","og_locale":"fr_FR","og_type":"article","og_title":"Zambie: deux d\u00e9c\u00e8s et 17 nouveaux cas de chol\u00e9ra enregistr\u00e9s en 24 heures","og_description":"Les autorit\u00e9s zambiennes ont annonc\u00e9 jeudi deux d\u00e9c\u00e8s et 17 nouveaux cas de chol\u00e9ra survenus au cours des derni\u00e8res 24 heures, appelant les citoyens \u00e0 prendre des pr\u00e9cautions pour \u00e9viter la propagation de la maladie. Selon l&rsquo;Institut national zambien de sant\u00e9 publique (ZNPHI), 14 des nouveaux cas ont \u00e9t\u00e9 enregistr\u00e9s \u00e0 Lusaka, la capitale, tandis &hellip;","og_url":"https:\/\/elmawkie.dz\/fr\/zambie-deux-deces-et-17-nouveaux-cas-de-cholera-enregistres-en-24-heures\/","og_site_name":"El Mawkie","article_publisher":"https:\/\/www.facebook.com\/profile.php?id=100088407094989&locale=fr_FR","article_published_time":"2026-03-13T19:39:08+00:00","article_modified_time":"2026-03-13T19:39:10+00:00","og_image":[{"width":588,"height":330,"url":"https:\/\/elmawkie.dz\/fr\/wp-content\/uploads\/2026\/03\/IMG_2482.jpeg","type":"image\/jpeg"}],"author":"R\u00e9daction","twitter_card":"summary_large_image","twitter_misc":{"Written by":"R\u00e9daction","Est. reading time":"1 minute"},"schema":{"@context":"https:\/\/schema.org","@graph":[{"@type":"Article","@id":"https:\/\/elmawkie.dz\/fr\/zambie-deux-deces-et-17-nouveaux-cas-de-cholera-enregistres-en-24-heures\/#article","isPartOf":{"@id":"https:\/\/elmawkie.dz\/fr\/zambie-deux-deces-et-17-nouveaux-cas-de-cholera-enregistres-en-24-heures\/"},"author":{"name":"R\u00e9daction","@id":"https:\/\/elmawkie.dz\/fr\/#\/schema\/person\/e7bd59d6467874ba5c4723d8a9f0a63c"},"headline":"Zambie: deux d\u00e9c\u00e8s et 17 nouveaux cas de chol\u00e9ra enregistr\u00e9s en 24 heures","datePublished":"2026-03-13T19:39:08+00:00","dateModified":"2026-03-13T19:39:10+00:00","mainEntityOfPage":{"@id":"https:\/\/elmawkie.dz\/fr\/zambie-deux-deces-et-17-nouveaux-cas-de-cholera-enregistres-en-24-heures\/"},"wordCount":184,"commentCount":0,"publisher":{"@id":"https:\/\/elmawkie.dz\/fr\/#organization"},"image":{"@id":"https:\/\/elmawkie.dz\/fr\/zambie-deux-deces-et-17-nouveaux-cas-de-cholera-enregistres-en-24-heures\/#primaryimage"},"thumbnailUrl":"https:\/\/elmawkie.dz\/fr\/wp-content\/uploads\/2026\/03\/IMG_2482.jpeg","keywords":["Zambie"],"articleSection":["International"],"inLanguage":"fr-FR","potentialAction":[{"@type":"CommentAction","name":"Comment","target":["https:\/\/elmawkie.dz\/fr\/zambie-deux-deces-et-17-nouveaux-cas-de-cholera-enregistres-en-24-heures\/#respond"]}]},{"@type":"WebPage","@id":"https:\/\/elmawkie.dz\/fr\/zambie-deux-deces-et-17-nouveaux-cas-de-cholera-enregistres-en-24-heures\/","url":"https:\/\/elmawkie.dz\/fr\/zambie-deux-deces-et-17-nouveaux-cas-de-cholera-enregistres-en-24-heures\/","name":"Zambie: deux d\u00e9c\u00e8s et 17 nouveaux cas de chol\u00e9ra enregistr\u00e9s en 24 heures - El Mawkie","isPartOf":{"@id":"https:\/\/elmawkie.dz\/fr\/#website"},"primaryImageOfPage":{"@id":"https:\/\/elmawkie.dz\/fr\/zambie-deux-deces-et-17-nouveaux-cas-de-cholera-enregistres-en-24-heures\/#primaryimage"},"image":{"@id":"https:\/\/elmawkie.dz\/fr\/zambie-deux-deces-et-17-nouveaux-cas-de-cholera-enregistres-en-24-heures\/#primaryimage"},"thumbnailUrl":"https:\/\/elmawkie.dz\/fr\/wp-content\/uploads\/2026\/03\/IMG_2482.jpeg","datePublished":"2026-03-13T19:39:08+00:00","dateModified":"2026-03-13T19:39:10+00:00","breadcrumb":{"@id":"https:\/\/elmawkie.dz\/fr\/zambie-deux-deces-et-17-nouveaux-cas-de-cholera-enregistres-en-24-heures\/#breadcrumb"},"inLanguage":"fr-FR","potentialAction":[{"@type":"ReadAction","target":["https:\/\/elmawkie.dz\/fr\/zambie-deux-deces-et-17-nouveaux-cas-de-cholera-enregistres-en-24-heures\/"]}]},{"@type":"ImageObject","inLanguage":"fr-FR","@id":"https:\/\/elmawkie.dz\/fr\/zambie-deux-deces-et-17-nouveaux-cas-de-cholera-enregistres-en-24-heures\/#primaryimage","url":"https:\/\/elmawkie.dz\/fr\/wp-content\/uploads\/2026\/03\/IMG_2482.jpeg","contentUrl":"https:\/\/elmawkie.dz\/fr\/wp-content\/uploads\/2026\/03\/IMG_2482.jpeg","width":588,"height":330},{"@type":"BreadcrumbList","@id":"https:\/\/elmawkie.dz\/fr\/zambie-deux-deces-et-17-nouveaux-cas-de-cholera-enregistres-en-24-heures\/#breadcrumb","itemListElement":[{"@type":"ListItem","position":1,"name":"Home","item":"https:\/\/elmawkie.dz\/fr\/"},{"@type":"ListItem","position":2,"name":"Zambie: deux d\u00e9c\u00e8s et 17 nouveaux cas de chol\u00e9ra enregistr\u00e9s en 24 heures"}]},{"@type":"WebSite","@id":"https:\/\/elmawkie.dz\/fr\/#website","url":"https:\/\/elmawkie.dz\/fr\/","name":"EL MAWKIE","description":"Journal \u00c9lectronique Alg\u00e9rien","publisher":{"@id":"https:\/\/elmawkie.dz\/fr\/#organization"},"potentialAction":[{"@type":"SearchAction","target":{"@type":"EntryPoint","urlTemplate":"https:\/\/elmawkie.dz\/fr\/?s={search_term_string}"},"query-input":"required name=search_term_string"}],"inLanguage":"fr-FR"},{"@type":"Organization","@id":"https:\/\/elmawkie.dz\/fr\/#organization","name":"EL MAWKIE","url":"https:\/\/elmawkie.dz\/fr\/","logo":{"@type":"ImageObject","inLanguage":"fr-FR","@id":"https:\/\/elmawkie.dz\/fr\/#\/schema\/logo\/image\/","url":"https:\/\/elmawkie.dz\/fr\/wp-content\/uploads\/2024\/05\/logo1.png","contentUrl":"https:\/\/elmawkie.dz\/fr\/wp-content\/uploads\/2024\/05\/logo1.png","width":1648,"height":652,"caption":"EL MAWKIE"},"image":{"@id":"https:\/\/elmawkie.dz\/fr\/#\/schema\/logo\/image\/"},"sameAs":["https:\/\/www.facebook.com\/profile.php?id=100088407094989&locale=fr_FR"]},{"@type":"Person","@id":"https:\/\/elmawkie.dz\/fr\/#\/schema\/person\/e7bd59d6467874ba5c4723d8a9f0a63c","name":"R\u00e9daction","image":{"@type":"ImageObject","inLanguage":"fr-FR","@id":"https:\/\/elmawkie.dz\/fr\/#\/schema\/person\/image\/","url":"https:\/\/secure.gravatar.com\/avatar\/f0f773456344da4d2788c054a3d30a0c?s=96&d=mm&r=g","contentUrl":"https:\/\/secure.gravatar.com\/avatar\/f0f773456344da4d2788c054a3d30a0c?s=96&d=mm&r=g","caption":"R\u00e9daction"},"url":"https:\/\/elmawkie.dz\/fr\/author\/redaction\/"}]}},"_links":{"self":[{"href":"https:\/\/elmawkie.dz\/fr\/wp-json\/wp\/v2\/posts\/63386","targetHints":{"allow":["GET"]}}],"collection":[{"href":"https:\/\/elmawkie.dz\/fr\/wp-json\/wp\/v2\/posts"}],"about":[{"href":"https:\/\/elmawkie.dz\/fr\/wp-json\/wp\/v2\/types\/post"}],"author":[{"embeddable":true,"href":"https:\/\/elmawkie.dz\/fr\/wp-json\/wp\/v2\/users\/9"}],"replies":[{"embeddable":true,"href":"https:\/\/elmawkie.dz\/fr\/wp-json\/wp\/v2\/comments?post=63386"}],"version-history":[{"count":1,"href":"https:\/\/elmawkie.dz\/fr\/wp-json\/wp\/v2\/posts\/63386\/revisions"}],"predecessor-version":[{"id":63389,"href":"https:\/\/elmawkie.dz\/fr\/wp-json\/wp\/v2\/posts\/63386\/revisions\/63389"}],"wp:featuredmedia":[{"embeddable":true,"href":"https:\/\/elmawkie.dz\/fr\/wp-json\/wp\/v2\/media\/63388"}],"wp:attachment":[{"href":"https:\/\/elmawkie.dz\/fr\/wp-json\/wp\/v2\/media?parent=63386"}],"wp:term":[{"taxonomy":"category","embeddable":true,"href":"https:\/\/elmawkie.dz\/fr\/wp-json\/wp\/v2\/categories?post=63386"},{"taxonomy":"post_tag","embeddable":true,"href":"https:\/\/elmawkie.dz\/fr\/wp-json\/wp\/v2\/tags?post=63386"}],"curies":[{"name":"wp","href":"https:\/\/api.w.org\/{rel}","templated":true}]}}