{"id":63382,"date":"2026-03-13T20:36:49","date_gmt":"2026-03-13T19:36:49","guid":{"rendered":"https:\/\/elmawkie.dz\/fr\/?p=63382"},"modified":"2026-03-13T20:36:50","modified_gmt":"2026-03-13T19:36:50","slug":"uipa-m-boughali-condamne-le-maintien-de-la-fermeture-de-la-mosquee-dal-aqsa-durant-le-mois-de-ramadhan","status":"publish","type":"post","link":"https:\/\/elmawkie.dz\/fr\/uipa-m-boughali-condamne-le-maintien-de-la-fermeture-de-la-mosquee-dal-aqsa-durant-le-mois-de-ramadhan\/","title":{"rendered":"UIPA: M. Boughali condamne le maintien de la fermeture de la mosqu\u00e9e d&rsquo;Al-Aqsa durant le mois de Ramadhan"},"content":{"rendered":"\n<p>Le pr\u00e9sident de l&rsquo;Union interparlementaire arabe (UIPA) et pr\u00e9sident de l&rsquo;Assembl\u00e9e populaire nationale (APN) , M. Brahim Boughali, a exprim\u00e9 sa profonde inqui\u00e9tude et sa vive condamnation face au maintien par les autorit\u00e9s d\u2019occupation sionistes de la fermeture des portes de la mosqu\u00e9e Al-Aqsa aux fid\u00e8les musulmans durant le mois sacr\u00e9 de Ramadhan.<\/p>\n\n\n\n<p>M. Boughali a affirm\u00e9, dans un communiqu\u00e9, au nom de l\u2019UIPA, que ces pratiques \u00ab\u00a0constituent une atteinte flagrante \u00e0 la sacralit\u00e9 de ce mois b\u00e9ni, au caract\u00e8re religieux et historique de la mosqu\u00e9e d&rsquo;Al-Aqsa, premi\u00e8re qibla et troisi\u00e8me Lieu Saint de l\u2019Islam, et aux sentiments de centaines de millions de musulmans \u00e0 travers le monde\u00a0\u00bb.<\/p>\n\n\n\n<p>Ces pratiques portent \u00ab\u00a0gravement atteinte au statu quo historique et juridique \u00e0 El-Qods et la mosqu\u00e9e d&rsquo;Al-Aqsa, et constituent \u00e9galement une violation manifeste des r\u00e8gles du Droit international et des r\u00e9solutions pertinentes de la l\u00e9galit\u00e9 internationale, en particulier celles qui affirment la nullit\u00e9 de toutes les mesures visant \u00e0 modifier l\u2019identit\u00e9 arabe, islamique et chr\u00e9tienne d&rsquo;El-Qods, ou \u00e0 porter atteinte \u00e0 la libert\u00e9 de culte et \u00e0 la protection des lieux de culte dans les territoires palestiniens occup\u00e9s\u00a0\u00bb, a-t-il ajout\u00e9.<\/p>\n\n\n\n<p>L\u2019UIPA a, en outre, r\u00e9affirm\u00e9 \u00ab\u00a0son attachement aux droits inali\u00e9nables du peuple palestinien, au premier rang desquels son droit inali\u00e9nable \u00e0 l&rsquo;\u00e9tablissement de son Etat ind\u00e9pendant et souverain sur les fronti\u00e8res du 4 juin 1967, avec El-Qods pour capitale\u00a0\u00bb, soulignant que la mosqu\u00e9e d&rsquo;Al-Aqsa, dans toute son \u00e9tendue rel\u00e8ve \u00ab\u00a0du droit exclusif des musulmans\u00a0\u00bb et que la gestion de ses affaires religieuses et waqf est du ressort \u00ab\u00a0exclusif\u00a0\u00bb du D\u00e9partement des Waqfs islamiques d&rsquo;El-Qods, relevant du minist\u00e8re jordanien des Waqfs, conform\u00e9ment au statu quo historique et juridique et aux accords internationaux y aff\u00e9rents.<\/p>\n\n\n\n<p>L&rsquo;Union, de par ses responsabilit\u00e9s nationales et parlementaires, a fermement condamn\u00e9, le maintien de la fermeture des portes de la Mosqu\u00e9e d\u2019Al-Aqsa par les autorit\u00e9s d\u2019occupation, en emp\u00eachant les fid\u00e8les d\u2019accomplir leurs rites, qualifiant cela \u00ab\u00a0d\u2019acte hostile et de provocation dangereuse portant atteinte \u00e0 la libert\u00e9 de culte, ce qui risque d&rsquo;exacerber la situation en ravivant les tensions et l\u2019instabilit\u00e9 dans la r\u00e9gion\u00a0\u00bb.<\/p>\n\n\n\n<p>L\u2019UIPA a exprim\u00e9 son rejet de toute mesure unilat\u00e9rale prise par les autorit\u00e9s d\u2019occupation \u00e0 Al-Qods, ciblant ses symboles sacr\u00e9s musulmans ou chr\u00e9tiens. Il a plaid\u00e9, dans ce sens, pour \u00ab\u00a0l\u2019annulation imm\u00e9diate de ces mesures et l\u2019arr\u00eat de toutes les atteintes contre la Mosqu\u00e9e b\u00e9nie d\u2019El-Aqsa et tous les autres symboles sacr\u00e9s\u00a0\u00bb, soulignant que \u00ab\u00a0la poursuite de ces pratiques contre la Mosqu\u00e9e d\u2019El-Aqsa en ce mois sacr\u00e9 du Ramadhan est une provocation \u00e0 l&rsquo;adresse des musulmans o\u00f9 qu\u2019ils soient, qui risque d\u2019entrainer la r\u00e9gion dans un conflit \u00e0 caract\u00e8re religieux\u00a0\u00bb.<\/p>\n\n\n\n<p>Dans ce contexte, il a imput\u00e9 aux autorit\u00e9s d\u2019occupation \u00ab\u00a0l\u2019enti\u00e8re responsabilit\u00e9 de toute r\u00e9percussion grave qui pourrait r\u00e9sulter de ces pratiques\u00a0\u00bb.<\/p>\n\n\n\n<p>L&rsquo;UIPA a appel\u00e9 la communaut\u00e9 internationale, le Conseil de s\u00e9curit\u00e9 et l&rsquo;Assembl\u00e9e g\u00e9n\u00e9rale des Nations Unies, l&rsquo;Organisation de la coop\u00e9ration islamique (OCI) et les instances parlementaires r\u00e9gionales et internationales \u00e0 assumer leurs responsabilit\u00e9s juridiques et morales en exer\u00e7ant de v\u00e9ritables pressions sur les autorit\u00e9s de l&rsquo;occupation afin qu&rsquo;elles mettent fin \u00e0 cette grave atteinte \u00e0 la sacralit\u00e9 de la mosqu\u00e9e El-Aqsa, en garantissant sa r\u00e9ouverture aux fid\u00e8les musulmans et en assurant la protection internationale du peuple palestinien et de ses lieux saints religieux.<\/p>\n\n\n\n<p>L&rsquo;Union a salu\u00e9 la r\u00e9sistance du peuple palestinien \u00e0 El-Qods et dans l&rsquo;ensemble des territoires palestiniens occup\u00e9s, saluant \u00e9galement ceux et celles qui maintiennent une pr\u00e9sence constante aux alentours de la mosqu\u00e9e Al-Aqsa pour d\u00e9fendre son identit\u00e9 arabo-musulmane.<\/p>\n\n\n\n<p>L&rsquo;UIPA a appel\u00e9 les Parlements arabes et toutes les forces vives de la nation \u00e0 intensifier les efforts politiques, m\u00e9diatiques et juridiques pour soutenir El-Qods et ses habitants et d\u00e9noncer les violations commises par l&rsquo;occupant.<\/p>\n\n\n\n<p>L&rsquo;UIPA a conclu son communiqu\u00e9 en affirmant que la question d&rsquo;El-Qods et de la mosqu\u00e9e d&rsquo;Al-Aqsa demeurera au c\u0153ur de ses priorit\u00e9s et qu&rsquo;elle continuera de coordonner les efforts parlementaires arabes et internationaux pour la d\u00e9fense de la ville sainte et de ses lieux saints jusqu&rsquo;\u00e0 ce que le peuple palestinien obtienne sa libert\u00e9, son ind\u00e9pendance et que la justice, garantie par les lois divines et le droit international, soit r\u00e9tablie.&nbsp;<\/p>\n","protected":false},"excerpt":{"rendered":"<p>Le pr\u00e9sident de l&rsquo;Union interparlementaire arabe (UIPA) et pr\u00e9sident de l&rsquo;Assembl\u00e9e populaire nationale (APN) , M. Brahim Boughali, a exprim\u00e9 sa profonde inqui\u00e9tude et sa vive condamnation face au maintien par les autorit\u00e9s d\u2019occupation sionistes de la fermeture des portes de la mosqu\u00e9e Al-Aqsa aux fid\u00e8les musulmans durant le mois sacr\u00e9 de Ramadhan. M. Boughali &hellip;<\/p>\n","protected":false},"author":9,"featured_media":63384,"comment_status":"open","ping_status":"open","sticky":false,"template":"","format":"standard","meta":{"footnotes":""},"categories":[47],"tags":[1478,4898,2597],"class_list":["post-63382","post","type-post","status-publish","format-standard","has-post-thumbnail","hentry","category-national","tag-al-aqsa","tag-luipa","tag-m-boughali-2"],"yoast_head":"<!-- This site is optimized with the Yoast SEO Premium plugin v22.6 (Yoast SEO v22.6) - https:\/\/yoast.com\/wordpress\/plugins\/seo\/ -->\n<title>UIPA: M. Boughali condamne le maintien de la fermeture de la mosqu\u00e9e d&#039;Al-Aqsa durant le mois de Ramadhan - El Mawkie<\/title>\n<meta name=\"robots\" content=\"index, follow, max-snippet:-1, max-image-preview:large, max-video-preview:-1\" \/>\n<link rel=\"canonical\" href=\"https:\/\/elmawkie.dz\/fr\/uipa-m-boughali-condamne-le-maintien-de-la-fermeture-de-la-mosquee-dal-aqsa-durant-le-mois-de-ramadhan\/\" \/>\n<meta property=\"og:locale\" content=\"fr_FR\" \/>\n<meta property=\"og:type\" content=\"article\" \/>\n<meta property=\"og:title\" content=\"UIPA: M. Boughali condamne le maintien de la fermeture de la mosqu\u00e9e d&#039;Al-Aqsa durant le mois de Ramadhan\" \/>\n<meta property=\"og:description\" content=\"Le pr\u00e9sident de l&rsquo;Union interparlementaire arabe (UIPA) et pr\u00e9sident de l&rsquo;Assembl\u00e9e populaire nationale (APN) , M. Brahim Boughali, a exprim\u00e9 sa profonde inqui\u00e9tude et sa vive condamnation face au maintien par les autorit\u00e9s d\u2019occupation sionistes de la fermeture des portes de la mosqu\u00e9e Al-Aqsa aux fid\u00e8les musulmans durant le mois sacr\u00e9 de Ramadhan. M. Boughali &hellip;\" \/>\n<meta property=\"og:url\" content=\"https:\/\/elmawkie.dz\/fr\/uipa-m-boughali-condamne-le-maintien-de-la-fermeture-de-la-mosquee-dal-aqsa-durant-le-mois-de-ramadhan\/\" \/>\n<meta property=\"og:site_name\" content=\"El Mawkie\" \/>\n<meta property=\"article:publisher\" content=\"https:\/\/www.facebook.com\/profile.php?id=100088407094989&amp;locale=fr_FR\" \/>\n<meta property=\"article:published_time\" content=\"2026-03-13T19:36:49+00:00\" \/>\n<meta property=\"article:modified_time\" content=\"2026-03-13T19:36:50+00:00\" \/>\n<meta property=\"og:image\" content=\"https:\/\/elmawkie.dz\/fr\/wp-content\/uploads\/2026\/03\/IMG_2481.jpeg\" \/>\n\t<meta property=\"og:image:width\" content=\"1024\" \/>\n\t<meta property=\"og:image:height\" content=\"682\" \/>\n\t<meta property=\"og:image:type\" content=\"image\/jpeg\" \/>\n<meta name=\"author\" content=\"R\u00e9daction\" \/>\n<meta name=\"twitter:card\" content=\"summary_large_image\" \/>\n<meta name=\"twitter:label1\" content=\"Written by\" \/>\n\t<meta name=\"twitter:data1\" content=\"R\u00e9daction\" \/>\n\t<meta name=\"twitter:label2\" content=\"Est. reading time\" \/>\n\t<meta name=\"twitter:data2\" content=\"4 minutes\" \/>\n<script type=\"application\/ld+json\" class=\"yoast-schema-graph\">{\"@context\":\"https:\/\/schema.org\",\"@graph\":[{\"@type\":\"Article\",\"@id\":\"https:\/\/elmawkie.dz\/fr\/uipa-m-boughali-condamne-le-maintien-de-la-fermeture-de-la-mosquee-dal-aqsa-durant-le-mois-de-ramadhan\/#article\",\"isPartOf\":{\"@id\":\"https:\/\/elmawkie.dz\/fr\/uipa-m-boughali-condamne-le-maintien-de-la-fermeture-de-la-mosquee-dal-aqsa-durant-le-mois-de-ramadhan\/\"},\"author\":{\"name\":\"R\u00e9daction\",\"@id\":\"https:\/\/elmawkie.dz\/fr\/#\/schema\/person\/e7bd59d6467874ba5c4723d8a9f0a63c\"},\"headline\":\"UIPA: M. Boughali condamne le maintien de la fermeture de la mosqu\u00e9e d&rsquo;Al-Aqsa durant le mois de Ramadhan\",\"datePublished\":\"2026-03-13T19:36:49+00:00\",\"dateModified\":\"2026-03-13T19:36:50+00:00\",\"mainEntityOfPage\":{\"@id\":\"https:\/\/elmawkie.dz\/fr\/uipa-m-boughali-condamne-le-maintien-de-la-fermeture-de-la-mosquee-dal-aqsa-durant-le-mois-de-ramadhan\/\"},\"wordCount\":804,\"commentCount\":0,\"publisher\":{\"@id\":\"https:\/\/elmawkie.dz\/fr\/#organization\"},\"image\":{\"@id\":\"https:\/\/elmawkie.dz\/fr\/uipa-m-boughali-condamne-le-maintien-de-la-fermeture-de-la-mosquee-dal-aqsa-durant-le-mois-de-ramadhan\/#primaryimage\"},\"thumbnailUrl\":\"https:\/\/elmawkie.dz\/fr\/wp-content\/uploads\/2026\/03\/IMG_2481.jpeg\",\"keywords\":[\"Al-Aqsa\",\"L\u2019UIPA\",\"M.Boughali\"],\"articleSection\":[\"National\"],\"inLanguage\":\"fr-FR\",\"potentialAction\":[{\"@type\":\"CommentAction\",\"name\":\"Comment\",\"target\":[\"https:\/\/elmawkie.dz\/fr\/uipa-m-boughali-condamne-le-maintien-de-la-fermeture-de-la-mosquee-dal-aqsa-durant-le-mois-de-ramadhan\/#respond\"]}]},{\"@type\":\"WebPage\",\"@id\":\"https:\/\/elmawkie.dz\/fr\/uipa-m-boughali-condamne-le-maintien-de-la-fermeture-de-la-mosquee-dal-aqsa-durant-le-mois-de-ramadhan\/\",\"url\":\"https:\/\/elmawkie.dz\/fr\/uipa-m-boughali-condamne-le-maintien-de-la-fermeture-de-la-mosquee-dal-aqsa-durant-le-mois-de-ramadhan\/\",\"name\":\"UIPA: M. Boughali condamne le maintien de la fermeture de la mosqu\u00e9e d'Al-Aqsa durant le mois de Ramadhan - El Mawkie\",\"isPartOf\":{\"@id\":\"https:\/\/elmawkie.dz\/fr\/#website\"},\"primaryImageOfPage\":{\"@id\":\"https:\/\/elmawkie.dz\/fr\/uipa-m-boughali-condamne-le-maintien-de-la-fermeture-de-la-mosquee-dal-aqsa-durant-le-mois-de-ramadhan\/#primaryimage\"},\"image\":{\"@id\":\"https:\/\/elmawkie.dz\/fr\/uipa-m-boughali-condamne-le-maintien-de-la-fermeture-de-la-mosquee-dal-aqsa-durant-le-mois-de-ramadhan\/#primaryimage\"},\"thumbnailUrl\":\"https:\/\/elmawkie.dz\/fr\/wp-content\/uploads\/2026\/03\/IMG_2481.jpeg\",\"datePublished\":\"2026-03-13T19:36:49+00:00\",\"dateModified\":\"2026-03-13T19:36:50+00:00\",\"breadcrumb\":{\"@id\":\"https:\/\/elmawkie.dz\/fr\/uipa-m-boughali-condamne-le-maintien-de-la-fermeture-de-la-mosquee-dal-aqsa-durant-le-mois-de-ramadhan\/#breadcrumb\"},\"inLanguage\":\"fr-FR\",\"potentialAction\":[{\"@type\":\"ReadAction\",\"target\":[\"https:\/\/elmawkie.dz\/fr\/uipa-m-boughali-condamne-le-maintien-de-la-fermeture-de-la-mosquee-dal-aqsa-durant-le-mois-de-ramadhan\/\"]}]},{\"@type\":\"ImageObject\",\"inLanguage\":\"fr-FR\",\"@id\":\"https:\/\/elmawkie.dz\/fr\/uipa-m-boughali-condamne-le-maintien-de-la-fermeture-de-la-mosquee-dal-aqsa-durant-le-mois-de-ramadhan\/#primaryimage\",\"url\":\"https:\/\/elmawkie.dz\/fr\/wp-content\/uploads\/2026\/03\/IMG_2481.jpeg\",\"contentUrl\":\"https:\/\/elmawkie.dz\/fr\/wp-content\/uploads\/2026\/03\/IMG_2481.jpeg\",\"width\":1024,\"height\":682},{\"@type\":\"BreadcrumbList\",\"@id\":\"https:\/\/elmawkie.dz\/fr\/uipa-m-boughali-condamne-le-maintien-de-la-fermeture-de-la-mosquee-dal-aqsa-durant-le-mois-de-ramadhan\/#breadcrumb\",\"itemListElement\":[{\"@type\":\"ListItem\",\"position\":1,\"name\":\"Home\",\"item\":\"https:\/\/elmawkie.dz\/fr\/\"},{\"@type\":\"ListItem\",\"position\":2,\"name\":\"UIPA: M. Boughali condamne le maintien de la fermeture de la mosqu\u00e9e d&rsquo;Al-Aqsa durant le mois de Ramadhan\"}]},{\"@type\":\"WebSite\",\"@id\":\"https:\/\/elmawkie.dz\/fr\/#website\",\"url\":\"https:\/\/elmawkie.dz\/fr\/\",\"name\":\"EL MAWKIE\",\"description\":\"Journal \u00c9lectronique Alg\u00e9rien\",\"publisher\":{\"@id\":\"https:\/\/elmawkie.dz\/fr\/#organization\"},\"potentialAction\":[{\"@type\":\"SearchAction\",\"target\":{\"@type\":\"EntryPoint\",\"urlTemplate\":\"https:\/\/elmawkie.dz\/fr\/?s={search_term_string}\"},\"query-input\":\"required name=search_term_string\"}],\"inLanguage\":\"fr-FR\"},{\"@type\":\"Organization\",\"@id\":\"https:\/\/elmawkie.dz\/fr\/#organization\",\"name\":\"EL MAWKIE\",\"url\":\"https:\/\/elmawkie.dz\/fr\/\",\"logo\":{\"@type\":\"ImageObject\",\"inLanguage\":\"fr-FR\",\"@id\":\"https:\/\/elmawkie.dz\/fr\/#\/schema\/logo\/image\/\",\"url\":\"https:\/\/elmawkie.dz\/fr\/wp-content\/uploads\/2024\/05\/logo1.png\",\"contentUrl\":\"https:\/\/elmawkie.dz\/fr\/wp-content\/uploads\/2024\/05\/logo1.png\",\"width\":1648,\"height\":652,\"caption\":\"EL MAWKIE\"},\"image\":{\"@id\":\"https:\/\/elmawkie.dz\/fr\/#\/schema\/logo\/image\/\"},\"sameAs\":[\"https:\/\/www.facebook.com\/profile.php?id=100088407094989&locale=fr_FR\"]},{\"@type\":\"Person\",\"@id\":\"https:\/\/elmawkie.dz\/fr\/#\/schema\/person\/e7bd59d6467874ba5c4723d8a9f0a63c\",\"name\":\"R\u00e9daction\",\"image\":{\"@type\":\"ImageObject\",\"inLanguage\":\"fr-FR\",\"@id\":\"https:\/\/elmawkie.dz\/fr\/#\/schema\/person\/image\/\",\"url\":\"https:\/\/secure.gravatar.com\/avatar\/f0f773456344da4d2788c054a3d30a0c?s=96&d=mm&r=g\",\"contentUrl\":\"https:\/\/secure.gravatar.com\/avatar\/f0f773456344da4d2788c054a3d30a0c?s=96&d=mm&r=g\",\"caption\":\"R\u00e9daction\"},\"url\":\"https:\/\/elmawkie.dz\/fr\/author\/redaction\/\"}]}<\/script>\n<!-- \/ Yoast SEO Premium plugin. -->","yoast_head_json":{"title":"UIPA: M. Boughali condamne le maintien de la fermeture de la mosqu\u00e9e d'Al-Aqsa durant le mois de Ramadhan - El Mawkie","robots":{"index":"index","follow":"follow","max-snippet":"max-snippet:-1","max-image-preview":"max-image-preview:large","max-video-preview":"max-video-preview:-1"},"canonical":"https:\/\/elmawkie.dz\/fr\/uipa-m-boughali-condamne-le-maintien-de-la-fermeture-de-la-mosquee-dal-aqsa-durant-le-mois-de-ramadhan\/","og_locale":"fr_FR","og_type":"article","og_title":"UIPA: M. Boughali condamne le maintien de la fermeture de la mosqu\u00e9e d'Al-Aqsa durant le mois de Ramadhan","og_description":"Le pr\u00e9sident de l&rsquo;Union interparlementaire arabe (UIPA) et pr\u00e9sident de l&rsquo;Assembl\u00e9e populaire nationale (APN) , M. Brahim Boughali, a exprim\u00e9 sa profonde inqui\u00e9tude et sa vive condamnation face au maintien par les autorit\u00e9s d\u2019occupation sionistes de la fermeture des portes de la mosqu\u00e9e Al-Aqsa aux fid\u00e8les musulmans durant le mois sacr\u00e9 de Ramadhan. M. Boughali &hellip;","og_url":"https:\/\/elmawkie.dz\/fr\/uipa-m-boughali-condamne-le-maintien-de-la-fermeture-de-la-mosquee-dal-aqsa-durant-le-mois-de-ramadhan\/","og_site_name":"El Mawkie","article_publisher":"https:\/\/www.facebook.com\/profile.php?id=100088407094989&locale=fr_FR","article_published_time":"2026-03-13T19:36:49+00:00","article_modified_time":"2026-03-13T19:36:50+00:00","og_image":[{"width":1024,"height":682,"url":"https:\/\/elmawkie.dz\/fr\/wp-content\/uploads\/2026\/03\/IMG_2481.jpeg","type":"image\/jpeg"}],"author":"R\u00e9daction","twitter_card":"summary_large_image","twitter_misc":{"Written by":"R\u00e9daction","Est. reading time":"4 minutes"},"schema":{"@context":"https:\/\/schema.org","@graph":[{"@type":"Article","@id":"https:\/\/elmawkie.dz\/fr\/uipa-m-boughali-condamne-le-maintien-de-la-fermeture-de-la-mosquee-dal-aqsa-durant-le-mois-de-ramadhan\/#article","isPartOf":{"@id":"https:\/\/elmawkie.dz\/fr\/uipa-m-boughali-condamne-le-maintien-de-la-fermeture-de-la-mosquee-dal-aqsa-durant-le-mois-de-ramadhan\/"},"author":{"name":"R\u00e9daction","@id":"https:\/\/elmawkie.dz\/fr\/#\/schema\/person\/e7bd59d6467874ba5c4723d8a9f0a63c"},"headline":"UIPA: M. Boughali condamne le maintien de la fermeture de la mosqu\u00e9e d&rsquo;Al-Aqsa durant le mois de Ramadhan","datePublished":"2026-03-13T19:36:49+00:00","dateModified":"2026-03-13T19:36:50+00:00","mainEntityOfPage":{"@id":"https:\/\/elmawkie.dz\/fr\/uipa-m-boughali-condamne-le-maintien-de-la-fermeture-de-la-mosquee-dal-aqsa-durant-le-mois-de-ramadhan\/"},"wordCount":804,"commentCount":0,"publisher":{"@id":"https:\/\/elmawkie.dz\/fr\/#organization"},"image":{"@id":"https:\/\/elmawkie.dz\/fr\/uipa-m-boughali-condamne-le-maintien-de-la-fermeture-de-la-mosquee-dal-aqsa-durant-le-mois-de-ramadhan\/#primaryimage"},"thumbnailUrl":"https:\/\/elmawkie.dz\/fr\/wp-content\/uploads\/2026\/03\/IMG_2481.jpeg","keywords":["Al-Aqsa","L\u2019UIPA","M.Boughali"],"articleSection":["National"],"inLanguage":"fr-FR","potentialAction":[{"@type":"CommentAction","name":"Comment","target":["https:\/\/elmawkie.dz\/fr\/uipa-m-boughali-condamne-le-maintien-de-la-fermeture-de-la-mosquee-dal-aqsa-durant-le-mois-de-ramadhan\/#respond"]}]},{"@type":"WebPage","@id":"https:\/\/elmawkie.dz\/fr\/uipa-m-boughali-condamne-le-maintien-de-la-fermeture-de-la-mosquee-dal-aqsa-durant-le-mois-de-ramadhan\/","url":"https:\/\/elmawkie.dz\/fr\/uipa-m-boughali-condamne-le-maintien-de-la-fermeture-de-la-mosquee-dal-aqsa-durant-le-mois-de-ramadhan\/","name":"UIPA: M. Boughali condamne le maintien de la fermeture de la mosqu\u00e9e d'Al-Aqsa durant le mois de Ramadhan - El Mawkie","isPartOf":{"@id":"https:\/\/elmawkie.dz\/fr\/#website"},"primaryImageOfPage":{"@id":"https:\/\/elmawkie.dz\/fr\/uipa-m-boughali-condamne-le-maintien-de-la-fermeture-de-la-mosquee-dal-aqsa-durant-le-mois-de-ramadhan\/#primaryimage"},"image":{"@id":"https:\/\/elmawkie.dz\/fr\/uipa-m-boughali-condamne-le-maintien-de-la-fermeture-de-la-mosquee-dal-aqsa-durant-le-mois-de-ramadhan\/#primaryimage"},"thumbnailUrl":"https:\/\/elmawkie.dz\/fr\/wp-content\/uploads\/2026\/03\/IMG_2481.jpeg","datePublished":"2026-03-13T19:36:49+00:00","dateModified":"2026-03-13T19:36:50+00:00","breadcrumb":{"@id":"https:\/\/elmawkie.dz\/fr\/uipa-m-boughali-condamne-le-maintien-de-la-fermeture-de-la-mosquee-dal-aqsa-durant-le-mois-de-ramadhan\/#breadcrumb"},"inLanguage":"fr-FR","potentialAction":[{"@type":"ReadAction","target":["https:\/\/elmawkie.dz\/fr\/uipa-m-boughali-condamne-le-maintien-de-la-fermeture-de-la-mosquee-dal-aqsa-durant-le-mois-de-ramadhan\/"]}]},{"@type":"ImageObject","inLanguage":"fr-FR","@id":"https:\/\/elmawkie.dz\/fr\/uipa-m-boughali-condamne-le-maintien-de-la-fermeture-de-la-mosquee-dal-aqsa-durant-le-mois-de-ramadhan\/#primaryimage","url":"https:\/\/elmawkie.dz\/fr\/wp-content\/uploads\/2026\/03\/IMG_2481.jpeg","contentUrl":"https:\/\/elmawkie.dz\/fr\/wp-content\/uploads\/2026\/03\/IMG_2481.jpeg","width":1024,"height":682},{"@type":"BreadcrumbList","@id":"https:\/\/elmawkie.dz\/fr\/uipa-m-boughali-condamne-le-maintien-de-la-fermeture-de-la-mosquee-dal-aqsa-durant-le-mois-de-ramadhan\/#breadcrumb","itemListElement":[{"@type":"ListItem","position":1,"name":"Home","item":"https:\/\/elmawkie.dz\/fr\/"},{"@type":"ListItem","position":2,"name":"UIPA: M. Boughali condamne le maintien de la fermeture de la mosqu\u00e9e d&rsquo;Al-Aqsa durant le mois de Ramadhan"}]},{"@type":"WebSite","@id":"https:\/\/elmawkie.dz\/fr\/#website","url":"https:\/\/elmawkie.dz\/fr\/","name":"EL MAWKIE","description":"Journal \u00c9lectronique Alg\u00e9rien","publisher":{"@id":"https:\/\/elmawkie.dz\/fr\/#organization"},"potentialAction":[{"@type":"SearchAction","target":{"@type":"EntryPoint","urlTemplate":"https:\/\/elmawkie.dz\/fr\/?s={search_term_string}"},"query-input":"required name=search_term_string"}],"inLanguage":"fr-FR"},{"@type":"Organization","@id":"https:\/\/elmawkie.dz\/fr\/#organization","name":"EL MAWKIE","url":"https:\/\/elmawkie.dz\/fr\/","logo":{"@type":"ImageObject","inLanguage":"fr-FR","@id":"https:\/\/elmawkie.dz\/fr\/#\/schema\/logo\/image\/","url":"https:\/\/elmawkie.dz\/fr\/wp-content\/uploads\/2024\/05\/logo1.png","contentUrl":"https:\/\/elmawkie.dz\/fr\/wp-content\/uploads\/2024\/05\/logo1.png","width":1648,"height":652,"caption":"EL MAWKIE"},"image":{"@id":"https:\/\/elmawkie.dz\/fr\/#\/schema\/logo\/image\/"},"sameAs":["https:\/\/www.facebook.com\/profile.php?id=100088407094989&locale=fr_FR"]},{"@type":"Person","@id":"https:\/\/elmawkie.dz\/fr\/#\/schema\/person\/e7bd59d6467874ba5c4723d8a9f0a63c","name":"R\u00e9daction","image":{"@type":"ImageObject","inLanguage":"fr-FR","@id":"https:\/\/elmawkie.dz\/fr\/#\/schema\/person\/image\/","url":"https:\/\/secure.gravatar.com\/avatar\/f0f773456344da4d2788c054a3d30a0c?s=96&d=mm&r=g","contentUrl":"https:\/\/secure.gravatar.com\/avatar\/f0f773456344da4d2788c054a3d30a0c?s=96&d=mm&r=g","caption":"R\u00e9daction"},"url":"https:\/\/elmawkie.dz\/fr\/author\/redaction\/"}]}},"_links":{"self":[{"href":"https:\/\/elmawkie.dz\/fr\/wp-json\/wp\/v2\/posts\/63382","targetHints":{"allow":["GET"]}}],"collection":[{"href":"https:\/\/elmawkie.dz\/fr\/wp-json\/wp\/v2\/posts"}],"about":[{"href":"https:\/\/elmawkie.dz\/fr\/wp-json\/wp\/v2\/types\/post"}],"author":[{"embeddable":true,"href":"https:\/\/elmawkie.dz\/fr\/wp-json\/wp\/v2\/users\/9"}],"replies":[{"embeddable":true,"href":"https:\/\/elmawkie.dz\/fr\/wp-json\/wp\/v2\/comments?post=63382"}],"version-history":[{"count":1,"href":"https:\/\/elmawkie.dz\/fr\/wp-json\/wp\/v2\/posts\/63382\/revisions"}],"predecessor-version":[{"id":63385,"href":"https:\/\/elmawkie.dz\/fr\/wp-json\/wp\/v2\/posts\/63382\/revisions\/63385"}],"wp:featuredmedia":[{"embeddable":true,"href":"https:\/\/elmawkie.dz\/fr\/wp-json\/wp\/v2\/media\/63384"}],"wp:attachment":[{"href":"https:\/\/elmawkie.dz\/fr\/wp-json\/wp\/v2\/media?parent=63382"}],"wp:term":[{"taxonomy":"category","embeddable":true,"href":"https:\/\/elmawkie.dz\/fr\/wp-json\/wp\/v2\/categories?post=63382"},{"taxonomy":"post_tag","embeddable":true,"href":"https:\/\/elmawkie.dz\/fr\/wp-json\/wp\/v2\/tags?post=63382"}],"curies":[{"name":"wp","href":"https:\/\/api.w.org\/{rel}","templated":true}]}}