{"id":63378,"date":"2026-03-13T20:34:28","date_gmt":"2026-03-13T19:34:28","guid":{"rendered":"https:\/\/elmawkie.dz\/fr\/?p=63378"},"modified":"2026-03-13T20:34:30","modified_gmt":"2026-03-13T19:34:30","slug":"le-president-de-la-republique-presente-ses-condoleances-aux-familles-des-trois-martyrs-tombes-au-champ-dhonneur-dans-la-5eme-region-militaire","status":"publish","type":"post","link":"https:\/\/elmawkie.dz\/fr\/le-president-de-la-republique-presente-ses-condoleances-aux-familles-des-trois-martyrs-tombes-au-champ-dhonneur-dans-la-5eme-region-militaire\/","title":{"rendered":"Le pr\u00e9sident de la R\u00e9publique pr\u00e9sente ses condol\u00e9ances aux familles des trois martyrs tomb\u00e9s au champ d&rsquo;honneur dans la 5\u00e8me R\u00e9gion militaire"},"content":{"rendered":"\n<p>Le pr\u00e9sident de la R\u00e9publique, Chef supr\u00eame des Forces arm\u00e9es, ministre de la D\u00e9fense nationale, M. Abdelmadjid Tebboune, a pr\u00e9sent\u00e9, vendredi, ses sinc\u00e8res condol\u00e9ances aux familles des trois martyrs, tomb\u00e9s au champ d\u2019honneur dans la 5\u00e8me R\u00e9gion militaire, les assurant de sa profonde compassion.<\/p>\n\n\n\n<p>\u00ab\u00a0Le pr\u00e9sident de la R\u00e9publique, M. Abdelmadjid Tebboune, Chef supr\u00eame des Forces arm\u00e9es, ministre de la D\u00e9fense nationale, pr\u00e9sente ses sinc\u00e8res condol\u00e9ances aux familles de nos trois martyrs, tomb\u00e9s au champ d\u2019honneur alors qu&rsquo;ils d\u00e9fendaient vaillamment l&rsquo;Alg\u00e9rie et sa s\u00e9curit\u00e9 contre les r\u00e9sidus des forces du mal et de l&rsquo;obscurantisme terroristes, dans la 5\u00e8me R\u00e9gion militaire\u00a0\u00bb, lit-on dans le message de condol\u00e9ances.<\/p>\n\n\n\n<p>\u00ab\u00a0Tout en pr\u00e9sentant nos condol\u00e9ances \u00e0 l&rsquo;ensemble des personnels de l&rsquo;Arm\u00e9e nationale populaire (ANP), nous nous inclinons avec pi\u00e9t\u00e9 \u00e0 la m\u00e9moire de ces martyrs et de leurs \u00e2mes pures, priant Allah Tout-Puissant de les accueillir en Son vaste paradis et de les entourer de Sa sainte mis\u00e9ricorde en ces dix derniers jours du mois sacr\u00e9 de Ramadhan. A Allah nous appartenons et \u00e0 Lui nous retournons. Gloire et \u00e9ternit\u00e9 \u00e0 nos valeureux martyrs\u00a0\u00bb, a ajout\u00e9 le pr\u00e9sident de la R\u00e9publique.<\/p>\n","protected":false},"excerpt":{"rendered":"<p>Le pr\u00e9sident de la R\u00e9publique, Chef supr\u00eame des Forces arm\u00e9es, ministre de la D\u00e9fense nationale, M. Abdelmadjid Tebboune, a pr\u00e9sent\u00e9, vendredi, ses sinc\u00e8res condol\u00e9ances aux familles des trois martyrs, tomb\u00e9s au champ d\u2019honneur dans la 5\u00e8me R\u00e9gion militaire, les assurant de sa profonde compassion. \u00ab\u00a0Le pr\u00e9sident de la R\u00e9publique, M. Abdelmadjid Tebboune, Chef supr\u00eame des &hellip;<\/p>\n","protected":false},"author":9,"featured_media":63380,"comment_status":"open","ping_status":"open","sticky":false,"template":"","format":"standard","meta":{"footnotes":""},"categories":[47],"tags":[213,1557,596],"class_list":["post-63378","post","type-post","status-publish","format-standard","has-post-thumbnail","hentry","category-national","tag-abdelmadjid-tebboune","tag-condoleances","tag-le-president-de-la-republique"],"yoast_head":"<!-- This site is optimized with the Yoast SEO Premium plugin v22.6 (Yoast SEO v22.6) - https:\/\/yoast.com\/wordpress\/plugins\/seo\/ -->\n<title>Le pr\u00e9sident de la R\u00e9publique pr\u00e9sente ses condol\u00e9ances aux familles des trois martyrs tomb\u00e9s au champ d&#039;honneur dans la 5\u00e8me R\u00e9gion militaire - El Mawkie<\/title>\n<meta name=\"robots\" content=\"index, follow, max-snippet:-1, max-image-preview:large, max-video-preview:-1\" \/>\n<link rel=\"canonical\" href=\"https:\/\/elmawkie.dz\/fr\/le-president-de-la-republique-presente-ses-condoleances-aux-familles-des-trois-martyrs-tombes-au-champ-dhonneur-dans-la-5eme-region-militaire\/\" \/>\n<meta property=\"og:locale\" content=\"fr_FR\" \/>\n<meta property=\"og:type\" content=\"article\" \/>\n<meta property=\"og:title\" content=\"Le pr\u00e9sident de la R\u00e9publique pr\u00e9sente ses condol\u00e9ances aux familles des trois martyrs tomb\u00e9s au champ d&#039;honneur dans la 5\u00e8me R\u00e9gion militaire\" \/>\n<meta property=\"og:description\" content=\"Le pr\u00e9sident de la R\u00e9publique, Chef supr\u00eame des Forces arm\u00e9es, ministre de la D\u00e9fense nationale, M. Abdelmadjid Tebboune, a pr\u00e9sent\u00e9, vendredi, ses sinc\u00e8res condol\u00e9ances aux familles des trois martyrs, tomb\u00e9s au champ d\u2019honneur dans la 5\u00e8me R\u00e9gion militaire, les assurant de sa profonde compassion. \u00ab\u00a0Le pr\u00e9sident de la R\u00e9publique, M. Abdelmadjid Tebboune, Chef supr\u00eame des &hellip;\" \/>\n<meta property=\"og:url\" content=\"https:\/\/elmawkie.dz\/fr\/le-president-de-la-republique-presente-ses-condoleances-aux-familles-des-trois-martyrs-tombes-au-champ-dhonneur-dans-la-5eme-region-militaire\/\" \/>\n<meta property=\"og:site_name\" content=\"El Mawkie\" \/>\n<meta property=\"article:publisher\" content=\"https:\/\/www.facebook.com\/profile.php?id=100088407094989&amp;locale=fr_FR\" \/>\n<meta property=\"article:published_time\" content=\"2026-03-13T19:34:28+00:00\" \/>\n<meta property=\"article:modified_time\" content=\"2026-03-13T19:34:30+00:00\" \/>\n<meta property=\"og:image\" content=\"https:\/\/elmawkie.dz\/fr\/wp-content\/uploads\/2026\/03\/IMG_2477.jpeg\" \/>\n\t<meta property=\"og:image:width\" content=\"2048\" \/>\n\t<meta property=\"og:image:height\" content=\"1364\" \/>\n\t<meta property=\"og:image:type\" content=\"image\/jpeg\" \/>\n<meta name=\"author\" content=\"R\u00e9daction\" \/>\n<meta name=\"twitter:card\" content=\"summary_large_image\" \/>\n<meta name=\"twitter:label1\" content=\"Written by\" \/>\n\t<meta name=\"twitter:data1\" content=\"R\u00e9daction\" \/>\n\t<meta name=\"twitter:label2\" content=\"Est. reading time\" \/>\n\t<meta name=\"twitter:data2\" content=\"2 minutes\" \/>\n<script type=\"application\/ld+json\" class=\"yoast-schema-graph\">{\"@context\":\"https:\/\/schema.org\",\"@graph\":[{\"@type\":\"Article\",\"@id\":\"https:\/\/elmawkie.dz\/fr\/le-president-de-la-republique-presente-ses-condoleances-aux-familles-des-trois-martyrs-tombes-au-champ-dhonneur-dans-la-5eme-region-militaire\/#article\",\"isPartOf\":{\"@id\":\"https:\/\/elmawkie.dz\/fr\/le-president-de-la-republique-presente-ses-condoleances-aux-familles-des-trois-martyrs-tombes-au-champ-dhonneur-dans-la-5eme-region-militaire\/\"},\"author\":{\"name\":\"R\u00e9daction\",\"@id\":\"https:\/\/elmawkie.dz\/fr\/#\/schema\/person\/e7bd59d6467874ba5c4723d8a9f0a63c\"},\"headline\":\"Le pr\u00e9sident de la R\u00e9publique pr\u00e9sente ses condol\u00e9ances aux familles des trois martyrs tomb\u00e9s au champ d&rsquo;honneur dans la 5\u00e8me R\u00e9gion militaire\",\"datePublished\":\"2026-03-13T19:34:28+00:00\",\"dateModified\":\"2026-03-13T19:34:30+00:00\",\"mainEntityOfPage\":{\"@id\":\"https:\/\/elmawkie.dz\/fr\/le-president-de-la-republique-presente-ses-condoleances-aux-familles-des-trois-martyrs-tombes-au-champ-dhonneur-dans-la-5eme-region-militaire\/\"},\"wordCount\":252,\"commentCount\":0,\"publisher\":{\"@id\":\"https:\/\/elmawkie.dz\/fr\/#organization\"},\"image\":{\"@id\":\"https:\/\/elmawkie.dz\/fr\/le-president-de-la-republique-presente-ses-condoleances-aux-familles-des-trois-martyrs-tombes-au-champ-dhonneur-dans-la-5eme-region-militaire\/#primaryimage\"},\"thumbnailUrl\":\"https:\/\/elmawkie.dz\/fr\/wp-content\/uploads\/2026\/03\/IMG_2477.jpeg\",\"keywords\":[\"Abdelmadjid Tebboune\",\"condol\u00e9ances\",\"le pr\u00e9sident de la R\u00e9publique\"],\"articleSection\":[\"National\"],\"inLanguage\":\"fr-FR\",\"potentialAction\":[{\"@type\":\"CommentAction\",\"name\":\"Comment\",\"target\":[\"https:\/\/elmawkie.dz\/fr\/le-president-de-la-republique-presente-ses-condoleances-aux-familles-des-trois-martyrs-tombes-au-champ-dhonneur-dans-la-5eme-region-militaire\/#respond\"]}]},{\"@type\":\"WebPage\",\"@id\":\"https:\/\/elmawkie.dz\/fr\/le-president-de-la-republique-presente-ses-condoleances-aux-familles-des-trois-martyrs-tombes-au-champ-dhonneur-dans-la-5eme-region-militaire\/\",\"url\":\"https:\/\/elmawkie.dz\/fr\/le-president-de-la-republique-presente-ses-condoleances-aux-familles-des-trois-martyrs-tombes-au-champ-dhonneur-dans-la-5eme-region-militaire\/\",\"name\":\"Le pr\u00e9sident de la R\u00e9publique pr\u00e9sente ses condol\u00e9ances aux familles des trois martyrs tomb\u00e9s au champ d'honneur dans la 5\u00e8me R\u00e9gion militaire - El Mawkie\",\"isPartOf\":{\"@id\":\"https:\/\/elmawkie.dz\/fr\/#website\"},\"primaryImageOfPage\":{\"@id\":\"https:\/\/elmawkie.dz\/fr\/le-president-de-la-republique-presente-ses-condoleances-aux-familles-des-trois-martyrs-tombes-au-champ-dhonneur-dans-la-5eme-region-militaire\/#primaryimage\"},\"image\":{\"@id\":\"https:\/\/elmawkie.dz\/fr\/le-president-de-la-republique-presente-ses-condoleances-aux-familles-des-trois-martyrs-tombes-au-champ-dhonneur-dans-la-5eme-region-militaire\/#primaryimage\"},\"thumbnailUrl\":\"https:\/\/elmawkie.dz\/fr\/wp-content\/uploads\/2026\/03\/IMG_2477.jpeg\",\"datePublished\":\"2026-03-13T19:34:28+00:00\",\"dateModified\":\"2026-03-13T19:34:30+00:00\",\"breadcrumb\":{\"@id\":\"https:\/\/elmawkie.dz\/fr\/le-president-de-la-republique-presente-ses-condoleances-aux-familles-des-trois-martyrs-tombes-au-champ-dhonneur-dans-la-5eme-region-militaire\/#breadcrumb\"},\"inLanguage\":\"fr-FR\",\"potentialAction\":[{\"@type\":\"ReadAction\",\"target\":[\"https:\/\/elmawkie.dz\/fr\/le-president-de-la-republique-presente-ses-condoleances-aux-familles-des-trois-martyrs-tombes-au-champ-dhonneur-dans-la-5eme-region-militaire\/\"]}]},{\"@type\":\"ImageObject\",\"inLanguage\":\"fr-FR\",\"@id\":\"https:\/\/elmawkie.dz\/fr\/le-president-de-la-republique-presente-ses-condoleances-aux-familles-des-trois-martyrs-tombes-au-champ-dhonneur-dans-la-5eme-region-militaire\/#primaryimage\",\"url\":\"https:\/\/elmawkie.dz\/fr\/wp-content\/uploads\/2026\/03\/IMG_2477.jpeg\",\"contentUrl\":\"https:\/\/elmawkie.dz\/fr\/wp-content\/uploads\/2026\/03\/IMG_2477.jpeg\",\"width\":2048,\"height\":1364},{\"@type\":\"BreadcrumbList\",\"@id\":\"https:\/\/elmawkie.dz\/fr\/le-president-de-la-republique-presente-ses-condoleances-aux-familles-des-trois-martyrs-tombes-au-champ-dhonneur-dans-la-5eme-region-militaire\/#breadcrumb\",\"itemListElement\":[{\"@type\":\"ListItem\",\"position\":1,\"name\":\"Home\",\"item\":\"https:\/\/elmawkie.dz\/fr\/\"},{\"@type\":\"ListItem\",\"position\":2,\"name\":\"Le pr\u00e9sident de la R\u00e9publique pr\u00e9sente ses condol\u00e9ances aux familles des trois martyrs tomb\u00e9s au champ d&rsquo;honneur dans la 5\u00e8me R\u00e9gion militaire\"}]},{\"@type\":\"WebSite\",\"@id\":\"https:\/\/elmawkie.dz\/fr\/#website\",\"url\":\"https:\/\/elmawkie.dz\/fr\/\",\"name\":\"EL MAWKIE\",\"description\":\"Journal \u00c9lectronique Alg\u00e9rien\",\"publisher\":{\"@id\":\"https:\/\/elmawkie.dz\/fr\/#organization\"},\"potentialAction\":[{\"@type\":\"SearchAction\",\"target\":{\"@type\":\"EntryPoint\",\"urlTemplate\":\"https:\/\/elmawkie.dz\/fr\/?s={search_term_string}\"},\"query-input\":\"required name=search_term_string\"}],\"inLanguage\":\"fr-FR\"},{\"@type\":\"Organization\",\"@id\":\"https:\/\/elmawkie.dz\/fr\/#organization\",\"name\":\"EL MAWKIE\",\"url\":\"https:\/\/elmawkie.dz\/fr\/\",\"logo\":{\"@type\":\"ImageObject\",\"inLanguage\":\"fr-FR\",\"@id\":\"https:\/\/elmawkie.dz\/fr\/#\/schema\/logo\/image\/\",\"url\":\"https:\/\/elmawkie.dz\/fr\/wp-content\/uploads\/2024\/05\/logo1.png\",\"contentUrl\":\"https:\/\/elmawkie.dz\/fr\/wp-content\/uploads\/2024\/05\/logo1.png\",\"width\":1648,\"height\":652,\"caption\":\"EL MAWKIE\"},\"image\":{\"@id\":\"https:\/\/elmawkie.dz\/fr\/#\/schema\/logo\/image\/\"},\"sameAs\":[\"https:\/\/www.facebook.com\/profile.php?id=100088407094989&locale=fr_FR\"]},{\"@type\":\"Person\",\"@id\":\"https:\/\/elmawkie.dz\/fr\/#\/schema\/person\/e7bd59d6467874ba5c4723d8a9f0a63c\",\"name\":\"R\u00e9daction\",\"image\":{\"@type\":\"ImageObject\",\"inLanguage\":\"fr-FR\",\"@id\":\"https:\/\/elmawkie.dz\/fr\/#\/schema\/person\/image\/\",\"url\":\"https:\/\/secure.gravatar.com\/avatar\/f0f773456344da4d2788c054a3d30a0c?s=96&d=mm&r=g\",\"contentUrl\":\"https:\/\/secure.gravatar.com\/avatar\/f0f773456344da4d2788c054a3d30a0c?s=96&d=mm&r=g\",\"caption\":\"R\u00e9daction\"},\"url\":\"https:\/\/elmawkie.dz\/fr\/author\/redaction\/\"}]}<\/script>\n<!-- \/ Yoast SEO Premium plugin. -->","yoast_head_json":{"title":"Le pr\u00e9sident de la R\u00e9publique pr\u00e9sente ses condol\u00e9ances aux familles des trois martyrs tomb\u00e9s au champ d'honneur dans la 5\u00e8me R\u00e9gion militaire - El Mawkie","robots":{"index":"index","follow":"follow","max-snippet":"max-snippet:-1","max-image-preview":"max-image-preview:large","max-video-preview":"max-video-preview:-1"},"canonical":"https:\/\/elmawkie.dz\/fr\/le-president-de-la-republique-presente-ses-condoleances-aux-familles-des-trois-martyrs-tombes-au-champ-dhonneur-dans-la-5eme-region-militaire\/","og_locale":"fr_FR","og_type":"article","og_title":"Le pr\u00e9sident de la R\u00e9publique pr\u00e9sente ses condol\u00e9ances aux familles des trois martyrs tomb\u00e9s au champ d'honneur dans la 5\u00e8me R\u00e9gion militaire","og_description":"Le pr\u00e9sident de la R\u00e9publique, Chef supr\u00eame des Forces arm\u00e9es, ministre de la D\u00e9fense nationale, M. Abdelmadjid Tebboune, a pr\u00e9sent\u00e9, vendredi, ses sinc\u00e8res condol\u00e9ances aux familles des trois martyrs, tomb\u00e9s au champ d\u2019honneur dans la 5\u00e8me R\u00e9gion militaire, les assurant de sa profonde compassion. \u00ab\u00a0Le pr\u00e9sident de la R\u00e9publique, M. Abdelmadjid Tebboune, Chef supr\u00eame des &hellip;","og_url":"https:\/\/elmawkie.dz\/fr\/le-president-de-la-republique-presente-ses-condoleances-aux-familles-des-trois-martyrs-tombes-au-champ-dhonneur-dans-la-5eme-region-militaire\/","og_site_name":"El Mawkie","article_publisher":"https:\/\/www.facebook.com\/profile.php?id=100088407094989&locale=fr_FR","article_published_time":"2026-03-13T19:34:28+00:00","article_modified_time":"2026-03-13T19:34:30+00:00","og_image":[{"width":2048,"height":1364,"url":"https:\/\/elmawkie.dz\/fr\/wp-content\/uploads\/2026\/03\/IMG_2477.jpeg","type":"image\/jpeg"}],"author":"R\u00e9daction","twitter_card":"summary_large_image","twitter_misc":{"Written by":"R\u00e9daction","Est. reading time":"2 minutes"},"schema":{"@context":"https:\/\/schema.org","@graph":[{"@type":"Article","@id":"https:\/\/elmawkie.dz\/fr\/le-president-de-la-republique-presente-ses-condoleances-aux-familles-des-trois-martyrs-tombes-au-champ-dhonneur-dans-la-5eme-region-militaire\/#article","isPartOf":{"@id":"https:\/\/elmawkie.dz\/fr\/le-president-de-la-republique-presente-ses-condoleances-aux-familles-des-trois-martyrs-tombes-au-champ-dhonneur-dans-la-5eme-region-militaire\/"},"author":{"name":"R\u00e9daction","@id":"https:\/\/elmawkie.dz\/fr\/#\/schema\/person\/e7bd59d6467874ba5c4723d8a9f0a63c"},"headline":"Le pr\u00e9sident de la R\u00e9publique pr\u00e9sente ses condol\u00e9ances aux familles des trois martyrs tomb\u00e9s au champ d&rsquo;honneur dans la 5\u00e8me R\u00e9gion militaire","datePublished":"2026-03-13T19:34:28+00:00","dateModified":"2026-03-13T19:34:30+00:00","mainEntityOfPage":{"@id":"https:\/\/elmawkie.dz\/fr\/le-president-de-la-republique-presente-ses-condoleances-aux-familles-des-trois-martyrs-tombes-au-champ-dhonneur-dans-la-5eme-region-militaire\/"},"wordCount":252,"commentCount":0,"publisher":{"@id":"https:\/\/elmawkie.dz\/fr\/#organization"},"image":{"@id":"https:\/\/elmawkie.dz\/fr\/le-president-de-la-republique-presente-ses-condoleances-aux-familles-des-trois-martyrs-tombes-au-champ-dhonneur-dans-la-5eme-region-militaire\/#primaryimage"},"thumbnailUrl":"https:\/\/elmawkie.dz\/fr\/wp-content\/uploads\/2026\/03\/IMG_2477.jpeg","keywords":["Abdelmadjid Tebboune","condol\u00e9ances","le pr\u00e9sident de la R\u00e9publique"],"articleSection":["National"],"inLanguage":"fr-FR","potentialAction":[{"@type":"CommentAction","name":"Comment","target":["https:\/\/elmawkie.dz\/fr\/le-president-de-la-republique-presente-ses-condoleances-aux-familles-des-trois-martyrs-tombes-au-champ-dhonneur-dans-la-5eme-region-militaire\/#respond"]}]},{"@type":"WebPage","@id":"https:\/\/elmawkie.dz\/fr\/le-president-de-la-republique-presente-ses-condoleances-aux-familles-des-trois-martyrs-tombes-au-champ-dhonneur-dans-la-5eme-region-militaire\/","url":"https:\/\/elmawkie.dz\/fr\/le-president-de-la-republique-presente-ses-condoleances-aux-familles-des-trois-martyrs-tombes-au-champ-dhonneur-dans-la-5eme-region-militaire\/","name":"Le pr\u00e9sident de la R\u00e9publique pr\u00e9sente ses condol\u00e9ances aux familles des trois martyrs tomb\u00e9s au champ d'honneur dans la 5\u00e8me R\u00e9gion militaire - El Mawkie","isPartOf":{"@id":"https:\/\/elmawkie.dz\/fr\/#website"},"primaryImageOfPage":{"@id":"https:\/\/elmawkie.dz\/fr\/le-president-de-la-republique-presente-ses-condoleances-aux-familles-des-trois-martyrs-tombes-au-champ-dhonneur-dans-la-5eme-region-militaire\/#primaryimage"},"image":{"@id":"https:\/\/elmawkie.dz\/fr\/le-president-de-la-republique-presente-ses-condoleances-aux-familles-des-trois-martyrs-tombes-au-champ-dhonneur-dans-la-5eme-region-militaire\/#primaryimage"},"thumbnailUrl":"https:\/\/elmawkie.dz\/fr\/wp-content\/uploads\/2026\/03\/IMG_2477.jpeg","datePublished":"2026-03-13T19:34:28+00:00","dateModified":"2026-03-13T19:34:30+00:00","breadcrumb":{"@id":"https:\/\/elmawkie.dz\/fr\/le-president-de-la-republique-presente-ses-condoleances-aux-familles-des-trois-martyrs-tombes-au-champ-dhonneur-dans-la-5eme-region-militaire\/#breadcrumb"},"inLanguage":"fr-FR","potentialAction":[{"@type":"ReadAction","target":["https:\/\/elmawkie.dz\/fr\/le-president-de-la-republique-presente-ses-condoleances-aux-familles-des-trois-martyrs-tombes-au-champ-dhonneur-dans-la-5eme-region-militaire\/"]}]},{"@type":"ImageObject","inLanguage":"fr-FR","@id":"https:\/\/elmawkie.dz\/fr\/le-president-de-la-republique-presente-ses-condoleances-aux-familles-des-trois-martyrs-tombes-au-champ-dhonneur-dans-la-5eme-region-militaire\/#primaryimage","url":"https:\/\/elmawkie.dz\/fr\/wp-content\/uploads\/2026\/03\/IMG_2477.jpeg","contentUrl":"https:\/\/elmawkie.dz\/fr\/wp-content\/uploads\/2026\/03\/IMG_2477.jpeg","width":2048,"height":1364},{"@type":"BreadcrumbList","@id":"https:\/\/elmawkie.dz\/fr\/le-president-de-la-republique-presente-ses-condoleances-aux-familles-des-trois-martyrs-tombes-au-champ-dhonneur-dans-la-5eme-region-militaire\/#breadcrumb","itemListElement":[{"@type":"ListItem","position":1,"name":"Home","item":"https:\/\/elmawkie.dz\/fr\/"},{"@type":"ListItem","position":2,"name":"Le pr\u00e9sident de la R\u00e9publique pr\u00e9sente ses condol\u00e9ances aux familles des trois martyrs tomb\u00e9s au champ d&rsquo;honneur dans la 5\u00e8me R\u00e9gion militaire"}]},{"@type":"WebSite","@id":"https:\/\/elmawkie.dz\/fr\/#website","url":"https:\/\/elmawkie.dz\/fr\/","name":"EL MAWKIE","description":"Journal \u00c9lectronique Alg\u00e9rien","publisher":{"@id":"https:\/\/elmawkie.dz\/fr\/#organization"},"potentialAction":[{"@type":"SearchAction","target":{"@type":"EntryPoint","urlTemplate":"https:\/\/elmawkie.dz\/fr\/?s={search_term_string}"},"query-input":"required name=search_term_string"}],"inLanguage":"fr-FR"},{"@type":"Organization","@id":"https:\/\/elmawkie.dz\/fr\/#organization","name":"EL MAWKIE","url":"https:\/\/elmawkie.dz\/fr\/","logo":{"@type":"ImageObject","inLanguage":"fr-FR","@id":"https:\/\/elmawkie.dz\/fr\/#\/schema\/logo\/image\/","url":"https:\/\/elmawkie.dz\/fr\/wp-content\/uploads\/2024\/05\/logo1.png","contentUrl":"https:\/\/elmawkie.dz\/fr\/wp-content\/uploads\/2024\/05\/logo1.png","width":1648,"height":652,"caption":"EL MAWKIE"},"image":{"@id":"https:\/\/elmawkie.dz\/fr\/#\/schema\/logo\/image\/"},"sameAs":["https:\/\/www.facebook.com\/profile.php?id=100088407094989&locale=fr_FR"]},{"@type":"Person","@id":"https:\/\/elmawkie.dz\/fr\/#\/schema\/person\/e7bd59d6467874ba5c4723d8a9f0a63c","name":"R\u00e9daction","image":{"@type":"ImageObject","inLanguage":"fr-FR","@id":"https:\/\/elmawkie.dz\/fr\/#\/schema\/person\/image\/","url":"https:\/\/secure.gravatar.com\/avatar\/f0f773456344da4d2788c054a3d30a0c?s=96&d=mm&r=g","contentUrl":"https:\/\/secure.gravatar.com\/avatar\/f0f773456344da4d2788c054a3d30a0c?s=96&d=mm&r=g","caption":"R\u00e9daction"},"url":"https:\/\/elmawkie.dz\/fr\/author\/redaction\/"}]}},"_links":{"self":[{"href":"https:\/\/elmawkie.dz\/fr\/wp-json\/wp\/v2\/posts\/63378","targetHints":{"allow":["GET"]}}],"collection":[{"href":"https:\/\/elmawkie.dz\/fr\/wp-json\/wp\/v2\/posts"}],"about":[{"href":"https:\/\/elmawkie.dz\/fr\/wp-json\/wp\/v2\/types\/post"}],"author":[{"embeddable":true,"href":"https:\/\/elmawkie.dz\/fr\/wp-json\/wp\/v2\/users\/9"}],"replies":[{"embeddable":true,"href":"https:\/\/elmawkie.dz\/fr\/wp-json\/wp\/v2\/comments?post=63378"}],"version-history":[{"count":1,"href":"https:\/\/elmawkie.dz\/fr\/wp-json\/wp\/v2\/posts\/63378\/revisions"}],"predecessor-version":[{"id":63381,"href":"https:\/\/elmawkie.dz\/fr\/wp-json\/wp\/v2\/posts\/63378\/revisions\/63381"}],"wp:featuredmedia":[{"embeddable":true,"href":"https:\/\/elmawkie.dz\/fr\/wp-json\/wp\/v2\/media\/63380"}],"wp:attachment":[{"href":"https:\/\/elmawkie.dz\/fr\/wp-json\/wp\/v2\/media?parent=63378"}],"wp:term":[{"taxonomy":"category","embeddable":true,"href":"https:\/\/elmawkie.dz\/fr\/wp-json\/wp\/v2\/categories?post=63378"},{"taxonomy":"post_tag","embeddable":true,"href":"https:\/\/elmawkie.dz\/fr\/wp-json\/wp\/v2\/tags?post=63378"}],"curies":[{"name":"wp","href":"https:\/\/api.w.org\/{rel}","templated":true}]}}