{"id":63365,"date":"2026-03-13T15:25:58","date_gmt":"2026-03-13T14:25:58","guid":{"rendered":"https:\/\/elmawkie.dz\/fr\/?p=63365"},"modified":"2026-03-13T15:25:59","modified_gmt":"2026-03-13T14:25:59","slug":"mascara-inhumation-de-la-moudjahida-belhocine-aicha","status":"publish","type":"post","link":"https:\/\/elmawkie.dz\/fr\/mascara-inhumation-de-la-moudjahida-belhocine-aicha\/","title":{"rendered":"Mascara : inhumation de la moudjahida Belhocine A\u00efcha"},"content":{"rendered":"\n<p>La moudjahida Belhoucine A\u00efcha, d\u00e9c\u00e9d\u00e9e \u00e0 l\u2019\u00e2ge de 91 ans, a \u00e9t\u00e9 inhum\u00e9e, vendredi apr\u00e8s-midi au cimeti\u00e8re de la commune d\u2019El Fraguig (wilaya de Mascara), a-t-on appris aupr\u00e8s de la direction des Moudjahidine et des Ayants droit.<\/p>\n\n\n\n<p>Des membres de la famille r\u00e9volutionnaire, de proches de la d\u00e9funte, ainsi que d\u2019une foule nombreuse de citoyens ont accompagn\u00e9 la moudjahida \u00e0 sa derni\u00e8re demeure, a pr\u00e9cis\u00e9 la m\u00eame source.<\/p>\n\n\n\n<p>La d\u00e9funte, n\u00e9e en 1935 dans la commune d\u2019El Fraguig, avait rejoint les rangs de la glorieuse guerre de lib\u00e9ration, en 1960, au niveau de la sixi\u00e8me zone de la wilaya V historique, selon la m\u00eame source.<\/p>\n\n\n\n<p>La regrett\u00e9e a jou\u00e9 un r\u00f4le important, durant la guerre de lib\u00e9ration, en transformant son domicile en lieu d\u2019approvisionnement pour les moudjahidine de l\u2019Arm\u00e9e de lib\u00e9ration nationale dans la r\u00e9gion, leur fournissant v\u00eatements et denr\u00e9es alimentaires, a indiqu\u00e9 la m\u00eame direction.<\/p>\n\n\n\n<p>Suite \u00e0 cette perte douloureuse, le directeur des Moudjahidine et des Ayants droit de la wilaya, Khelifi Behloul Khalifa, a adress\u00e9 un message de condol\u00e9ances \u00e0 la famille de la d\u00e9funte moudjahida Belhocine A\u00efcha, dans lequel il a exprim\u00e9 ses sinc\u00e8res condol\u00e9ances et sa profonde compassion, priant Dieu Tout-Puissant de lui accorder Sa mis\u00e9ricorde et d\u2019apporter patience et r\u00e9confort \u00e0 ses proches.&nbsp;<\/p>\n","protected":false},"excerpt":{"rendered":"<p>La moudjahida Belhoucine A\u00efcha, d\u00e9c\u00e9d\u00e9e \u00e0 l\u2019\u00e2ge de 91 ans, a \u00e9t\u00e9 inhum\u00e9e, vendredi apr\u00e8s-midi au cimeti\u00e8re de la commune d\u2019El Fraguig (wilaya de Mascara), a-t-on appris aupr\u00e8s de la direction des Moudjahidine et des Ayants droit. Des membres de la famille r\u00e9volutionnaire, de proches de la d\u00e9funte, ainsi que d\u2019une foule nombreuse de citoyens &hellip;<\/p>\n","protected":false},"author":9,"featured_media":63367,"comment_status":"open","ping_status":"open","sticky":false,"template":"","format":"standard","meta":{"footnotes":""},"categories":[51],"tags":[991],"class_list":["post-63365","post","type-post","status-publish","format-standard","has-post-thumbnail","hentry","category-societe","tag-mascara"],"yoast_head":"<!-- This site is optimized with the Yoast SEO Premium plugin v22.6 (Yoast SEO v22.6) - https:\/\/yoast.com\/wordpress\/plugins\/seo\/ -->\n<title>Mascara : inhumation de la moudjahida Belhocine A\u00efcha - El Mawkie<\/title>\n<meta name=\"robots\" content=\"index, follow, max-snippet:-1, max-image-preview:large, max-video-preview:-1\" \/>\n<link rel=\"canonical\" href=\"https:\/\/elmawkie.dz\/fr\/mascara-inhumation-de-la-moudjahida-belhocine-aicha\/\" \/>\n<meta property=\"og:locale\" content=\"fr_FR\" \/>\n<meta property=\"og:type\" content=\"article\" \/>\n<meta property=\"og:title\" content=\"Mascara : inhumation de la moudjahida Belhocine A\u00efcha\" \/>\n<meta property=\"og:description\" content=\"La moudjahida Belhoucine A\u00efcha, d\u00e9c\u00e9d\u00e9e \u00e0 l\u2019\u00e2ge de 91 ans, a \u00e9t\u00e9 inhum\u00e9e, vendredi apr\u00e8s-midi au cimeti\u00e8re de la commune d\u2019El Fraguig (wilaya de Mascara), a-t-on appris aupr\u00e8s de la direction des Moudjahidine et des Ayants droit. Des membres de la famille r\u00e9volutionnaire, de proches de la d\u00e9funte, ainsi que d\u2019une foule nombreuse de citoyens &hellip;\" \/>\n<meta property=\"og:url\" content=\"https:\/\/elmawkie.dz\/fr\/mascara-inhumation-de-la-moudjahida-belhocine-aicha\/\" \/>\n<meta property=\"og:site_name\" content=\"El Mawkie\" \/>\n<meta property=\"article:publisher\" content=\"https:\/\/www.facebook.com\/profile.php?id=100088407094989&amp;locale=fr_FR\" \/>\n<meta property=\"article:published_time\" content=\"2026-03-13T14:25:58+00:00\" \/>\n<meta property=\"article:modified_time\" content=\"2026-03-13T14:25:59+00:00\" \/>\n<meta property=\"og:image\" content=\"https:\/\/elmawkie.dz\/fr\/wp-content\/uploads\/2026\/03\/IMG_2469.jpeg\" \/>\n\t<meta property=\"og:image:width\" content=\"1290\" \/>\n\t<meta property=\"og:image:height\" content=\"841\" \/>\n\t<meta property=\"og:image:type\" content=\"image\/jpeg\" \/>\n<meta name=\"author\" content=\"R\u00e9daction\" \/>\n<meta name=\"twitter:card\" content=\"summary_large_image\" \/>\n<meta name=\"twitter:label1\" content=\"Written by\" \/>\n\t<meta name=\"twitter:data1\" content=\"R\u00e9daction\" \/>\n\t<meta name=\"twitter:label2\" content=\"Est. reading time\" \/>\n\t<meta name=\"twitter:data2\" content=\"2 minutes\" \/>\n<script type=\"application\/ld+json\" class=\"yoast-schema-graph\">{\"@context\":\"https:\/\/schema.org\",\"@graph\":[{\"@type\":\"Article\",\"@id\":\"https:\/\/elmawkie.dz\/fr\/mascara-inhumation-de-la-moudjahida-belhocine-aicha\/#article\",\"isPartOf\":{\"@id\":\"https:\/\/elmawkie.dz\/fr\/mascara-inhumation-de-la-moudjahida-belhocine-aicha\/\"},\"author\":{\"name\":\"R\u00e9daction\",\"@id\":\"https:\/\/elmawkie.dz\/fr\/#\/schema\/person\/e7bd59d6467874ba5c4723d8a9f0a63c\"},\"headline\":\"Mascara : inhumation de la moudjahida Belhocine A\u00efcha\",\"datePublished\":\"2026-03-13T14:25:58+00:00\",\"dateModified\":\"2026-03-13T14:25:59+00:00\",\"mainEntityOfPage\":{\"@id\":\"https:\/\/elmawkie.dz\/fr\/mascara-inhumation-de-la-moudjahida-belhocine-aicha\/\"},\"wordCount\":250,\"commentCount\":0,\"publisher\":{\"@id\":\"https:\/\/elmawkie.dz\/fr\/#organization\"},\"image\":{\"@id\":\"https:\/\/elmawkie.dz\/fr\/mascara-inhumation-de-la-moudjahida-belhocine-aicha\/#primaryimage\"},\"thumbnailUrl\":\"https:\/\/elmawkie.dz\/fr\/wp-content\/uploads\/2026\/03\/IMG_2469.jpeg\",\"keywords\":[\"Mascara\"],\"articleSection\":[\"Soci\u00e9t\u00e9\"],\"inLanguage\":\"fr-FR\",\"potentialAction\":[{\"@type\":\"CommentAction\",\"name\":\"Comment\",\"target\":[\"https:\/\/elmawkie.dz\/fr\/mascara-inhumation-de-la-moudjahida-belhocine-aicha\/#respond\"]}]},{\"@type\":\"WebPage\",\"@id\":\"https:\/\/elmawkie.dz\/fr\/mascara-inhumation-de-la-moudjahida-belhocine-aicha\/\",\"url\":\"https:\/\/elmawkie.dz\/fr\/mascara-inhumation-de-la-moudjahida-belhocine-aicha\/\",\"name\":\"Mascara : inhumation de la moudjahida Belhocine A\u00efcha - El Mawkie\",\"isPartOf\":{\"@id\":\"https:\/\/elmawkie.dz\/fr\/#website\"},\"primaryImageOfPage\":{\"@id\":\"https:\/\/elmawkie.dz\/fr\/mascara-inhumation-de-la-moudjahida-belhocine-aicha\/#primaryimage\"},\"image\":{\"@id\":\"https:\/\/elmawkie.dz\/fr\/mascara-inhumation-de-la-moudjahida-belhocine-aicha\/#primaryimage\"},\"thumbnailUrl\":\"https:\/\/elmawkie.dz\/fr\/wp-content\/uploads\/2026\/03\/IMG_2469.jpeg\",\"datePublished\":\"2026-03-13T14:25:58+00:00\",\"dateModified\":\"2026-03-13T14:25:59+00:00\",\"breadcrumb\":{\"@id\":\"https:\/\/elmawkie.dz\/fr\/mascara-inhumation-de-la-moudjahida-belhocine-aicha\/#breadcrumb\"},\"inLanguage\":\"fr-FR\",\"potentialAction\":[{\"@type\":\"ReadAction\",\"target\":[\"https:\/\/elmawkie.dz\/fr\/mascara-inhumation-de-la-moudjahida-belhocine-aicha\/\"]}]},{\"@type\":\"ImageObject\",\"inLanguage\":\"fr-FR\",\"@id\":\"https:\/\/elmawkie.dz\/fr\/mascara-inhumation-de-la-moudjahida-belhocine-aicha\/#primaryimage\",\"url\":\"https:\/\/elmawkie.dz\/fr\/wp-content\/uploads\/2026\/03\/IMG_2469.jpeg\",\"contentUrl\":\"https:\/\/elmawkie.dz\/fr\/wp-content\/uploads\/2026\/03\/IMG_2469.jpeg\",\"width\":1290,\"height\":841,\"caption\":\"Screenshot\"},{\"@type\":\"BreadcrumbList\",\"@id\":\"https:\/\/elmawkie.dz\/fr\/mascara-inhumation-de-la-moudjahida-belhocine-aicha\/#breadcrumb\",\"itemListElement\":[{\"@type\":\"ListItem\",\"position\":1,\"name\":\"Home\",\"item\":\"https:\/\/elmawkie.dz\/fr\/\"},{\"@type\":\"ListItem\",\"position\":2,\"name\":\"Mascara : inhumation de la moudjahida Belhocine A\u00efcha\"}]},{\"@type\":\"WebSite\",\"@id\":\"https:\/\/elmawkie.dz\/fr\/#website\",\"url\":\"https:\/\/elmawkie.dz\/fr\/\",\"name\":\"EL MAWKIE\",\"description\":\"Journal \u00c9lectronique Alg\u00e9rien\",\"publisher\":{\"@id\":\"https:\/\/elmawkie.dz\/fr\/#organization\"},\"potentialAction\":[{\"@type\":\"SearchAction\",\"target\":{\"@type\":\"EntryPoint\",\"urlTemplate\":\"https:\/\/elmawkie.dz\/fr\/?s={search_term_string}\"},\"query-input\":\"required name=search_term_string\"}],\"inLanguage\":\"fr-FR\"},{\"@type\":\"Organization\",\"@id\":\"https:\/\/elmawkie.dz\/fr\/#organization\",\"name\":\"EL MAWKIE\",\"url\":\"https:\/\/elmawkie.dz\/fr\/\",\"logo\":{\"@type\":\"ImageObject\",\"inLanguage\":\"fr-FR\",\"@id\":\"https:\/\/elmawkie.dz\/fr\/#\/schema\/logo\/image\/\",\"url\":\"https:\/\/elmawkie.dz\/fr\/wp-content\/uploads\/2024\/05\/logo1.png\",\"contentUrl\":\"https:\/\/elmawkie.dz\/fr\/wp-content\/uploads\/2024\/05\/logo1.png\",\"width\":1648,\"height\":652,\"caption\":\"EL MAWKIE\"},\"image\":{\"@id\":\"https:\/\/elmawkie.dz\/fr\/#\/schema\/logo\/image\/\"},\"sameAs\":[\"https:\/\/www.facebook.com\/profile.php?id=100088407094989&locale=fr_FR\"]},{\"@type\":\"Person\",\"@id\":\"https:\/\/elmawkie.dz\/fr\/#\/schema\/person\/e7bd59d6467874ba5c4723d8a9f0a63c\",\"name\":\"R\u00e9daction\",\"image\":{\"@type\":\"ImageObject\",\"inLanguage\":\"fr-FR\",\"@id\":\"https:\/\/elmawkie.dz\/fr\/#\/schema\/person\/image\/\",\"url\":\"https:\/\/secure.gravatar.com\/avatar\/f0f773456344da4d2788c054a3d30a0c?s=96&d=mm&r=g\",\"contentUrl\":\"https:\/\/secure.gravatar.com\/avatar\/f0f773456344da4d2788c054a3d30a0c?s=96&d=mm&r=g\",\"caption\":\"R\u00e9daction\"},\"url\":\"https:\/\/elmawkie.dz\/fr\/author\/redaction\/\"}]}<\/script>\n<!-- \/ Yoast SEO Premium plugin. -->","yoast_head_json":{"title":"Mascara : inhumation de la moudjahida Belhocine A\u00efcha - El Mawkie","robots":{"index":"index","follow":"follow","max-snippet":"max-snippet:-1","max-image-preview":"max-image-preview:large","max-video-preview":"max-video-preview:-1"},"canonical":"https:\/\/elmawkie.dz\/fr\/mascara-inhumation-de-la-moudjahida-belhocine-aicha\/","og_locale":"fr_FR","og_type":"article","og_title":"Mascara : inhumation de la moudjahida Belhocine A\u00efcha","og_description":"La moudjahida Belhoucine A\u00efcha, d\u00e9c\u00e9d\u00e9e \u00e0 l\u2019\u00e2ge de 91 ans, a \u00e9t\u00e9 inhum\u00e9e, vendredi apr\u00e8s-midi au cimeti\u00e8re de la commune d\u2019El Fraguig (wilaya de Mascara), a-t-on appris aupr\u00e8s de la direction des Moudjahidine et des Ayants droit. Des membres de la famille r\u00e9volutionnaire, de proches de la d\u00e9funte, ainsi que d\u2019une foule nombreuse de citoyens &hellip;","og_url":"https:\/\/elmawkie.dz\/fr\/mascara-inhumation-de-la-moudjahida-belhocine-aicha\/","og_site_name":"El Mawkie","article_publisher":"https:\/\/www.facebook.com\/profile.php?id=100088407094989&locale=fr_FR","article_published_time":"2026-03-13T14:25:58+00:00","article_modified_time":"2026-03-13T14:25:59+00:00","og_image":[{"width":1290,"height":841,"url":"https:\/\/elmawkie.dz\/fr\/wp-content\/uploads\/2026\/03\/IMG_2469.jpeg","type":"image\/jpeg"}],"author":"R\u00e9daction","twitter_card":"summary_large_image","twitter_misc":{"Written by":"R\u00e9daction","Est. reading time":"2 minutes"},"schema":{"@context":"https:\/\/schema.org","@graph":[{"@type":"Article","@id":"https:\/\/elmawkie.dz\/fr\/mascara-inhumation-de-la-moudjahida-belhocine-aicha\/#article","isPartOf":{"@id":"https:\/\/elmawkie.dz\/fr\/mascara-inhumation-de-la-moudjahida-belhocine-aicha\/"},"author":{"name":"R\u00e9daction","@id":"https:\/\/elmawkie.dz\/fr\/#\/schema\/person\/e7bd59d6467874ba5c4723d8a9f0a63c"},"headline":"Mascara : inhumation de la moudjahida Belhocine A\u00efcha","datePublished":"2026-03-13T14:25:58+00:00","dateModified":"2026-03-13T14:25:59+00:00","mainEntityOfPage":{"@id":"https:\/\/elmawkie.dz\/fr\/mascara-inhumation-de-la-moudjahida-belhocine-aicha\/"},"wordCount":250,"commentCount":0,"publisher":{"@id":"https:\/\/elmawkie.dz\/fr\/#organization"},"image":{"@id":"https:\/\/elmawkie.dz\/fr\/mascara-inhumation-de-la-moudjahida-belhocine-aicha\/#primaryimage"},"thumbnailUrl":"https:\/\/elmawkie.dz\/fr\/wp-content\/uploads\/2026\/03\/IMG_2469.jpeg","keywords":["Mascara"],"articleSection":["Soci\u00e9t\u00e9"],"inLanguage":"fr-FR","potentialAction":[{"@type":"CommentAction","name":"Comment","target":["https:\/\/elmawkie.dz\/fr\/mascara-inhumation-de-la-moudjahida-belhocine-aicha\/#respond"]}]},{"@type":"WebPage","@id":"https:\/\/elmawkie.dz\/fr\/mascara-inhumation-de-la-moudjahida-belhocine-aicha\/","url":"https:\/\/elmawkie.dz\/fr\/mascara-inhumation-de-la-moudjahida-belhocine-aicha\/","name":"Mascara : inhumation de la moudjahida Belhocine A\u00efcha - El Mawkie","isPartOf":{"@id":"https:\/\/elmawkie.dz\/fr\/#website"},"primaryImageOfPage":{"@id":"https:\/\/elmawkie.dz\/fr\/mascara-inhumation-de-la-moudjahida-belhocine-aicha\/#primaryimage"},"image":{"@id":"https:\/\/elmawkie.dz\/fr\/mascara-inhumation-de-la-moudjahida-belhocine-aicha\/#primaryimage"},"thumbnailUrl":"https:\/\/elmawkie.dz\/fr\/wp-content\/uploads\/2026\/03\/IMG_2469.jpeg","datePublished":"2026-03-13T14:25:58+00:00","dateModified":"2026-03-13T14:25:59+00:00","breadcrumb":{"@id":"https:\/\/elmawkie.dz\/fr\/mascara-inhumation-de-la-moudjahida-belhocine-aicha\/#breadcrumb"},"inLanguage":"fr-FR","potentialAction":[{"@type":"ReadAction","target":["https:\/\/elmawkie.dz\/fr\/mascara-inhumation-de-la-moudjahida-belhocine-aicha\/"]}]},{"@type":"ImageObject","inLanguage":"fr-FR","@id":"https:\/\/elmawkie.dz\/fr\/mascara-inhumation-de-la-moudjahida-belhocine-aicha\/#primaryimage","url":"https:\/\/elmawkie.dz\/fr\/wp-content\/uploads\/2026\/03\/IMG_2469.jpeg","contentUrl":"https:\/\/elmawkie.dz\/fr\/wp-content\/uploads\/2026\/03\/IMG_2469.jpeg","width":1290,"height":841,"caption":"Screenshot"},{"@type":"BreadcrumbList","@id":"https:\/\/elmawkie.dz\/fr\/mascara-inhumation-de-la-moudjahida-belhocine-aicha\/#breadcrumb","itemListElement":[{"@type":"ListItem","position":1,"name":"Home","item":"https:\/\/elmawkie.dz\/fr\/"},{"@type":"ListItem","position":2,"name":"Mascara : inhumation de la moudjahida Belhocine A\u00efcha"}]},{"@type":"WebSite","@id":"https:\/\/elmawkie.dz\/fr\/#website","url":"https:\/\/elmawkie.dz\/fr\/","name":"EL MAWKIE","description":"Journal \u00c9lectronique Alg\u00e9rien","publisher":{"@id":"https:\/\/elmawkie.dz\/fr\/#organization"},"potentialAction":[{"@type":"SearchAction","target":{"@type":"EntryPoint","urlTemplate":"https:\/\/elmawkie.dz\/fr\/?s={search_term_string}"},"query-input":"required name=search_term_string"}],"inLanguage":"fr-FR"},{"@type":"Organization","@id":"https:\/\/elmawkie.dz\/fr\/#organization","name":"EL MAWKIE","url":"https:\/\/elmawkie.dz\/fr\/","logo":{"@type":"ImageObject","inLanguage":"fr-FR","@id":"https:\/\/elmawkie.dz\/fr\/#\/schema\/logo\/image\/","url":"https:\/\/elmawkie.dz\/fr\/wp-content\/uploads\/2024\/05\/logo1.png","contentUrl":"https:\/\/elmawkie.dz\/fr\/wp-content\/uploads\/2024\/05\/logo1.png","width":1648,"height":652,"caption":"EL MAWKIE"},"image":{"@id":"https:\/\/elmawkie.dz\/fr\/#\/schema\/logo\/image\/"},"sameAs":["https:\/\/www.facebook.com\/profile.php?id=100088407094989&locale=fr_FR"]},{"@type":"Person","@id":"https:\/\/elmawkie.dz\/fr\/#\/schema\/person\/e7bd59d6467874ba5c4723d8a9f0a63c","name":"R\u00e9daction","image":{"@type":"ImageObject","inLanguage":"fr-FR","@id":"https:\/\/elmawkie.dz\/fr\/#\/schema\/person\/image\/","url":"https:\/\/secure.gravatar.com\/avatar\/f0f773456344da4d2788c054a3d30a0c?s=96&d=mm&r=g","contentUrl":"https:\/\/secure.gravatar.com\/avatar\/f0f773456344da4d2788c054a3d30a0c?s=96&d=mm&r=g","caption":"R\u00e9daction"},"url":"https:\/\/elmawkie.dz\/fr\/author\/redaction\/"}]}},"_links":{"self":[{"href":"https:\/\/elmawkie.dz\/fr\/wp-json\/wp\/v2\/posts\/63365","targetHints":{"allow":["GET"]}}],"collection":[{"href":"https:\/\/elmawkie.dz\/fr\/wp-json\/wp\/v2\/posts"}],"about":[{"href":"https:\/\/elmawkie.dz\/fr\/wp-json\/wp\/v2\/types\/post"}],"author":[{"embeddable":true,"href":"https:\/\/elmawkie.dz\/fr\/wp-json\/wp\/v2\/users\/9"}],"replies":[{"embeddable":true,"href":"https:\/\/elmawkie.dz\/fr\/wp-json\/wp\/v2\/comments?post=63365"}],"version-history":[{"count":1,"href":"https:\/\/elmawkie.dz\/fr\/wp-json\/wp\/v2\/posts\/63365\/revisions"}],"predecessor-version":[{"id":63368,"href":"https:\/\/elmawkie.dz\/fr\/wp-json\/wp\/v2\/posts\/63365\/revisions\/63368"}],"wp:featuredmedia":[{"embeddable":true,"href":"https:\/\/elmawkie.dz\/fr\/wp-json\/wp\/v2\/media\/63367"}],"wp:attachment":[{"href":"https:\/\/elmawkie.dz\/fr\/wp-json\/wp\/v2\/media?parent=63365"}],"wp:term":[{"taxonomy":"category","embeddable":true,"href":"https:\/\/elmawkie.dz\/fr\/wp-json\/wp\/v2\/categories?post=63365"},{"taxonomy":"post_tag","embeddable":true,"href":"https:\/\/elmawkie.dz\/fr\/wp-json\/wp\/v2\/tags?post=63365"}],"curies":[{"name":"wp","href":"https:\/\/api.w.org\/{rel}","templated":true}]}}