{"id":63361,"date":"2026-03-13T15:23:42","date_gmt":"2026-03-13T14:23:42","guid":{"rendered":"https:\/\/elmawkie.dz\/fr\/?p=63361"},"modified":"2026-03-13T15:23:44","modified_gmt":"2026-03-13T14:23:44","slug":"tizi-ouzou-lancement-de-la-4%e1%b5%89-edition-du-festival-du-rire-a-tanajelt","status":"publish","type":"post","link":"https:\/\/elmawkie.dz\/fr\/tizi-ouzou-lancement-de-la-4%e1%b5%89-edition-du-festival-du-rire-a-tanajelt\/","title":{"rendered":"Tizi-Ouzou : lancement de la 4\u1d49 \u00e9dition du Festival du rire \u00e0 Tanajelt"},"content":{"rendered":"\n<p>Le coup d\u2019envoi de la 4\u00e8me \u00e9dition du festival du rire a \u00e9t\u00e9 donn\u00e9 jeudi en soir\u00e9e \u00e0 Tanajelt, dans la commune de Ouaguenoun, \u00e0 l\u2019Est de Tizi-Ouzou.<\/p>\n\n\n\n<p>Ce festival qui s\u2019\u00e9talera sur trois jours, du 12 au 14 mars, est organis\u00e9 par l\u2019association culturelle Igran de cette localit\u00e9 en collaboration avec l\u2019Assembl\u00e9e populaire communale (APC) de Ouaguenoun et la direction de la jeunesse et des sports.<\/p>\n\n\n\n<p>Une pl\u00e9iade de com\u00e9diens professionnels ainsi que des troupes \u00e0 l&rsquo;instar d&rsquo;El Fardja prennent part \u00e0 cette 4\u00e8me \u00e9dition de ce festival durant laquelle une vingtaine (20) de spectacles, entre professionnels et amateurs, sont pr\u00e9vus.<\/p>\n\n\n\n<p>\u00ab\u00a0Un concours de blagues pour enfants sera, \u00e9galement, organis\u00e9 durant cette manifestation pour leur inculquer la culture du spectacle, initier et encourager les jeunes talents et les mettre en contact avec des com\u00e9diens professionnels\u00a0\u00bb, a indiqu\u00e9 \u00e0 l\u2019APS, Karim Aoudjit, de l\u2019association organisatrice.<\/p>\n\n\n\n<p>Lanc\u00e9 en 2023, la manifestation ambitionne, selon les organisateurs, \u00e0 \u00ab\u00a0promouvoir l\u2019activit\u00e9 culturelle et permettre l\u2019acc\u00e8s \u00e0 la distraction au sein de la soci\u00e9t\u00e9, et parmi la jeunesse, notamment, dans l\u2019objectif de les pr\u00e9munir contre les fl\u00e9aux sociaux et aussi de l\u2019addiction grandissante aux r\u00e9seaux sociaux\u00a0\u00bb.&nbsp;<\/p>\n","protected":false},"excerpt":{"rendered":"<p>Le coup d\u2019envoi de la 4\u00e8me \u00e9dition du festival du rire a \u00e9t\u00e9 donn\u00e9 jeudi en soir\u00e9e \u00e0 Tanajelt, dans la commune de Ouaguenoun, \u00e0 l\u2019Est de Tizi-Ouzou. Ce festival qui s\u2019\u00e9talera sur trois jours, du 12 au 14 mars, est organis\u00e9 par l\u2019association culturelle Igran de cette localit\u00e9 en collaboration avec l\u2019Assembl\u00e9e populaire communale &hellip;<\/p>\n","protected":false},"author":9,"featured_media":63363,"comment_status":"open","ping_status":"open","sticky":false,"template":"","format":"standard","meta":{"footnotes":""},"categories":[3],"tags":[993],"class_list":["post-63361","post","type-post","status-publish","format-standard","has-post-thumbnail","hentry","category-bs-culture","tag-tizi-ouzou"],"yoast_head":"<!-- This site is optimized with the Yoast SEO Premium plugin v22.6 (Yoast SEO v22.6) - https:\/\/yoast.com\/wordpress\/plugins\/seo\/ -->\n<title>Tizi-Ouzou : lancement de la 4\u1d49 \u00e9dition du Festival du rire \u00e0 Tanajelt - El Mawkie<\/title>\n<meta name=\"robots\" content=\"index, follow, max-snippet:-1, max-image-preview:large, max-video-preview:-1\" \/>\n<link rel=\"canonical\" href=\"https:\/\/elmawkie.dz\/fr\/tizi-ouzou-lancement-de-la-4\u1d49-edition-du-festival-du-rire-a-tanajelt\/\" \/>\n<meta property=\"og:locale\" content=\"fr_FR\" \/>\n<meta property=\"og:type\" content=\"article\" \/>\n<meta property=\"og:title\" content=\"Tizi-Ouzou : lancement de la 4\u1d49 \u00e9dition du Festival du rire \u00e0 Tanajelt\" \/>\n<meta property=\"og:description\" content=\"Le coup d\u2019envoi de la 4\u00e8me \u00e9dition du festival du rire a \u00e9t\u00e9 donn\u00e9 jeudi en soir\u00e9e \u00e0 Tanajelt, dans la commune de Ouaguenoun, \u00e0 l\u2019Est de Tizi-Ouzou. Ce festival qui s\u2019\u00e9talera sur trois jours, du 12 au 14 mars, est organis\u00e9 par l\u2019association culturelle Igran de cette localit\u00e9 en collaboration avec l\u2019Assembl\u00e9e populaire communale &hellip;\" \/>\n<meta property=\"og:url\" content=\"https:\/\/elmawkie.dz\/fr\/tizi-ouzou-lancement-de-la-4\u1d49-edition-du-festival-du-rire-a-tanajelt\/\" \/>\n<meta property=\"og:site_name\" content=\"El Mawkie\" \/>\n<meta property=\"article:publisher\" content=\"https:\/\/www.facebook.com\/profile.php?id=100088407094989&amp;locale=fr_FR\" \/>\n<meta property=\"article:published_time\" content=\"2026-03-13T14:23:42+00:00\" \/>\n<meta property=\"article:modified_time\" content=\"2026-03-13T14:23:44+00:00\" \/>\n<meta property=\"og:image\" content=\"https:\/\/elmawkie.dz\/fr\/wp-content\/uploads\/2026\/03\/1dce2575-7c9f-4c38-bdc3-29be28daf8bc.jpeg\" \/>\n\t<meta property=\"og:image:width\" content=\"1280\" \/>\n\t<meta property=\"og:image:height\" content=\"998\" \/>\n\t<meta property=\"og:image:type\" content=\"image\/jpeg\" \/>\n<meta name=\"author\" content=\"R\u00e9daction\" \/>\n<meta name=\"twitter:card\" content=\"summary_large_image\" \/>\n<meta name=\"twitter:label1\" content=\"Written by\" \/>\n\t<meta name=\"twitter:data1\" content=\"R\u00e9daction\" \/>\n\t<meta name=\"twitter:label2\" content=\"Est. reading time\" \/>\n\t<meta name=\"twitter:data2\" content=\"2 minutes\" \/>\n<script type=\"application\/ld+json\" class=\"yoast-schema-graph\">{\"@context\":\"https:\/\/schema.org\",\"@graph\":[{\"@type\":\"Article\",\"@id\":\"https:\/\/elmawkie.dz\/fr\/tizi-ouzou-lancement-de-la-4%e1%b5%89-edition-du-festival-du-rire-a-tanajelt\/#article\",\"isPartOf\":{\"@id\":\"https:\/\/elmawkie.dz\/fr\/tizi-ouzou-lancement-de-la-4%e1%b5%89-edition-du-festival-du-rire-a-tanajelt\/\"},\"author\":{\"name\":\"R\u00e9daction\",\"@id\":\"https:\/\/elmawkie.dz\/fr\/#\/schema\/person\/e7bd59d6467874ba5c4723d8a9f0a63c\"},\"headline\":\"Tizi-Ouzou : lancement de la 4\u1d49 \u00e9dition du Festival du rire \u00e0 Tanajelt\",\"datePublished\":\"2026-03-13T14:23:42+00:00\",\"dateModified\":\"2026-03-13T14:23:44+00:00\",\"mainEntityOfPage\":{\"@id\":\"https:\/\/elmawkie.dz\/fr\/tizi-ouzou-lancement-de-la-4%e1%b5%89-edition-du-festival-du-rire-a-tanajelt\/\"},\"wordCount\":215,\"commentCount\":0,\"publisher\":{\"@id\":\"https:\/\/elmawkie.dz\/fr\/#organization\"},\"image\":{\"@id\":\"https:\/\/elmawkie.dz\/fr\/tizi-ouzou-lancement-de-la-4%e1%b5%89-edition-du-festival-du-rire-a-tanajelt\/#primaryimage\"},\"thumbnailUrl\":\"https:\/\/elmawkie.dz\/fr\/wp-content\/uploads\/2026\/03\/1dce2575-7c9f-4c38-bdc3-29be28daf8bc.jpeg\",\"keywords\":[\"Tizi-Ouzou\"],\"articleSection\":[\"Culture\"],\"inLanguage\":\"fr-FR\",\"potentialAction\":[{\"@type\":\"CommentAction\",\"name\":\"Comment\",\"target\":[\"https:\/\/elmawkie.dz\/fr\/tizi-ouzou-lancement-de-la-4%e1%b5%89-edition-du-festival-du-rire-a-tanajelt\/#respond\"]}]},{\"@type\":\"WebPage\",\"@id\":\"https:\/\/elmawkie.dz\/fr\/tizi-ouzou-lancement-de-la-4%e1%b5%89-edition-du-festival-du-rire-a-tanajelt\/\",\"url\":\"https:\/\/elmawkie.dz\/fr\/tizi-ouzou-lancement-de-la-4%e1%b5%89-edition-du-festival-du-rire-a-tanajelt\/\",\"name\":\"Tizi-Ouzou : lancement de la 4\u1d49 \u00e9dition du Festival du rire \u00e0 Tanajelt - El Mawkie\",\"isPartOf\":{\"@id\":\"https:\/\/elmawkie.dz\/fr\/#website\"},\"primaryImageOfPage\":{\"@id\":\"https:\/\/elmawkie.dz\/fr\/tizi-ouzou-lancement-de-la-4%e1%b5%89-edition-du-festival-du-rire-a-tanajelt\/#primaryimage\"},\"image\":{\"@id\":\"https:\/\/elmawkie.dz\/fr\/tizi-ouzou-lancement-de-la-4%e1%b5%89-edition-du-festival-du-rire-a-tanajelt\/#primaryimage\"},\"thumbnailUrl\":\"https:\/\/elmawkie.dz\/fr\/wp-content\/uploads\/2026\/03\/1dce2575-7c9f-4c38-bdc3-29be28daf8bc.jpeg\",\"datePublished\":\"2026-03-13T14:23:42+00:00\",\"dateModified\":\"2026-03-13T14:23:44+00:00\",\"breadcrumb\":{\"@id\":\"https:\/\/elmawkie.dz\/fr\/tizi-ouzou-lancement-de-la-4%e1%b5%89-edition-du-festival-du-rire-a-tanajelt\/#breadcrumb\"},\"inLanguage\":\"fr-FR\",\"potentialAction\":[{\"@type\":\"ReadAction\",\"target\":[\"https:\/\/elmawkie.dz\/fr\/tizi-ouzou-lancement-de-la-4%e1%b5%89-edition-du-festival-du-rire-a-tanajelt\/\"]}]},{\"@type\":\"ImageObject\",\"inLanguage\":\"fr-FR\",\"@id\":\"https:\/\/elmawkie.dz\/fr\/tizi-ouzou-lancement-de-la-4%e1%b5%89-edition-du-festival-du-rire-a-tanajelt\/#primaryimage\",\"url\":\"https:\/\/elmawkie.dz\/fr\/wp-content\/uploads\/2026\/03\/1dce2575-7c9f-4c38-bdc3-29be28daf8bc.jpeg\",\"contentUrl\":\"https:\/\/elmawkie.dz\/fr\/wp-content\/uploads\/2026\/03\/1dce2575-7c9f-4c38-bdc3-29be28daf8bc.jpeg\",\"width\":1280,\"height\":998},{\"@type\":\"BreadcrumbList\",\"@id\":\"https:\/\/elmawkie.dz\/fr\/tizi-ouzou-lancement-de-la-4%e1%b5%89-edition-du-festival-du-rire-a-tanajelt\/#breadcrumb\",\"itemListElement\":[{\"@type\":\"ListItem\",\"position\":1,\"name\":\"Home\",\"item\":\"https:\/\/elmawkie.dz\/fr\/\"},{\"@type\":\"ListItem\",\"position\":2,\"name\":\"Tizi-Ouzou : lancement de la 4\u1d49 \u00e9dition du Festival du rire \u00e0 Tanajelt\"}]},{\"@type\":\"WebSite\",\"@id\":\"https:\/\/elmawkie.dz\/fr\/#website\",\"url\":\"https:\/\/elmawkie.dz\/fr\/\",\"name\":\"EL MAWKIE\",\"description\":\"Journal \u00c9lectronique Alg\u00e9rien\",\"publisher\":{\"@id\":\"https:\/\/elmawkie.dz\/fr\/#organization\"},\"potentialAction\":[{\"@type\":\"SearchAction\",\"target\":{\"@type\":\"EntryPoint\",\"urlTemplate\":\"https:\/\/elmawkie.dz\/fr\/?s={search_term_string}\"},\"query-input\":\"required name=search_term_string\"}],\"inLanguage\":\"fr-FR\"},{\"@type\":\"Organization\",\"@id\":\"https:\/\/elmawkie.dz\/fr\/#organization\",\"name\":\"EL MAWKIE\",\"url\":\"https:\/\/elmawkie.dz\/fr\/\",\"logo\":{\"@type\":\"ImageObject\",\"inLanguage\":\"fr-FR\",\"@id\":\"https:\/\/elmawkie.dz\/fr\/#\/schema\/logo\/image\/\",\"url\":\"https:\/\/elmawkie.dz\/fr\/wp-content\/uploads\/2024\/05\/logo1.png\",\"contentUrl\":\"https:\/\/elmawkie.dz\/fr\/wp-content\/uploads\/2024\/05\/logo1.png\",\"width\":1648,\"height\":652,\"caption\":\"EL MAWKIE\"},\"image\":{\"@id\":\"https:\/\/elmawkie.dz\/fr\/#\/schema\/logo\/image\/\"},\"sameAs\":[\"https:\/\/www.facebook.com\/profile.php?id=100088407094989&locale=fr_FR\"]},{\"@type\":\"Person\",\"@id\":\"https:\/\/elmawkie.dz\/fr\/#\/schema\/person\/e7bd59d6467874ba5c4723d8a9f0a63c\",\"name\":\"R\u00e9daction\",\"image\":{\"@type\":\"ImageObject\",\"inLanguage\":\"fr-FR\",\"@id\":\"https:\/\/elmawkie.dz\/fr\/#\/schema\/person\/image\/\",\"url\":\"https:\/\/secure.gravatar.com\/avatar\/f0f773456344da4d2788c054a3d30a0c?s=96&d=mm&r=g\",\"contentUrl\":\"https:\/\/secure.gravatar.com\/avatar\/f0f773456344da4d2788c054a3d30a0c?s=96&d=mm&r=g\",\"caption\":\"R\u00e9daction\"},\"url\":\"https:\/\/elmawkie.dz\/fr\/author\/redaction\/\"}]}<\/script>\n<!-- \/ Yoast SEO Premium plugin. -->","yoast_head_json":{"title":"Tizi-Ouzou : lancement de la 4\u1d49 \u00e9dition du Festival du rire \u00e0 Tanajelt - El Mawkie","robots":{"index":"index","follow":"follow","max-snippet":"max-snippet:-1","max-image-preview":"max-image-preview:large","max-video-preview":"max-video-preview:-1"},"canonical":"https:\/\/elmawkie.dz\/fr\/tizi-ouzou-lancement-de-la-4\u1d49-edition-du-festival-du-rire-a-tanajelt\/","og_locale":"fr_FR","og_type":"article","og_title":"Tizi-Ouzou : lancement de la 4\u1d49 \u00e9dition du Festival du rire \u00e0 Tanajelt","og_description":"Le coup d\u2019envoi de la 4\u00e8me \u00e9dition du festival du rire a \u00e9t\u00e9 donn\u00e9 jeudi en soir\u00e9e \u00e0 Tanajelt, dans la commune de Ouaguenoun, \u00e0 l\u2019Est de Tizi-Ouzou. Ce festival qui s\u2019\u00e9talera sur trois jours, du 12 au 14 mars, est organis\u00e9 par l\u2019association culturelle Igran de cette localit\u00e9 en collaboration avec l\u2019Assembl\u00e9e populaire communale &hellip;","og_url":"https:\/\/elmawkie.dz\/fr\/tizi-ouzou-lancement-de-la-4\u1d49-edition-du-festival-du-rire-a-tanajelt\/","og_site_name":"El Mawkie","article_publisher":"https:\/\/www.facebook.com\/profile.php?id=100088407094989&locale=fr_FR","article_published_time":"2026-03-13T14:23:42+00:00","article_modified_time":"2026-03-13T14:23:44+00:00","og_image":[{"width":1280,"height":998,"url":"https:\/\/elmawkie.dz\/fr\/wp-content\/uploads\/2026\/03\/1dce2575-7c9f-4c38-bdc3-29be28daf8bc.jpeg","type":"image\/jpeg"}],"author":"R\u00e9daction","twitter_card":"summary_large_image","twitter_misc":{"Written by":"R\u00e9daction","Est. reading time":"2 minutes"},"schema":{"@context":"https:\/\/schema.org","@graph":[{"@type":"Article","@id":"https:\/\/elmawkie.dz\/fr\/tizi-ouzou-lancement-de-la-4%e1%b5%89-edition-du-festival-du-rire-a-tanajelt\/#article","isPartOf":{"@id":"https:\/\/elmawkie.dz\/fr\/tizi-ouzou-lancement-de-la-4%e1%b5%89-edition-du-festival-du-rire-a-tanajelt\/"},"author":{"name":"R\u00e9daction","@id":"https:\/\/elmawkie.dz\/fr\/#\/schema\/person\/e7bd59d6467874ba5c4723d8a9f0a63c"},"headline":"Tizi-Ouzou : lancement de la 4\u1d49 \u00e9dition du Festival du rire \u00e0 Tanajelt","datePublished":"2026-03-13T14:23:42+00:00","dateModified":"2026-03-13T14:23:44+00:00","mainEntityOfPage":{"@id":"https:\/\/elmawkie.dz\/fr\/tizi-ouzou-lancement-de-la-4%e1%b5%89-edition-du-festival-du-rire-a-tanajelt\/"},"wordCount":215,"commentCount":0,"publisher":{"@id":"https:\/\/elmawkie.dz\/fr\/#organization"},"image":{"@id":"https:\/\/elmawkie.dz\/fr\/tizi-ouzou-lancement-de-la-4%e1%b5%89-edition-du-festival-du-rire-a-tanajelt\/#primaryimage"},"thumbnailUrl":"https:\/\/elmawkie.dz\/fr\/wp-content\/uploads\/2026\/03\/1dce2575-7c9f-4c38-bdc3-29be28daf8bc.jpeg","keywords":["Tizi-Ouzou"],"articleSection":["Culture"],"inLanguage":"fr-FR","potentialAction":[{"@type":"CommentAction","name":"Comment","target":["https:\/\/elmawkie.dz\/fr\/tizi-ouzou-lancement-de-la-4%e1%b5%89-edition-du-festival-du-rire-a-tanajelt\/#respond"]}]},{"@type":"WebPage","@id":"https:\/\/elmawkie.dz\/fr\/tizi-ouzou-lancement-de-la-4%e1%b5%89-edition-du-festival-du-rire-a-tanajelt\/","url":"https:\/\/elmawkie.dz\/fr\/tizi-ouzou-lancement-de-la-4%e1%b5%89-edition-du-festival-du-rire-a-tanajelt\/","name":"Tizi-Ouzou : lancement de la 4\u1d49 \u00e9dition du Festival du rire \u00e0 Tanajelt - El Mawkie","isPartOf":{"@id":"https:\/\/elmawkie.dz\/fr\/#website"},"primaryImageOfPage":{"@id":"https:\/\/elmawkie.dz\/fr\/tizi-ouzou-lancement-de-la-4%e1%b5%89-edition-du-festival-du-rire-a-tanajelt\/#primaryimage"},"image":{"@id":"https:\/\/elmawkie.dz\/fr\/tizi-ouzou-lancement-de-la-4%e1%b5%89-edition-du-festival-du-rire-a-tanajelt\/#primaryimage"},"thumbnailUrl":"https:\/\/elmawkie.dz\/fr\/wp-content\/uploads\/2026\/03\/1dce2575-7c9f-4c38-bdc3-29be28daf8bc.jpeg","datePublished":"2026-03-13T14:23:42+00:00","dateModified":"2026-03-13T14:23:44+00:00","breadcrumb":{"@id":"https:\/\/elmawkie.dz\/fr\/tizi-ouzou-lancement-de-la-4%e1%b5%89-edition-du-festival-du-rire-a-tanajelt\/#breadcrumb"},"inLanguage":"fr-FR","potentialAction":[{"@type":"ReadAction","target":["https:\/\/elmawkie.dz\/fr\/tizi-ouzou-lancement-de-la-4%e1%b5%89-edition-du-festival-du-rire-a-tanajelt\/"]}]},{"@type":"ImageObject","inLanguage":"fr-FR","@id":"https:\/\/elmawkie.dz\/fr\/tizi-ouzou-lancement-de-la-4%e1%b5%89-edition-du-festival-du-rire-a-tanajelt\/#primaryimage","url":"https:\/\/elmawkie.dz\/fr\/wp-content\/uploads\/2026\/03\/1dce2575-7c9f-4c38-bdc3-29be28daf8bc.jpeg","contentUrl":"https:\/\/elmawkie.dz\/fr\/wp-content\/uploads\/2026\/03\/1dce2575-7c9f-4c38-bdc3-29be28daf8bc.jpeg","width":1280,"height":998},{"@type":"BreadcrumbList","@id":"https:\/\/elmawkie.dz\/fr\/tizi-ouzou-lancement-de-la-4%e1%b5%89-edition-du-festival-du-rire-a-tanajelt\/#breadcrumb","itemListElement":[{"@type":"ListItem","position":1,"name":"Home","item":"https:\/\/elmawkie.dz\/fr\/"},{"@type":"ListItem","position":2,"name":"Tizi-Ouzou : lancement de la 4\u1d49 \u00e9dition du Festival du rire \u00e0 Tanajelt"}]},{"@type":"WebSite","@id":"https:\/\/elmawkie.dz\/fr\/#website","url":"https:\/\/elmawkie.dz\/fr\/","name":"EL MAWKIE","description":"Journal \u00c9lectronique Alg\u00e9rien","publisher":{"@id":"https:\/\/elmawkie.dz\/fr\/#organization"},"potentialAction":[{"@type":"SearchAction","target":{"@type":"EntryPoint","urlTemplate":"https:\/\/elmawkie.dz\/fr\/?s={search_term_string}"},"query-input":"required name=search_term_string"}],"inLanguage":"fr-FR"},{"@type":"Organization","@id":"https:\/\/elmawkie.dz\/fr\/#organization","name":"EL MAWKIE","url":"https:\/\/elmawkie.dz\/fr\/","logo":{"@type":"ImageObject","inLanguage":"fr-FR","@id":"https:\/\/elmawkie.dz\/fr\/#\/schema\/logo\/image\/","url":"https:\/\/elmawkie.dz\/fr\/wp-content\/uploads\/2024\/05\/logo1.png","contentUrl":"https:\/\/elmawkie.dz\/fr\/wp-content\/uploads\/2024\/05\/logo1.png","width":1648,"height":652,"caption":"EL MAWKIE"},"image":{"@id":"https:\/\/elmawkie.dz\/fr\/#\/schema\/logo\/image\/"},"sameAs":["https:\/\/www.facebook.com\/profile.php?id=100088407094989&locale=fr_FR"]},{"@type":"Person","@id":"https:\/\/elmawkie.dz\/fr\/#\/schema\/person\/e7bd59d6467874ba5c4723d8a9f0a63c","name":"R\u00e9daction","image":{"@type":"ImageObject","inLanguage":"fr-FR","@id":"https:\/\/elmawkie.dz\/fr\/#\/schema\/person\/image\/","url":"https:\/\/secure.gravatar.com\/avatar\/f0f773456344da4d2788c054a3d30a0c?s=96&d=mm&r=g","contentUrl":"https:\/\/secure.gravatar.com\/avatar\/f0f773456344da4d2788c054a3d30a0c?s=96&d=mm&r=g","caption":"R\u00e9daction"},"url":"https:\/\/elmawkie.dz\/fr\/author\/redaction\/"}]}},"_links":{"self":[{"href":"https:\/\/elmawkie.dz\/fr\/wp-json\/wp\/v2\/posts\/63361","targetHints":{"allow":["GET"]}}],"collection":[{"href":"https:\/\/elmawkie.dz\/fr\/wp-json\/wp\/v2\/posts"}],"about":[{"href":"https:\/\/elmawkie.dz\/fr\/wp-json\/wp\/v2\/types\/post"}],"author":[{"embeddable":true,"href":"https:\/\/elmawkie.dz\/fr\/wp-json\/wp\/v2\/users\/9"}],"replies":[{"embeddable":true,"href":"https:\/\/elmawkie.dz\/fr\/wp-json\/wp\/v2\/comments?post=63361"}],"version-history":[{"count":1,"href":"https:\/\/elmawkie.dz\/fr\/wp-json\/wp\/v2\/posts\/63361\/revisions"}],"predecessor-version":[{"id":63364,"href":"https:\/\/elmawkie.dz\/fr\/wp-json\/wp\/v2\/posts\/63361\/revisions\/63364"}],"wp:featuredmedia":[{"embeddable":true,"href":"https:\/\/elmawkie.dz\/fr\/wp-json\/wp\/v2\/media\/63363"}],"wp:attachment":[{"href":"https:\/\/elmawkie.dz\/fr\/wp-json\/wp\/v2\/media?parent=63361"}],"wp:term":[{"taxonomy":"category","embeddable":true,"href":"https:\/\/elmawkie.dz\/fr\/wp-json\/wp\/v2\/categories?post=63361"},{"taxonomy":"post_tag","embeddable":true,"href":"https:\/\/elmawkie.dz\/fr\/wp-json\/wp\/v2\/tags?post=63361"}],"curies":[{"name":"wp","href":"https:\/\/api.w.org\/{rel}","templated":true}]}}