{"id":63357,"date":"2026-03-13T15:13:20","date_gmt":"2026-03-13T14:13:20","guid":{"rendered":"https:\/\/elmawkie.dz\/fr\/?p=63357"},"modified":"2026-03-13T15:13:22","modified_gmt":"2026-03-13T14:13:22","slug":"cisjordanie-occupee-cinq-palestiniens-arretes-par-les-forces-de-loccupation-sioniste","status":"publish","type":"post","link":"https:\/\/elmawkie.dz\/fr\/cisjordanie-occupee-cinq-palestiniens-arretes-par-les-forces-de-loccupation-sioniste\/","title":{"rendered":"Cisjordanie occup\u00e9e : cinq Palestiniens arr\u00eat\u00e9s par les forces de l&rsquo;occupation sioniste"},"content":{"rendered":"\n<p>Les forces de l&rsquo;occupation sioniste ont arr\u00eat\u00e9 cinq Palestiniens lors de raids men\u00e9s vendredi \u00e0 l&rsquo;aube dans plusieurs zones de la Cisjordanie occup\u00e9e, selon des sources locales et s\u00e9curitaires.<\/p>\n\n\n\n<p>A Naplouse, les forces sionistes ont pris d&rsquo;assaut la zone est de la ville, o\u00f9 elles ont arr\u00eat\u00e9 un ancien d\u00e9tenu, apr\u00e8s avoir perquisitionn\u00e9 son domicile dans le quartier d&rsquo;al-Dahiya et confisqu\u00e9 son v\u00e9hicule. Les forces de l&rsquo;occupation ont \u00e9galement fait irruption dans le camp de r\u00e9fugi\u00e9s d&rsquo;Askar al-Qadim, \u00e0 l&rsquo;est de Naplouse, o\u00f9 elles ont fouill\u00e9 plusieurs habitations et arr\u00eat\u00e9 deux jeunes hommes.<\/p>\n\n\n\n<p>Dans un raid distinct dans la ville de Tubas, dans le nord de la Cisjordanie, les forces sionistes ont arr\u00eat\u00e9 deux fr\u00e8res palestiniens apr\u00e8s avoir perquisitionn\u00e9 le domicile familial. Selon Kamal Bani Odeh, directeur du Club des prisonniers palestiniens \u00e0 Tubas, cette arrestation visait \u00e0 \u00ab\u00a0faire pression sur leur fr\u00e8re afin qu&rsquo;il se rende aux autorit\u00e9s d&rsquo;occupation\u00a0\u00bb.<\/p>\n\n\n\n<p>Par ailleurs, les forces sionistes ont \u00e9galement men\u00e9 une incursion dans la ville de Qalqilya. Les soldats ont patrouill\u00e9 dans plusieurs rues, dont le march\u00e9 et la rue Naplouse, lanc\u00e9 des grenades assourdissantes et perquisitionn\u00e9 le domicile d&rsquo;un habitant.<\/p>\n\n\n\n<p>Les villes, localit\u00e9s et camps de r\u00e9fugi\u00e9s de la Cisjordanie et d&rsquo;El-Qods occup\u00e9es connaissent quotidiennement des incursions \u00e0 grande \u00e9chelle men\u00e9es par les forces de l&rsquo;occupation sioniste, accompagn\u00e9es de vagues d&rsquo;arrestations et d&rsquo;actes de violence d\u00e9lib\u00e9r\u00e9s, incluant l&rsquo;usage de balles r\u00e9elles ainsi que de gaz lacrymog\u00e8nes et toxiques contre les civils.<\/p>\n","protected":false},"excerpt":{"rendered":"<p>Les forces de l&rsquo;occupation sioniste ont arr\u00eat\u00e9 cinq Palestiniens lors de raids men\u00e9s vendredi \u00e0 l&rsquo;aube dans plusieurs zones de la Cisjordanie occup\u00e9e, selon des sources locales et s\u00e9curitaires. A Naplouse, les forces sionistes ont pris d&rsquo;assaut la zone est de la ville, o\u00f9 elles ont arr\u00eat\u00e9 un ancien d\u00e9tenu, apr\u00e8s avoir perquisitionn\u00e9 son domicile &hellip;<\/p>\n","protected":false},"author":9,"featured_media":63359,"comment_status":"open","ping_status":"open","sticky":false,"template":"","format":"standard","meta":{"footnotes":""},"categories":[44],"tags":[2268],"class_list":["post-63357","post","type-post","status-publish","format-standard","has-post-thumbnail","hentry","category-international","tag-cisjordanie-occupee"],"yoast_head":"<!-- This site is optimized with the Yoast SEO Premium plugin v22.6 (Yoast SEO v22.6) - https:\/\/yoast.com\/wordpress\/plugins\/seo\/ -->\n<title>Cisjordanie occup\u00e9e : cinq Palestiniens arr\u00eat\u00e9s par les forces de l&#039;occupation sioniste - El Mawkie<\/title>\n<meta name=\"robots\" content=\"index, follow, max-snippet:-1, max-image-preview:large, max-video-preview:-1\" \/>\n<link rel=\"canonical\" href=\"https:\/\/elmawkie.dz\/fr\/cisjordanie-occupee-cinq-palestiniens-arretes-par-les-forces-de-loccupation-sioniste\/\" \/>\n<meta property=\"og:locale\" content=\"fr_FR\" \/>\n<meta property=\"og:type\" content=\"article\" \/>\n<meta property=\"og:title\" content=\"Cisjordanie occup\u00e9e : cinq Palestiniens arr\u00eat\u00e9s par les forces de l&#039;occupation sioniste\" \/>\n<meta property=\"og:description\" content=\"Les forces de l&rsquo;occupation sioniste ont arr\u00eat\u00e9 cinq Palestiniens lors de raids men\u00e9s vendredi \u00e0 l&rsquo;aube dans plusieurs zones de la Cisjordanie occup\u00e9e, selon des sources locales et s\u00e9curitaires. A Naplouse, les forces sionistes ont pris d&rsquo;assaut la zone est de la ville, o\u00f9 elles ont arr\u00eat\u00e9 un ancien d\u00e9tenu, apr\u00e8s avoir perquisitionn\u00e9 son domicile &hellip;\" \/>\n<meta property=\"og:url\" content=\"https:\/\/elmawkie.dz\/fr\/cisjordanie-occupee-cinq-palestiniens-arretes-par-les-forces-de-loccupation-sioniste\/\" \/>\n<meta property=\"og:site_name\" content=\"El Mawkie\" \/>\n<meta property=\"article:publisher\" content=\"https:\/\/www.facebook.com\/profile.php?id=100088407094989&amp;locale=fr_FR\" \/>\n<meta property=\"article:published_time\" content=\"2026-03-13T14:13:20+00:00\" \/>\n<meta property=\"article:modified_time\" content=\"2026-03-13T14:13:22+00:00\" \/>\n<meta property=\"og:image\" content=\"https:\/\/elmawkie.dz\/fr\/wp-content\/uploads\/2026\/03\/IMG_2466.jpeg\" \/>\n\t<meta property=\"og:image:width\" content=\"588\" \/>\n\t<meta property=\"og:image:height\" content=\"441\" \/>\n\t<meta property=\"og:image:type\" content=\"image\/jpeg\" \/>\n<meta name=\"author\" content=\"R\u00e9daction\" \/>\n<meta name=\"twitter:card\" content=\"summary_large_image\" \/>\n<meta name=\"twitter:label1\" content=\"Written by\" \/>\n\t<meta name=\"twitter:data1\" content=\"R\u00e9daction\" \/>\n\t<meta name=\"twitter:label2\" content=\"Est. reading time\" \/>\n\t<meta name=\"twitter:data2\" content=\"2 minutes\" \/>\n<script type=\"application\/ld+json\" class=\"yoast-schema-graph\">{\"@context\":\"https:\/\/schema.org\",\"@graph\":[{\"@type\":\"Article\",\"@id\":\"https:\/\/elmawkie.dz\/fr\/cisjordanie-occupee-cinq-palestiniens-arretes-par-les-forces-de-loccupation-sioniste\/#article\",\"isPartOf\":{\"@id\":\"https:\/\/elmawkie.dz\/fr\/cisjordanie-occupee-cinq-palestiniens-arretes-par-les-forces-de-loccupation-sioniste\/\"},\"author\":{\"name\":\"R\u00e9daction\",\"@id\":\"https:\/\/elmawkie.dz\/fr\/#\/schema\/person\/e7bd59d6467874ba5c4723d8a9f0a63c\"},\"headline\":\"Cisjordanie occup\u00e9e : cinq Palestiniens arr\u00eat\u00e9s par les forces de l&rsquo;occupation sioniste\",\"datePublished\":\"2026-03-13T14:13:20+00:00\",\"dateModified\":\"2026-03-13T14:13:22+00:00\",\"mainEntityOfPage\":{\"@id\":\"https:\/\/elmawkie.dz\/fr\/cisjordanie-occupee-cinq-palestiniens-arretes-par-les-forces-de-loccupation-sioniste\/\"},\"wordCount\":292,\"commentCount\":0,\"publisher\":{\"@id\":\"https:\/\/elmawkie.dz\/fr\/#organization\"},\"image\":{\"@id\":\"https:\/\/elmawkie.dz\/fr\/cisjordanie-occupee-cinq-palestiniens-arretes-par-les-forces-de-loccupation-sioniste\/#primaryimage\"},\"thumbnailUrl\":\"https:\/\/elmawkie.dz\/fr\/wp-content\/uploads\/2026\/03\/IMG_2466.jpeg\",\"keywords\":[\"Cisjordanie occup\u00e9e\"],\"articleSection\":[\"International\"],\"inLanguage\":\"fr-FR\",\"potentialAction\":[{\"@type\":\"CommentAction\",\"name\":\"Comment\",\"target\":[\"https:\/\/elmawkie.dz\/fr\/cisjordanie-occupee-cinq-palestiniens-arretes-par-les-forces-de-loccupation-sioniste\/#respond\"]}]},{\"@type\":\"WebPage\",\"@id\":\"https:\/\/elmawkie.dz\/fr\/cisjordanie-occupee-cinq-palestiniens-arretes-par-les-forces-de-loccupation-sioniste\/\",\"url\":\"https:\/\/elmawkie.dz\/fr\/cisjordanie-occupee-cinq-palestiniens-arretes-par-les-forces-de-loccupation-sioniste\/\",\"name\":\"Cisjordanie occup\u00e9e : cinq Palestiniens arr\u00eat\u00e9s par les forces de l'occupation sioniste - El Mawkie\",\"isPartOf\":{\"@id\":\"https:\/\/elmawkie.dz\/fr\/#website\"},\"primaryImageOfPage\":{\"@id\":\"https:\/\/elmawkie.dz\/fr\/cisjordanie-occupee-cinq-palestiniens-arretes-par-les-forces-de-loccupation-sioniste\/#primaryimage\"},\"image\":{\"@id\":\"https:\/\/elmawkie.dz\/fr\/cisjordanie-occupee-cinq-palestiniens-arretes-par-les-forces-de-loccupation-sioniste\/#primaryimage\"},\"thumbnailUrl\":\"https:\/\/elmawkie.dz\/fr\/wp-content\/uploads\/2026\/03\/IMG_2466.jpeg\",\"datePublished\":\"2026-03-13T14:13:20+00:00\",\"dateModified\":\"2026-03-13T14:13:22+00:00\",\"breadcrumb\":{\"@id\":\"https:\/\/elmawkie.dz\/fr\/cisjordanie-occupee-cinq-palestiniens-arretes-par-les-forces-de-loccupation-sioniste\/#breadcrumb\"},\"inLanguage\":\"fr-FR\",\"potentialAction\":[{\"@type\":\"ReadAction\",\"target\":[\"https:\/\/elmawkie.dz\/fr\/cisjordanie-occupee-cinq-palestiniens-arretes-par-les-forces-de-loccupation-sioniste\/\"]}]},{\"@type\":\"ImageObject\",\"inLanguage\":\"fr-FR\",\"@id\":\"https:\/\/elmawkie.dz\/fr\/cisjordanie-occupee-cinq-palestiniens-arretes-par-les-forces-de-loccupation-sioniste\/#primaryimage\",\"url\":\"https:\/\/elmawkie.dz\/fr\/wp-content\/uploads\/2026\/03\/IMG_2466.jpeg\",\"contentUrl\":\"https:\/\/elmawkie.dz\/fr\/wp-content\/uploads\/2026\/03\/IMG_2466.jpeg\",\"width\":588,\"height\":441},{\"@type\":\"BreadcrumbList\",\"@id\":\"https:\/\/elmawkie.dz\/fr\/cisjordanie-occupee-cinq-palestiniens-arretes-par-les-forces-de-loccupation-sioniste\/#breadcrumb\",\"itemListElement\":[{\"@type\":\"ListItem\",\"position\":1,\"name\":\"Home\",\"item\":\"https:\/\/elmawkie.dz\/fr\/\"},{\"@type\":\"ListItem\",\"position\":2,\"name\":\"Cisjordanie occup\u00e9e : cinq Palestiniens arr\u00eat\u00e9s par les forces de l&rsquo;occupation sioniste\"}]},{\"@type\":\"WebSite\",\"@id\":\"https:\/\/elmawkie.dz\/fr\/#website\",\"url\":\"https:\/\/elmawkie.dz\/fr\/\",\"name\":\"EL MAWKIE\",\"description\":\"Journal \u00c9lectronique Alg\u00e9rien\",\"publisher\":{\"@id\":\"https:\/\/elmawkie.dz\/fr\/#organization\"},\"potentialAction\":[{\"@type\":\"SearchAction\",\"target\":{\"@type\":\"EntryPoint\",\"urlTemplate\":\"https:\/\/elmawkie.dz\/fr\/?s={search_term_string}\"},\"query-input\":\"required name=search_term_string\"}],\"inLanguage\":\"fr-FR\"},{\"@type\":\"Organization\",\"@id\":\"https:\/\/elmawkie.dz\/fr\/#organization\",\"name\":\"EL MAWKIE\",\"url\":\"https:\/\/elmawkie.dz\/fr\/\",\"logo\":{\"@type\":\"ImageObject\",\"inLanguage\":\"fr-FR\",\"@id\":\"https:\/\/elmawkie.dz\/fr\/#\/schema\/logo\/image\/\",\"url\":\"https:\/\/elmawkie.dz\/fr\/wp-content\/uploads\/2024\/05\/logo1.png\",\"contentUrl\":\"https:\/\/elmawkie.dz\/fr\/wp-content\/uploads\/2024\/05\/logo1.png\",\"width\":1648,\"height\":652,\"caption\":\"EL MAWKIE\"},\"image\":{\"@id\":\"https:\/\/elmawkie.dz\/fr\/#\/schema\/logo\/image\/\"},\"sameAs\":[\"https:\/\/www.facebook.com\/profile.php?id=100088407094989&locale=fr_FR\"]},{\"@type\":\"Person\",\"@id\":\"https:\/\/elmawkie.dz\/fr\/#\/schema\/person\/e7bd59d6467874ba5c4723d8a9f0a63c\",\"name\":\"R\u00e9daction\",\"image\":{\"@type\":\"ImageObject\",\"inLanguage\":\"fr-FR\",\"@id\":\"https:\/\/elmawkie.dz\/fr\/#\/schema\/person\/image\/\",\"url\":\"https:\/\/secure.gravatar.com\/avatar\/f0f773456344da4d2788c054a3d30a0c?s=96&d=mm&r=g\",\"contentUrl\":\"https:\/\/secure.gravatar.com\/avatar\/f0f773456344da4d2788c054a3d30a0c?s=96&d=mm&r=g\",\"caption\":\"R\u00e9daction\"},\"url\":\"https:\/\/elmawkie.dz\/fr\/author\/redaction\/\"}]}<\/script>\n<!-- \/ Yoast SEO Premium plugin. -->","yoast_head_json":{"title":"Cisjordanie occup\u00e9e : cinq Palestiniens arr\u00eat\u00e9s par les forces de l'occupation sioniste - El Mawkie","robots":{"index":"index","follow":"follow","max-snippet":"max-snippet:-1","max-image-preview":"max-image-preview:large","max-video-preview":"max-video-preview:-1"},"canonical":"https:\/\/elmawkie.dz\/fr\/cisjordanie-occupee-cinq-palestiniens-arretes-par-les-forces-de-loccupation-sioniste\/","og_locale":"fr_FR","og_type":"article","og_title":"Cisjordanie occup\u00e9e : cinq Palestiniens arr\u00eat\u00e9s par les forces de l'occupation sioniste","og_description":"Les forces de l&rsquo;occupation sioniste ont arr\u00eat\u00e9 cinq Palestiniens lors de raids men\u00e9s vendredi \u00e0 l&rsquo;aube dans plusieurs zones de la Cisjordanie occup\u00e9e, selon des sources locales et s\u00e9curitaires. A Naplouse, les forces sionistes ont pris d&rsquo;assaut la zone est de la ville, o\u00f9 elles ont arr\u00eat\u00e9 un ancien d\u00e9tenu, apr\u00e8s avoir perquisitionn\u00e9 son domicile &hellip;","og_url":"https:\/\/elmawkie.dz\/fr\/cisjordanie-occupee-cinq-palestiniens-arretes-par-les-forces-de-loccupation-sioniste\/","og_site_name":"El Mawkie","article_publisher":"https:\/\/www.facebook.com\/profile.php?id=100088407094989&locale=fr_FR","article_published_time":"2026-03-13T14:13:20+00:00","article_modified_time":"2026-03-13T14:13:22+00:00","og_image":[{"width":588,"height":441,"url":"https:\/\/elmawkie.dz\/fr\/wp-content\/uploads\/2026\/03\/IMG_2466.jpeg","type":"image\/jpeg"}],"author":"R\u00e9daction","twitter_card":"summary_large_image","twitter_misc":{"Written by":"R\u00e9daction","Est. reading time":"2 minutes"},"schema":{"@context":"https:\/\/schema.org","@graph":[{"@type":"Article","@id":"https:\/\/elmawkie.dz\/fr\/cisjordanie-occupee-cinq-palestiniens-arretes-par-les-forces-de-loccupation-sioniste\/#article","isPartOf":{"@id":"https:\/\/elmawkie.dz\/fr\/cisjordanie-occupee-cinq-palestiniens-arretes-par-les-forces-de-loccupation-sioniste\/"},"author":{"name":"R\u00e9daction","@id":"https:\/\/elmawkie.dz\/fr\/#\/schema\/person\/e7bd59d6467874ba5c4723d8a9f0a63c"},"headline":"Cisjordanie occup\u00e9e : cinq Palestiniens arr\u00eat\u00e9s par les forces de l&rsquo;occupation sioniste","datePublished":"2026-03-13T14:13:20+00:00","dateModified":"2026-03-13T14:13:22+00:00","mainEntityOfPage":{"@id":"https:\/\/elmawkie.dz\/fr\/cisjordanie-occupee-cinq-palestiniens-arretes-par-les-forces-de-loccupation-sioniste\/"},"wordCount":292,"commentCount":0,"publisher":{"@id":"https:\/\/elmawkie.dz\/fr\/#organization"},"image":{"@id":"https:\/\/elmawkie.dz\/fr\/cisjordanie-occupee-cinq-palestiniens-arretes-par-les-forces-de-loccupation-sioniste\/#primaryimage"},"thumbnailUrl":"https:\/\/elmawkie.dz\/fr\/wp-content\/uploads\/2026\/03\/IMG_2466.jpeg","keywords":["Cisjordanie occup\u00e9e"],"articleSection":["International"],"inLanguage":"fr-FR","potentialAction":[{"@type":"CommentAction","name":"Comment","target":["https:\/\/elmawkie.dz\/fr\/cisjordanie-occupee-cinq-palestiniens-arretes-par-les-forces-de-loccupation-sioniste\/#respond"]}]},{"@type":"WebPage","@id":"https:\/\/elmawkie.dz\/fr\/cisjordanie-occupee-cinq-palestiniens-arretes-par-les-forces-de-loccupation-sioniste\/","url":"https:\/\/elmawkie.dz\/fr\/cisjordanie-occupee-cinq-palestiniens-arretes-par-les-forces-de-loccupation-sioniste\/","name":"Cisjordanie occup\u00e9e : cinq Palestiniens arr\u00eat\u00e9s par les forces de l'occupation sioniste - El Mawkie","isPartOf":{"@id":"https:\/\/elmawkie.dz\/fr\/#website"},"primaryImageOfPage":{"@id":"https:\/\/elmawkie.dz\/fr\/cisjordanie-occupee-cinq-palestiniens-arretes-par-les-forces-de-loccupation-sioniste\/#primaryimage"},"image":{"@id":"https:\/\/elmawkie.dz\/fr\/cisjordanie-occupee-cinq-palestiniens-arretes-par-les-forces-de-loccupation-sioniste\/#primaryimage"},"thumbnailUrl":"https:\/\/elmawkie.dz\/fr\/wp-content\/uploads\/2026\/03\/IMG_2466.jpeg","datePublished":"2026-03-13T14:13:20+00:00","dateModified":"2026-03-13T14:13:22+00:00","breadcrumb":{"@id":"https:\/\/elmawkie.dz\/fr\/cisjordanie-occupee-cinq-palestiniens-arretes-par-les-forces-de-loccupation-sioniste\/#breadcrumb"},"inLanguage":"fr-FR","potentialAction":[{"@type":"ReadAction","target":["https:\/\/elmawkie.dz\/fr\/cisjordanie-occupee-cinq-palestiniens-arretes-par-les-forces-de-loccupation-sioniste\/"]}]},{"@type":"ImageObject","inLanguage":"fr-FR","@id":"https:\/\/elmawkie.dz\/fr\/cisjordanie-occupee-cinq-palestiniens-arretes-par-les-forces-de-loccupation-sioniste\/#primaryimage","url":"https:\/\/elmawkie.dz\/fr\/wp-content\/uploads\/2026\/03\/IMG_2466.jpeg","contentUrl":"https:\/\/elmawkie.dz\/fr\/wp-content\/uploads\/2026\/03\/IMG_2466.jpeg","width":588,"height":441},{"@type":"BreadcrumbList","@id":"https:\/\/elmawkie.dz\/fr\/cisjordanie-occupee-cinq-palestiniens-arretes-par-les-forces-de-loccupation-sioniste\/#breadcrumb","itemListElement":[{"@type":"ListItem","position":1,"name":"Home","item":"https:\/\/elmawkie.dz\/fr\/"},{"@type":"ListItem","position":2,"name":"Cisjordanie occup\u00e9e : cinq Palestiniens arr\u00eat\u00e9s par les forces de l&rsquo;occupation sioniste"}]},{"@type":"WebSite","@id":"https:\/\/elmawkie.dz\/fr\/#website","url":"https:\/\/elmawkie.dz\/fr\/","name":"EL MAWKIE","description":"Journal \u00c9lectronique Alg\u00e9rien","publisher":{"@id":"https:\/\/elmawkie.dz\/fr\/#organization"},"potentialAction":[{"@type":"SearchAction","target":{"@type":"EntryPoint","urlTemplate":"https:\/\/elmawkie.dz\/fr\/?s={search_term_string}"},"query-input":"required name=search_term_string"}],"inLanguage":"fr-FR"},{"@type":"Organization","@id":"https:\/\/elmawkie.dz\/fr\/#organization","name":"EL MAWKIE","url":"https:\/\/elmawkie.dz\/fr\/","logo":{"@type":"ImageObject","inLanguage":"fr-FR","@id":"https:\/\/elmawkie.dz\/fr\/#\/schema\/logo\/image\/","url":"https:\/\/elmawkie.dz\/fr\/wp-content\/uploads\/2024\/05\/logo1.png","contentUrl":"https:\/\/elmawkie.dz\/fr\/wp-content\/uploads\/2024\/05\/logo1.png","width":1648,"height":652,"caption":"EL MAWKIE"},"image":{"@id":"https:\/\/elmawkie.dz\/fr\/#\/schema\/logo\/image\/"},"sameAs":["https:\/\/www.facebook.com\/profile.php?id=100088407094989&locale=fr_FR"]},{"@type":"Person","@id":"https:\/\/elmawkie.dz\/fr\/#\/schema\/person\/e7bd59d6467874ba5c4723d8a9f0a63c","name":"R\u00e9daction","image":{"@type":"ImageObject","inLanguage":"fr-FR","@id":"https:\/\/elmawkie.dz\/fr\/#\/schema\/person\/image\/","url":"https:\/\/secure.gravatar.com\/avatar\/f0f773456344da4d2788c054a3d30a0c?s=96&d=mm&r=g","contentUrl":"https:\/\/secure.gravatar.com\/avatar\/f0f773456344da4d2788c054a3d30a0c?s=96&d=mm&r=g","caption":"R\u00e9daction"},"url":"https:\/\/elmawkie.dz\/fr\/author\/redaction\/"}]}},"_links":{"self":[{"href":"https:\/\/elmawkie.dz\/fr\/wp-json\/wp\/v2\/posts\/63357","targetHints":{"allow":["GET"]}}],"collection":[{"href":"https:\/\/elmawkie.dz\/fr\/wp-json\/wp\/v2\/posts"}],"about":[{"href":"https:\/\/elmawkie.dz\/fr\/wp-json\/wp\/v2\/types\/post"}],"author":[{"embeddable":true,"href":"https:\/\/elmawkie.dz\/fr\/wp-json\/wp\/v2\/users\/9"}],"replies":[{"embeddable":true,"href":"https:\/\/elmawkie.dz\/fr\/wp-json\/wp\/v2\/comments?post=63357"}],"version-history":[{"count":1,"href":"https:\/\/elmawkie.dz\/fr\/wp-json\/wp\/v2\/posts\/63357\/revisions"}],"predecessor-version":[{"id":63360,"href":"https:\/\/elmawkie.dz\/fr\/wp-json\/wp\/v2\/posts\/63357\/revisions\/63360"}],"wp:featuredmedia":[{"embeddable":true,"href":"https:\/\/elmawkie.dz\/fr\/wp-json\/wp\/v2\/media\/63359"}],"wp:attachment":[{"href":"https:\/\/elmawkie.dz\/fr\/wp-json\/wp\/v2\/media?parent=63357"}],"wp:term":[{"taxonomy":"category","embeddable":true,"href":"https:\/\/elmawkie.dz\/fr\/wp-json\/wp\/v2\/categories?post=63357"},{"taxonomy":"post_tag","embeddable":true,"href":"https:\/\/elmawkie.dz\/fr\/wp-json\/wp\/v2\/tags?post=63357"}],"curies":[{"name":"wp","href":"https:\/\/api.w.org\/{rel}","templated":true}]}}