{"id":63349,"date":"2026-03-13T15:04:40","date_gmt":"2026-03-13T14:04:40","guid":{"rendered":"https:\/\/elmawkie.dz\/fr\/?p=63349"},"modified":"2026-03-13T15:04:40","modified_gmt":"2026-03-13T14:04:40","slug":"agression-sioniste-contre-le-liban-guterres-en-visite-a-beyrouth","status":"publish","type":"post","link":"https:\/\/elmawkie.dz\/fr\/agression-sioniste-contre-le-liban-guterres-en-visite-a-beyrouth\/","title":{"rendered":"Agression sioniste contre le Liban : Guterres en visite \u00e0 Beyrouth"},"content":{"rendered":"\n<p>Le Secr\u00e9taire g\u00e9n\u00e9ral de l&rsquo;ONU, Antonio Guterres, a annonc\u00e9 vendredi \u00eatre arriv\u00e9 \u00e0 Beyrouth pour une \u00ab\u00a0visite de solidarit\u00e9\u00a0\u00bb au Liban, o\u00f9 l&rsquo;agression sioniste a fait depuis le 2 mars au moins 687 martyrs, rapportent des m\u00e9dias.<\/p>\n\n\n\n<p>\u00ab\u00a0Je viens d&rsquo;atterrir \u00e0 Beyrouth pour une visite de solidarit\u00e9 avec le peuple libanais\u00a0\u00bb, a d\u00e9clar\u00e9 M. Guterres sur les r\u00e9seaux sociaux.<\/p>\n\n\n\n<p>Et de souligner: \u00ab\u00a0L&rsquo;ONU et moi-m\u00eame ne m\u00e9nagerons aucun effort pour \u0153uvrer \u00e0 l&rsquo;avenir pacifique que le Liban et cette r\u00e9gion m\u00e9ritent amplement\u00a0\u00bb. Le minist\u00e8re libanais de la Sant\u00e9 publique a annonc\u00e9 jeudi que le bilan de l&rsquo;agression sioniste contre le Liban s&rsquo;\u00e9levait \u00e0 687 martyrs et 1.774 bless\u00e9s depuis le 2 mars.&nbsp;<\/p>\n","protected":false},"excerpt":{"rendered":"<p>Le Secr\u00e9taire g\u00e9n\u00e9ral de l&rsquo;ONU, Antonio Guterres, a annonc\u00e9 vendredi \u00eatre arriv\u00e9 \u00e0 Beyrouth pour une \u00ab\u00a0visite de solidarit\u00e9\u00a0\u00bb au Liban, o\u00f9 l&rsquo;agression sioniste a fait depuis le 2 mars au moins 687 martyrs, rapportent des m\u00e9dias. \u00ab\u00a0Je viens d&rsquo;atterrir \u00e0 Beyrouth pour une visite de solidarit\u00e9 avec le peuple libanais\u00a0\u00bb, a d\u00e9clar\u00e9 M. Guterres &hellip;<\/p>\n","protected":false},"author":9,"featured_media":63351,"comment_status":"open","ping_status":"open","sticky":false,"template":"","format":"standard","meta":{"footnotes":""},"categories":[44],"tags":[697,312],"class_list":["post-63349","post","type-post","status-publish","format-standard","has-post-thumbnail","hentry","category-international","tag-antonio-guterres","tag-liban"],"yoast_head":"<!-- This site is optimized with the Yoast SEO Premium plugin v22.6 (Yoast SEO v22.6) - https:\/\/yoast.com\/wordpress\/plugins\/seo\/ -->\n<title>Agression sioniste contre le Liban : Guterres en visite \u00e0 Beyrouth - El Mawkie<\/title>\n<meta name=\"robots\" content=\"index, follow, max-snippet:-1, max-image-preview:large, max-video-preview:-1\" \/>\n<link rel=\"canonical\" href=\"https:\/\/elmawkie.dz\/fr\/agression-sioniste-contre-le-liban-guterres-en-visite-a-beyrouth\/\" \/>\n<meta property=\"og:locale\" content=\"fr_FR\" \/>\n<meta property=\"og:type\" content=\"article\" \/>\n<meta property=\"og:title\" content=\"Agression sioniste contre le Liban : Guterres en visite \u00e0 Beyrouth\" \/>\n<meta property=\"og:description\" content=\"Le Secr\u00e9taire g\u00e9n\u00e9ral de l&rsquo;ONU, Antonio Guterres, a annonc\u00e9 vendredi \u00eatre arriv\u00e9 \u00e0 Beyrouth pour une \u00ab\u00a0visite de solidarit\u00e9\u00a0\u00bb au Liban, o\u00f9 l&rsquo;agression sioniste a fait depuis le 2 mars au moins 687 martyrs, rapportent des m\u00e9dias. \u00ab\u00a0Je viens d&rsquo;atterrir \u00e0 Beyrouth pour une visite de solidarit\u00e9 avec le peuple libanais\u00a0\u00bb, a d\u00e9clar\u00e9 M. Guterres &hellip;\" \/>\n<meta property=\"og:url\" content=\"https:\/\/elmawkie.dz\/fr\/agression-sioniste-contre-le-liban-guterres-en-visite-a-beyrouth\/\" \/>\n<meta property=\"og:site_name\" content=\"El Mawkie\" \/>\n<meta property=\"article:publisher\" content=\"https:\/\/www.facebook.com\/profile.php?id=100088407094989&amp;locale=fr_FR\" \/>\n<meta property=\"article:published_time\" content=\"2026-03-13T14:04:40+00:00\" \/>\n<meta property=\"og:image\" content=\"https:\/\/elmawkie.dz\/fr\/wp-content\/uploads\/2026\/03\/IMG_2462.jpeg\" \/>\n\t<meta property=\"og:image:width\" content=\"588\" \/>\n\t<meta property=\"og:image:height\" content=\"441\" \/>\n\t<meta property=\"og:image:type\" content=\"image\/jpeg\" \/>\n<meta name=\"author\" content=\"R\u00e9daction\" \/>\n<meta name=\"twitter:card\" content=\"summary_large_image\" \/>\n<meta name=\"twitter:label1\" content=\"Written by\" \/>\n\t<meta name=\"twitter:data1\" content=\"R\u00e9daction\" \/>\n\t<meta name=\"twitter:label2\" content=\"Est. reading time\" \/>\n\t<meta name=\"twitter:data2\" content=\"1 minute\" \/>\n<script type=\"application\/ld+json\" class=\"yoast-schema-graph\">{\"@context\":\"https:\/\/schema.org\",\"@graph\":[{\"@type\":\"Article\",\"@id\":\"https:\/\/elmawkie.dz\/fr\/agression-sioniste-contre-le-liban-guterres-en-visite-a-beyrouth\/#article\",\"isPartOf\":{\"@id\":\"https:\/\/elmawkie.dz\/fr\/agression-sioniste-contre-le-liban-guterres-en-visite-a-beyrouth\/\"},\"author\":{\"name\":\"R\u00e9daction\",\"@id\":\"https:\/\/elmawkie.dz\/fr\/#\/schema\/person\/e7bd59d6467874ba5c4723d8a9f0a63c\"},\"headline\":\"Agression sioniste contre le Liban : Guterres en visite \u00e0 Beyrouth\",\"datePublished\":\"2026-03-13T14:04:40+00:00\",\"dateModified\":\"2026-03-13T14:04:40+00:00\",\"mainEntityOfPage\":{\"@id\":\"https:\/\/elmawkie.dz\/fr\/agression-sioniste-contre-le-liban-guterres-en-visite-a-beyrouth\/\"},\"wordCount\":132,\"commentCount\":0,\"publisher\":{\"@id\":\"https:\/\/elmawkie.dz\/fr\/#organization\"},\"image\":{\"@id\":\"https:\/\/elmawkie.dz\/fr\/agression-sioniste-contre-le-liban-guterres-en-visite-a-beyrouth\/#primaryimage\"},\"thumbnailUrl\":\"https:\/\/elmawkie.dz\/fr\/wp-content\/uploads\/2026\/03\/IMG_2462.jpeg\",\"keywords\":[\"Antonio Guterres\",\"liban\"],\"articleSection\":[\"International\"],\"inLanguage\":\"fr-FR\",\"potentialAction\":[{\"@type\":\"CommentAction\",\"name\":\"Comment\",\"target\":[\"https:\/\/elmawkie.dz\/fr\/agression-sioniste-contre-le-liban-guterres-en-visite-a-beyrouth\/#respond\"]}]},{\"@type\":\"WebPage\",\"@id\":\"https:\/\/elmawkie.dz\/fr\/agression-sioniste-contre-le-liban-guterres-en-visite-a-beyrouth\/\",\"url\":\"https:\/\/elmawkie.dz\/fr\/agression-sioniste-contre-le-liban-guterres-en-visite-a-beyrouth\/\",\"name\":\"Agression sioniste contre le Liban : Guterres en visite \u00e0 Beyrouth - El Mawkie\",\"isPartOf\":{\"@id\":\"https:\/\/elmawkie.dz\/fr\/#website\"},\"primaryImageOfPage\":{\"@id\":\"https:\/\/elmawkie.dz\/fr\/agression-sioniste-contre-le-liban-guterres-en-visite-a-beyrouth\/#primaryimage\"},\"image\":{\"@id\":\"https:\/\/elmawkie.dz\/fr\/agression-sioniste-contre-le-liban-guterres-en-visite-a-beyrouth\/#primaryimage\"},\"thumbnailUrl\":\"https:\/\/elmawkie.dz\/fr\/wp-content\/uploads\/2026\/03\/IMG_2462.jpeg\",\"datePublished\":\"2026-03-13T14:04:40+00:00\",\"dateModified\":\"2026-03-13T14:04:40+00:00\",\"breadcrumb\":{\"@id\":\"https:\/\/elmawkie.dz\/fr\/agression-sioniste-contre-le-liban-guterres-en-visite-a-beyrouth\/#breadcrumb\"},\"inLanguage\":\"fr-FR\",\"potentialAction\":[{\"@type\":\"ReadAction\",\"target\":[\"https:\/\/elmawkie.dz\/fr\/agression-sioniste-contre-le-liban-guterres-en-visite-a-beyrouth\/\"]}]},{\"@type\":\"ImageObject\",\"inLanguage\":\"fr-FR\",\"@id\":\"https:\/\/elmawkie.dz\/fr\/agression-sioniste-contre-le-liban-guterres-en-visite-a-beyrouth\/#primaryimage\",\"url\":\"https:\/\/elmawkie.dz\/fr\/wp-content\/uploads\/2026\/03\/IMG_2462.jpeg\",\"contentUrl\":\"https:\/\/elmawkie.dz\/fr\/wp-content\/uploads\/2026\/03\/IMG_2462.jpeg\",\"width\":588,\"height\":441},{\"@type\":\"BreadcrumbList\",\"@id\":\"https:\/\/elmawkie.dz\/fr\/agression-sioniste-contre-le-liban-guterres-en-visite-a-beyrouth\/#breadcrumb\",\"itemListElement\":[{\"@type\":\"ListItem\",\"position\":1,\"name\":\"Home\",\"item\":\"https:\/\/elmawkie.dz\/fr\/\"},{\"@type\":\"ListItem\",\"position\":2,\"name\":\"Agression sioniste contre le Liban : Guterres en visite \u00e0 Beyrouth\"}]},{\"@type\":\"WebSite\",\"@id\":\"https:\/\/elmawkie.dz\/fr\/#website\",\"url\":\"https:\/\/elmawkie.dz\/fr\/\",\"name\":\"EL MAWKIE\",\"description\":\"Journal \u00c9lectronique Alg\u00e9rien\",\"publisher\":{\"@id\":\"https:\/\/elmawkie.dz\/fr\/#organization\"},\"potentialAction\":[{\"@type\":\"SearchAction\",\"target\":{\"@type\":\"EntryPoint\",\"urlTemplate\":\"https:\/\/elmawkie.dz\/fr\/?s={search_term_string}\"},\"query-input\":\"required name=search_term_string\"}],\"inLanguage\":\"fr-FR\"},{\"@type\":\"Organization\",\"@id\":\"https:\/\/elmawkie.dz\/fr\/#organization\",\"name\":\"EL MAWKIE\",\"url\":\"https:\/\/elmawkie.dz\/fr\/\",\"logo\":{\"@type\":\"ImageObject\",\"inLanguage\":\"fr-FR\",\"@id\":\"https:\/\/elmawkie.dz\/fr\/#\/schema\/logo\/image\/\",\"url\":\"https:\/\/elmawkie.dz\/fr\/wp-content\/uploads\/2024\/05\/logo1.png\",\"contentUrl\":\"https:\/\/elmawkie.dz\/fr\/wp-content\/uploads\/2024\/05\/logo1.png\",\"width\":1648,\"height\":652,\"caption\":\"EL MAWKIE\"},\"image\":{\"@id\":\"https:\/\/elmawkie.dz\/fr\/#\/schema\/logo\/image\/\"},\"sameAs\":[\"https:\/\/www.facebook.com\/profile.php?id=100088407094989&locale=fr_FR\"]},{\"@type\":\"Person\",\"@id\":\"https:\/\/elmawkie.dz\/fr\/#\/schema\/person\/e7bd59d6467874ba5c4723d8a9f0a63c\",\"name\":\"R\u00e9daction\",\"image\":{\"@type\":\"ImageObject\",\"inLanguage\":\"fr-FR\",\"@id\":\"https:\/\/elmawkie.dz\/fr\/#\/schema\/person\/image\/\",\"url\":\"https:\/\/secure.gravatar.com\/avatar\/f0f773456344da4d2788c054a3d30a0c?s=96&d=mm&r=g\",\"contentUrl\":\"https:\/\/secure.gravatar.com\/avatar\/f0f773456344da4d2788c054a3d30a0c?s=96&d=mm&r=g\",\"caption\":\"R\u00e9daction\"},\"url\":\"https:\/\/elmawkie.dz\/fr\/author\/redaction\/\"}]}<\/script>\n<!-- \/ Yoast SEO Premium plugin. -->","yoast_head_json":{"title":"Agression sioniste contre le Liban : Guterres en visite \u00e0 Beyrouth - El Mawkie","robots":{"index":"index","follow":"follow","max-snippet":"max-snippet:-1","max-image-preview":"max-image-preview:large","max-video-preview":"max-video-preview:-1"},"canonical":"https:\/\/elmawkie.dz\/fr\/agression-sioniste-contre-le-liban-guterres-en-visite-a-beyrouth\/","og_locale":"fr_FR","og_type":"article","og_title":"Agression sioniste contre le Liban : Guterres en visite \u00e0 Beyrouth","og_description":"Le Secr\u00e9taire g\u00e9n\u00e9ral de l&rsquo;ONU, Antonio Guterres, a annonc\u00e9 vendredi \u00eatre arriv\u00e9 \u00e0 Beyrouth pour une \u00ab\u00a0visite de solidarit\u00e9\u00a0\u00bb au Liban, o\u00f9 l&rsquo;agression sioniste a fait depuis le 2 mars au moins 687 martyrs, rapportent des m\u00e9dias. \u00ab\u00a0Je viens d&rsquo;atterrir \u00e0 Beyrouth pour une visite de solidarit\u00e9 avec le peuple libanais\u00a0\u00bb, a d\u00e9clar\u00e9 M. Guterres &hellip;","og_url":"https:\/\/elmawkie.dz\/fr\/agression-sioniste-contre-le-liban-guterres-en-visite-a-beyrouth\/","og_site_name":"El Mawkie","article_publisher":"https:\/\/www.facebook.com\/profile.php?id=100088407094989&locale=fr_FR","article_published_time":"2026-03-13T14:04:40+00:00","og_image":[{"width":588,"height":441,"url":"https:\/\/elmawkie.dz\/fr\/wp-content\/uploads\/2026\/03\/IMG_2462.jpeg","type":"image\/jpeg"}],"author":"R\u00e9daction","twitter_card":"summary_large_image","twitter_misc":{"Written by":"R\u00e9daction","Est. reading time":"1 minute"},"schema":{"@context":"https:\/\/schema.org","@graph":[{"@type":"Article","@id":"https:\/\/elmawkie.dz\/fr\/agression-sioniste-contre-le-liban-guterres-en-visite-a-beyrouth\/#article","isPartOf":{"@id":"https:\/\/elmawkie.dz\/fr\/agression-sioniste-contre-le-liban-guterres-en-visite-a-beyrouth\/"},"author":{"name":"R\u00e9daction","@id":"https:\/\/elmawkie.dz\/fr\/#\/schema\/person\/e7bd59d6467874ba5c4723d8a9f0a63c"},"headline":"Agression sioniste contre le Liban : Guterres en visite \u00e0 Beyrouth","datePublished":"2026-03-13T14:04:40+00:00","dateModified":"2026-03-13T14:04:40+00:00","mainEntityOfPage":{"@id":"https:\/\/elmawkie.dz\/fr\/agression-sioniste-contre-le-liban-guterres-en-visite-a-beyrouth\/"},"wordCount":132,"commentCount":0,"publisher":{"@id":"https:\/\/elmawkie.dz\/fr\/#organization"},"image":{"@id":"https:\/\/elmawkie.dz\/fr\/agression-sioniste-contre-le-liban-guterres-en-visite-a-beyrouth\/#primaryimage"},"thumbnailUrl":"https:\/\/elmawkie.dz\/fr\/wp-content\/uploads\/2026\/03\/IMG_2462.jpeg","keywords":["Antonio Guterres","liban"],"articleSection":["International"],"inLanguage":"fr-FR","potentialAction":[{"@type":"CommentAction","name":"Comment","target":["https:\/\/elmawkie.dz\/fr\/agression-sioniste-contre-le-liban-guterres-en-visite-a-beyrouth\/#respond"]}]},{"@type":"WebPage","@id":"https:\/\/elmawkie.dz\/fr\/agression-sioniste-contre-le-liban-guterres-en-visite-a-beyrouth\/","url":"https:\/\/elmawkie.dz\/fr\/agression-sioniste-contre-le-liban-guterres-en-visite-a-beyrouth\/","name":"Agression sioniste contre le Liban : Guterres en visite \u00e0 Beyrouth - El Mawkie","isPartOf":{"@id":"https:\/\/elmawkie.dz\/fr\/#website"},"primaryImageOfPage":{"@id":"https:\/\/elmawkie.dz\/fr\/agression-sioniste-contre-le-liban-guterres-en-visite-a-beyrouth\/#primaryimage"},"image":{"@id":"https:\/\/elmawkie.dz\/fr\/agression-sioniste-contre-le-liban-guterres-en-visite-a-beyrouth\/#primaryimage"},"thumbnailUrl":"https:\/\/elmawkie.dz\/fr\/wp-content\/uploads\/2026\/03\/IMG_2462.jpeg","datePublished":"2026-03-13T14:04:40+00:00","dateModified":"2026-03-13T14:04:40+00:00","breadcrumb":{"@id":"https:\/\/elmawkie.dz\/fr\/agression-sioniste-contre-le-liban-guterres-en-visite-a-beyrouth\/#breadcrumb"},"inLanguage":"fr-FR","potentialAction":[{"@type":"ReadAction","target":["https:\/\/elmawkie.dz\/fr\/agression-sioniste-contre-le-liban-guterres-en-visite-a-beyrouth\/"]}]},{"@type":"ImageObject","inLanguage":"fr-FR","@id":"https:\/\/elmawkie.dz\/fr\/agression-sioniste-contre-le-liban-guterres-en-visite-a-beyrouth\/#primaryimage","url":"https:\/\/elmawkie.dz\/fr\/wp-content\/uploads\/2026\/03\/IMG_2462.jpeg","contentUrl":"https:\/\/elmawkie.dz\/fr\/wp-content\/uploads\/2026\/03\/IMG_2462.jpeg","width":588,"height":441},{"@type":"BreadcrumbList","@id":"https:\/\/elmawkie.dz\/fr\/agression-sioniste-contre-le-liban-guterres-en-visite-a-beyrouth\/#breadcrumb","itemListElement":[{"@type":"ListItem","position":1,"name":"Home","item":"https:\/\/elmawkie.dz\/fr\/"},{"@type":"ListItem","position":2,"name":"Agression sioniste contre le Liban : Guterres en visite \u00e0 Beyrouth"}]},{"@type":"WebSite","@id":"https:\/\/elmawkie.dz\/fr\/#website","url":"https:\/\/elmawkie.dz\/fr\/","name":"EL MAWKIE","description":"Journal \u00c9lectronique Alg\u00e9rien","publisher":{"@id":"https:\/\/elmawkie.dz\/fr\/#organization"},"potentialAction":[{"@type":"SearchAction","target":{"@type":"EntryPoint","urlTemplate":"https:\/\/elmawkie.dz\/fr\/?s={search_term_string}"},"query-input":"required name=search_term_string"}],"inLanguage":"fr-FR"},{"@type":"Organization","@id":"https:\/\/elmawkie.dz\/fr\/#organization","name":"EL MAWKIE","url":"https:\/\/elmawkie.dz\/fr\/","logo":{"@type":"ImageObject","inLanguage":"fr-FR","@id":"https:\/\/elmawkie.dz\/fr\/#\/schema\/logo\/image\/","url":"https:\/\/elmawkie.dz\/fr\/wp-content\/uploads\/2024\/05\/logo1.png","contentUrl":"https:\/\/elmawkie.dz\/fr\/wp-content\/uploads\/2024\/05\/logo1.png","width":1648,"height":652,"caption":"EL MAWKIE"},"image":{"@id":"https:\/\/elmawkie.dz\/fr\/#\/schema\/logo\/image\/"},"sameAs":["https:\/\/www.facebook.com\/profile.php?id=100088407094989&locale=fr_FR"]},{"@type":"Person","@id":"https:\/\/elmawkie.dz\/fr\/#\/schema\/person\/e7bd59d6467874ba5c4723d8a9f0a63c","name":"R\u00e9daction","image":{"@type":"ImageObject","inLanguage":"fr-FR","@id":"https:\/\/elmawkie.dz\/fr\/#\/schema\/person\/image\/","url":"https:\/\/secure.gravatar.com\/avatar\/f0f773456344da4d2788c054a3d30a0c?s=96&d=mm&r=g","contentUrl":"https:\/\/secure.gravatar.com\/avatar\/f0f773456344da4d2788c054a3d30a0c?s=96&d=mm&r=g","caption":"R\u00e9daction"},"url":"https:\/\/elmawkie.dz\/fr\/author\/redaction\/"}]}},"_links":{"self":[{"href":"https:\/\/elmawkie.dz\/fr\/wp-json\/wp\/v2\/posts\/63349","targetHints":{"allow":["GET"]}}],"collection":[{"href":"https:\/\/elmawkie.dz\/fr\/wp-json\/wp\/v2\/posts"}],"about":[{"href":"https:\/\/elmawkie.dz\/fr\/wp-json\/wp\/v2\/types\/post"}],"author":[{"embeddable":true,"href":"https:\/\/elmawkie.dz\/fr\/wp-json\/wp\/v2\/users\/9"}],"replies":[{"embeddable":true,"href":"https:\/\/elmawkie.dz\/fr\/wp-json\/wp\/v2\/comments?post=63349"}],"version-history":[{"count":1,"href":"https:\/\/elmawkie.dz\/fr\/wp-json\/wp\/v2\/posts\/63349\/revisions"}],"predecessor-version":[{"id":63352,"href":"https:\/\/elmawkie.dz\/fr\/wp-json\/wp\/v2\/posts\/63349\/revisions\/63352"}],"wp:featuredmedia":[{"embeddable":true,"href":"https:\/\/elmawkie.dz\/fr\/wp-json\/wp\/v2\/media\/63351"}],"wp:attachment":[{"href":"https:\/\/elmawkie.dz\/fr\/wp-json\/wp\/v2\/media?parent=63349"}],"wp:term":[{"taxonomy":"category","embeddable":true,"href":"https:\/\/elmawkie.dz\/fr\/wp-json\/wp\/v2\/categories?post=63349"},{"taxonomy":"post_tag","embeddable":true,"href":"https:\/\/elmawkie.dz\/fr\/wp-json\/wp\/v2\/tags?post=63349"}],"curies":[{"name":"wp","href":"https:\/\/api.w.org\/{rel}","templated":true}]}}