{"id":63329,"date":"2026-03-12T18:07:47","date_gmt":"2026-03-12T17:07:47","guid":{"rendered":"https:\/\/elmawkie.dz\/fr\/?p=63329"},"modified":"2026-03-12T18:07:49","modified_gmt":"2026-03-12T17:07:49","slug":"une-delegation-ministerielle-en-visite-dinspection-a-la-mine-de-zinc-plomb-de-bejaia","status":"publish","type":"post","link":"https:\/\/elmawkie.dz\/fr\/une-delegation-ministerielle-en-visite-dinspection-a-la-mine-de-zinc-plomb-de-bejaia\/","title":{"rendered":"Une d\u00e9l\u00e9gation minist\u00e9rielle en visite d&rsquo;inspection \u00e0 la mine de zinc-plomb de B\u00e9ja\u00efa"},"content":{"rendered":"\n<p>Une d\u00e9l\u00e9gation minist\u00e9rielle, conduite par le ministre d&rsquo;Etat, ministre des Hydrocarbures et des Mines, M. Mohamed Arkab, a effectu\u00e9, jeudi, une visite de travail dans la wilaya de B\u00e9ja\u00efa, afin de s&rsquo;enqu\u00e9rir des pr\u00e9paratifs en cours pour le lancement de l&rsquo;exploitation de la mine de zinc-plomb situ\u00e9e dans les communes d&rsquo;Amizour et de Tala Hamza, a indiqu\u00e9 un communiqu\u00e9 du minist\u00e8re.<\/p>\n\n\n\n<p>Lors de cette visite, M. Arkab \u00e9tait accompagn\u00e9 du ministre des Travaux publics et des Infrastructures de base, M. Abdelkader Djellaoui, de la Secr\u00e9taire d&rsquo;Etat aupr\u00e8s du ministre des Hydrocarbures et des Mines, charg\u00e9e des Mines, Mme Karima Bakir Tafer, du Directeur g\u00e9n\u00e9ral du groupe Sonarem, du PDG de l&rsquo;Entreprise nationale des produits miniers non ferreux et des substances utiles (ENOF), ainsi que de cadres du minist\u00e8re.<\/p>\n\n\n\n<p>A son arriv\u00e9e, la d\u00e9l\u00e9gation minist\u00e9rielle a \u00e9t\u00e9 accueillie par le wali de B\u00e9ja\u00efa, M. Kamel Eddine Kerbouche, accompagn\u00e9 du pr\u00e9sident de l&rsquo;Assembl\u00e9e populaire de wilaya, de membres des deux chambres du Parlement, des pr\u00e9sidents des Assembl\u00e9es populaires communales d&rsquo;Amizour et de Tala Hamza et de la directrice de la joint-venture alg\u00e9ro-australienne Western Mediterranean Zinc (WMZ).<\/p>\n\n\n\n<p>Inspectant les travaux d&rsquo;am\u00e9nagement de l&rsquo;acc\u00e8s \u00e0 la mine de zinc-plomb, le ministre d&rsquo;Etat a pr\u00e9cis\u00e9 que ce projet minier \u00ab\u00a0compte parmi les projets strat\u00e9giques les plus importants dans le secteur minier en Alg\u00e9rie, au regard de ses dimensions \u00e9conomiques et de d\u00e9veloppement majeures\u00a0\u00bb.<\/p>\n\n\n\n<p>A cette occasion, M. Arkab a insist\u00e9 sur \u00ab\u00a0la n\u00e9cessit\u00e9 d&rsquo;un suivi rigoureux et permanent des diff\u00e9rentes \u00e9tapes de r\u00e9alisation du projet, de mani\u00e8re \u00e0 garantir l&rsquo;avancement des travaux conform\u00e9ment aux d\u00e9lais fix\u00e9s, tout en respectant les normes techniques les plus \u00e9lev\u00e9es en vigueur dans la r\u00e9alisation des grands projets miniers\u00a0\u00bb.<\/p>\n\n\n\n<p>Au cours de la visite, la d\u00e9l\u00e9gation minist\u00e9rielle a suivi un expos\u00e9 technique pr\u00e9sent\u00e9 par le directeur des travaux publics de la wilaya sur le projet visant \u00e0 relier la mine de zinc-plomb \u00e0 l&rsquo;autoroute Est-Ouest, afin de faciliter le transport et d&rsquo;assurer la fluidit\u00e9 du d\u00e9placement des \u00e9quipements et des mat\u00e9riaux li\u00e9s \u00e0 l&rsquo;activit\u00e9 de la mine, permettant ainsi au projet d&rsquo;entamer la phase d&rsquo;exploitation dans les meilleures conditions.<\/p>\n\n\n\n<p>La d\u00e9l\u00e9gation minist\u00e9rielle a, par ailleurs, rencontr\u00e9 les habitants du village A\u00eft Bouzid, propri\u00e9taires des terrains concern\u00e9s par l&rsquo;expropriation, qui ont \u00ab\u00a0accueilli favorablement ce projet strat\u00e9gique qui contribuera sans nul doute \u00e0 la valorisation des ressources mini\u00e8res nationales, au renforcement de la souverainet\u00e9 \u00e9conomique et \u00e0 la cr\u00e9ation d&rsquo;un nombre consid\u00e9rable d&#8217;emplois au profit des jeunes de la r\u00e9gion, tout en appuyant la dynamique \u00e9conomique dans la wilaya de B\u00e9ja\u00efa\u00a0\u00bb, conclut le communiqu\u00e9.<\/p>\n","protected":false},"excerpt":{"rendered":"<p>Une d\u00e9l\u00e9gation minist\u00e9rielle, conduite par le ministre d&rsquo;Etat, ministre des Hydrocarbures et des Mines, M. Mohamed Arkab, a effectu\u00e9, jeudi, une visite de travail dans la wilaya de B\u00e9ja\u00efa, afin de s&rsquo;enqu\u00e9rir des pr\u00e9paratifs en cours pour le lancement de l&rsquo;exploitation de la mine de zinc-plomb situ\u00e9e dans les communes d&rsquo;Amizour et de Tala Hamza, &hellip;<\/p>\n","protected":false},"author":9,"featured_media":63331,"comment_status":"open","ping_status":"open","sticky":false,"template":"","format":"standard","meta":{"footnotes":""},"categories":[47],"tags":[5850,6263,2421],"class_list":["post-63329","post","type-post","status-publish","format-standard","has-post-thumbnail","hentry","category-national","tag-bejaia-4","tag-ministerielle","tag-une-delegation"],"yoast_head":"<!-- This site is optimized with the Yoast SEO Premium plugin v22.6 (Yoast SEO v22.6) - https:\/\/yoast.com\/wordpress\/plugins\/seo\/ -->\n<title>Une d\u00e9l\u00e9gation minist\u00e9rielle en visite d&#039;inspection \u00e0 la mine de zinc-plomb de B\u00e9ja\u00efa - El Mawkie<\/title>\n<meta name=\"robots\" content=\"index, follow, max-snippet:-1, max-image-preview:large, max-video-preview:-1\" \/>\n<link rel=\"canonical\" href=\"https:\/\/elmawkie.dz\/fr\/une-delegation-ministerielle-en-visite-dinspection-a-la-mine-de-zinc-plomb-de-bejaia\/\" \/>\n<meta property=\"og:locale\" content=\"fr_FR\" \/>\n<meta property=\"og:type\" content=\"article\" \/>\n<meta property=\"og:title\" content=\"Une d\u00e9l\u00e9gation minist\u00e9rielle en visite d&#039;inspection \u00e0 la mine de zinc-plomb de B\u00e9ja\u00efa\" \/>\n<meta property=\"og:description\" content=\"Une d\u00e9l\u00e9gation minist\u00e9rielle, conduite par le ministre d&rsquo;Etat, ministre des Hydrocarbures et des Mines, M. Mohamed Arkab, a effectu\u00e9, jeudi, une visite de travail dans la wilaya de B\u00e9ja\u00efa, afin de s&rsquo;enqu\u00e9rir des pr\u00e9paratifs en cours pour le lancement de l&rsquo;exploitation de la mine de zinc-plomb situ\u00e9e dans les communes d&rsquo;Amizour et de Tala Hamza, &hellip;\" \/>\n<meta property=\"og:url\" content=\"https:\/\/elmawkie.dz\/fr\/une-delegation-ministerielle-en-visite-dinspection-a-la-mine-de-zinc-plomb-de-bejaia\/\" \/>\n<meta property=\"og:site_name\" content=\"El Mawkie\" \/>\n<meta property=\"article:publisher\" content=\"https:\/\/www.facebook.com\/profile.php?id=100088407094989&amp;locale=fr_FR\" \/>\n<meta property=\"article:published_time\" content=\"2026-03-12T17:07:47+00:00\" \/>\n<meta property=\"article:modified_time\" content=\"2026-03-12T17:07:49+00:00\" \/>\n<meta property=\"og:image\" content=\"https:\/\/elmawkie.dz\/fr\/wp-content\/uploads\/2026\/03\/IMG_2405.jpeg\" \/>\n\t<meta property=\"og:image:width\" content=\"2048\" \/>\n\t<meta property=\"og:image:height\" content=\"1536\" \/>\n\t<meta property=\"og:image:type\" content=\"image\/jpeg\" \/>\n<meta name=\"author\" content=\"R\u00e9daction\" \/>\n<meta name=\"twitter:card\" content=\"summary_large_image\" \/>\n<meta name=\"twitter:label1\" content=\"Written by\" \/>\n\t<meta name=\"twitter:data1\" content=\"R\u00e9daction\" \/>\n\t<meta name=\"twitter:label2\" content=\"Est. reading time\" \/>\n\t<meta name=\"twitter:data2\" content=\"3 minutes\" \/>\n<script type=\"application\/ld+json\" class=\"yoast-schema-graph\">{\"@context\":\"https:\/\/schema.org\",\"@graph\":[{\"@type\":\"Article\",\"@id\":\"https:\/\/elmawkie.dz\/fr\/une-delegation-ministerielle-en-visite-dinspection-a-la-mine-de-zinc-plomb-de-bejaia\/#article\",\"isPartOf\":{\"@id\":\"https:\/\/elmawkie.dz\/fr\/une-delegation-ministerielle-en-visite-dinspection-a-la-mine-de-zinc-plomb-de-bejaia\/\"},\"author\":{\"name\":\"R\u00e9daction\",\"@id\":\"https:\/\/elmawkie.dz\/fr\/#\/schema\/person\/e7bd59d6467874ba5c4723d8a9f0a63c\"},\"headline\":\"Une d\u00e9l\u00e9gation minist\u00e9rielle en visite d&rsquo;inspection \u00e0 la mine de zinc-plomb de B\u00e9ja\u00efa\",\"datePublished\":\"2026-03-12T17:07:47+00:00\",\"dateModified\":\"2026-03-12T17:07:49+00:00\",\"mainEntityOfPage\":{\"@id\":\"https:\/\/elmawkie.dz\/fr\/une-delegation-ministerielle-en-visite-dinspection-a-la-mine-de-zinc-plomb-de-bejaia\/\"},\"wordCount\":515,\"commentCount\":0,\"publisher\":{\"@id\":\"https:\/\/elmawkie.dz\/fr\/#organization\"},\"image\":{\"@id\":\"https:\/\/elmawkie.dz\/fr\/une-delegation-ministerielle-en-visite-dinspection-a-la-mine-de-zinc-plomb-de-bejaia\/#primaryimage\"},\"thumbnailUrl\":\"https:\/\/elmawkie.dz\/fr\/wp-content\/uploads\/2026\/03\/IMG_2405.jpeg\",\"keywords\":[\"Beja\u00efa\",\"minist\u00e9rielle\",\"une d\u00e9l\u00e9gation\"],\"articleSection\":[\"National\"],\"inLanguage\":\"fr-FR\",\"potentialAction\":[{\"@type\":\"CommentAction\",\"name\":\"Comment\",\"target\":[\"https:\/\/elmawkie.dz\/fr\/une-delegation-ministerielle-en-visite-dinspection-a-la-mine-de-zinc-plomb-de-bejaia\/#respond\"]}]},{\"@type\":\"WebPage\",\"@id\":\"https:\/\/elmawkie.dz\/fr\/une-delegation-ministerielle-en-visite-dinspection-a-la-mine-de-zinc-plomb-de-bejaia\/\",\"url\":\"https:\/\/elmawkie.dz\/fr\/une-delegation-ministerielle-en-visite-dinspection-a-la-mine-de-zinc-plomb-de-bejaia\/\",\"name\":\"Une d\u00e9l\u00e9gation minist\u00e9rielle en visite d'inspection \u00e0 la mine de zinc-plomb de B\u00e9ja\u00efa - El Mawkie\",\"isPartOf\":{\"@id\":\"https:\/\/elmawkie.dz\/fr\/#website\"},\"primaryImageOfPage\":{\"@id\":\"https:\/\/elmawkie.dz\/fr\/une-delegation-ministerielle-en-visite-dinspection-a-la-mine-de-zinc-plomb-de-bejaia\/#primaryimage\"},\"image\":{\"@id\":\"https:\/\/elmawkie.dz\/fr\/une-delegation-ministerielle-en-visite-dinspection-a-la-mine-de-zinc-plomb-de-bejaia\/#primaryimage\"},\"thumbnailUrl\":\"https:\/\/elmawkie.dz\/fr\/wp-content\/uploads\/2026\/03\/IMG_2405.jpeg\",\"datePublished\":\"2026-03-12T17:07:47+00:00\",\"dateModified\":\"2026-03-12T17:07:49+00:00\",\"breadcrumb\":{\"@id\":\"https:\/\/elmawkie.dz\/fr\/une-delegation-ministerielle-en-visite-dinspection-a-la-mine-de-zinc-plomb-de-bejaia\/#breadcrumb\"},\"inLanguage\":\"fr-FR\",\"potentialAction\":[{\"@type\":\"ReadAction\",\"target\":[\"https:\/\/elmawkie.dz\/fr\/une-delegation-ministerielle-en-visite-dinspection-a-la-mine-de-zinc-plomb-de-bejaia\/\"]}]},{\"@type\":\"ImageObject\",\"inLanguage\":\"fr-FR\",\"@id\":\"https:\/\/elmawkie.dz\/fr\/une-delegation-ministerielle-en-visite-dinspection-a-la-mine-de-zinc-plomb-de-bejaia\/#primaryimage\",\"url\":\"https:\/\/elmawkie.dz\/fr\/wp-content\/uploads\/2026\/03\/IMG_2405.jpeg\",\"contentUrl\":\"https:\/\/elmawkie.dz\/fr\/wp-content\/uploads\/2026\/03\/IMG_2405.jpeg\",\"width\":2048,\"height\":1536},{\"@type\":\"BreadcrumbList\",\"@id\":\"https:\/\/elmawkie.dz\/fr\/une-delegation-ministerielle-en-visite-dinspection-a-la-mine-de-zinc-plomb-de-bejaia\/#breadcrumb\",\"itemListElement\":[{\"@type\":\"ListItem\",\"position\":1,\"name\":\"Home\",\"item\":\"https:\/\/elmawkie.dz\/fr\/\"},{\"@type\":\"ListItem\",\"position\":2,\"name\":\"Une d\u00e9l\u00e9gation minist\u00e9rielle en visite d&rsquo;inspection \u00e0 la mine de zinc-plomb de B\u00e9ja\u00efa\"}]},{\"@type\":\"WebSite\",\"@id\":\"https:\/\/elmawkie.dz\/fr\/#website\",\"url\":\"https:\/\/elmawkie.dz\/fr\/\",\"name\":\"EL MAWKIE\",\"description\":\"Journal \u00c9lectronique Alg\u00e9rien\",\"publisher\":{\"@id\":\"https:\/\/elmawkie.dz\/fr\/#organization\"},\"potentialAction\":[{\"@type\":\"SearchAction\",\"target\":{\"@type\":\"EntryPoint\",\"urlTemplate\":\"https:\/\/elmawkie.dz\/fr\/?s={search_term_string}\"},\"query-input\":\"required name=search_term_string\"}],\"inLanguage\":\"fr-FR\"},{\"@type\":\"Organization\",\"@id\":\"https:\/\/elmawkie.dz\/fr\/#organization\",\"name\":\"EL MAWKIE\",\"url\":\"https:\/\/elmawkie.dz\/fr\/\",\"logo\":{\"@type\":\"ImageObject\",\"inLanguage\":\"fr-FR\",\"@id\":\"https:\/\/elmawkie.dz\/fr\/#\/schema\/logo\/image\/\",\"url\":\"https:\/\/elmawkie.dz\/fr\/wp-content\/uploads\/2024\/05\/logo1.png\",\"contentUrl\":\"https:\/\/elmawkie.dz\/fr\/wp-content\/uploads\/2024\/05\/logo1.png\",\"width\":1648,\"height\":652,\"caption\":\"EL MAWKIE\"},\"image\":{\"@id\":\"https:\/\/elmawkie.dz\/fr\/#\/schema\/logo\/image\/\"},\"sameAs\":[\"https:\/\/www.facebook.com\/profile.php?id=100088407094989&locale=fr_FR\"]},{\"@type\":\"Person\",\"@id\":\"https:\/\/elmawkie.dz\/fr\/#\/schema\/person\/e7bd59d6467874ba5c4723d8a9f0a63c\",\"name\":\"R\u00e9daction\",\"image\":{\"@type\":\"ImageObject\",\"inLanguage\":\"fr-FR\",\"@id\":\"https:\/\/elmawkie.dz\/fr\/#\/schema\/person\/image\/\",\"url\":\"https:\/\/secure.gravatar.com\/avatar\/f0f773456344da4d2788c054a3d30a0c?s=96&d=mm&r=g\",\"contentUrl\":\"https:\/\/secure.gravatar.com\/avatar\/f0f773456344da4d2788c054a3d30a0c?s=96&d=mm&r=g\",\"caption\":\"R\u00e9daction\"},\"url\":\"https:\/\/elmawkie.dz\/fr\/author\/redaction\/\"}]}<\/script>\n<!-- \/ Yoast SEO Premium plugin. -->","yoast_head_json":{"title":"Une d\u00e9l\u00e9gation minist\u00e9rielle en visite d'inspection \u00e0 la mine de zinc-plomb de B\u00e9ja\u00efa - El Mawkie","robots":{"index":"index","follow":"follow","max-snippet":"max-snippet:-1","max-image-preview":"max-image-preview:large","max-video-preview":"max-video-preview:-1"},"canonical":"https:\/\/elmawkie.dz\/fr\/une-delegation-ministerielle-en-visite-dinspection-a-la-mine-de-zinc-plomb-de-bejaia\/","og_locale":"fr_FR","og_type":"article","og_title":"Une d\u00e9l\u00e9gation minist\u00e9rielle en visite d'inspection \u00e0 la mine de zinc-plomb de B\u00e9ja\u00efa","og_description":"Une d\u00e9l\u00e9gation minist\u00e9rielle, conduite par le ministre d&rsquo;Etat, ministre des Hydrocarbures et des Mines, M. Mohamed Arkab, a effectu\u00e9, jeudi, une visite de travail dans la wilaya de B\u00e9ja\u00efa, afin de s&rsquo;enqu\u00e9rir des pr\u00e9paratifs en cours pour le lancement de l&rsquo;exploitation de la mine de zinc-plomb situ\u00e9e dans les communes d&rsquo;Amizour et de Tala Hamza, &hellip;","og_url":"https:\/\/elmawkie.dz\/fr\/une-delegation-ministerielle-en-visite-dinspection-a-la-mine-de-zinc-plomb-de-bejaia\/","og_site_name":"El Mawkie","article_publisher":"https:\/\/www.facebook.com\/profile.php?id=100088407094989&locale=fr_FR","article_published_time":"2026-03-12T17:07:47+00:00","article_modified_time":"2026-03-12T17:07:49+00:00","og_image":[{"width":2048,"height":1536,"url":"https:\/\/elmawkie.dz\/fr\/wp-content\/uploads\/2026\/03\/IMG_2405.jpeg","type":"image\/jpeg"}],"author":"R\u00e9daction","twitter_card":"summary_large_image","twitter_misc":{"Written by":"R\u00e9daction","Est. reading time":"3 minutes"},"schema":{"@context":"https:\/\/schema.org","@graph":[{"@type":"Article","@id":"https:\/\/elmawkie.dz\/fr\/une-delegation-ministerielle-en-visite-dinspection-a-la-mine-de-zinc-plomb-de-bejaia\/#article","isPartOf":{"@id":"https:\/\/elmawkie.dz\/fr\/une-delegation-ministerielle-en-visite-dinspection-a-la-mine-de-zinc-plomb-de-bejaia\/"},"author":{"name":"R\u00e9daction","@id":"https:\/\/elmawkie.dz\/fr\/#\/schema\/person\/e7bd59d6467874ba5c4723d8a9f0a63c"},"headline":"Une d\u00e9l\u00e9gation minist\u00e9rielle en visite d&rsquo;inspection \u00e0 la mine de zinc-plomb de B\u00e9ja\u00efa","datePublished":"2026-03-12T17:07:47+00:00","dateModified":"2026-03-12T17:07:49+00:00","mainEntityOfPage":{"@id":"https:\/\/elmawkie.dz\/fr\/une-delegation-ministerielle-en-visite-dinspection-a-la-mine-de-zinc-plomb-de-bejaia\/"},"wordCount":515,"commentCount":0,"publisher":{"@id":"https:\/\/elmawkie.dz\/fr\/#organization"},"image":{"@id":"https:\/\/elmawkie.dz\/fr\/une-delegation-ministerielle-en-visite-dinspection-a-la-mine-de-zinc-plomb-de-bejaia\/#primaryimage"},"thumbnailUrl":"https:\/\/elmawkie.dz\/fr\/wp-content\/uploads\/2026\/03\/IMG_2405.jpeg","keywords":["Beja\u00efa","minist\u00e9rielle","une d\u00e9l\u00e9gation"],"articleSection":["National"],"inLanguage":"fr-FR","potentialAction":[{"@type":"CommentAction","name":"Comment","target":["https:\/\/elmawkie.dz\/fr\/une-delegation-ministerielle-en-visite-dinspection-a-la-mine-de-zinc-plomb-de-bejaia\/#respond"]}]},{"@type":"WebPage","@id":"https:\/\/elmawkie.dz\/fr\/une-delegation-ministerielle-en-visite-dinspection-a-la-mine-de-zinc-plomb-de-bejaia\/","url":"https:\/\/elmawkie.dz\/fr\/une-delegation-ministerielle-en-visite-dinspection-a-la-mine-de-zinc-plomb-de-bejaia\/","name":"Une d\u00e9l\u00e9gation minist\u00e9rielle en visite d'inspection \u00e0 la mine de zinc-plomb de B\u00e9ja\u00efa - El Mawkie","isPartOf":{"@id":"https:\/\/elmawkie.dz\/fr\/#website"},"primaryImageOfPage":{"@id":"https:\/\/elmawkie.dz\/fr\/une-delegation-ministerielle-en-visite-dinspection-a-la-mine-de-zinc-plomb-de-bejaia\/#primaryimage"},"image":{"@id":"https:\/\/elmawkie.dz\/fr\/une-delegation-ministerielle-en-visite-dinspection-a-la-mine-de-zinc-plomb-de-bejaia\/#primaryimage"},"thumbnailUrl":"https:\/\/elmawkie.dz\/fr\/wp-content\/uploads\/2026\/03\/IMG_2405.jpeg","datePublished":"2026-03-12T17:07:47+00:00","dateModified":"2026-03-12T17:07:49+00:00","breadcrumb":{"@id":"https:\/\/elmawkie.dz\/fr\/une-delegation-ministerielle-en-visite-dinspection-a-la-mine-de-zinc-plomb-de-bejaia\/#breadcrumb"},"inLanguage":"fr-FR","potentialAction":[{"@type":"ReadAction","target":["https:\/\/elmawkie.dz\/fr\/une-delegation-ministerielle-en-visite-dinspection-a-la-mine-de-zinc-plomb-de-bejaia\/"]}]},{"@type":"ImageObject","inLanguage":"fr-FR","@id":"https:\/\/elmawkie.dz\/fr\/une-delegation-ministerielle-en-visite-dinspection-a-la-mine-de-zinc-plomb-de-bejaia\/#primaryimage","url":"https:\/\/elmawkie.dz\/fr\/wp-content\/uploads\/2026\/03\/IMG_2405.jpeg","contentUrl":"https:\/\/elmawkie.dz\/fr\/wp-content\/uploads\/2026\/03\/IMG_2405.jpeg","width":2048,"height":1536},{"@type":"BreadcrumbList","@id":"https:\/\/elmawkie.dz\/fr\/une-delegation-ministerielle-en-visite-dinspection-a-la-mine-de-zinc-plomb-de-bejaia\/#breadcrumb","itemListElement":[{"@type":"ListItem","position":1,"name":"Home","item":"https:\/\/elmawkie.dz\/fr\/"},{"@type":"ListItem","position":2,"name":"Une d\u00e9l\u00e9gation minist\u00e9rielle en visite d&rsquo;inspection \u00e0 la mine de zinc-plomb de B\u00e9ja\u00efa"}]},{"@type":"WebSite","@id":"https:\/\/elmawkie.dz\/fr\/#website","url":"https:\/\/elmawkie.dz\/fr\/","name":"EL MAWKIE","description":"Journal \u00c9lectronique Alg\u00e9rien","publisher":{"@id":"https:\/\/elmawkie.dz\/fr\/#organization"},"potentialAction":[{"@type":"SearchAction","target":{"@type":"EntryPoint","urlTemplate":"https:\/\/elmawkie.dz\/fr\/?s={search_term_string}"},"query-input":"required name=search_term_string"}],"inLanguage":"fr-FR"},{"@type":"Organization","@id":"https:\/\/elmawkie.dz\/fr\/#organization","name":"EL MAWKIE","url":"https:\/\/elmawkie.dz\/fr\/","logo":{"@type":"ImageObject","inLanguage":"fr-FR","@id":"https:\/\/elmawkie.dz\/fr\/#\/schema\/logo\/image\/","url":"https:\/\/elmawkie.dz\/fr\/wp-content\/uploads\/2024\/05\/logo1.png","contentUrl":"https:\/\/elmawkie.dz\/fr\/wp-content\/uploads\/2024\/05\/logo1.png","width":1648,"height":652,"caption":"EL MAWKIE"},"image":{"@id":"https:\/\/elmawkie.dz\/fr\/#\/schema\/logo\/image\/"},"sameAs":["https:\/\/www.facebook.com\/profile.php?id=100088407094989&locale=fr_FR"]},{"@type":"Person","@id":"https:\/\/elmawkie.dz\/fr\/#\/schema\/person\/e7bd59d6467874ba5c4723d8a9f0a63c","name":"R\u00e9daction","image":{"@type":"ImageObject","inLanguage":"fr-FR","@id":"https:\/\/elmawkie.dz\/fr\/#\/schema\/person\/image\/","url":"https:\/\/secure.gravatar.com\/avatar\/f0f773456344da4d2788c054a3d30a0c?s=96&d=mm&r=g","contentUrl":"https:\/\/secure.gravatar.com\/avatar\/f0f773456344da4d2788c054a3d30a0c?s=96&d=mm&r=g","caption":"R\u00e9daction"},"url":"https:\/\/elmawkie.dz\/fr\/author\/redaction\/"}]}},"_links":{"self":[{"href":"https:\/\/elmawkie.dz\/fr\/wp-json\/wp\/v2\/posts\/63329","targetHints":{"allow":["GET"]}}],"collection":[{"href":"https:\/\/elmawkie.dz\/fr\/wp-json\/wp\/v2\/posts"}],"about":[{"href":"https:\/\/elmawkie.dz\/fr\/wp-json\/wp\/v2\/types\/post"}],"author":[{"embeddable":true,"href":"https:\/\/elmawkie.dz\/fr\/wp-json\/wp\/v2\/users\/9"}],"replies":[{"embeddable":true,"href":"https:\/\/elmawkie.dz\/fr\/wp-json\/wp\/v2\/comments?post=63329"}],"version-history":[{"count":1,"href":"https:\/\/elmawkie.dz\/fr\/wp-json\/wp\/v2\/posts\/63329\/revisions"}],"predecessor-version":[{"id":63332,"href":"https:\/\/elmawkie.dz\/fr\/wp-json\/wp\/v2\/posts\/63329\/revisions\/63332"}],"wp:featuredmedia":[{"embeddable":true,"href":"https:\/\/elmawkie.dz\/fr\/wp-json\/wp\/v2\/media\/63331"}],"wp:attachment":[{"href":"https:\/\/elmawkie.dz\/fr\/wp-json\/wp\/v2\/media?parent=63329"}],"wp:term":[{"taxonomy":"category","embeddable":true,"href":"https:\/\/elmawkie.dz\/fr\/wp-json\/wp\/v2\/categories?post=63329"},{"taxonomy":"post_tag","embeddable":true,"href":"https:\/\/elmawkie.dz\/fr\/wp-json\/wp\/v2\/tags?post=63329"}],"curies":[{"name":"wp","href":"https:\/\/api.w.org\/{rel}","templated":true}]}}