{"id":63317,"date":"2026-03-12T17:55:09","date_gmt":"2026-03-12T16:55:09","guid":{"rendered":"https:\/\/elmawkie.dz\/fr\/?p=63317"},"modified":"2026-03-12T17:55:11","modified_gmt":"2026-03-12T16:55:11","slug":"vers-une-nouvelle-organisation-des-communes-un-projet-de-decret-executif-en-cours-dexamen","status":"publish","type":"post","link":"https:\/\/elmawkie.dz\/fr\/vers-une-nouvelle-organisation-des-communes-un-projet-de-decret-executif-en-cours-dexamen\/","title":{"rendered":"Vers une nouvelle organisation des communes : un projet de d\u00e9cret ex\u00e9cutif en cours d\u2019examen"},"content":{"rendered":"\n<p>Le ministre de l&rsquo;Int\u00e9rieur, des Collectivit\u00e9s locales et des Transports, Sa\u00efd Sayoud a indiqu\u00e9, jeudi \u00e0 Alger, qu&rsquo;un projet de d\u00e9cret ex\u00e9cutif est en cours de pr\u00e9paration en vue de mettre en place une structure organisationnelle mod\u00e8le permettant de consacrer une nouvelle vision dans la gestion des communes.<\/p>\n\n\n\n<p>Lors d&rsquo;une pl\u00e9ni\u00e8re \u00e0 l&rsquo;Assembl\u00e9e populaire nationale (APN), consacr\u00e9e aux questions orales, M. Sayoud a pr\u00e9cis\u00e9 que les services de son d\u00e9partement minist\u00e9riel \u00ab\u00a0sont en train d&rsquo;\u00e9laborer un projet de d\u00e9cret ex\u00e9cutif comprenant une structure organisationnelle mod\u00e8le pour les communes, prenant en charge les missions d\u00e9centralis\u00e9es de la wilaya\u00a0\u00bb.<\/p>\n\n\n\n<p>Ce d\u00e9cret qui a pour objectif de \u00ab\u00a0concr\u00e9tiser une nouvelle vision organisationnelle dans la gestion de la commune\u00a0\u00bb, constituera \u00ab\u00a0un cadre de r\u00e9f\u00e9rence permettant \u00e0 chaque commune d&rsquo;\u00e9laborer une structure organisationnelle adapt\u00e9e \u00e0 ses sp\u00e9cificit\u00e9s et \u00e0 ses priorit\u00e9s, en tenant compte du niveau d&rsquo;encadrement et de la disponibilit\u00e9 des ressources n\u00e9cessaires\u00a0\u00bb.<\/p>\n\n\n\n<p>Concernant les communes qui ont entrepris l&rsquo;\u00e9laboration de projets de structures organisationnelles, M. Sayoud a fait savoir que \u00ab\u00a0leur examen a \u00e9t\u00e9 report\u00e9 jusqu&rsquo;\u00e0 l&rsquo;adoption de la structure organisationnelle mod\u00e8le ainsi que la prise en compte des r\u00e9sultats du dernier recensement g\u00e9n\u00e9ral de la population et de l&rsquo;habitat, le nombre d&rsquo;habitants de chaque commune figurant parmi les crit\u00e8res retenus\u00a0\u00bb, a-t-il dit.<\/p>\n\n\n\n<p>R\u00e9pondant \u00e0 une question relative \u00e0 la cr\u00e9ation de nouvelles communes dans certaines wilayas, le ministre a rappel\u00e9 que cette d\u00e9marche n\u00e9cessite la modification de la loi relative \u00e0 l&rsquo;organisation territoriale du pays, les conditions ne se limitant pas aux seuls crit\u00e8res g\u00e9ographiques, pr\u00e9cisant que \u00ab\u00a0les communes peuvent, dans le cadre du renforcement de la d\u00e9centralisation, cr\u00e9er des d\u00e9l\u00e9gations ou des annexes relevant de leurs comp\u00e9tences, charg\u00e9es d&rsquo;assurer des services publics par d\u00e9l\u00e9gation de l&rsquo;Assembl\u00e9e populaire communale (APC)\u00a0\u00bb.<\/p>\n\n\n\n<p>Dans le secteur des transports, M. Sayoud a affirm\u00e9 que la r\u00e9partition des 10.000 bus \u00e0 importer sur d\u00e9cision du pr\u00e9sident de la R\u00e9publique, M. Abdelmadjid Tebboune, \u00ab\u00a0interviendra dans les prochains jours\u00a0\u00bb, pr\u00e9cisant que l&rsquo;op\u00e9ration sera lanc\u00e9e progressivement dans les grandes wilayas (Alger, Annaba, Constantine, Oran et S\u00e9tif)\u00a0\u00bb.<\/p>\n","protected":false},"excerpt":{"rendered":"<p>Le ministre de l&rsquo;Int\u00e9rieur, des Collectivit\u00e9s locales et des Transports, Sa\u00efd Sayoud a indiqu\u00e9, jeudi \u00e0 Alger, qu&rsquo;un projet de d\u00e9cret ex\u00e9cutif est en cours de pr\u00e9paration en vue de mettre en place une structure organisationnelle mod\u00e8le permettant de consacrer une nouvelle vision dans la gestion des communes. Lors d&rsquo;une pl\u00e9ni\u00e8re \u00e0 l&rsquo;Assembl\u00e9e populaire nationale &hellip;<\/p>\n","protected":false},"author":9,"featured_media":63319,"comment_status":"open","ping_status":"open","sticky":false,"template":"","format":"standard","meta":{"footnotes":""},"categories":[47],"tags":[],"class_list":["post-63317","post","type-post","status-publish","format-standard","has-post-thumbnail","hentry","category-national"],"yoast_head":"<!-- This site is optimized with the Yoast SEO Premium plugin v22.6 (Yoast SEO v22.6) - https:\/\/yoast.com\/wordpress\/plugins\/seo\/ -->\n<title>Vers une nouvelle organisation des communes : un projet de d\u00e9cret ex\u00e9cutif en cours d\u2019examen - El Mawkie<\/title>\n<meta name=\"robots\" content=\"index, follow, max-snippet:-1, max-image-preview:large, max-video-preview:-1\" \/>\n<link rel=\"canonical\" href=\"https:\/\/elmawkie.dz\/fr\/vers-une-nouvelle-organisation-des-communes-un-projet-de-decret-executif-en-cours-dexamen\/\" \/>\n<meta property=\"og:locale\" content=\"fr_FR\" \/>\n<meta property=\"og:type\" content=\"article\" \/>\n<meta property=\"og:title\" content=\"Vers une nouvelle organisation des communes : un projet de d\u00e9cret ex\u00e9cutif en cours d\u2019examen\" \/>\n<meta property=\"og:description\" content=\"Le ministre de l&rsquo;Int\u00e9rieur, des Collectivit\u00e9s locales et des Transports, Sa\u00efd Sayoud a indiqu\u00e9, jeudi \u00e0 Alger, qu&rsquo;un projet de d\u00e9cret ex\u00e9cutif est en cours de pr\u00e9paration en vue de mettre en place une structure organisationnelle mod\u00e8le permettant de consacrer une nouvelle vision dans la gestion des communes. Lors d&rsquo;une pl\u00e9ni\u00e8re \u00e0 l&rsquo;Assembl\u00e9e populaire nationale &hellip;\" \/>\n<meta property=\"og:url\" content=\"https:\/\/elmawkie.dz\/fr\/vers-une-nouvelle-organisation-des-communes-un-projet-de-decret-executif-en-cours-dexamen\/\" \/>\n<meta property=\"og:site_name\" content=\"El Mawkie\" \/>\n<meta property=\"article:publisher\" content=\"https:\/\/www.facebook.com\/profile.php?id=100088407094989&amp;locale=fr_FR\" \/>\n<meta property=\"article:published_time\" content=\"2026-03-12T16:55:09+00:00\" \/>\n<meta property=\"article:modified_time\" content=\"2026-03-12T16:55:11+00:00\" \/>\n<meta property=\"og:image\" content=\"https:\/\/elmawkie.dz\/fr\/wp-content\/uploads\/2026\/03\/IMG_2432.jpeg\" \/>\n\t<meta property=\"og:image:width\" content=\"1080\" \/>\n\t<meta property=\"og:image:height\" content=\"720\" \/>\n\t<meta property=\"og:image:type\" content=\"image\/jpeg\" \/>\n<meta name=\"author\" content=\"R\u00e9daction\" \/>\n<meta name=\"twitter:card\" content=\"summary_large_image\" \/>\n<meta name=\"twitter:label1\" content=\"Written by\" \/>\n\t<meta name=\"twitter:data1\" content=\"R\u00e9daction\" \/>\n\t<meta name=\"twitter:label2\" content=\"Est. reading time\" \/>\n\t<meta name=\"twitter:data2\" content=\"2 minutes\" \/>\n<script type=\"application\/ld+json\" class=\"yoast-schema-graph\">{\"@context\":\"https:\/\/schema.org\",\"@graph\":[{\"@type\":\"Article\",\"@id\":\"https:\/\/elmawkie.dz\/fr\/vers-une-nouvelle-organisation-des-communes-un-projet-de-decret-executif-en-cours-dexamen\/#article\",\"isPartOf\":{\"@id\":\"https:\/\/elmawkie.dz\/fr\/vers-une-nouvelle-organisation-des-communes-un-projet-de-decret-executif-en-cours-dexamen\/\"},\"author\":{\"name\":\"R\u00e9daction\",\"@id\":\"https:\/\/elmawkie.dz\/fr\/#\/schema\/person\/e7bd59d6467874ba5c4723d8a9f0a63c\"},\"headline\":\"Vers une nouvelle organisation des communes : un projet de d\u00e9cret ex\u00e9cutif en cours d\u2019examen\",\"datePublished\":\"2026-03-12T16:55:09+00:00\",\"dateModified\":\"2026-03-12T16:55:11+00:00\",\"mainEntityOfPage\":{\"@id\":\"https:\/\/elmawkie.dz\/fr\/vers-une-nouvelle-organisation-des-communes-un-projet-de-decret-executif-en-cours-dexamen\/\"},\"wordCount\":415,\"commentCount\":0,\"publisher\":{\"@id\":\"https:\/\/elmawkie.dz\/fr\/#organization\"},\"image\":{\"@id\":\"https:\/\/elmawkie.dz\/fr\/vers-une-nouvelle-organisation-des-communes-un-projet-de-decret-executif-en-cours-dexamen\/#primaryimage\"},\"thumbnailUrl\":\"https:\/\/elmawkie.dz\/fr\/wp-content\/uploads\/2026\/03\/IMG_2432.jpeg\",\"articleSection\":[\"National\"],\"inLanguage\":\"fr-FR\",\"potentialAction\":[{\"@type\":\"CommentAction\",\"name\":\"Comment\",\"target\":[\"https:\/\/elmawkie.dz\/fr\/vers-une-nouvelle-organisation-des-communes-un-projet-de-decret-executif-en-cours-dexamen\/#respond\"]}]},{\"@type\":\"WebPage\",\"@id\":\"https:\/\/elmawkie.dz\/fr\/vers-une-nouvelle-organisation-des-communes-un-projet-de-decret-executif-en-cours-dexamen\/\",\"url\":\"https:\/\/elmawkie.dz\/fr\/vers-une-nouvelle-organisation-des-communes-un-projet-de-decret-executif-en-cours-dexamen\/\",\"name\":\"Vers une nouvelle organisation des communes : un projet de d\u00e9cret ex\u00e9cutif en cours d\u2019examen - El Mawkie\",\"isPartOf\":{\"@id\":\"https:\/\/elmawkie.dz\/fr\/#website\"},\"primaryImageOfPage\":{\"@id\":\"https:\/\/elmawkie.dz\/fr\/vers-une-nouvelle-organisation-des-communes-un-projet-de-decret-executif-en-cours-dexamen\/#primaryimage\"},\"image\":{\"@id\":\"https:\/\/elmawkie.dz\/fr\/vers-une-nouvelle-organisation-des-communes-un-projet-de-decret-executif-en-cours-dexamen\/#primaryimage\"},\"thumbnailUrl\":\"https:\/\/elmawkie.dz\/fr\/wp-content\/uploads\/2026\/03\/IMG_2432.jpeg\",\"datePublished\":\"2026-03-12T16:55:09+00:00\",\"dateModified\":\"2026-03-12T16:55:11+00:00\",\"breadcrumb\":{\"@id\":\"https:\/\/elmawkie.dz\/fr\/vers-une-nouvelle-organisation-des-communes-un-projet-de-decret-executif-en-cours-dexamen\/#breadcrumb\"},\"inLanguage\":\"fr-FR\",\"potentialAction\":[{\"@type\":\"ReadAction\",\"target\":[\"https:\/\/elmawkie.dz\/fr\/vers-une-nouvelle-organisation-des-communes-un-projet-de-decret-executif-en-cours-dexamen\/\"]}]},{\"@type\":\"ImageObject\",\"inLanguage\":\"fr-FR\",\"@id\":\"https:\/\/elmawkie.dz\/fr\/vers-une-nouvelle-organisation-des-communes-un-projet-de-decret-executif-en-cours-dexamen\/#primaryimage\",\"url\":\"https:\/\/elmawkie.dz\/fr\/wp-content\/uploads\/2026\/03\/IMG_2432.jpeg\",\"contentUrl\":\"https:\/\/elmawkie.dz\/fr\/wp-content\/uploads\/2026\/03\/IMG_2432.jpeg\",\"width\":1080,\"height\":720},{\"@type\":\"BreadcrumbList\",\"@id\":\"https:\/\/elmawkie.dz\/fr\/vers-une-nouvelle-organisation-des-communes-un-projet-de-decret-executif-en-cours-dexamen\/#breadcrumb\",\"itemListElement\":[{\"@type\":\"ListItem\",\"position\":1,\"name\":\"Home\",\"item\":\"https:\/\/elmawkie.dz\/fr\/\"},{\"@type\":\"ListItem\",\"position\":2,\"name\":\"Vers une nouvelle organisation des communes : un projet de d\u00e9cret ex\u00e9cutif en cours d\u2019examen\"}]},{\"@type\":\"WebSite\",\"@id\":\"https:\/\/elmawkie.dz\/fr\/#website\",\"url\":\"https:\/\/elmawkie.dz\/fr\/\",\"name\":\"EL MAWKIE\",\"description\":\"Journal \u00c9lectronique Alg\u00e9rien\",\"publisher\":{\"@id\":\"https:\/\/elmawkie.dz\/fr\/#organization\"},\"potentialAction\":[{\"@type\":\"SearchAction\",\"target\":{\"@type\":\"EntryPoint\",\"urlTemplate\":\"https:\/\/elmawkie.dz\/fr\/?s={search_term_string}\"},\"query-input\":\"required name=search_term_string\"}],\"inLanguage\":\"fr-FR\"},{\"@type\":\"Organization\",\"@id\":\"https:\/\/elmawkie.dz\/fr\/#organization\",\"name\":\"EL MAWKIE\",\"url\":\"https:\/\/elmawkie.dz\/fr\/\",\"logo\":{\"@type\":\"ImageObject\",\"inLanguage\":\"fr-FR\",\"@id\":\"https:\/\/elmawkie.dz\/fr\/#\/schema\/logo\/image\/\",\"url\":\"https:\/\/elmawkie.dz\/fr\/wp-content\/uploads\/2024\/05\/logo1.png\",\"contentUrl\":\"https:\/\/elmawkie.dz\/fr\/wp-content\/uploads\/2024\/05\/logo1.png\",\"width\":1648,\"height\":652,\"caption\":\"EL MAWKIE\"},\"image\":{\"@id\":\"https:\/\/elmawkie.dz\/fr\/#\/schema\/logo\/image\/\"},\"sameAs\":[\"https:\/\/www.facebook.com\/profile.php?id=100088407094989&locale=fr_FR\"]},{\"@type\":\"Person\",\"@id\":\"https:\/\/elmawkie.dz\/fr\/#\/schema\/person\/e7bd59d6467874ba5c4723d8a9f0a63c\",\"name\":\"R\u00e9daction\",\"image\":{\"@type\":\"ImageObject\",\"inLanguage\":\"fr-FR\",\"@id\":\"https:\/\/elmawkie.dz\/fr\/#\/schema\/person\/image\/\",\"url\":\"https:\/\/secure.gravatar.com\/avatar\/f0f773456344da4d2788c054a3d30a0c?s=96&d=mm&r=g\",\"contentUrl\":\"https:\/\/secure.gravatar.com\/avatar\/f0f773456344da4d2788c054a3d30a0c?s=96&d=mm&r=g\",\"caption\":\"R\u00e9daction\"},\"url\":\"https:\/\/elmawkie.dz\/fr\/author\/redaction\/\"}]}<\/script>\n<!-- \/ Yoast SEO Premium plugin. -->","yoast_head_json":{"title":"Vers une nouvelle organisation des communes : un projet de d\u00e9cret ex\u00e9cutif en cours d\u2019examen - El Mawkie","robots":{"index":"index","follow":"follow","max-snippet":"max-snippet:-1","max-image-preview":"max-image-preview:large","max-video-preview":"max-video-preview:-1"},"canonical":"https:\/\/elmawkie.dz\/fr\/vers-une-nouvelle-organisation-des-communes-un-projet-de-decret-executif-en-cours-dexamen\/","og_locale":"fr_FR","og_type":"article","og_title":"Vers une nouvelle organisation des communes : un projet de d\u00e9cret ex\u00e9cutif en cours d\u2019examen","og_description":"Le ministre de l&rsquo;Int\u00e9rieur, des Collectivit\u00e9s locales et des Transports, Sa\u00efd Sayoud a indiqu\u00e9, jeudi \u00e0 Alger, qu&rsquo;un projet de d\u00e9cret ex\u00e9cutif est en cours de pr\u00e9paration en vue de mettre en place une structure organisationnelle mod\u00e8le permettant de consacrer une nouvelle vision dans la gestion des communes. Lors d&rsquo;une pl\u00e9ni\u00e8re \u00e0 l&rsquo;Assembl\u00e9e populaire nationale &hellip;","og_url":"https:\/\/elmawkie.dz\/fr\/vers-une-nouvelle-organisation-des-communes-un-projet-de-decret-executif-en-cours-dexamen\/","og_site_name":"El Mawkie","article_publisher":"https:\/\/www.facebook.com\/profile.php?id=100088407094989&locale=fr_FR","article_published_time":"2026-03-12T16:55:09+00:00","article_modified_time":"2026-03-12T16:55:11+00:00","og_image":[{"width":1080,"height":720,"url":"https:\/\/elmawkie.dz\/fr\/wp-content\/uploads\/2026\/03\/IMG_2432.jpeg","type":"image\/jpeg"}],"author":"R\u00e9daction","twitter_card":"summary_large_image","twitter_misc":{"Written by":"R\u00e9daction","Est. reading time":"2 minutes"},"schema":{"@context":"https:\/\/schema.org","@graph":[{"@type":"Article","@id":"https:\/\/elmawkie.dz\/fr\/vers-une-nouvelle-organisation-des-communes-un-projet-de-decret-executif-en-cours-dexamen\/#article","isPartOf":{"@id":"https:\/\/elmawkie.dz\/fr\/vers-une-nouvelle-organisation-des-communes-un-projet-de-decret-executif-en-cours-dexamen\/"},"author":{"name":"R\u00e9daction","@id":"https:\/\/elmawkie.dz\/fr\/#\/schema\/person\/e7bd59d6467874ba5c4723d8a9f0a63c"},"headline":"Vers une nouvelle organisation des communes : un projet de d\u00e9cret ex\u00e9cutif en cours d\u2019examen","datePublished":"2026-03-12T16:55:09+00:00","dateModified":"2026-03-12T16:55:11+00:00","mainEntityOfPage":{"@id":"https:\/\/elmawkie.dz\/fr\/vers-une-nouvelle-organisation-des-communes-un-projet-de-decret-executif-en-cours-dexamen\/"},"wordCount":415,"commentCount":0,"publisher":{"@id":"https:\/\/elmawkie.dz\/fr\/#organization"},"image":{"@id":"https:\/\/elmawkie.dz\/fr\/vers-une-nouvelle-organisation-des-communes-un-projet-de-decret-executif-en-cours-dexamen\/#primaryimage"},"thumbnailUrl":"https:\/\/elmawkie.dz\/fr\/wp-content\/uploads\/2026\/03\/IMG_2432.jpeg","articleSection":["National"],"inLanguage":"fr-FR","potentialAction":[{"@type":"CommentAction","name":"Comment","target":["https:\/\/elmawkie.dz\/fr\/vers-une-nouvelle-organisation-des-communes-un-projet-de-decret-executif-en-cours-dexamen\/#respond"]}]},{"@type":"WebPage","@id":"https:\/\/elmawkie.dz\/fr\/vers-une-nouvelle-organisation-des-communes-un-projet-de-decret-executif-en-cours-dexamen\/","url":"https:\/\/elmawkie.dz\/fr\/vers-une-nouvelle-organisation-des-communes-un-projet-de-decret-executif-en-cours-dexamen\/","name":"Vers une nouvelle organisation des communes : un projet de d\u00e9cret ex\u00e9cutif en cours d\u2019examen - El Mawkie","isPartOf":{"@id":"https:\/\/elmawkie.dz\/fr\/#website"},"primaryImageOfPage":{"@id":"https:\/\/elmawkie.dz\/fr\/vers-une-nouvelle-organisation-des-communes-un-projet-de-decret-executif-en-cours-dexamen\/#primaryimage"},"image":{"@id":"https:\/\/elmawkie.dz\/fr\/vers-une-nouvelle-organisation-des-communes-un-projet-de-decret-executif-en-cours-dexamen\/#primaryimage"},"thumbnailUrl":"https:\/\/elmawkie.dz\/fr\/wp-content\/uploads\/2026\/03\/IMG_2432.jpeg","datePublished":"2026-03-12T16:55:09+00:00","dateModified":"2026-03-12T16:55:11+00:00","breadcrumb":{"@id":"https:\/\/elmawkie.dz\/fr\/vers-une-nouvelle-organisation-des-communes-un-projet-de-decret-executif-en-cours-dexamen\/#breadcrumb"},"inLanguage":"fr-FR","potentialAction":[{"@type":"ReadAction","target":["https:\/\/elmawkie.dz\/fr\/vers-une-nouvelle-organisation-des-communes-un-projet-de-decret-executif-en-cours-dexamen\/"]}]},{"@type":"ImageObject","inLanguage":"fr-FR","@id":"https:\/\/elmawkie.dz\/fr\/vers-une-nouvelle-organisation-des-communes-un-projet-de-decret-executif-en-cours-dexamen\/#primaryimage","url":"https:\/\/elmawkie.dz\/fr\/wp-content\/uploads\/2026\/03\/IMG_2432.jpeg","contentUrl":"https:\/\/elmawkie.dz\/fr\/wp-content\/uploads\/2026\/03\/IMG_2432.jpeg","width":1080,"height":720},{"@type":"BreadcrumbList","@id":"https:\/\/elmawkie.dz\/fr\/vers-une-nouvelle-organisation-des-communes-un-projet-de-decret-executif-en-cours-dexamen\/#breadcrumb","itemListElement":[{"@type":"ListItem","position":1,"name":"Home","item":"https:\/\/elmawkie.dz\/fr\/"},{"@type":"ListItem","position":2,"name":"Vers une nouvelle organisation des communes : un projet de d\u00e9cret ex\u00e9cutif en cours d\u2019examen"}]},{"@type":"WebSite","@id":"https:\/\/elmawkie.dz\/fr\/#website","url":"https:\/\/elmawkie.dz\/fr\/","name":"EL MAWKIE","description":"Journal \u00c9lectronique Alg\u00e9rien","publisher":{"@id":"https:\/\/elmawkie.dz\/fr\/#organization"},"potentialAction":[{"@type":"SearchAction","target":{"@type":"EntryPoint","urlTemplate":"https:\/\/elmawkie.dz\/fr\/?s={search_term_string}"},"query-input":"required name=search_term_string"}],"inLanguage":"fr-FR"},{"@type":"Organization","@id":"https:\/\/elmawkie.dz\/fr\/#organization","name":"EL MAWKIE","url":"https:\/\/elmawkie.dz\/fr\/","logo":{"@type":"ImageObject","inLanguage":"fr-FR","@id":"https:\/\/elmawkie.dz\/fr\/#\/schema\/logo\/image\/","url":"https:\/\/elmawkie.dz\/fr\/wp-content\/uploads\/2024\/05\/logo1.png","contentUrl":"https:\/\/elmawkie.dz\/fr\/wp-content\/uploads\/2024\/05\/logo1.png","width":1648,"height":652,"caption":"EL MAWKIE"},"image":{"@id":"https:\/\/elmawkie.dz\/fr\/#\/schema\/logo\/image\/"},"sameAs":["https:\/\/www.facebook.com\/profile.php?id=100088407094989&locale=fr_FR"]},{"@type":"Person","@id":"https:\/\/elmawkie.dz\/fr\/#\/schema\/person\/e7bd59d6467874ba5c4723d8a9f0a63c","name":"R\u00e9daction","image":{"@type":"ImageObject","inLanguage":"fr-FR","@id":"https:\/\/elmawkie.dz\/fr\/#\/schema\/person\/image\/","url":"https:\/\/secure.gravatar.com\/avatar\/f0f773456344da4d2788c054a3d30a0c?s=96&d=mm&r=g","contentUrl":"https:\/\/secure.gravatar.com\/avatar\/f0f773456344da4d2788c054a3d30a0c?s=96&d=mm&r=g","caption":"R\u00e9daction"},"url":"https:\/\/elmawkie.dz\/fr\/author\/redaction\/"}]}},"_links":{"self":[{"href":"https:\/\/elmawkie.dz\/fr\/wp-json\/wp\/v2\/posts\/63317","targetHints":{"allow":["GET"]}}],"collection":[{"href":"https:\/\/elmawkie.dz\/fr\/wp-json\/wp\/v2\/posts"}],"about":[{"href":"https:\/\/elmawkie.dz\/fr\/wp-json\/wp\/v2\/types\/post"}],"author":[{"embeddable":true,"href":"https:\/\/elmawkie.dz\/fr\/wp-json\/wp\/v2\/users\/9"}],"replies":[{"embeddable":true,"href":"https:\/\/elmawkie.dz\/fr\/wp-json\/wp\/v2\/comments?post=63317"}],"version-history":[{"count":1,"href":"https:\/\/elmawkie.dz\/fr\/wp-json\/wp\/v2\/posts\/63317\/revisions"}],"predecessor-version":[{"id":63320,"href":"https:\/\/elmawkie.dz\/fr\/wp-json\/wp\/v2\/posts\/63317\/revisions\/63320"}],"wp:featuredmedia":[{"embeddable":true,"href":"https:\/\/elmawkie.dz\/fr\/wp-json\/wp\/v2\/media\/63319"}],"wp:attachment":[{"href":"https:\/\/elmawkie.dz\/fr\/wp-json\/wp\/v2\/media?parent=63317"}],"wp:term":[{"taxonomy":"category","embeddable":true,"href":"https:\/\/elmawkie.dz\/fr\/wp-json\/wp\/v2\/categories?post=63317"},{"taxonomy":"post_tag","embeddable":true,"href":"https:\/\/elmawkie.dz\/fr\/wp-json\/wp\/v2\/tags?post=63317"}],"curies":[{"name":"wp","href":"https:\/\/api.w.org\/{rel}","templated":true}]}}