{"id":63309,"date":"2026-03-12T17:47:51","date_gmt":"2026-03-12T16:47:51","guid":{"rendered":"https:\/\/elmawkie.dz\/fr\/?p=63309"},"modified":"2026-03-12T17:47:52","modified_gmt":"2026-03-12T16:47:52","slug":"escalade-au-moyen-orient-mises-en-garde-contre-de-graves-consequences-humanitaires-et-environnementales","status":"publish","type":"post","link":"https:\/\/elmawkie.dz\/fr\/escalade-au-moyen-orient-mises-en-garde-contre-de-graves-consequences-humanitaires-et-environnementales\/","title":{"rendered":"Escalade au Moyen-Orient: mises en garde contre de graves cons\u00e9quences humanitaires et environnementales"},"content":{"rendered":"\n<p>Les tensions continuent de s&rsquo;intensifier dans le Golfe et le Moyen-Orient o\u00f9 l&rsquo;escalade militaire se poursuivait jeudi pour le treizi\u00e8me jour cons\u00e9cutif, marqu\u00e9 par la poursuite des attaques de missiles visant des zones r\u00e9sidentielles et des infrastructures vitales, sur fond de mises en garde contre de graves cons\u00e9quences humanitaires et environnementales sur la r\u00e9gion.<\/p>\n\n\n\n<p>Des agences onusiennes ont alert\u00e9 sur le fait que l&rsquo;augmentation du nombre de victimes civiles, les d\u00e9placements massifs de populations et les dommages caus\u00e9s aux infrastructures vitales contribuent \u00e0 aggraver la situation, alors que les perturbations affectant les routes maritimes et les voies d&rsquo;acheminement de l&rsquo;\u00e9nergie risquent d&rsquo;entra\u00eener une hausse des prix mondiaux et d&rsquo;accentuer l&rsquo;ins\u00e9curit\u00e9 alimentaire.<\/p>\n\n\n\n<p>Dans ce contexte, le secr\u00e9taire g\u00e9n\u00e9ral adjoint des Nations unies aux affaires humanitaires (OCHA) et coordonnateur des secours d&rsquo;urgence de l&rsquo;ONU, Tom Fletcher, a averti mercredi soir que le conflit au Moyen-Orient accentuait la pression sur les op\u00e9rations humanitaires \u00e0 l&rsquo;\u00e9chelle mondiale, perturbait les cha\u00eenes d&rsquo;approvisionnement et ralentissait l&rsquo;acheminement de l&rsquo;aide vitale vers plusieurs zones de crise.<\/p>\n\n\n\n<p>\u00ab\u00a0Nous sommes \u00e0 un moment extr\u00eamement critique pour le Moyen-Orient, et je pense m\u00eame pour le monde entier\u00a0\u00bb, a-t-il soulign\u00e9.<\/p>\n\n\n\n<p>Par ailleurs, l&rsquo;escalade militaire dans la r\u00e9gion a provoqu\u00e9 des perturbations sur les march\u00e9s mondiaux et dans les cha\u00eenes d&rsquo;approvisionnement, avec la fermeture de l&rsquo;espace a\u00e9rien et l&rsquo;arr\u00eat du trafic maritime \u00e0 travers le strat\u00e9gique D\u00e9troit d&rsquo;Ormuz o\u00f9 le trafic s&rsquo;est effondr\u00e9, passant de 140 navires par jour avant l&rsquo;escalade \u00e0 une poign\u00e9e seulement.<\/p>\n\n\n\n<p>De son c\u00f4t\u00e9, le porte-parole du secr\u00e9taire g\u00e9n\u00e9ral de l&rsquo;ONU, St\u00e9phane Dujarric, a soulign\u00e9 l&rsquo;urgence d&rsquo;une d\u00e9sescalade imm\u00e9diate, appelant toutes les parties \u00e0 respecter le droit international humanitaire, notamment la protection des civils et des infrastructures civiles, ainsi que des \u00e9tablissements de sant\u00e9.<\/p>\n\n\n\n<p>Le Haut-Commissaire des Nations unies aux droits de l&rsquo;homme, Volker T\u00fcrk, s&rsquo;est, pour sa part, dit alarm\u00e9 par l&rsquo;impact croissant de la crise au Moyen-Orient sur les civils dans la r\u00e9gion. Il a notamment signal\u00e9 que les attaques r\u00e9p\u00e9t\u00e9es contre les zones r\u00e9sidentielles et les infrastructures vitales, notamment les h\u00f4pitaux, les \u00e9coles, les installations d&rsquo;eau et les r\u00e9seaux \u00e9nerg\u00e9tiques, pourraient entra\u00eener de graves cons\u00e9quences environnementales et humanitaires.<\/p>\n\n\n\n<p>Le responsable onusien a \u00e9galement soulign\u00e9 que la chute du trafic maritime dans le d\u00e9troit d&rsquo;Ormuz a de graves r\u00e9percussions sur l&rsquo;acc\u00e8s \u00e0 l&rsquo;\u00e9nergie, aux denr\u00e9es alimentaires et aux engrais pour les populations de la r\u00e9gion et au-del\u00e0, en particulier pour les plus vuln\u00e9rables.<\/p>\n\n\n\n<p>Les syst\u00e8mes de sant\u00e9 dans l&rsquo;ensemble de la r\u00e9gion sont, en outre, soumis \u00e0 de fortes pressions en raison de l&rsquo;augmentation du nombre de bless\u00e9s et de d\u00e9plac\u00e9s, ainsi que de la poursuite des attaques contre les \u00e9tablissements de sant\u00e9.<\/p>\n\n\n\n<p>Depuis le Caire, l&rsquo;Organisation mondiale de la sant\u00e9 (OMS) a fait remarquer que, \u00ab\u00a0plus de dix jours apr\u00e8s la derni\u00e8re escalade du conflit au Moyen-Orient, les syst\u00e8mes de sant\u00e9 de toute la r\u00e9gion sont mis \u00e0 rude \u00e9preuve par l&rsquo;augmentation des blessures et des d\u00e9placements de population et la poursuite des attaques contre les centres de sant\u00e9\u00a0\u00bb. \u00ab\u00a0Ces conditions augmentent le risque d&rsquo;infections respiratoires, de maladies diarrh\u00e9iques et d&rsquo;autres maladies transmissibles, en particulier parmi les populations les plus vuln\u00e9rables, comme les femmes et les enfants\u00a0\u00bb, pr\u00e9cise l&rsquo;Organisation.<\/p>\n\n\n\n<p>Des observateurs estiment, quant \u00e0 eux, que la poursuite de l&rsquo;escalade militaire dans la r\u00e9gion, en l&rsquo;absence de perspectives claires de d\u00e9sescalade, pourrait aggraver la crise humanitaire, alors que les appels internationaux se multiplient en faveur du respect du droit international humanitaire, de la protection des civils et des infrastructures civiles, ainsi que d&rsquo;un retour \u00e0 la voie diplomatique.<\/p>\n","protected":false},"excerpt":{"rendered":"<p>Les tensions continuent de s&rsquo;intensifier dans le Golfe et le Moyen-Orient o\u00f9 l&rsquo;escalade militaire se poursuivait jeudi pour le treizi\u00e8me jour cons\u00e9cutif, marqu\u00e9 par la poursuite des attaques de missiles visant des zones r\u00e9sidentielles et des infrastructures vitales, sur fond de mises en garde contre de graves cons\u00e9quences humanitaires et environnementales sur la r\u00e9gion. Des &hellip;<\/p>\n","protected":false},"author":9,"featured_media":63311,"comment_status":"open","ping_status":"open","sticky":false,"template":"","format":"standard","meta":{"footnotes":""},"categories":[44],"tags":[6250,6259],"class_list":["post-63309","post","type-post","status-publish","format-standard","has-post-thumbnail","hentry","category-international","tag-escalade","tag-moyen-orient-2"],"yoast_head":"<!-- This site is optimized with the Yoast SEO Premium plugin v22.6 (Yoast SEO v22.6) - https:\/\/yoast.com\/wordpress\/plugins\/seo\/ -->\n<title>Escalade au Moyen-Orient: mises en garde contre de graves cons\u00e9quences humanitaires et environnementales - El Mawkie<\/title>\n<meta name=\"robots\" content=\"index, follow, max-snippet:-1, max-image-preview:large, max-video-preview:-1\" \/>\n<link rel=\"canonical\" href=\"https:\/\/elmawkie.dz\/fr\/escalade-au-moyen-orient-mises-en-garde-contre-de-graves-consequences-humanitaires-et-environnementales\/\" \/>\n<meta property=\"og:locale\" content=\"fr_FR\" \/>\n<meta property=\"og:type\" content=\"article\" \/>\n<meta property=\"og:title\" content=\"Escalade au Moyen-Orient: mises en garde contre de graves cons\u00e9quences humanitaires et environnementales\" \/>\n<meta property=\"og:description\" content=\"Les tensions continuent de s&rsquo;intensifier dans le Golfe et le Moyen-Orient o\u00f9 l&rsquo;escalade militaire se poursuivait jeudi pour le treizi\u00e8me jour cons\u00e9cutif, marqu\u00e9 par la poursuite des attaques de missiles visant des zones r\u00e9sidentielles et des infrastructures vitales, sur fond de mises en garde contre de graves cons\u00e9quences humanitaires et environnementales sur la r\u00e9gion. Des &hellip;\" \/>\n<meta property=\"og:url\" content=\"https:\/\/elmawkie.dz\/fr\/escalade-au-moyen-orient-mises-en-garde-contre-de-graves-consequences-humanitaires-et-environnementales\/\" \/>\n<meta property=\"og:site_name\" content=\"El Mawkie\" \/>\n<meta property=\"article:publisher\" content=\"https:\/\/www.facebook.com\/profile.php?id=100088407094989&amp;locale=fr_FR\" \/>\n<meta property=\"article:published_time\" content=\"2026-03-12T16:47:51+00:00\" \/>\n<meta property=\"article:modified_time\" content=\"2026-03-12T16:47:52+00:00\" \/>\n<meta property=\"og:image\" content=\"https:\/\/elmawkie.dz\/fr\/wp-content\/uploads\/2026\/03\/IMG_2430.jpeg\" \/>\n\t<meta property=\"og:image:width\" content=\"588\" \/>\n\t<meta property=\"og:image:height\" content=\"330\" \/>\n\t<meta property=\"og:image:type\" content=\"image\/jpeg\" \/>\n<meta name=\"author\" content=\"R\u00e9daction\" \/>\n<meta name=\"twitter:card\" content=\"summary_large_image\" \/>\n<meta name=\"twitter:label1\" content=\"Written by\" \/>\n\t<meta name=\"twitter:data1\" content=\"R\u00e9daction\" \/>\n\t<meta name=\"twitter:label2\" content=\"Est. reading time\" \/>\n\t<meta name=\"twitter:data2\" content=\"4 minutes\" \/>\n<script type=\"application\/ld+json\" class=\"yoast-schema-graph\">{\"@context\":\"https:\/\/schema.org\",\"@graph\":[{\"@type\":\"Article\",\"@id\":\"https:\/\/elmawkie.dz\/fr\/escalade-au-moyen-orient-mises-en-garde-contre-de-graves-consequences-humanitaires-et-environnementales\/#article\",\"isPartOf\":{\"@id\":\"https:\/\/elmawkie.dz\/fr\/escalade-au-moyen-orient-mises-en-garde-contre-de-graves-consequences-humanitaires-et-environnementales\/\"},\"author\":{\"name\":\"R\u00e9daction\",\"@id\":\"https:\/\/elmawkie.dz\/fr\/#\/schema\/person\/e7bd59d6467874ba5c4723d8a9f0a63c\"},\"headline\":\"Escalade au Moyen-Orient: mises en garde contre de graves cons\u00e9quences humanitaires et environnementales\",\"datePublished\":\"2026-03-12T16:47:51+00:00\",\"dateModified\":\"2026-03-12T16:47:52+00:00\",\"mainEntityOfPage\":{\"@id\":\"https:\/\/elmawkie.dz\/fr\/escalade-au-moyen-orient-mises-en-garde-contre-de-graves-consequences-humanitaires-et-environnementales\/\"},\"wordCount\":688,\"commentCount\":0,\"publisher\":{\"@id\":\"https:\/\/elmawkie.dz\/fr\/#organization\"},\"image\":{\"@id\":\"https:\/\/elmawkie.dz\/fr\/escalade-au-moyen-orient-mises-en-garde-contre-de-graves-consequences-humanitaires-et-environnementales\/#primaryimage\"},\"thumbnailUrl\":\"https:\/\/elmawkie.dz\/fr\/wp-content\/uploads\/2026\/03\/IMG_2430.jpeg\",\"keywords\":[\"Escalade\",\"Moyen-Orient\"],\"articleSection\":[\"International\"],\"inLanguage\":\"fr-FR\",\"potentialAction\":[{\"@type\":\"CommentAction\",\"name\":\"Comment\",\"target\":[\"https:\/\/elmawkie.dz\/fr\/escalade-au-moyen-orient-mises-en-garde-contre-de-graves-consequences-humanitaires-et-environnementales\/#respond\"]}]},{\"@type\":\"WebPage\",\"@id\":\"https:\/\/elmawkie.dz\/fr\/escalade-au-moyen-orient-mises-en-garde-contre-de-graves-consequences-humanitaires-et-environnementales\/\",\"url\":\"https:\/\/elmawkie.dz\/fr\/escalade-au-moyen-orient-mises-en-garde-contre-de-graves-consequences-humanitaires-et-environnementales\/\",\"name\":\"Escalade au Moyen-Orient: mises en garde contre de graves cons\u00e9quences humanitaires et environnementales - El Mawkie\",\"isPartOf\":{\"@id\":\"https:\/\/elmawkie.dz\/fr\/#website\"},\"primaryImageOfPage\":{\"@id\":\"https:\/\/elmawkie.dz\/fr\/escalade-au-moyen-orient-mises-en-garde-contre-de-graves-consequences-humanitaires-et-environnementales\/#primaryimage\"},\"image\":{\"@id\":\"https:\/\/elmawkie.dz\/fr\/escalade-au-moyen-orient-mises-en-garde-contre-de-graves-consequences-humanitaires-et-environnementales\/#primaryimage\"},\"thumbnailUrl\":\"https:\/\/elmawkie.dz\/fr\/wp-content\/uploads\/2026\/03\/IMG_2430.jpeg\",\"datePublished\":\"2026-03-12T16:47:51+00:00\",\"dateModified\":\"2026-03-12T16:47:52+00:00\",\"breadcrumb\":{\"@id\":\"https:\/\/elmawkie.dz\/fr\/escalade-au-moyen-orient-mises-en-garde-contre-de-graves-consequences-humanitaires-et-environnementales\/#breadcrumb\"},\"inLanguage\":\"fr-FR\",\"potentialAction\":[{\"@type\":\"ReadAction\",\"target\":[\"https:\/\/elmawkie.dz\/fr\/escalade-au-moyen-orient-mises-en-garde-contre-de-graves-consequences-humanitaires-et-environnementales\/\"]}]},{\"@type\":\"ImageObject\",\"inLanguage\":\"fr-FR\",\"@id\":\"https:\/\/elmawkie.dz\/fr\/escalade-au-moyen-orient-mises-en-garde-contre-de-graves-consequences-humanitaires-et-environnementales\/#primaryimage\",\"url\":\"https:\/\/elmawkie.dz\/fr\/wp-content\/uploads\/2026\/03\/IMG_2430.jpeg\",\"contentUrl\":\"https:\/\/elmawkie.dz\/fr\/wp-content\/uploads\/2026\/03\/IMG_2430.jpeg\",\"width\":588,\"height\":330},{\"@type\":\"BreadcrumbList\",\"@id\":\"https:\/\/elmawkie.dz\/fr\/escalade-au-moyen-orient-mises-en-garde-contre-de-graves-consequences-humanitaires-et-environnementales\/#breadcrumb\",\"itemListElement\":[{\"@type\":\"ListItem\",\"position\":1,\"name\":\"Home\",\"item\":\"https:\/\/elmawkie.dz\/fr\/\"},{\"@type\":\"ListItem\",\"position\":2,\"name\":\"Escalade au Moyen-Orient: mises en garde contre de graves cons\u00e9quences humanitaires et environnementales\"}]},{\"@type\":\"WebSite\",\"@id\":\"https:\/\/elmawkie.dz\/fr\/#website\",\"url\":\"https:\/\/elmawkie.dz\/fr\/\",\"name\":\"EL MAWKIE\",\"description\":\"Journal \u00c9lectronique Alg\u00e9rien\",\"publisher\":{\"@id\":\"https:\/\/elmawkie.dz\/fr\/#organization\"},\"potentialAction\":[{\"@type\":\"SearchAction\",\"target\":{\"@type\":\"EntryPoint\",\"urlTemplate\":\"https:\/\/elmawkie.dz\/fr\/?s={search_term_string}\"},\"query-input\":\"required name=search_term_string\"}],\"inLanguage\":\"fr-FR\"},{\"@type\":\"Organization\",\"@id\":\"https:\/\/elmawkie.dz\/fr\/#organization\",\"name\":\"EL MAWKIE\",\"url\":\"https:\/\/elmawkie.dz\/fr\/\",\"logo\":{\"@type\":\"ImageObject\",\"inLanguage\":\"fr-FR\",\"@id\":\"https:\/\/elmawkie.dz\/fr\/#\/schema\/logo\/image\/\",\"url\":\"https:\/\/elmawkie.dz\/fr\/wp-content\/uploads\/2024\/05\/logo1.png\",\"contentUrl\":\"https:\/\/elmawkie.dz\/fr\/wp-content\/uploads\/2024\/05\/logo1.png\",\"width\":1648,\"height\":652,\"caption\":\"EL MAWKIE\"},\"image\":{\"@id\":\"https:\/\/elmawkie.dz\/fr\/#\/schema\/logo\/image\/\"},\"sameAs\":[\"https:\/\/www.facebook.com\/profile.php?id=100088407094989&locale=fr_FR\"]},{\"@type\":\"Person\",\"@id\":\"https:\/\/elmawkie.dz\/fr\/#\/schema\/person\/e7bd59d6467874ba5c4723d8a9f0a63c\",\"name\":\"R\u00e9daction\",\"image\":{\"@type\":\"ImageObject\",\"inLanguage\":\"fr-FR\",\"@id\":\"https:\/\/elmawkie.dz\/fr\/#\/schema\/person\/image\/\",\"url\":\"https:\/\/secure.gravatar.com\/avatar\/f0f773456344da4d2788c054a3d30a0c?s=96&d=mm&r=g\",\"contentUrl\":\"https:\/\/secure.gravatar.com\/avatar\/f0f773456344da4d2788c054a3d30a0c?s=96&d=mm&r=g\",\"caption\":\"R\u00e9daction\"},\"url\":\"https:\/\/elmawkie.dz\/fr\/author\/redaction\/\"}]}<\/script>\n<!-- \/ Yoast SEO Premium plugin. -->","yoast_head_json":{"title":"Escalade au Moyen-Orient: mises en garde contre de graves cons\u00e9quences humanitaires et environnementales - El Mawkie","robots":{"index":"index","follow":"follow","max-snippet":"max-snippet:-1","max-image-preview":"max-image-preview:large","max-video-preview":"max-video-preview:-1"},"canonical":"https:\/\/elmawkie.dz\/fr\/escalade-au-moyen-orient-mises-en-garde-contre-de-graves-consequences-humanitaires-et-environnementales\/","og_locale":"fr_FR","og_type":"article","og_title":"Escalade au Moyen-Orient: mises en garde contre de graves cons\u00e9quences humanitaires et environnementales","og_description":"Les tensions continuent de s&rsquo;intensifier dans le Golfe et le Moyen-Orient o\u00f9 l&rsquo;escalade militaire se poursuivait jeudi pour le treizi\u00e8me jour cons\u00e9cutif, marqu\u00e9 par la poursuite des attaques de missiles visant des zones r\u00e9sidentielles et des infrastructures vitales, sur fond de mises en garde contre de graves cons\u00e9quences humanitaires et environnementales sur la r\u00e9gion. Des &hellip;","og_url":"https:\/\/elmawkie.dz\/fr\/escalade-au-moyen-orient-mises-en-garde-contre-de-graves-consequences-humanitaires-et-environnementales\/","og_site_name":"El Mawkie","article_publisher":"https:\/\/www.facebook.com\/profile.php?id=100088407094989&locale=fr_FR","article_published_time":"2026-03-12T16:47:51+00:00","article_modified_time":"2026-03-12T16:47:52+00:00","og_image":[{"width":588,"height":330,"url":"https:\/\/elmawkie.dz\/fr\/wp-content\/uploads\/2026\/03\/IMG_2430.jpeg","type":"image\/jpeg"}],"author":"R\u00e9daction","twitter_card":"summary_large_image","twitter_misc":{"Written by":"R\u00e9daction","Est. reading time":"4 minutes"},"schema":{"@context":"https:\/\/schema.org","@graph":[{"@type":"Article","@id":"https:\/\/elmawkie.dz\/fr\/escalade-au-moyen-orient-mises-en-garde-contre-de-graves-consequences-humanitaires-et-environnementales\/#article","isPartOf":{"@id":"https:\/\/elmawkie.dz\/fr\/escalade-au-moyen-orient-mises-en-garde-contre-de-graves-consequences-humanitaires-et-environnementales\/"},"author":{"name":"R\u00e9daction","@id":"https:\/\/elmawkie.dz\/fr\/#\/schema\/person\/e7bd59d6467874ba5c4723d8a9f0a63c"},"headline":"Escalade au Moyen-Orient: mises en garde contre de graves cons\u00e9quences humanitaires et environnementales","datePublished":"2026-03-12T16:47:51+00:00","dateModified":"2026-03-12T16:47:52+00:00","mainEntityOfPage":{"@id":"https:\/\/elmawkie.dz\/fr\/escalade-au-moyen-orient-mises-en-garde-contre-de-graves-consequences-humanitaires-et-environnementales\/"},"wordCount":688,"commentCount":0,"publisher":{"@id":"https:\/\/elmawkie.dz\/fr\/#organization"},"image":{"@id":"https:\/\/elmawkie.dz\/fr\/escalade-au-moyen-orient-mises-en-garde-contre-de-graves-consequences-humanitaires-et-environnementales\/#primaryimage"},"thumbnailUrl":"https:\/\/elmawkie.dz\/fr\/wp-content\/uploads\/2026\/03\/IMG_2430.jpeg","keywords":["Escalade","Moyen-Orient"],"articleSection":["International"],"inLanguage":"fr-FR","potentialAction":[{"@type":"CommentAction","name":"Comment","target":["https:\/\/elmawkie.dz\/fr\/escalade-au-moyen-orient-mises-en-garde-contre-de-graves-consequences-humanitaires-et-environnementales\/#respond"]}]},{"@type":"WebPage","@id":"https:\/\/elmawkie.dz\/fr\/escalade-au-moyen-orient-mises-en-garde-contre-de-graves-consequences-humanitaires-et-environnementales\/","url":"https:\/\/elmawkie.dz\/fr\/escalade-au-moyen-orient-mises-en-garde-contre-de-graves-consequences-humanitaires-et-environnementales\/","name":"Escalade au Moyen-Orient: mises en garde contre de graves cons\u00e9quences humanitaires et environnementales - El Mawkie","isPartOf":{"@id":"https:\/\/elmawkie.dz\/fr\/#website"},"primaryImageOfPage":{"@id":"https:\/\/elmawkie.dz\/fr\/escalade-au-moyen-orient-mises-en-garde-contre-de-graves-consequences-humanitaires-et-environnementales\/#primaryimage"},"image":{"@id":"https:\/\/elmawkie.dz\/fr\/escalade-au-moyen-orient-mises-en-garde-contre-de-graves-consequences-humanitaires-et-environnementales\/#primaryimage"},"thumbnailUrl":"https:\/\/elmawkie.dz\/fr\/wp-content\/uploads\/2026\/03\/IMG_2430.jpeg","datePublished":"2026-03-12T16:47:51+00:00","dateModified":"2026-03-12T16:47:52+00:00","breadcrumb":{"@id":"https:\/\/elmawkie.dz\/fr\/escalade-au-moyen-orient-mises-en-garde-contre-de-graves-consequences-humanitaires-et-environnementales\/#breadcrumb"},"inLanguage":"fr-FR","potentialAction":[{"@type":"ReadAction","target":["https:\/\/elmawkie.dz\/fr\/escalade-au-moyen-orient-mises-en-garde-contre-de-graves-consequences-humanitaires-et-environnementales\/"]}]},{"@type":"ImageObject","inLanguage":"fr-FR","@id":"https:\/\/elmawkie.dz\/fr\/escalade-au-moyen-orient-mises-en-garde-contre-de-graves-consequences-humanitaires-et-environnementales\/#primaryimage","url":"https:\/\/elmawkie.dz\/fr\/wp-content\/uploads\/2026\/03\/IMG_2430.jpeg","contentUrl":"https:\/\/elmawkie.dz\/fr\/wp-content\/uploads\/2026\/03\/IMG_2430.jpeg","width":588,"height":330},{"@type":"BreadcrumbList","@id":"https:\/\/elmawkie.dz\/fr\/escalade-au-moyen-orient-mises-en-garde-contre-de-graves-consequences-humanitaires-et-environnementales\/#breadcrumb","itemListElement":[{"@type":"ListItem","position":1,"name":"Home","item":"https:\/\/elmawkie.dz\/fr\/"},{"@type":"ListItem","position":2,"name":"Escalade au Moyen-Orient: mises en garde contre de graves cons\u00e9quences humanitaires et environnementales"}]},{"@type":"WebSite","@id":"https:\/\/elmawkie.dz\/fr\/#website","url":"https:\/\/elmawkie.dz\/fr\/","name":"EL MAWKIE","description":"Journal \u00c9lectronique Alg\u00e9rien","publisher":{"@id":"https:\/\/elmawkie.dz\/fr\/#organization"},"potentialAction":[{"@type":"SearchAction","target":{"@type":"EntryPoint","urlTemplate":"https:\/\/elmawkie.dz\/fr\/?s={search_term_string}"},"query-input":"required name=search_term_string"}],"inLanguage":"fr-FR"},{"@type":"Organization","@id":"https:\/\/elmawkie.dz\/fr\/#organization","name":"EL MAWKIE","url":"https:\/\/elmawkie.dz\/fr\/","logo":{"@type":"ImageObject","inLanguage":"fr-FR","@id":"https:\/\/elmawkie.dz\/fr\/#\/schema\/logo\/image\/","url":"https:\/\/elmawkie.dz\/fr\/wp-content\/uploads\/2024\/05\/logo1.png","contentUrl":"https:\/\/elmawkie.dz\/fr\/wp-content\/uploads\/2024\/05\/logo1.png","width":1648,"height":652,"caption":"EL MAWKIE"},"image":{"@id":"https:\/\/elmawkie.dz\/fr\/#\/schema\/logo\/image\/"},"sameAs":["https:\/\/www.facebook.com\/profile.php?id=100088407094989&locale=fr_FR"]},{"@type":"Person","@id":"https:\/\/elmawkie.dz\/fr\/#\/schema\/person\/e7bd59d6467874ba5c4723d8a9f0a63c","name":"R\u00e9daction","image":{"@type":"ImageObject","inLanguage":"fr-FR","@id":"https:\/\/elmawkie.dz\/fr\/#\/schema\/person\/image\/","url":"https:\/\/secure.gravatar.com\/avatar\/f0f773456344da4d2788c054a3d30a0c?s=96&d=mm&r=g","contentUrl":"https:\/\/secure.gravatar.com\/avatar\/f0f773456344da4d2788c054a3d30a0c?s=96&d=mm&r=g","caption":"R\u00e9daction"},"url":"https:\/\/elmawkie.dz\/fr\/author\/redaction\/"}]}},"_links":{"self":[{"href":"https:\/\/elmawkie.dz\/fr\/wp-json\/wp\/v2\/posts\/63309","targetHints":{"allow":["GET"]}}],"collection":[{"href":"https:\/\/elmawkie.dz\/fr\/wp-json\/wp\/v2\/posts"}],"about":[{"href":"https:\/\/elmawkie.dz\/fr\/wp-json\/wp\/v2\/types\/post"}],"author":[{"embeddable":true,"href":"https:\/\/elmawkie.dz\/fr\/wp-json\/wp\/v2\/users\/9"}],"replies":[{"embeddable":true,"href":"https:\/\/elmawkie.dz\/fr\/wp-json\/wp\/v2\/comments?post=63309"}],"version-history":[{"count":1,"href":"https:\/\/elmawkie.dz\/fr\/wp-json\/wp\/v2\/posts\/63309\/revisions"}],"predecessor-version":[{"id":63312,"href":"https:\/\/elmawkie.dz\/fr\/wp-json\/wp\/v2\/posts\/63309\/revisions\/63312"}],"wp:featuredmedia":[{"embeddable":true,"href":"https:\/\/elmawkie.dz\/fr\/wp-json\/wp\/v2\/media\/63311"}],"wp:attachment":[{"href":"https:\/\/elmawkie.dz\/fr\/wp-json\/wp\/v2\/media?parent=63309"}],"wp:term":[{"taxonomy":"category","embeddable":true,"href":"https:\/\/elmawkie.dz\/fr\/wp-json\/wp\/v2\/categories?post=63309"},{"taxonomy":"post_tag","embeddable":true,"href":"https:\/\/elmawkie.dz\/fr\/wp-json\/wp\/v2\/tags?post=63309"}],"curies":[{"name":"wp","href":"https:\/\/api.w.org\/{rel}","templated":true}]}}