{"id":63305,"date":"2026-03-12T17:43:06","date_gmt":"2026-03-12T16:43:06","guid":{"rendered":"https:\/\/elmawkie.dz\/fr\/?p=63305"},"modified":"2026-03-12T17:43:07","modified_gmt":"2026-03-12T16:43:07","slug":"m-saihi-souligne-la-dynamique-economique-de-lalgerie-et-son-role-dans-la-creation-demplois","status":"publish","type":"post","link":"https:\/\/elmawkie.dz\/fr\/m-saihi-souligne-la-dynamique-economique-de-lalgerie-et-son-role-dans-la-creation-demplois\/","title":{"rendered":"M.Saihi souligne la dynamique \u00e9conomique de l\u2019Alg\u00e9rie et son r\u00f4le dans la cr\u00e9ation d\u2019emplois"},"content":{"rendered":"\n<p>Le ministre du Travail, de l\u2019Emploi et de la S\u00e9curit\u00e9 sociale, Abdelhak Saihi, a mis en avant, jeudi \u00e0 Alger, la dynamique \u00e9conomique que connait l\u2019Alg\u00e9rie, qui permet la cr\u00e9ation de \u00ab\u00a0plus de 500.000 postes d\u2019emploi\u00a0\u00bb, chaque ann\u00e9e.<\/p>\n\n\n\n<p>Lors d\u2019une s\u00e9ance pl\u00e9ni\u00e8re de l\u2019Assembl\u00e9e populaire nationale (APN), consacr\u00e9e aux questions orales adress\u00e9es \u00e0 des membres du Gouvernement, M. Saihi a soulign\u00e9 que \u00ab\u00a0la dynamique \u00e9conomique et le niveau de croissance dans notre pays apportent une forte dynamique en mati\u00e8re de lutte contre le ch\u00f4mage\u00a0\u00bb et ont permis \u00ab\u00a0la cr\u00e9ation de plus de 500.000 postes d\u2019emploi chaque ann\u00e9e\u00a0\u00bb.<\/p>\n\n\n\n<p>D\u2019autre part, le ministre a mis en exergue les efforts du secteur pour la num\u00e9risation qui constitue, a-t-il dit, \u00ab\u00a0le moyen idoine pour assurer des services modernes efficaces en mati\u00e8re de travail, d\u2019emploi et de s\u00e9curit\u00e9 sociale, et ce, en sus d\u2019am\u00e9liorer la performance et la qualit\u00e9 du service public\u00a0\u00bb.<\/p>\n\n\n\n<p>Dans ce contexte, le ministre a cit\u00e9 \u00ab\u00a0les dispositions de la num\u00e9risation prises dans le cadre de la coordination entre les Caisses de la s\u00e9curit\u00e9 sociale et les entreprises, notamment en mati\u00e8re de d\u00e9claration des salaires et des cotisations, le but \u00e9tant de renforcer la transparence dans ce domaine\u00a0\u00bb.<\/p>\n\n\n\n<p>S\u2019agissant de l\u2019application des lois sur le travail, M. Saihi a soulign\u00e9 \u00ab\u00a0le r\u00f4le de l\u2019Inspection du travail, consid\u00e9r\u00e9 comme \u00e9tant un m\u00e9canisme \u00e9l\u00e9mentaire dans l\u2019\u00e9valuation des dispositions de la loi dans le domaine du travail, de l\u2019emploi et de la s\u00e9curit\u00e9 sociale, \u00e0 m\u00eame de contribuer \u00e0 promouvoir l\u2019environnement du travail et \u00e0 soutenir l\u2019\u00e9conomie nationale\u00a0\u00bb .&nbsp;<\/p>\n","protected":false},"excerpt":{"rendered":"<p>Le ministre du Travail, de l\u2019Emploi et de la S\u00e9curit\u00e9 sociale, Abdelhak Saihi, a mis en avant, jeudi \u00e0 Alger, la dynamique \u00e9conomique que connait l\u2019Alg\u00e9rie, qui permet la cr\u00e9ation de \u00ab\u00a0plus de 500.000 postes d\u2019emploi\u00a0\u00bb, chaque ann\u00e9e. Lors d\u2019une s\u00e9ance pl\u00e9ni\u00e8re de l\u2019Assembl\u00e9e populaire nationale (APN), consacr\u00e9e aux questions orales adress\u00e9es \u00e0 des membres &hellip;<\/p>\n","protected":false},"author":9,"featured_media":63307,"comment_status":"open","ping_status":"open","sticky":false,"template":"","format":"standard","meta":{"footnotes":""},"categories":[47],"tags":[294,2746],"class_list":["post-63305","post","type-post","status-publish","format-standard","has-post-thumbnail","hentry","category-national","tag-lalgerie","tag-m-saihi"],"yoast_head":"<!-- This site is optimized with the Yoast SEO Premium plugin v22.6 (Yoast SEO v22.6) - https:\/\/yoast.com\/wordpress\/plugins\/seo\/ -->\n<title>M.Saihi souligne la dynamique \u00e9conomique de l\u2019Alg\u00e9rie et son r\u00f4le dans la cr\u00e9ation d\u2019emplois - El Mawkie<\/title>\n<meta name=\"robots\" content=\"index, follow, max-snippet:-1, max-image-preview:large, max-video-preview:-1\" \/>\n<link rel=\"canonical\" href=\"https:\/\/elmawkie.dz\/fr\/m-saihi-souligne-la-dynamique-economique-de-lalgerie-et-son-role-dans-la-creation-demplois\/\" \/>\n<meta property=\"og:locale\" content=\"fr_FR\" \/>\n<meta property=\"og:type\" content=\"article\" \/>\n<meta property=\"og:title\" content=\"M.Saihi souligne la dynamique \u00e9conomique de l\u2019Alg\u00e9rie et son r\u00f4le dans la cr\u00e9ation d\u2019emplois\" \/>\n<meta property=\"og:description\" content=\"Le ministre du Travail, de l\u2019Emploi et de la S\u00e9curit\u00e9 sociale, Abdelhak Saihi, a mis en avant, jeudi \u00e0 Alger, la dynamique \u00e9conomique que connait l\u2019Alg\u00e9rie, qui permet la cr\u00e9ation de \u00ab\u00a0plus de 500.000 postes d\u2019emploi\u00a0\u00bb, chaque ann\u00e9e. Lors d\u2019une s\u00e9ance pl\u00e9ni\u00e8re de l\u2019Assembl\u00e9e populaire nationale (APN), consacr\u00e9e aux questions orales adress\u00e9es \u00e0 des membres &hellip;\" \/>\n<meta property=\"og:url\" content=\"https:\/\/elmawkie.dz\/fr\/m-saihi-souligne-la-dynamique-economique-de-lalgerie-et-son-role-dans-la-creation-demplois\/\" \/>\n<meta property=\"og:site_name\" content=\"El Mawkie\" \/>\n<meta property=\"article:publisher\" content=\"https:\/\/www.facebook.com\/profile.php?id=100088407094989&amp;locale=fr_FR\" \/>\n<meta property=\"article:published_time\" content=\"2026-03-12T16:43:06+00:00\" \/>\n<meta property=\"article:modified_time\" content=\"2026-03-12T16:43:07+00:00\" \/>\n<meta property=\"og:image\" content=\"https:\/\/elmawkie.dz\/fr\/wp-content\/uploads\/2026\/03\/IMG_2428.jpeg\" \/>\n\t<meta property=\"og:image:width\" content=\"2048\" \/>\n\t<meta property=\"og:image:height\" content=\"1353\" \/>\n\t<meta property=\"og:image:type\" content=\"image\/jpeg\" \/>\n<meta name=\"author\" content=\"R\u00e9daction\" \/>\n<meta name=\"twitter:card\" content=\"summary_large_image\" \/>\n<meta name=\"twitter:label1\" content=\"Written by\" \/>\n\t<meta name=\"twitter:data1\" content=\"R\u00e9daction\" \/>\n\t<meta name=\"twitter:label2\" content=\"Est. reading time\" \/>\n\t<meta name=\"twitter:data2\" content=\"2 minutes\" \/>\n<script type=\"application\/ld+json\" class=\"yoast-schema-graph\">{\"@context\":\"https:\/\/schema.org\",\"@graph\":[{\"@type\":\"Article\",\"@id\":\"https:\/\/elmawkie.dz\/fr\/m-saihi-souligne-la-dynamique-economique-de-lalgerie-et-son-role-dans-la-creation-demplois\/#article\",\"isPartOf\":{\"@id\":\"https:\/\/elmawkie.dz\/fr\/m-saihi-souligne-la-dynamique-economique-de-lalgerie-et-son-role-dans-la-creation-demplois\/\"},\"author\":{\"name\":\"R\u00e9daction\",\"@id\":\"https:\/\/elmawkie.dz\/fr\/#\/schema\/person\/e7bd59d6467874ba5c4723d8a9f0a63c\"},\"headline\":\"M.Saihi souligne la dynamique \u00e9conomique de l\u2019Alg\u00e9rie et son r\u00f4le dans la cr\u00e9ation d\u2019emplois\",\"datePublished\":\"2026-03-12T16:43:06+00:00\",\"dateModified\":\"2026-03-12T16:43:07+00:00\",\"mainEntityOfPage\":{\"@id\":\"https:\/\/elmawkie.dz\/fr\/m-saihi-souligne-la-dynamique-economique-de-lalgerie-et-son-role-dans-la-creation-demplois\/\"},\"wordCount\":311,\"commentCount\":0,\"publisher\":{\"@id\":\"https:\/\/elmawkie.dz\/fr\/#organization\"},\"image\":{\"@id\":\"https:\/\/elmawkie.dz\/fr\/m-saihi-souligne-la-dynamique-economique-de-lalgerie-et-son-role-dans-la-creation-demplois\/#primaryimage\"},\"thumbnailUrl\":\"https:\/\/elmawkie.dz\/fr\/wp-content\/uploads\/2026\/03\/IMG_2428.jpeg\",\"keywords\":[\"L'Alg\u00e9rie\",\"M.Saihi\"],\"articleSection\":[\"National\"],\"inLanguage\":\"fr-FR\",\"potentialAction\":[{\"@type\":\"CommentAction\",\"name\":\"Comment\",\"target\":[\"https:\/\/elmawkie.dz\/fr\/m-saihi-souligne-la-dynamique-economique-de-lalgerie-et-son-role-dans-la-creation-demplois\/#respond\"]}]},{\"@type\":\"WebPage\",\"@id\":\"https:\/\/elmawkie.dz\/fr\/m-saihi-souligne-la-dynamique-economique-de-lalgerie-et-son-role-dans-la-creation-demplois\/\",\"url\":\"https:\/\/elmawkie.dz\/fr\/m-saihi-souligne-la-dynamique-economique-de-lalgerie-et-son-role-dans-la-creation-demplois\/\",\"name\":\"M.Saihi souligne la dynamique \u00e9conomique de l\u2019Alg\u00e9rie et son r\u00f4le dans la cr\u00e9ation d\u2019emplois - El Mawkie\",\"isPartOf\":{\"@id\":\"https:\/\/elmawkie.dz\/fr\/#website\"},\"primaryImageOfPage\":{\"@id\":\"https:\/\/elmawkie.dz\/fr\/m-saihi-souligne-la-dynamique-economique-de-lalgerie-et-son-role-dans-la-creation-demplois\/#primaryimage\"},\"image\":{\"@id\":\"https:\/\/elmawkie.dz\/fr\/m-saihi-souligne-la-dynamique-economique-de-lalgerie-et-son-role-dans-la-creation-demplois\/#primaryimage\"},\"thumbnailUrl\":\"https:\/\/elmawkie.dz\/fr\/wp-content\/uploads\/2026\/03\/IMG_2428.jpeg\",\"datePublished\":\"2026-03-12T16:43:06+00:00\",\"dateModified\":\"2026-03-12T16:43:07+00:00\",\"breadcrumb\":{\"@id\":\"https:\/\/elmawkie.dz\/fr\/m-saihi-souligne-la-dynamique-economique-de-lalgerie-et-son-role-dans-la-creation-demplois\/#breadcrumb\"},\"inLanguage\":\"fr-FR\",\"potentialAction\":[{\"@type\":\"ReadAction\",\"target\":[\"https:\/\/elmawkie.dz\/fr\/m-saihi-souligne-la-dynamique-economique-de-lalgerie-et-son-role-dans-la-creation-demplois\/\"]}]},{\"@type\":\"ImageObject\",\"inLanguage\":\"fr-FR\",\"@id\":\"https:\/\/elmawkie.dz\/fr\/m-saihi-souligne-la-dynamique-economique-de-lalgerie-et-son-role-dans-la-creation-demplois\/#primaryimage\",\"url\":\"https:\/\/elmawkie.dz\/fr\/wp-content\/uploads\/2026\/03\/IMG_2428.jpeg\",\"contentUrl\":\"https:\/\/elmawkie.dz\/fr\/wp-content\/uploads\/2026\/03\/IMG_2428.jpeg\",\"width\":2048,\"height\":1353},{\"@type\":\"BreadcrumbList\",\"@id\":\"https:\/\/elmawkie.dz\/fr\/m-saihi-souligne-la-dynamique-economique-de-lalgerie-et-son-role-dans-la-creation-demplois\/#breadcrumb\",\"itemListElement\":[{\"@type\":\"ListItem\",\"position\":1,\"name\":\"Home\",\"item\":\"https:\/\/elmawkie.dz\/fr\/\"},{\"@type\":\"ListItem\",\"position\":2,\"name\":\"M.Saihi souligne la dynamique \u00e9conomique de l\u2019Alg\u00e9rie et son r\u00f4le dans la cr\u00e9ation d\u2019emplois\"}]},{\"@type\":\"WebSite\",\"@id\":\"https:\/\/elmawkie.dz\/fr\/#website\",\"url\":\"https:\/\/elmawkie.dz\/fr\/\",\"name\":\"EL MAWKIE\",\"description\":\"Journal \u00c9lectronique Alg\u00e9rien\",\"publisher\":{\"@id\":\"https:\/\/elmawkie.dz\/fr\/#organization\"},\"potentialAction\":[{\"@type\":\"SearchAction\",\"target\":{\"@type\":\"EntryPoint\",\"urlTemplate\":\"https:\/\/elmawkie.dz\/fr\/?s={search_term_string}\"},\"query-input\":\"required name=search_term_string\"}],\"inLanguage\":\"fr-FR\"},{\"@type\":\"Organization\",\"@id\":\"https:\/\/elmawkie.dz\/fr\/#organization\",\"name\":\"EL MAWKIE\",\"url\":\"https:\/\/elmawkie.dz\/fr\/\",\"logo\":{\"@type\":\"ImageObject\",\"inLanguage\":\"fr-FR\",\"@id\":\"https:\/\/elmawkie.dz\/fr\/#\/schema\/logo\/image\/\",\"url\":\"https:\/\/elmawkie.dz\/fr\/wp-content\/uploads\/2024\/05\/logo1.png\",\"contentUrl\":\"https:\/\/elmawkie.dz\/fr\/wp-content\/uploads\/2024\/05\/logo1.png\",\"width\":1648,\"height\":652,\"caption\":\"EL MAWKIE\"},\"image\":{\"@id\":\"https:\/\/elmawkie.dz\/fr\/#\/schema\/logo\/image\/\"},\"sameAs\":[\"https:\/\/www.facebook.com\/profile.php?id=100088407094989&locale=fr_FR\"]},{\"@type\":\"Person\",\"@id\":\"https:\/\/elmawkie.dz\/fr\/#\/schema\/person\/e7bd59d6467874ba5c4723d8a9f0a63c\",\"name\":\"R\u00e9daction\",\"image\":{\"@type\":\"ImageObject\",\"inLanguage\":\"fr-FR\",\"@id\":\"https:\/\/elmawkie.dz\/fr\/#\/schema\/person\/image\/\",\"url\":\"https:\/\/secure.gravatar.com\/avatar\/f0f773456344da4d2788c054a3d30a0c?s=96&d=mm&r=g\",\"contentUrl\":\"https:\/\/secure.gravatar.com\/avatar\/f0f773456344da4d2788c054a3d30a0c?s=96&d=mm&r=g\",\"caption\":\"R\u00e9daction\"},\"url\":\"https:\/\/elmawkie.dz\/fr\/author\/redaction\/\"}]}<\/script>\n<!-- \/ Yoast SEO Premium plugin. -->","yoast_head_json":{"title":"M.Saihi souligne la dynamique \u00e9conomique de l\u2019Alg\u00e9rie et son r\u00f4le dans la cr\u00e9ation d\u2019emplois - El Mawkie","robots":{"index":"index","follow":"follow","max-snippet":"max-snippet:-1","max-image-preview":"max-image-preview:large","max-video-preview":"max-video-preview:-1"},"canonical":"https:\/\/elmawkie.dz\/fr\/m-saihi-souligne-la-dynamique-economique-de-lalgerie-et-son-role-dans-la-creation-demplois\/","og_locale":"fr_FR","og_type":"article","og_title":"M.Saihi souligne la dynamique \u00e9conomique de l\u2019Alg\u00e9rie et son r\u00f4le dans la cr\u00e9ation d\u2019emplois","og_description":"Le ministre du Travail, de l\u2019Emploi et de la S\u00e9curit\u00e9 sociale, Abdelhak Saihi, a mis en avant, jeudi \u00e0 Alger, la dynamique \u00e9conomique que connait l\u2019Alg\u00e9rie, qui permet la cr\u00e9ation de \u00ab\u00a0plus de 500.000 postes d\u2019emploi\u00a0\u00bb, chaque ann\u00e9e. Lors d\u2019une s\u00e9ance pl\u00e9ni\u00e8re de l\u2019Assembl\u00e9e populaire nationale (APN), consacr\u00e9e aux questions orales adress\u00e9es \u00e0 des membres &hellip;","og_url":"https:\/\/elmawkie.dz\/fr\/m-saihi-souligne-la-dynamique-economique-de-lalgerie-et-son-role-dans-la-creation-demplois\/","og_site_name":"El Mawkie","article_publisher":"https:\/\/www.facebook.com\/profile.php?id=100088407094989&locale=fr_FR","article_published_time":"2026-03-12T16:43:06+00:00","article_modified_time":"2026-03-12T16:43:07+00:00","og_image":[{"width":2048,"height":1353,"url":"https:\/\/elmawkie.dz\/fr\/wp-content\/uploads\/2026\/03\/IMG_2428.jpeg","type":"image\/jpeg"}],"author":"R\u00e9daction","twitter_card":"summary_large_image","twitter_misc":{"Written by":"R\u00e9daction","Est. reading time":"2 minutes"},"schema":{"@context":"https:\/\/schema.org","@graph":[{"@type":"Article","@id":"https:\/\/elmawkie.dz\/fr\/m-saihi-souligne-la-dynamique-economique-de-lalgerie-et-son-role-dans-la-creation-demplois\/#article","isPartOf":{"@id":"https:\/\/elmawkie.dz\/fr\/m-saihi-souligne-la-dynamique-economique-de-lalgerie-et-son-role-dans-la-creation-demplois\/"},"author":{"name":"R\u00e9daction","@id":"https:\/\/elmawkie.dz\/fr\/#\/schema\/person\/e7bd59d6467874ba5c4723d8a9f0a63c"},"headline":"M.Saihi souligne la dynamique \u00e9conomique de l\u2019Alg\u00e9rie et son r\u00f4le dans la cr\u00e9ation d\u2019emplois","datePublished":"2026-03-12T16:43:06+00:00","dateModified":"2026-03-12T16:43:07+00:00","mainEntityOfPage":{"@id":"https:\/\/elmawkie.dz\/fr\/m-saihi-souligne-la-dynamique-economique-de-lalgerie-et-son-role-dans-la-creation-demplois\/"},"wordCount":311,"commentCount":0,"publisher":{"@id":"https:\/\/elmawkie.dz\/fr\/#organization"},"image":{"@id":"https:\/\/elmawkie.dz\/fr\/m-saihi-souligne-la-dynamique-economique-de-lalgerie-et-son-role-dans-la-creation-demplois\/#primaryimage"},"thumbnailUrl":"https:\/\/elmawkie.dz\/fr\/wp-content\/uploads\/2026\/03\/IMG_2428.jpeg","keywords":["L'Alg\u00e9rie","M.Saihi"],"articleSection":["National"],"inLanguage":"fr-FR","potentialAction":[{"@type":"CommentAction","name":"Comment","target":["https:\/\/elmawkie.dz\/fr\/m-saihi-souligne-la-dynamique-economique-de-lalgerie-et-son-role-dans-la-creation-demplois\/#respond"]}]},{"@type":"WebPage","@id":"https:\/\/elmawkie.dz\/fr\/m-saihi-souligne-la-dynamique-economique-de-lalgerie-et-son-role-dans-la-creation-demplois\/","url":"https:\/\/elmawkie.dz\/fr\/m-saihi-souligne-la-dynamique-economique-de-lalgerie-et-son-role-dans-la-creation-demplois\/","name":"M.Saihi souligne la dynamique \u00e9conomique de l\u2019Alg\u00e9rie et son r\u00f4le dans la cr\u00e9ation d\u2019emplois - El Mawkie","isPartOf":{"@id":"https:\/\/elmawkie.dz\/fr\/#website"},"primaryImageOfPage":{"@id":"https:\/\/elmawkie.dz\/fr\/m-saihi-souligne-la-dynamique-economique-de-lalgerie-et-son-role-dans-la-creation-demplois\/#primaryimage"},"image":{"@id":"https:\/\/elmawkie.dz\/fr\/m-saihi-souligne-la-dynamique-economique-de-lalgerie-et-son-role-dans-la-creation-demplois\/#primaryimage"},"thumbnailUrl":"https:\/\/elmawkie.dz\/fr\/wp-content\/uploads\/2026\/03\/IMG_2428.jpeg","datePublished":"2026-03-12T16:43:06+00:00","dateModified":"2026-03-12T16:43:07+00:00","breadcrumb":{"@id":"https:\/\/elmawkie.dz\/fr\/m-saihi-souligne-la-dynamique-economique-de-lalgerie-et-son-role-dans-la-creation-demplois\/#breadcrumb"},"inLanguage":"fr-FR","potentialAction":[{"@type":"ReadAction","target":["https:\/\/elmawkie.dz\/fr\/m-saihi-souligne-la-dynamique-economique-de-lalgerie-et-son-role-dans-la-creation-demplois\/"]}]},{"@type":"ImageObject","inLanguage":"fr-FR","@id":"https:\/\/elmawkie.dz\/fr\/m-saihi-souligne-la-dynamique-economique-de-lalgerie-et-son-role-dans-la-creation-demplois\/#primaryimage","url":"https:\/\/elmawkie.dz\/fr\/wp-content\/uploads\/2026\/03\/IMG_2428.jpeg","contentUrl":"https:\/\/elmawkie.dz\/fr\/wp-content\/uploads\/2026\/03\/IMG_2428.jpeg","width":2048,"height":1353},{"@type":"BreadcrumbList","@id":"https:\/\/elmawkie.dz\/fr\/m-saihi-souligne-la-dynamique-economique-de-lalgerie-et-son-role-dans-la-creation-demplois\/#breadcrumb","itemListElement":[{"@type":"ListItem","position":1,"name":"Home","item":"https:\/\/elmawkie.dz\/fr\/"},{"@type":"ListItem","position":2,"name":"M.Saihi souligne la dynamique \u00e9conomique de l\u2019Alg\u00e9rie et son r\u00f4le dans la cr\u00e9ation d\u2019emplois"}]},{"@type":"WebSite","@id":"https:\/\/elmawkie.dz\/fr\/#website","url":"https:\/\/elmawkie.dz\/fr\/","name":"EL MAWKIE","description":"Journal \u00c9lectronique Alg\u00e9rien","publisher":{"@id":"https:\/\/elmawkie.dz\/fr\/#organization"},"potentialAction":[{"@type":"SearchAction","target":{"@type":"EntryPoint","urlTemplate":"https:\/\/elmawkie.dz\/fr\/?s={search_term_string}"},"query-input":"required name=search_term_string"}],"inLanguage":"fr-FR"},{"@type":"Organization","@id":"https:\/\/elmawkie.dz\/fr\/#organization","name":"EL MAWKIE","url":"https:\/\/elmawkie.dz\/fr\/","logo":{"@type":"ImageObject","inLanguage":"fr-FR","@id":"https:\/\/elmawkie.dz\/fr\/#\/schema\/logo\/image\/","url":"https:\/\/elmawkie.dz\/fr\/wp-content\/uploads\/2024\/05\/logo1.png","contentUrl":"https:\/\/elmawkie.dz\/fr\/wp-content\/uploads\/2024\/05\/logo1.png","width":1648,"height":652,"caption":"EL MAWKIE"},"image":{"@id":"https:\/\/elmawkie.dz\/fr\/#\/schema\/logo\/image\/"},"sameAs":["https:\/\/www.facebook.com\/profile.php?id=100088407094989&locale=fr_FR"]},{"@type":"Person","@id":"https:\/\/elmawkie.dz\/fr\/#\/schema\/person\/e7bd59d6467874ba5c4723d8a9f0a63c","name":"R\u00e9daction","image":{"@type":"ImageObject","inLanguage":"fr-FR","@id":"https:\/\/elmawkie.dz\/fr\/#\/schema\/person\/image\/","url":"https:\/\/secure.gravatar.com\/avatar\/f0f773456344da4d2788c054a3d30a0c?s=96&d=mm&r=g","contentUrl":"https:\/\/secure.gravatar.com\/avatar\/f0f773456344da4d2788c054a3d30a0c?s=96&d=mm&r=g","caption":"R\u00e9daction"},"url":"https:\/\/elmawkie.dz\/fr\/author\/redaction\/"}]}},"_links":{"self":[{"href":"https:\/\/elmawkie.dz\/fr\/wp-json\/wp\/v2\/posts\/63305","targetHints":{"allow":["GET"]}}],"collection":[{"href":"https:\/\/elmawkie.dz\/fr\/wp-json\/wp\/v2\/posts"}],"about":[{"href":"https:\/\/elmawkie.dz\/fr\/wp-json\/wp\/v2\/types\/post"}],"author":[{"embeddable":true,"href":"https:\/\/elmawkie.dz\/fr\/wp-json\/wp\/v2\/users\/9"}],"replies":[{"embeddable":true,"href":"https:\/\/elmawkie.dz\/fr\/wp-json\/wp\/v2\/comments?post=63305"}],"version-history":[{"count":1,"href":"https:\/\/elmawkie.dz\/fr\/wp-json\/wp\/v2\/posts\/63305\/revisions"}],"predecessor-version":[{"id":63308,"href":"https:\/\/elmawkie.dz\/fr\/wp-json\/wp\/v2\/posts\/63305\/revisions\/63308"}],"wp:featuredmedia":[{"embeddable":true,"href":"https:\/\/elmawkie.dz\/fr\/wp-json\/wp\/v2\/media\/63307"}],"wp:attachment":[{"href":"https:\/\/elmawkie.dz\/fr\/wp-json\/wp\/v2\/media?parent=63305"}],"wp:term":[{"taxonomy":"category","embeddable":true,"href":"https:\/\/elmawkie.dz\/fr\/wp-json\/wp\/v2\/categories?post=63305"},{"taxonomy":"post_tag","embeddable":true,"href":"https:\/\/elmawkie.dz\/fr\/wp-json\/wp\/v2\/tags?post=63305"}],"curies":[{"name":"wp","href":"https:\/\/api.w.org\/{rel}","templated":true}]}}