{"id":63301,"date":"2026-03-12T17:40:28","date_gmt":"2026-03-12T16:40:28","guid":{"rendered":"https:\/\/elmawkie.dz\/fr\/?p=63301"},"modified":"2026-03-12T17:40:29","modified_gmt":"2026-03-12T16:40:29","slug":"le-premier-ministre-preside-une-reunion-du-conseil-interministeriel-sur-la-strategie-nationale-du-cinema","status":"publish","type":"post","link":"https:\/\/elmawkie.dz\/fr\/le-premier-ministre-preside-une-reunion-du-conseil-interministeriel-sur-la-strategie-nationale-du-cinema\/","title":{"rendered":"Le Premier ministre pr\u00e9side une r\u00e9union du Conseil interminist\u00e9riel sur la strat\u00e9gie nationale du cin\u00e9ma\u00a0"},"content":{"rendered":"\n<p>Le Premier ministre, M. Sifi Ghrieb, a pr\u00e9sid\u00e9, mercredi, une r\u00e9union du Conseil interminist\u00e9riel consacr\u00e9e \u00e0 l&rsquo;examen de la strat\u00e9gie nationale du cin\u00e9ma 2026-2030, indique jeudi un communiqu\u00e9 des services du Premier ministre.<\/p>\n\n\n\n<p>Cette strat\u00e9gie repr\u00e9sente \u00ab\u00a0un document de r\u00e9f\u00e9rence s&rsquo;appuyant sur les engagements du pr\u00e9sident de la R\u00e9publique et traduisant concr\u00e8tement ses orientations\u00a0\u00bb, pr\u00e9cise le communiqu\u00e9.<\/p>\n\n\n\n<p>Ce document de r\u00e9f\u00e9rence \u00ab\u00a0repose \u00e9galement sur la vision intellectuelle et pragmatique port\u00e9e par le pr\u00e9sident de la R\u00e9publique dans son discours lors des Assises nationales du cin\u00e9ma, tenues les 19 et 20 janvier 2025, ainsi que sur les conclusions de ces derni\u00e8res\u00a0\u00bb, ajoute la m\u00eame source.<\/p>\n\n\n\n<p>\u00ab\u00a0Fond\u00e9e sur une approche globale consid\u00e9rant le cin\u00e9ma comme un projet national o\u00f9 se croisent les dimensions culturelle, \u00e9conomique, d&rsquo;investissement, financi\u00e8re, communicationnelle et diplomatique, cette strat\u00e9gie vise \u00e0 jeter les bases d&rsquo;une industrie cin\u00e9matographique moderne et comp\u00e9titive, r\u00e9pondant aux attentes du public alg\u00e9rien et insufflant une nouvelle dynamique \u00e0 la production cin\u00e9matographique\u00a0\u00bb, conclut le communiqu\u00e9.<\/p>\n","protected":false},"excerpt":{"rendered":"<p>Le Premier ministre, M. Sifi Ghrieb, a pr\u00e9sid\u00e9, mercredi, une r\u00e9union du Conseil interminist\u00e9riel consacr\u00e9e \u00e0 l&rsquo;examen de la strat\u00e9gie nationale du cin\u00e9ma 2026-2030, indique jeudi un communiqu\u00e9 des services du Premier ministre. Cette strat\u00e9gie repr\u00e9sente \u00ab\u00a0un document de r\u00e9f\u00e9rence s&rsquo;appuyant sur les engagements du pr\u00e9sident de la R\u00e9publique et traduisant concr\u00e8tement ses orientations\u00a0\u00bb, pr\u00e9cise &hellip;<\/p>\n","protected":false},"author":9,"featured_media":63303,"comment_status":"open","ping_status":"open","sticky":false,"template":"","format":"standard","meta":{"footnotes":""},"categories":[47],"tags":[1676],"class_list":["post-63301","post","type-post","status-publish","format-standard","has-post-thumbnail","hentry","category-national","tag-le-premier-ministre"],"yoast_head":"<!-- This site is optimized with the Yoast SEO Premium plugin v22.6 (Yoast SEO v22.6) - https:\/\/yoast.com\/wordpress\/plugins\/seo\/ -->\n<title>Le Premier ministre pr\u00e9side une r\u00e9union du Conseil interminist\u00e9riel sur la strat\u00e9gie nationale du cin\u00e9ma\u00a0 - El Mawkie<\/title>\n<meta name=\"robots\" content=\"index, follow, max-snippet:-1, max-image-preview:large, max-video-preview:-1\" \/>\n<link rel=\"canonical\" href=\"https:\/\/elmawkie.dz\/fr\/le-premier-ministre-preside-une-reunion-du-conseil-interministeriel-sur-la-strategie-nationale-du-cinema\/\" \/>\n<meta property=\"og:locale\" content=\"fr_FR\" \/>\n<meta property=\"og:type\" content=\"article\" \/>\n<meta property=\"og:title\" content=\"Le Premier ministre pr\u00e9side une r\u00e9union du Conseil interminist\u00e9riel sur la strat\u00e9gie nationale du cin\u00e9ma\u00a0\" \/>\n<meta property=\"og:description\" content=\"Le Premier ministre, M. Sifi Ghrieb, a pr\u00e9sid\u00e9, mercredi, une r\u00e9union du Conseil interminist\u00e9riel consacr\u00e9e \u00e0 l&rsquo;examen de la strat\u00e9gie nationale du cin\u00e9ma 2026-2030, indique jeudi un communiqu\u00e9 des services du Premier ministre. Cette strat\u00e9gie repr\u00e9sente \u00ab\u00a0un document de r\u00e9f\u00e9rence s&rsquo;appuyant sur les engagements du pr\u00e9sident de la R\u00e9publique et traduisant concr\u00e8tement ses orientations\u00a0\u00bb, pr\u00e9cise &hellip;\" \/>\n<meta property=\"og:url\" content=\"https:\/\/elmawkie.dz\/fr\/le-premier-ministre-preside-une-reunion-du-conseil-interministeriel-sur-la-strategie-nationale-du-cinema\/\" \/>\n<meta property=\"og:site_name\" content=\"El Mawkie\" \/>\n<meta property=\"article:publisher\" content=\"https:\/\/www.facebook.com\/profile.php?id=100088407094989&amp;locale=fr_FR\" \/>\n<meta property=\"article:published_time\" content=\"2026-03-12T16:40:28+00:00\" \/>\n<meta property=\"article:modified_time\" content=\"2026-03-12T16:40:29+00:00\" \/>\n<meta property=\"og:image\" content=\"https:\/\/elmawkie.dz\/fr\/wp-content\/uploads\/2026\/03\/IMG_2427.jpeg\" \/>\n\t<meta property=\"og:image:width\" content=\"1440\" \/>\n\t<meta property=\"og:image:height\" content=\"960\" \/>\n\t<meta property=\"og:image:type\" content=\"image\/jpeg\" \/>\n<meta name=\"author\" content=\"R\u00e9daction\" \/>\n<meta name=\"twitter:card\" content=\"summary_large_image\" \/>\n<meta name=\"twitter:label1\" content=\"Written by\" \/>\n\t<meta name=\"twitter:data1\" content=\"R\u00e9daction\" \/>\n\t<meta name=\"twitter:label2\" content=\"Est. reading time\" \/>\n\t<meta name=\"twitter:data2\" content=\"2 minutes\" \/>\n<script type=\"application\/ld+json\" class=\"yoast-schema-graph\">{\"@context\":\"https:\/\/schema.org\",\"@graph\":[{\"@type\":\"Article\",\"@id\":\"https:\/\/elmawkie.dz\/fr\/le-premier-ministre-preside-une-reunion-du-conseil-interministeriel-sur-la-strategie-nationale-du-cinema\/#article\",\"isPartOf\":{\"@id\":\"https:\/\/elmawkie.dz\/fr\/le-premier-ministre-preside-une-reunion-du-conseil-interministeriel-sur-la-strategie-nationale-du-cinema\/\"},\"author\":{\"name\":\"R\u00e9daction\",\"@id\":\"https:\/\/elmawkie.dz\/fr\/#\/schema\/person\/e7bd59d6467874ba5c4723d8a9f0a63c\"},\"headline\":\"Le Premier ministre pr\u00e9side une r\u00e9union du Conseil interminist\u00e9riel sur la strat\u00e9gie nationale du cin\u00e9ma\u00a0\",\"datePublished\":\"2026-03-12T16:40:28+00:00\",\"dateModified\":\"2026-03-12T16:40:29+00:00\",\"mainEntityOfPage\":{\"@id\":\"https:\/\/elmawkie.dz\/fr\/le-premier-ministre-preside-une-reunion-du-conseil-interministeriel-sur-la-strategie-nationale-du-cinema\/\"},\"wordCount\":209,\"commentCount\":0,\"publisher\":{\"@id\":\"https:\/\/elmawkie.dz\/fr\/#organization\"},\"image\":{\"@id\":\"https:\/\/elmawkie.dz\/fr\/le-premier-ministre-preside-une-reunion-du-conseil-interministeriel-sur-la-strategie-nationale-du-cinema\/#primaryimage\"},\"thumbnailUrl\":\"https:\/\/elmawkie.dz\/fr\/wp-content\/uploads\/2026\/03\/IMG_2427.jpeg\",\"keywords\":[\"le Premier ministre\"],\"articleSection\":[\"National\"],\"inLanguage\":\"fr-FR\",\"potentialAction\":[{\"@type\":\"CommentAction\",\"name\":\"Comment\",\"target\":[\"https:\/\/elmawkie.dz\/fr\/le-premier-ministre-preside-une-reunion-du-conseil-interministeriel-sur-la-strategie-nationale-du-cinema\/#respond\"]}]},{\"@type\":\"WebPage\",\"@id\":\"https:\/\/elmawkie.dz\/fr\/le-premier-ministre-preside-une-reunion-du-conseil-interministeriel-sur-la-strategie-nationale-du-cinema\/\",\"url\":\"https:\/\/elmawkie.dz\/fr\/le-premier-ministre-preside-une-reunion-du-conseil-interministeriel-sur-la-strategie-nationale-du-cinema\/\",\"name\":\"Le Premier ministre pr\u00e9side une r\u00e9union du Conseil interminist\u00e9riel sur la strat\u00e9gie nationale du cin\u00e9ma\u00a0 - El Mawkie\",\"isPartOf\":{\"@id\":\"https:\/\/elmawkie.dz\/fr\/#website\"},\"primaryImageOfPage\":{\"@id\":\"https:\/\/elmawkie.dz\/fr\/le-premier-ministre-preside-une-reunion-du-conseil-interministeriel-sur-la-strategie-nationale-du-cinema\/#primaryimage\"},\"image\":{\"@id\":\"https:\/\/elmawkie.dz\/fr\/le-premier-ministre-preside-une-reunion-du-conseil-interministeriel-sur-la-strategie-nationale-du-cinema\/#primaryimage\"},\"thumbnailUrl\":\"https:\/\/elmawkie.dz\/fr\/wp-content\/uploads\/2026\/03\/IMG_2427.jpeg\",\"datePublished\":\"2026-03-12T16:40:28+00:00\",\"dateModified\":\"2026-03-12T16:40:29+00:00\",\"breadcrumb\":{\"@id\":\"https:\/\/elmawkie.dz\/fr\/le-premier-ministre-preside-une-reunion-du-conseil-interministeriel-sur-la-strategie-nationale-du-cinema\/#breadcrumb\"},\"inLanguage\":\"fr-FR\",\"potentialAction\":[{\"@type\":\"ReadAction\",\"target\":[\"https:\/\/elmawkie.dz\/fr\/le-premier-ministre-preside-une-reunion-du-conseil-interministeriel-sur-la-strategie-nationale-du-cinema\/\"]}]},{\"@type\":\"ImageObject\",\"inLanguage\":\"fr-FR\",\"@id\":\"https:\/\/elmawkie.dz\/fr\/le-premier-ministre-preside-une-reunion-du-conseil-interministeriel-sur-la-strategie-nationale-du-cinema\/#primaryimage\",\"url\":\"https:\/\/elmawkie.dz\/fr\/wp-content\/uploads\/2026\/03\/IMG_2427.jpeg\",\"contentUrl\":\"https:\/\/elmawkie.dz\/fr\/wp-content\/uploads\/2026\/03\/IMG_2427.jpeg\",\"width\":1440,\"height\":960},{\"@type\":\"BreadcrumbList\",\"@id\":\"https:\/\/elmawkie.dz\/fr\/le-premier-ministre-preside-une-reunion-du-conseil-interministeriel-sur-la-strategie-nationale-du-cinema\/#breadcrumb\",\"itemListElement\":[{\"@type\":\"ListItem\",\"position\":1,\"name\":\"Home\",\"item\":\"https:\/\/elmawkie.dz\/fr\/\"},{\"@type\":\"ListItem\",\"position\":2,\"name\":\"Le Premier ministre pr\u00e9side une r\u00e9union du Conseil interminist\u00e9riel sur la strat\u00e9gie nationale du cin\u00e9ma\u00a0\"}]},{\"@type\":\"WebSite\",\"@id\":\"https:\/\/elmawkie.dz\/fr\/#website\",\"url\":\"https:\/\/elmawkie.dz\/fr\/\",\"name\":\"EL MAWKIE\",\"description\":\"Journal \u00c9lectronique Alg\u00e9rien\",\"publisher\":{\"@id\":\"https:\/\/elmawkie.dz\/fr\/#organization\"},\"potentialAction\":[{\"@type\":\"SearchAction\",\"target\":{\"@type\":\"EntryPoint\",\"urlTemplate\":\"https:\/\/elmawkie.dz\/fr\/?s={search_term_string}\"},\"query-input\":\"required name=search_term_string\"}],\"inLanguage\":\"fr-FR\"},{\"@type\":\"Organization\",\"@id\":\"https:\/\/elmawkie.dz\/fr\/#organization\",\"name\":\"EL MAWKIE\",\"url\":\"https:\/\/elmawkie.dz\/fr\/\",\"logo\":{\"@type\":\"ImageObject\",\"inLanguage\":\"fr-FR\",\"@id\":\"https:\/\/elmawkie.dz\/fr\/#\/schema\/logo\/image\/\",\"url\":\"https:\/\/elmawkie.dz\/fr\/wp-content\/uploads\/2024\/05\/logo1.png\",\"contentUrl\":\"https:\/\/elmawkie.dz\/fr\/wp-content\/uploads\/2024\/05\/logo1.png\",\"width\":1648,\"height\":652,\"caption\":\"EL MAWKIE\"},\"image\":{\"@id\":\"https:\/\/elmawkie.dz\/fr\/#\/schema\/logo\/image\/\"},\"sameAs\":[\"https:\/\/www.facebook.com\/profile.php?id=100088407094989&locale=fr_FR\"]},{\"@type\":\"Person\",\"@id\":\"https:\/\/elmawkie.dz\/fr\/#\/schema\/person\/e7bd59d6467874ba5c4723d8a9f0a63c\",\"name\":\"R\u00e9daction\",\"image\":{\"@type\":\"ImageObject\",\"inLanguage\":\"fr-FR\",\"@id\":\"https:\/\/elmawkie.dz\/fr\/#\/schema\/person\/image\/\",\"url\":\"https:\/\/secure.gravatar.com\/avatar\/f0f773456344da4d2788c054a3d30a0c?s=96&d=mm&r=g\",\"contentUrl\":\"https:\/\/secure.gravatar.com\/avatar\/f0f773456344da4d2788c054a3d30a0c?s=96&d=mm&r=g\",\"caption\":\"R\u00e9daction\"},\"url\":\"https:\/\/elmawkie.dz\/fr\/author\/redaction\/\"}]}<\/script>\n<!-- \/ Yoast SEO Premium plugin. -->","yoast_head_json":{"title":"Le Premier ministre pr\u00e9side une r\u00e9union du Conseil interminist\u00e9riel sur la strat\u00e9gie nationale du cin\u00e9ma\u00a0 - El Mawkie","robots":{"index":"index","follow":"follow","max-snippet":"max-snippet:-1","max-image-preview":"max-image-preview:large","max-video-preview":"max-video-preview:-1"},"canonical":"https:\/\/elmawkie.dz\/fr\/le-premier-ministre-preside-une-reunion-du-conseil-interministeriel-sur-la-strategie-nationale-du-cinema\/","og_locale":"fr_FR","og_type":"article","og_title":"Le Premier ministre pr\u00e9side une r\u00e9union du Conseil interminist\u00e9riel sur la strat\u00e9gie nationale du cin\u00e9ma\u00a0","og_description":"Le Premier ministre, M. Sifi Ghrieb, a pr\u00e9sid\u00e9, mercredi, une r\u00e9union du Conseil interminist\u00e9riel consacr\u00e9e \u00e0 l&rsquo;examen de la strat\u00e9gie nationale du cin\u00e9ma 2026-2030, indique jeudi un communiqu\u00e9 des services du Premier ministre. Cette strat\u00e9gie repr\u00e9sente \u00ab\u00a0un document de r\u00e9f\u00e9rence s&rsquo;appuyant sur les engagements du pr\u00e9sident de la R\u00e9publique et traduisant concr\u00e8tement ses orientations\u00a0\u00bb, pr\u00e9cise &hellip;","og_url":"https:\/\/elmawkie.dz\/fr\/le-premier-ministre-preside-une-reunion-du-conseil-interministeriel-sur-la-strategie-nationale-du-cinema\/","og_site_name":"El Mawkie","article_publisher":"https:\/\/www.facebook.com\/profile.php?id=100088407094989&locale=fr_FR","article_published_time":"2026-03-12T16:40:28+00:00","article_modified_time":"2026-03-12T16:40:29+00:00","og_image":[{"width":1440,"height":960,"url":"https:\/\/elmawkie.dz\/fr\/wp-content\/uploads\/2026\/03\/IMG_2427.jpeg","type":"image\/jpeg"}],"author":"R\u00e9daction","twitter_card":"summary_large_image","twitter_misc":{"Written by":"R\u00e9daction","Est. reading time":"2 minutes"},"schema":{"@context":"https:\/\/schema.org","@graph":[{"@type":"Article","@id":"https:\/\/elmawkie.dz\/fr\/le-premier-ministre-preside-une-reunion-du-conseil-interministeriel-sur-la-strategie-nationale-du-cinema\/#article","isPartOf":{"@id":"https:\/\/elmawkie.dz\/fr\/le-premier-ministre-preside-une-reunion-du-conseil-interministeriel-sur-la-strategie-nationale-du-cinema\/"},"author":{"name":"R\u00e9daction","@id":"https:\/\/elmawkie.dz\/fr\/#\/schema\/person\/e7bd59d6467874ba5c4723d8a9f0a63c"},"headline":"Le Premier ministre pr\u00e9side une r\u00e9union du Conseil interminist\u00e9riel sur la strat\u00e9gie nationale du cin\u00e9ma\u00a0","datePublished":"2026-03-12T16:40:28+00:00","dateModified":"2026-03-12T16:40:29+00:00","mainEntityOfPage":{"@id":"https:\/\/elmawkie.dz\/fr\/le-premier-ministre-preside-une-reunion-du-conseil-interministeriel-sur-la-strategie-nationale-du-cinema\/"},"wordCount":209,"commentCount":0,"publisher":{"@id":"https:\/\/elmawkie.dz\/fr\/#organization"},"image":{"@id":"https:\/\/elmawkie.dz\/fr\/le-premier-ministre-preside-une-reunion-du-conseil-interministeriel-sur-la-strategie-nationale-du-cinema\/#primaryimage"},"thumbnailUrl":"https:\/\/elmawkie.dz\/fr\/wp-content\/uploads\/2026\/03\/IMG_2427.jpeg","keywords":["le Premier ministre"],"articleSection":["National"],"inLanguage":"fr-FR","potentialAction":[{"@type":"CommentAction","name":"Comment","target":["https:\/\/elmawkie.dz\/fr\/le-premier-ministre-preside-une-reunion-du-conseil-interministeriel-sur-la-strategie-nationale-du-cinema\/#respond"]}]},{"@type":"WebPage","@id":"https:\/\/elmawkie.dz\/fr\/le-premier-ministre-preside-une-reunion-du-conseil-interministeriel-sur-la-strategie-nationale-du-cinema\/","url":"https:\/\/elmawkie.dz\/fr\/le-premier-ministre-preside-une-reunion-du-conseil-interministeriel-sur-la-strategie-nationale-du-cinema\/","name":"Le Premier ministre pr\u00e9side une r\u00e9union du Conseil interminist\u00e9riel sur la strat\u00e9gie nationale du cin\u00e9ma\u00a0 - El Mawkie","isPartOf":{"@id":"https:\/\/elmawkie.dz\/fr\/#website"},"primaryImageOfPage":{"@id":"https:\/\/elmawkie.dz\/fr\/le-premier-ministre-preside-une-reunion-du-conseil-interministeriel-sur-la-strategie-nationale-du-cinema\/#primaryimage"},"image":{"@id":"https:\/\/elmawkie.dz\/fr\/le-premier-ministre-preside-une-reunion-du-conseil-interministeriel-sur-la-strategie-nationale-du-cinema\/#primaryimage"},"thumbnailUrl":"https:\/\/elmawkie.dz\/fr\/wp-content\/uploads\/2026\/03\/IMG_2427.jpeg","datePublished":"2026-03-12T16:40:28+00:00","dateModified":"2026-03-12T16:40:29+00:00","breadcrumb":{"@id":"https:\/\/elmawkie.dz\/fr\/le-premier-ministre-preside-une-reunion-du-conseil-interministeriel-sur-la-strategie-nationale-du-cinema\/#breadcrumb"},"inLanguage":"fr-FR","potentialAction":[{"@type":"ReadAction","target":["https:\/\/elmawkie.dz\/fr\/le-premier-ministre-preside-une-reunion-du-conseil-interministeriel-sur-la-strategie-nationale-du-cinema\/"]}]},{"@type":"ImageObject","inLanguage":"fr-FR","@id":"https:\/\/elmawkie.dz\/fr\/le-premier-ministre-preside-une-reunion-du-conseil-interministeriel-sur-la-strategie-nationale-du-cinema\/#primaryimage","url":"https:\/\/elmawkie.dz\/fr\/wp-content\/uploads\/2026\/03\/IMG_2427.jpeg","contentUrl":"https:\/\/elmawkie.dz\/fr\/wp-content\/uploads\/2026\/03\/IMG_2427.jpeg","width":1440,"height":960},{"@type":"BreadcrumbList","@id":"https:\/\/elmawkie.dz\/fr\/le-premier-ministre-preside-une-reunion-du-conseil-interministeriel-sur-la-strategie-nationale-du-cinema\/#breadcrumb","itemListElement":[{"@type":"ListItem","position":1,"name":"Home","item":"https:\/\/elmawkie.dz\/fr\/"},{"@type":"ListItem","position":2,"name":"Le Premier ministre pr\u00e9side une r\u00e9union du Conseil interminist\u00e9riel sur la strat\u00e9gie nationale du cin\u00e9ma\u00a0"}]},{"@type":"WebSite","@id":"https:\/\/elmawkie.dz\/fr\/#website","url":"https:\/\/elmawkie.dz\/fr\/","name":"EL MAWKIE","description":"Journal \u00c9lectronique Alg\u00e9rien","publisher":{"@id":"https:\/\/elmawkie.dz\/fr\/#organization"},"potentialAction":[{"@type":"SearchAction","target":{"@type":"EntryPoint","urlTemplate":"https:\/\/elmawkie.dz\/fr\/?s={search_term_string}"},"query-input":"required name=search_term_string"}],"inLanguage":"fr-FR"},{"@type":"Organization","@id":"https:\/\/elmawkie.dz\/fr\/#organization","name":"EL MAWKIE","url":"https:\/\/elmawkie.dz\/fr\/","logo":{"@type":"ImageObject","inLanguage":"fr-FR","@id":"https:\/\/elmawkie.dz\/fr\/#\/schema\/logo\/image\/","url":"https:\/\/elmawkie.dz\/fr\/wp-content\/uploads\/2024\/05\/logo1.png","contentUrl":"https:\/\/elmawkie.dz\/fr\/wp-content\/uploads\/2024\/05\/logo1.png","width":1648,"height":652,"caption":"EL MAWKIE"},"image":{"@id":"https:\/\/elmawkie.dz\/fr\/#\/schema\/logo\/image\/"},"sameAs":["https:\/\/www.facebook.com\/profile.php?id=100088407094989&locale=fr_FR"]},{"@type":"Person","@id":"https:\/\/elmawkie.dz\/fr\/#\/schema\/person\/e7bd59d6467874ba5c4723d8a9f0a63c","name":"R\u00e9daction","image":{"@type":"ImageObject","inLanguage":"fr-FR","@id":"https:\/\/elmawkie.dz\/fr\/#\/schema\/person\/image\/","url":"https:\/\/secure.gravatar.com\/avatar\/f0f773456344da4d2788c054a3d30a0c?s=96&d=mm&r=g","contentUrl":"https:\/\/secure.gravatar.com\/avatar\/f0f773456344da4d2788c054a3d30a0c?s=96&d=mm&r=g","caption":"R\u00e9daction"},"url":"https:\/\/elmawkie.dz\/fr\/author\/redaction\/"}]}},"_links":{"self":[{"href":"https:\/\/elmawkie.dz\/fr\/wp-json\/wp\/v2\/posts\/63301","targetHints":{"allow":["GET"]}}],"collection":[{"href":"https:\/\/elmawkie.dz\/fr\/wp-json\/wp\/v2\/posts"}],"about":[{"href":"https:\/\/elmawkie.dz\/fr\/wp-json\/wp\/v2\/types\/post"}],"author":[{"embeddable":true,"href":"https:\/\/elmawkie.dz\/fr\/wp-json\/wp\/v2\/users\/9"}],"replies":[{"embeddable":true,"href":"https:\/\/elmawkie.dz\/fr\/wp-json\/wp\/v2\/comments?post=63301"}],"version-history":[{"count":1,"href":"https:\/\/elmawkie.dz\/fr\/wp-json\/wp\/v2\/posts\/63301\/revisions"}],"predecessor-version":[{"id":63304,"href":"https:\/\/elmawkie.dz\/fr\/wp-json\/wp\/v2\/posts\/63301\/revisions\/63304"}],"wp:featuredmedia":[{"embeddable":true,"href":"https:\/\/elmawkie.dz\/fr\/wp-json\/wp\/v2\/media\/63303"}],"wp:attachment":[{"href":"https:\/\/elmawkie.dz\/fr\/wp-json\/wp\/v2\/media?parent=63301"}],"wp:term":[{"taxonomy":"category","embeddable":true,"href":"https:\/\/elmawkie.dz\/fr\/wp-json\/wp\/v2\/categories?post=63301"},{"taxonomy":"post_tag","embeddable":true,"href":"https:\/\/elmawkie.dz\/fr\/wp-json\/wp\/v2\/tags?post=63301"}],"curies":[{"name":"wp","href":"https:\/\/api.w.org\/{rel}","templated":true}]}}