{"id":63297,"date":"2026-03-11T18:10:32","date_gmt":"2026-03-11T17:10:32","guid":{"rendered":"https:\/\/elmawkie.dz\/fr\/?p=63297"},"modified":"2026-03-11T18:10:33","modified_gmt":"2026-03-11T17:10:33","slug":"escalade-militaire-au-moyen-orient-appels-renouveles-au-retour-a-la-voie-diplomatique-et-au-dialogue","status":"publish","type":"post","link":"https:\/\/elmawkie.dz\/fr\/escalade-militaire-au-moyen-orient-appels-renouveles-au-retour-a-la-voie-diplomatique-et-au-dialogue\/","title":{"rendered":"Escalade militaire au Moyen-Orient: appels renouvel\u00e9s au retour \u00e0 la voie diplomatique et au dialogue"},"content":{"rendered":"\n<p>Les appels \u00e0 l&rsquo;apaisement ont domin\u00e9 la sc\u00e8ne internationale ces derni\u00e8res heures, l&rsquo;Organisation des Nations unies (ONU) et plusieurs pays ayant soulign\u00e9 l&rsquo;urgence d&rsquo;un arr\u00eat \u00ab\u00a0imm\u00e9diat\u00a0\u00bb de toutes les formes d&rsquo;escalade au Moyen-Orient, consid\u00e9rant que la voie diplomatique constitue la seule option durable.<\/p>\n\n\n\n<p>Face aux d\u00e9veloppements rapides que conna\u00eet la r\u00e9gion, le porte-parole de l&rsquo;ONU, St\u00e9phane Dujarric, a insist\u00e9 sur l&rsquo;imp\u00e9ratif de r\u00e9duire imm\u00e9diatement les tensions, de respecter le droit international humanitaire et de prot\u00e9ger les infrastructures civiles ainsi que les \u00e9tablissements de sant\u00e9.<\/p>\n\n\n\n<p>De son c\u00f4t\u00e9, le Premier ministre et ministre des Affaires \u00e9trang\u00e8res du Qatar, Cheikh Mohammed Ben Abderrahmane ben Jassim Al-Thani, a soulign\u00e9 la n\u00e9cessit\u00e9 d&rsquo;un arr\u00eat imm\u00e9diat de toute action militaire et d&rsquo;un retour \u00e0 la table du dialogue, appelant \u00e0 faire valoir la raison et la sagesse, et \u00e0 \u0153uvrer \u00e0 contenir la crise de mani\u00e8re \u00e0 pr\u00e9server la s\u00e9curit\u00e9 de la r\u00e9gion.<\/p>\n\n\n\n<p>Pour sa part, le conseiller du Premier ministre et porte-parole officiel du minist\u00e8re qatari des Affaires \u00e9trang\u00e8res, Majed ben Mohammed Al-Ansari, a r\u00e9affirm\u00e9 le soutien de son pays \u00e0 tous les efforts diplomatiques visant \u00e0 r\u00e9duire les tensions et \u00e0 garantir la stabilit\u00e9 de la r\u00e9gion.<\/p>\n\n\n\n<p>Il a estim\u00e9 que la r\u00e9solution de toutes les crises passe par la table des n\u00e9gociations, appelant \u00e0 y parvenir dans les plus brefs d\u00e9lais.<\/p>\n\n\n\n<p>De son c\u00f4t\u00e9, le Premier ministre kowe\u00eftien, Cheikh Ahmad Abdullah Al-Ahmad Al-Sabah, a affirm\u00e9 l&rsquo;attachement des pays de la r\u00e9gion du Golfe \u00e0 la d\u00e9sescalade et \u00e0 la primaut\u00e9 du dialogue et des solutions diplomatiques, estimant que la paix constitue le choix strat\u00e9gique pour mettre fin \u00e0 l&rsquo;escalade.<\/p>\n\n\n\n<p>Pour sa part, le roi de Jordanie, Abdallah II, a soulign\u00e9 l&rsquo;importance d&rsquo;intensifier les efforts pour parvenir \u00e0 l&rsquo;apaisement par le dialogue et le recours aux canaux diplomatiques.<\/p>\n\n\n\n<p>Dans le m\u00eame contexte, le ministre chinois des Affaires \u00e9trang\u00e8res, Wang Yi, et la Haute repr\u00e9sentante de l&rsquo;Union europ\u00e9enne pour les Affaires \u00e9trang\u00e8res et la politique de s\u00e9curit\u00e9 et vice-pr\u00e9sidente de la Commission europ\u00e9enne, Kaja Kallas, ont \u00e9galement insist\u00e9 sur la n\u00e9cessit\u00e9 de r\u00e9duire les tensions, de faire pr\u00e9valoir la raison et de revenir aux n\u00e9gociations et aux moyens diplomatiques afin d&rsquo;\u00e9viter davantage de chaos.<\/p>\n\n\n\n<p>Concernant l&rsquo;impact de l&rsquo;escalade militaire sur la situation \u00e9conomique, la Conf\u00e9rence des Nations unies sur le commerce et le d\u00e9veloppement (CNUCED), dans une analyse publi\u00e9e mardi, a averti que les perturbations du transport maritime dans le d\u00e9troit d&rsquo;Ormuz accentuent les risques pesant sur l&rsquo;\u00e9nergie, les engrais et les \u00e9conomies vuln\u00e9rables.<\/p>\n\n\n\n<p>L&rsquo;escalade militaire dans la r\u00e9gion a, en effet, perturb\u00e9 le trafic maritime \u00e0 travers ce d\u00e9troit, suscitant des inqui\u00e9tudes quant \u00e0 ses r\u00e9percussions sur les march\u00e9s de l&rsquo;\u00e9nergie, le transport maritime et les cha\u00eenes d&rsquo;approvisionnement mondiales.<\/p>\n\n\n\n<p>S&rsquo;agissant du transport a\u00e9rien, Qatar Airways a fait \u00e9tat de la poursuite de la suspension temporaire de ses vols, dans un contexte marqu\u00e9 par la fermeture persistante de l&rsquo;espace a\u00e9rien de l&rsquo;Etat du Qatar.<\/p>\n\n\n\n<p>La compagnie a pr\u00e9cis\u00e9 qu&rsquo;elle reprendra ses op\u00e9rations d\u00e8s l&rsquo;annonce par l&rsquo;Autorit\u00e9 g\u00e9n\u00e9rale de l&rsquo;aviation civile du Qatar de la r\u00e9ouverture de l&rsquo;espace a\u00e9rien en toute s\u00e9curit\u00e9, sur la base de l&rsquo;approbation des autorit\u00e9s comp\u00e9tentes.<\/p>\n\n\n\n<p>De son c\u00f4t\u00e9, l&rsquo;Autorit\u00e9 de l&rsquo;aviation civile irakienne a annonc\u00e9 la prolongation de la fermeture de l&rsquo;espace a\u00e9rien irakien \u00e0 tous les avions au d\u00e9part, \u00e0 l&rsquo;arriv\u00e9e et en transit pour une dur\u00e9e suppl\u00e9mentaire de 72 heures, \u00e0 compter de mardi midi.<\/p>\n\n\n\n<p>L&rsquo;Autorit\u00e9 a indiqu\u00e9 que cette d\u00e9cision a \u00e9t\u00e9 prise sur la base de l&rsquo;\u00e9valuation continue de la situation s\u00e9curitaire et de l&rsquo;\u00e9volution des d\u00e9veloppements r\u00e9gionaux, pr\u00e9cisant que la mesure sera r\u00e9\u00e9valu\u00e9e en fonction des nouvelles donn\u00e9es, avec notification des compagnies a\u00e9riennes et des parties concern\u00e9es de toute mise \u00e0 jour ult\u00e9rieure.<\/p>\n","protected":false},"excerpt":{"rendered":"<p>Les appels \u00e0 l&rsquo;apaisement ont domin\u00e9 la sc\u00e8ne internationale ces derni\u00e8res heures, l&rsquo;Organisation des Nations unies (ONU) et plusieurs pays ayant soulign\u00e9 l&rsquo;urgence d&rsquo;un arr\u00eat \u00ab\u00a0imm\u00e9diat\u00a0\u00bb de toutes les formes d&rsquo;escalade au Moyen-Orient, consid\u00e9rant que la voie diplomatique constitue la seule option durable. Face aux d\u00e9veloppements rapides que conna\u00eet la r\u00e9gion, le porte-parole de l&rsquo;ONU, &hellip;<\/p>\n","protected":false},"author":9,"featured_media":63299,"comment_status":"open","ping_status":"open","sticky":false,"template":"","format":"standard","meta":{"footnotes":""},"categories":[44],"tags":[6203,616,1125],"class_list":["post-63297","post","type-post","status-publish","format-standard","has-post-thumbnail","hentry","category-international","tag-escalade-militaire","tag-lonu","tag-moyen-orient"],"yoast_head":"<!-- This site is optimized with the Yoast SEO Premium plugin v22.6 (Yoast SEO v22.6) - https:\/\/yoast.com\/wordpress\/plugins\/seo\/ -->\n<title>Escalade militaire au Moyen-Orient: appels renouvel\u00e9s au retour \u00e0 la voie diplomatique et au dialogue - El Mawkie<\/title>\n<meta name=\"robots\" content=\"index, follow, max-snippet:-1, max-image-preview:large, max-video-preview:-1\" \/>\n<link rel=\"canonical\" href=\"https:\/\/elmawkie.dz\/fr\/escalade-militaire-au-moyen-orient-appels-renouveles-au-retour-a-la-voie-diplomatique-et-au-dialogue\/\" \/>\n<meta property=\"og:locale\" content=\"fr_FR\" \/>\n<meta property=\"og:type\" content=\"article\" \/>\n<meta property=\"og:title\" content=\"Escalade militaire au Moyen-Orient: appels renouvel\u00e9s au retour \u00e0 la voie diplomatique et au dialogue\" \/>\n<meta property=\"og:description\" content=\"Les appels \u00e0 l&rsquo;apaisement ont domin\u00e9 la sc\u00e8ne internationale ces derni\u00e8res heures, l&rsquo;Organisation des Nations unies (ONU) et plusieurs pays ayant soulign\u00e9 l&rsquo;urgence d&rsquo;un arr\u00eat \u00ab\u00a0imm\u00e9diat\u00a0\u00bb de toutes les formes d&rsquo;escalade au Moyen-Orient, consid\u00e9rant que la voie diplomatique constitue la seule option durable. Face aux d\u00e9veloppements rapides que conna\u00eet la r\u00e9gion, le porte-parole de l&rsquo;ONU, &hellip;\" \/>\n<meta property=\"og:url\" content=\"https:\/\/elmawkie.dz\/fr\/escalade-militaire-au-moyen-orient-appels-renouveles-au-retour-a-la-voie-diplomatique-et-au-dialogue\/\" \/>\n<meta property=\"og:site_name\" content=\"El Mawkie\" \/>\n<meta property=\"article:publisher\" content=\"https:\/\/www.facebook.com\/profile.php?id=100088407094989&amp;locale=fr_FR\" \/>\n<meta property=\"article:published_time\" content=\"2026-03-11T17:10:32+00:00\" \/>\n<meta property=\"article:modified_time\" content=\"2026-03-11T17:10:33+00:00\" \/>\n<meta property=\"og:image\" content=\"https:\/\/elmawkie.dz\/fr\/wp-content\/uploads\/2026\/03\/IMG_2316.jpeg\" \/>\n\t<meta property=\"og:image:width\" content=\"588\" \/>\n\t<meta property=\"og:image:height\" content=\"393\" \/>\n\t<meta property=\"og:image:type\" content=\"image\/jpeg\" \/>\n<meta name=\"author\" content=\"R\u00e9daction\" \/>\n<meta name=\"twitter:card\" content=\"summary_large_image\" \/>\n<meta name=\"twitter:label1\" content=\"Written by\" \/>\n\t<meta name=\"twitter:data1\" content=\"R\u00e9daction\" \/>\n\t<meta name=\"twitter:label2\" content=\"Est. reading time\" \/>\n\t<meta name=\"twitter:data2\" content=\"4 minutes\" \/>\n<script type=\"application\/ld+json\" class=\"yoast-schema-graph\">{\"@context\":\"https:\/\/schema.org\",\"@graph\":[{\"@type\":\"Article\",\"@id\":\"https:\/\/elmawkie.dz\/fr\/escalade-militaire-au-moyen-orient-appels-renouveles-au-retour-a-la-voie-diplomatique-et-au-dialogue\/#article\",\"isPartOf\":{\"@id\":\"https:\/\/elmawkie.dz\/fr\/escalade-militaire-au-moyen-orient-appels-renouveles-au-retour-a-la-voie-diplomatique-et-au-dialogue\/\"},\"author\":{\"name\":\"R\u00e9daction\",\"@id\":\"https:\/\/elmawkie.dz\/fr\/#\/schema\/person\/e7bd59d6467874ba5c4723d8a9f0a63c\"},\"headline\":\"Escalade militaire au Moyen-Orient: appels renouvel\u00e9s au retour \u00e0 la voie diplomatique et au dialogue\",\"datePublished\":\"2026-03-11T17:10:32+00:00\",\"dateModified\":\"2026-03-11T17:10:33+00:00\",\"mainEntityOfPage\":{\"@id\":\"https:\/\/elmawkie.dz\/fr\/escalade-militaire-au-moyen-orient-appels-renouveles-au-retour-a-la-voie-diplomatique-et-au-dialogue\/\"},\"wordCount\":728,\"commentCount\":0,\"publisher\":{\"@id\":\"https:\/\/elmawkie.dz\/fr\/#organization\"},\"image\":{\"@id\":\"https:\/\/elmawkie.dz\/fr\/escalade-militaire-au-moyen-orient-appels-renouveles-au-retour-a-la-voie-diplomatique-et-au-dialogue\/#primaryimage\"},\"thumbnailUrl\":\"https:\/\/elmawkie.dz\/fr\/wp-content\/uploads\/2026\/03\/IMG_2316.jpeg\",\"keywords\":[\"Escalade militaire\",\"L\u2019ONU\",\"Moyen Orient\"],\"articleSection\":[\"International\"],\"inLanguage\":\"fr-FR\",\"potentialAction\":[{\"@type\":\"CommentAction\",\"name\":\"Comment\",\"target\":[\"https:\/\/elmawkie.dz\/fr\/escalade-militaire-au-moyen-orient-appels-renouveles-au-retour-a-la-voie-diplomatique-et-au-dialogue\/#respond\"]}]},{\"@type\":\"WebPage\",\"@id\":\"https:\/\/elmawkie.dz\/fr\/escalade-militaire-au-moyen-orient-appels-renouveles-au-retour-a-la-voie-diplomatique-et-au-dialogue\/\",\"url\":\"https:\/\/elmawkie.dz\/fr\/escalade-militaire-au-moyen-orient-appels-renouveles-au-retour-a-la-voie-diplomatique-et-au-dialogue\/\",\"name\":\"Escalade militaire au Moyen-Orient: appels renouvel\u00e9s au retour \u00e0 la voie diplomatique et au dialogue - El Mawkie\",\"isPartOf\":{\"@id\":\"https:\/\/elmawkie.dz\/fr\/#website\"},\"primaryImageOfPage\":{\"@id\":\"https:\/\/elmawkie.dz\/fr\/escalade-militaire-au-moyen-orient-appels-renouveles-au-retour-a-la-voie-diplomatique-et-au-dialogue\/#primaryimage\"},\"image\":{\"@id\":\"https:\/\/elmawkie.dz\/fr\/escalade-militaire-au-moyen-orient-appels-renouveles-au-retour-a-la-voie-diplomatique-et-au-dialogue\/#primaryimage\"},\"thumbnailUrl\":\"https:\/\/elmawkie.dz\/fr\/wp-content\/uploads\/2026\/03\/IMG_2316.jpeg\",\"datePublished\":\"2026-03-11T17:10:32+00:00\",\"dateModified\":\"2026-03-11T17:10:33+00:00\",\"breadcrumb\":{\"@id\":\"https:\/\/elmawkie.dz\/fr\/escalade-militaire-au-moyen-orient-appels-renouveles-au-retour-a-la-voie-diplomatique-et-au-dialogue\/#breadcrumb\"},\"inLanguage\":\"fr-FR\",\"potentialAction\":[{\"@type\":\"ReadAction\",\"target\":[\"https:\/\/elmawkie.dz\/fr\/escalade-militaire-au-moyen-orient-appels-renouveles-au-retour-a-la-voie-diplomatique-et-au-dialogue\/\"]}]},{\"@type\":\"ImageObject\",\"inLanguage\":\"fr-FR\",\"@id\":\"https:\/\/elmawkie.dz\/fr\/escalade-militaire-au-moyen-orient-appels-renouveles-au-retour-a-la-voie-diplomatique-et-au-dialogue\/#primaryimage\",\"url\":\"https:\/\/elmawkie.dz\/fr\/wp-content\/uploads\/2026\/03\/IMG_2316.jpeg\",\"contentUrl\":\"https:\/\/elmawkie.dz\/fr\/wp-content\/uploads\/2026\/03\/IMG_2316.jpeg\",\"width\":588,\"height\":393},{\"@type\":\"BreadcrumbList\",\"@id\":\"https:\/\/elmawkie.dz\/fr\/escalade-militaire-au-moyen-orient-appels-renouveles-au-retour-a-la-voie-diplomatique-et-au-dialogue\/#breadcrumb\",\"itemListElement\":[{\"@type\":\"ListItem\",\"position\":1,\"name\":\"Home\",\"item\":\"https:\/\/elmawkie.dz\/fr\/\"},{\"@type\":\"ListItem\",\"position\":2,\"name\":\"Escalade militaire au Moyen-Orient: appels renouvel\u00e9s au retour \u00e0 la voie diplomatique et au dialogue\"}]},{\"@type\":\"WebSite\",\"@id\":\"https:\/\/elmawkie.dz\/fr\/#website\",\"url\":\"https:\/\/elmawkie.dz\/fr\/\",\"name\":\"EL MAWKIE\",\"description\":\"Journal \u00c9lectronique Alg\u00e9rien\",\"publisher\":{\"@id\":\"https:\/\/elmawkie.dz\/fr\/#organization\"},\"potentialAction\":[{\"@type\":\"SearchAction\",\"target\":{\"@type\":\"EntryPoint\",\"urlTemplate\":\"https:\/\/elmawkie.dz\/fr\/?s={search_term_string}\"},\"query-input\":\"required name=search_term_string\"}],\"inLanguage\":\"fr-FR\"},{\"@type\":\"Organization\",\"@id\":\"https:\/\/elmawkie.dz\/fr\/#organization\",\"name\":\"EL MAWKIE\",\"url\":\"https:\/\/elmawkie.dz\/fr\/\",\"logo\":{\"@type\":\"ImageObject\",\"inLanguage\":\"fr-FR\",\"@id\":\"https:\/\/elmawkie.dz\/fr\/#\/schema\/logo\/image\/\",\"url\":\"https:\/\/elmawkie.dz\/fr\/wp-content\/uploads\/2024\/05\/logo1.png\",\"contentUrl\":\"https:\/\/elmawkie.dz\/fr\/wp-content\/uploads\/2024\/05\/logo1.png\",\"width\":1648,\"height\":652,\"caption\":\"EL MAWKIE\"},\"image\":{\"@id\":\"https:\/\/elmawkie.dz\/fr\/#\/schema\/logo\/image\/\"},\"sameAs\":[\"https:\/\/www.facebook.com\/profile.php?id=100088407094989&locale=fr_FR\"]},{\"@type\":\"Person\",\"@id\":\"https:\/\/elmawkie.dz\/fr\/#\/schema\/person\/e7bd59d6467874ba5c4723d8a9f0a63c\",\"name\":\"R\u00e9daction\",\"image\":{\"@type\":\"ImageObject\",\"inLanguage\":\"fr-FR\",\"@id\":\"https:\/\/elmawkie.dz\/fr\/#\/schema\/person\/image\/\",\"url\":\"https:\/\/secure.gravatar.com\/avatar\/f0f773456344da4d2788c054a3d30a0c?s=96&d=mm&r=g\",\"contentUrl\":\"https:\/\/secure.gravatar.com\/avatar\/f0f773456344da4d2788c054a3d30a0c?s=96&d=mm&r=g\",\"caption\":\"R\u00e9daction\"},\"url\":\"https:\/\/elmawkie.dz\/fr\/author\/redaction\/\"}]}<\/script>\n<!-- \/ Yoast SEO Premium plugin. -->","yoast_head_json":{"title":"Escalade militaire au Moyen-Orient: appels renouvel\u00e9s au retour \u00e0 la voie diplomatique et au dialogue - El Mawkie","robots":{"index":"index","follow":"follow","max-snippet":"max-snippet:-1","max-image-preview":"max-image-preview:large","max-video-preview":"max-video-preview:-1"},"canonical":"https:\/\/elmawkie.dz\/fr\/escalade-militaire-au-moyen-orient-appels-renouveles-au-retour-a-la-voie-diplomatique-et-au-dialogue\/","og_locale":"fr_FR","og_type":"article","og_title":"Escalade militaire au Moyen-Orient: appels renouvel\u00e9s au retour \u00e0 la voie diplomatique et au dialogue","og_description":"Les appels \u00e0 l&rsquo;apaisement ont domin\u00e9 la sc\u00e8ne internationale ces derni\u00e8res heures, l&rsquo;Organisation des Nations unies (ONU) et plusieurs pays ayant soulign\u00e9 l&rsquo;urgence d&rsquo;un arr\u00eat \u00ab\u00a0imm\u00e9diat\u00a0\u00bb de toutes les formes d&rsquo;escalade au Moyen-Orient, consid\u00e9rant que la voie diplomatique constitue la seule option durable. Face aux d\u00e9veloppements rapides que conna\u00eet la r\u00e9gion, le porte-parole de l&rsquo;ONU, &hellip;","og_url":"https:\/\/elmawkie.dz\/fr\/escalade-militaire-au-moyen-orient-appels-renouveles-au-retour-a-la-voie-diplomatique-et-au-dialogue\/","og_site_name":"El Mawkie","article_publisher":"https:\/\/www.facebook.com\/profile.php?id=100088407094989&locale=fr_FR","article_published_time":"2026-03-11T17:10:32+00:00","article_modified_time":"2026-03-11T17:10:33+00:00","og_image":[{"width":588,"height":393,"url":"https:\/\/elmawkie.dz\/fr\/wp-content\/uploads\/2026\/03\/IMG_2316.jpeg","type":"image\/jpeg"}],"author":"R\u00e9daction","twitter_card":"summary_large_image","twitter_misc":{"Written by":"R\u00e9daction","Est. reading time":"4 minutes"},"schema":{"@context":"https:\/\/schema.org","@graph":[{"@type":"Article","@id":"https:\/\/elmawkie.dz\/fr\/escalade-militaire-au-moyen-orient-appels-renouveles-au-retour-a-la-voie-diplomatique-et-au-dialogue\/#article","isPartOf":{"@id":"https:\/\/elmawkie.dz\/fr\/escalade-militaire-au-moyen-orient-appels-renouveles-au-retour-a-la-voie-diplomatique-et-au-dialogue\/"},"author":{"name":"R\u00e9daction","@id":"https:\/\/elmawkie.dz\/fr\/#\/schema\/person\/e7bd59d6467874ba5c4723d8a9f0a63c"},"headline":"Escalade militaire au Moyen-Orient: appels renouvel\u00e9s au retour \u00e0 la voie diplomatique et au dialogue","datePublished":"2026-03-11T17:10:32+00:00","dateModified":"2026-03-11T17:10:33+00:00","mainEntityOfPage":{"@id":"https:\/\/elmawkie.dz\/fr\/escalade-militaire-au-moyen-orient-appels-renouveles-au-retour-a-la-voie-diplomatique-et-au-dialogue\/"},"wordCount":728,"commentCount":0,"publisher":{"@id":"https:\/\/elmawkie.dz\/fr\/#organization"},"image":{"@id":"https:\/\/elmawkie.dz\/fr\/escalade-militaire-au-moyen-orient-appels-renouveles-au-retour-a-la-voie-diplomatique-et-au-dialogue\/#primaryimage"},"thumbnailUrl":"https:\/\/elmawkie.dz\/fr\/wp-content\/uploads\/2026\/03\/IMG_2316.jpeg","keywords":["Escalade militaire","L\u2019ONU","Moyen Orient"],"articleSection":["International"],"inLanguage":"fr-FR","potentialAction":[{"@type":"CommentAction","name":"Comment","target":["https:\/\/elmawkie.dz\/fr\/escalade-militaire-au-moyen-orient-appels-renouveles-au-retour-a-la-voie-diplomatique-et-au-dialogue\/#respond"]}]},{"@type":"WebPage","@id":"https:\/\/elmawkie.dz\/fr\/escalade-militaire-au-moyen-orient-appels-renouveles-au-retour-a-la-voie-diplomatique-et-au-dialogue\/","url":"https:\/\/elmawkie.dz\/fr\/escalade-militaire-au-moyen-orient-appels-renouveles-au-retour-a-la-voie-diplomatique-et-au-dialogue\/","name":"Escalade militaire au Moyen-Orient: appels renouvel\u00e9s au retour \u00e0 la voie diplomatique et au dialogue - El Mawkie","isPartOf":{"@id":"https:\/\/elmawkie.dz\/fr\/#website"},"primaryImageOfPage":{"@id":"https:\/\/elmawkie.dz\/fr\/escalade-militaire-au-moyen-orient-appels-renouveles-au-retour-a-la-voie-diplomatique-et-au-dialogue\/#primaryimage"},"image":{"@id":"https:\/\/elmawkie.dz\/fr\/escalade-militaire-au-moyen-orient-appels-renouveles-au-retour-a-la-voie-diplomatique-et-au-dialogue\/#primaryimage"},"thumbnailUrl":"https:\/\/elmawkie.dz\/fr\/wp-content\/uploads\/2026\/03\/IMG_2316.jpeg","datePublished":"2026-03-11T17:10:32+00:00","dateModified":"2026-03-11T17:10:33+00:00","breadcrumb":{"@id":"https:\/\/elmawkie.dz\/fr\/escalade-militaire-au-moyen-orient-appels-renouveles-au-retour-a-la-voie-diplomatique-et-au-dialogue\/#breadcrumb"},"inLanguage":"fr-FR","potentialAction":[{"@type":"ReadAction","target":["https:\/\/elmawkie.dz\/fr\/escalade-militaire-au-moyen-orient-appels-renouveles-au-retour-a-la-voie-diplomatique-et-au-dialogue\/"]}]},{"@type":"ImageObject","inLanguage":"fr-FR","@id":"https:\/\/elmawkie.dz\/fr\/escalade-militaire-au-moyen-orient-appels-renouveles-au-retour-a-la-voie-diplomatique-et-au-dialogue\/#primaryimage","url":"https:\/\/elmawkie.dz\/fr\/wp-content\/uploads\/2026\/03\/IMG_2316.jpeg","contentUrl":"https:\/\/elmawkie.dz\/fr\/wp-content\/uploads\/2026\/03\/IMG_2316.jpeg","width":588,"height":393},{"@type":"BreadcrumbList","@id":"https:\/\/elmawkie.dz\/fr\/escalade-militaire-au-moyen-orient-appels-renouveles-au-retour-a-la-voie-diplomatique-et-au-dialogue\/#breadcrumb","itemListElement":[{"@type":"ListItem","position":1,"name":"Home","item":"https:\/\/elmawkie.dz\/fr\/"},{"@type":"ListItem","position":2,"name":"Escalade militaire au Moyen-Orient: appels renouvel\u00e9s au retour \u00e0 la voie diplomatique et au dialogue"}]},{"@type":"WebSite","@id":"https:\/\/elmawkie.dz\/fr\/#website","url":"https:\/\/elmawkie.dz\/fr\/","name":"EL MAWKIE","description":"Journal \u00c9lectronique Alg\u00e9rien","publisher":{"@id":"https:\/\/elmawkie.dz\/fr\/#organization"},"potentialAction":[{"@type":"SearchAction","target":{"@type":"EntryPoint","urlTemplate":"https:\/\/elmawkie.dz\/fr\/?s={search_term_string}"},"query-input":"required name=search_term_string"}],"inLanguage":"fr-FR"},{"@type":"Organization","@id":"https:\/\/elmawkie.dz\/fr\/#organization","name":"EL MAWKIE","url":"https:\/\/elmawkie.dz\/fr\/","logo":{"@type":"ImageObject","inLanguage":"fr-FR","@id":"https:\/\/elmawkie.dz\/fr\/#\/schema\/logo\/image\/","url":"https:\/\/elmawkie.dz\/fr\/wp-content\/uploads\/2024\/05\/logo1.png","contentUrl":"https:\/\/elmawkie.dz\/fr\/wp-content\/uploads\/2024\/05\/logo1.png","width":1648,"height":652,"caption":"EL MAWKIE"},"image":{"@id":"https:\/\/elmawkie.dz\/fr\/#\/schema\/logo\/image\/"},"sameAs":["https:\/\/www.facebook.com\/profile.php?id=100088407094989&locale=fr_FR"]},{"@type":"Person","@id":"https:\/\/elmawkie.dz\/fr\/#\/schema\/person\/e7bd59d6467874ba5c4723d8a9f0a63c","name":"R\u00e9daction","image":{"@type":"ImageObject","inLanguage":"fr-FR","@id":"https:\/\/elmawkie.dz\/fr\/#\/schema\/person\/image\/","url":"https:\/\/secure.gravatar.com\/avatar\/f0f773456344da4d2788c054a3d30a0c?s=96&d=mm&r=g","contentUrl":"https:\/\/secure.gravatar.com\/avatar\/f0f773456344da4d2788c054a3d30a0c?s=96&d=mm&r=g","caption":"R\u00e9daction"},"url":"https:\/\/elmawkie.dz\/fr\/author\/redaction\/"}]}},"_links":{"self":[{"href":"https:\/\/elmawkie.dz\/fr\/wp-json\/wp\/v2\/posts\/63297","targetHints":{"allow":["GET"]}}],"collection":[{"href":"https:\/\/elmawkie.dz\/fr\/wp-json\/wp\/v2\/posts"}],"about":[{"href":"https:\/\/elmawkie.dz\/fr\/wp-json\/wp\/v2\/types\/post"}],"author":[{"embeddable":true,"href":"https:\/\/elmawkie.dz\/fr\/wp-json\/wp\/v2\/users\/9"}],"replies":[{"embeddable":true,"href":"https:\/\/elmawkie.dz\/fr\/wp-json\/wp\/v2\/comments?post=63297"}],"version-history":[{"count":1,"href":"https:\/\/elmawkie.dz\/fr\/wp-json\/wp\/v2\/posts\/63297\/revisions"}],"predecessor-version":[{"id":63300,"href":"https:\/\/elmawkie.dz\/fr\/wp-json\/wp\/v2\/posts\/63297\/revisions\/63300"}],"wp:featuredmedia":[{"embeddable":true,"href":"https:\/\/elmawkie.dz\/fr\/wp-json\/wp\/v2\/media\/63299"}],"wp:attachment":[{"href":"https:\/\/elmawkie.dz\/fr\/wp-json\/wp\/v2\/media?parent=63297"}],"wp:term":[{"taxonomy":"category","embeddable":true,"href":"https:\/\/elmawkie.dz\/fr\/wp-json\/wp\/v2\/categories?post=63297"},{"taxonomy":"post_tag","embeddable":true,"href":"https:\/\/elmawkie.dz\/fr\/wp-json\/wp\/v2\/tags?post=63297"}],"curies":[{"name":"wp","href":"https:\/\/api.w.org\/{rel}","templated":true}]}}