{"id":63293,"date":"2026-03-11T18:08:40","date_gmt":"2026-03-11T17:08:40","guid":{"rendered":"https:\/\/elmawkie.dz\/fr\/?p=63293"},"modified":"2026-03-11T18:08:41","modified_gmt":"2026-03-11T17:08:41","slug":"djelfa-cinq-nouveaux-cem-pour-renforcer-les-capacites-daccueil-dans-le-cycle-moyen","status":"publish","type":"post","link":"https:\/\/elmawkie.dz\/fr\/djelfa-cinq-nouveaux-cem-pour-renforcer-les-capacites-daccueil-dans-le-cycle-moyen\/","title":{"rendered":"Djelfa : cinq nouveaux CEM pour renforcer les capacit\u00e9s d\u2019accueil dans le cycle moyen"},"content":{"rendered":"\n<p>Le parc des infrastructures du secteur de l\u2019\u00e9ducation dans la commune de Djelfa sera renforc\u00e9 par cinq (5) nouveaux coll\u00e8ges d\u2019enseignement moyen (CEM), actuellement en cours de r\u00e9alisation \u00e0 un rythme appr\u00e9ciable, a-t-on appris aupr\u00e8s de la Direction des \u00e9quipements publics.<\/p>\n\n\n\n<p>Ces \u00e9tablissements, ayant fait l\u2019objet mercredi d\u2019une visite d\u2019inspection du wali de Djelfa, Djahid Mous, sont r\u00e9partis \u00e0 travers plusieurs grands ensembles d\u2019habitations, notamment les cit\u00e9s \u00ab\u00a0El-Ghabat\u00a0\u00bb, \u00ab\u00a0El-Fosha\u00a0\u00bb, \u00ab\u00a0Messaoudi Attia\u00a0\u00bb, \u00ab\u00a0le p\u00f4le urbain de Berbih\u00a0\u00bb et \u00a0\u00bb Ben Sa\u00efd\u00a0\u00bb.<\/p>\n\n\n\n<p>S\u2019enqu\u00e9rant de l\u2019\u00e9tat d\u2019avancement de ces projets inscrits au titre du programme compl\u00e9mentaire de d\u00e9veloppement, le chef de l\u2019ex\u00e9cutif local a insist\u00e9 sur la n\u00e9cessit\u00e9 de veiller \u00e0 la qualit\u00e9 des travaux tout en acc\u00e9l\u00e9rant la cadence de r\u00e9alisation, afin de permettre leur r\u00e9ception avant la prochaine rentr\u00e9e scolaire.<\/p>\n\n\n\n<p>Selon les responsables de la Direction de l\u2019\u00e9ducation, ces projets rev\u00eatent une grande importance dans la r\u00e9duction du probl\u00e8me de surcharge des groupes p\u00e9dagogiques, au vu de l\u2019extension enregistr\u00e9e dans les grands p\u00f4les urbains.<\/p>\n","protected":false},"excerpt":{"rendered":"<p>Le parc des infrastructures du secteur de l\u2019\u00e9ducation dans la commune de Djelfa sera renforc\u00e9 par cinq (5) nouveaux coll\u00e8ges d\u2019enseignement moyen (CEM), actuellement en cours de r\u00e9alisation \u00e0 un rythme appr\u00e9ciable, a-t-on appris aupr\u00e8s de la Direction des \u00e9quipements publics. Ces \u00e9tablissements, ayant fait l\u2019objet mercredi d\u2019une visite d\u2019inspection du wali de Djelfa, Djahid &hellip;<\/p>\n","protected":false},"author":9,"featured_media":63295,"comment_status":"open","ping_status":"open","sticky":false,"template":"","format":"standard","meta":{"footnotes":""},"categories":[50],"tags":[395],"class_list":["post-63293","post","type-post","status-publish","format-standard","has-post-thumbnail","hentry","category-region","tag-djelfa"],"yoast_head":"<!-- This site is optimized with the Yoast SEO Premium plugin v22.6 (Yoast SEO v22.6) - https:\/\/yoast.com\/wordpress\/plugins\/seo\/ -->\n<title>Djelfa : cinq nouveaux CEM pour renforcer les capacit\u00e9s d\u2019accueil dans le cycle moyen - El Mawkie<\/title>\n<meta name=\"robots\" content=\"index, follow, max-snippet:-1, max-image-preview:large, max-video-preview:-1\" \/>\n<link rel=\"canonical\" href=\"https:\/\/elmawkie.dz\/fr\/djelfa-cinq-nouveaux-cem-pour-renforcer-les-capacites-daccueil-dans-le-cycle-moyen\/\" \/>\n<meta property=\"og:locale\" content=\"fr_FR\" \/>\n<meta property=\"og:type\" content=\"article\" \/>\n<meta property=\"og:title\" content=\"Djelfa : cinq nouveaux CEM pour renforcer les capacit\u00e9s d\u2019accueil dans le cycle moyen\" \/>\n<meta property=\"og:description\" content=\"Le parc des infrastructures du secteur de l\u2019\u00e9ducation dans la commune de Djelfa sera renforc\u00e9 par cinq (5) nouveaux coll\u00e8ges d\u2019enseignement moyen (CEM), actuellement en cours de r\u00e9alisation \u00e0 un rythme appr\u00e9ciable, a-t-on appris aupr\u00e8s de la Direction des \u00e9quipements publics. Ces \u00e9tablissements, ayant fait l\u2019objet mercredi d\u2019une visite d\u2019inspection du wali de Djelfa, Djahid &hellip;\" \/>\n<meta property=\"og:url\" content=\"https:\/\/elmawkie.dz\/fr\/djelfa-cinq-nouveaux-cem-pour-renforcer-les-capacites-daccueil-dans-le-cycle-moyen\/\" \/>\n<meta property=\"og:site_name\" content=\"El Mawkie\" \/>\n<meta property=\"article:publisher\" content=\"https:\/\/www.facebook.com\/profile.php?id=100088407094989&amp;locale=fr_FR\" \/>\n<meta property=\"article:published_time\" content=\"2026-03-11T17:08:40+00:00\" \/>\n<meta property=\"article:modified_time\" content=\"2026-03-11T17:08:41+00:00\" \/>\n<meta property=\"og:image\" content=\"https:\/\/elmawkie.dz\/fr\/wp-content\/uploads\/2026\/03\/IMG_2315.jpeg\" \/>\n\t<meta property=\"og:image:width\" content=\"620\" \/>\n\t<meta property=\"og:image:height\" content=\"413\" \/>\n\t<meta property=\"og:image:type\" content=\"image\/jpeg\" \/>\n<meta name=\"author\" content=\"R\u00e9daction\" \/>\n<meta name=\"twitter:card\" content=\"summary_large_image\" \/>\n<meta name=\"twitter:label1\" content=\"Written by\" \/>\n\t<meta name=\"twitter:data1\" content=\"R\u00e9daction\" \/>\n\t<meta name=\"twitter:label2\" content=\"Est. reading time\" \/>\n\t<meta name=\"twitter:data2\" content=\"2 minutes\" \/>\n<script type=\"application\/ld+json\" class=\"yoast-schema-graph\">{\"@context\":\"https:\/\/schema.org\",\"@graph\":[{\"@type\":\"Article\",\"@id\":\"https:\/\/elmawkie.dz\/fr\/djelfa-cinq-nouveaux-cem-pour-renforcer-les-capacites-daccueil-dans-le-cycle-moyen\/#article\",\"isPartOf\":{\"@id\":\"https:\/\/elmawkie.dz\/fr\/djelfa-cinq-nouveaux-cem-pour-renforcer-les-capacites-daccueil-dans-le-cycle-moyen\/\"},\"author\":{\"name\":\"R\u00e9daction\",\"@id\":\"https:\/\/elmawkie.dz\/fr\/#\/schema\/person\/e7bd59d6467874ba5c4723d8a9f0a63c\"},\"headline\":\"Djelfa : cinq nouveaux CEM pour renforcer les capacit\u00e9s d\u2019accueil dans le cycle moyen\",\"datePublished\":\"2026-03-11T17:08:40+00:00\",\"dateModified\":\"2026-03-11T17:08:41+00:00\",\"mainEntityOfPage\":{\"@id\":\"https:\/\/elmawkie.dz\/fr\/djelfa-cinq-nouveaux-cem-pour-renforcer-les-capacites-daccueil-dans-le-cycle-moyen\/\"},\"wordCount\":209,\"commentCount\":0,\"publisher\":{\"@id\":\"https:\/\/elmawkie.dz\/fr\/#organization\"},\"image\":{\"@id\":\"https:\/\/elmawkie.dz\/fr\/djelfa-cinq-nouveaux-cem-pour-renforcer-les-capacites-daccueil-dans-le-cycle-moyen\/#primaryimage\"},\"thumbnailUrl\":\"https:\/\/elmawkie.dz\/fr\/wp-content\/uploads\/2026\/03\/IMG_2315.jpeg\",\"keywords\":[\"Djelfa\"],\"articleSection\":[\"R\u00e9gion\"],\"inLanguage\":\"fr-FR\",\"potentialAction\":[{\"@type\":\"CommentAction\",\"name\":\"Comment\",\"target\":[\"https:\/\/elmawkie.dz\/fr\/djelfa-cinq-nouveaux-cem-pour-renforcer-les-capacites-daccueil-dans-le-cycle-moyen\/#respond\"]}]},{\"@type\":\"WebPage\",\"@id\":\"https:\/\/elmawkie.dz\/fr\/djelfa-cinq-nouveaux-cem-pour-renforcer-les-capacites-daccueil-dans-le-cycle-moyen\/\",\"url\":\"https:\/\/elmawkie.dz\/fr\/djelfa-cinq-nouveaux-cem-pour-renforcer-les-capacites-daccueil-dans-le-cycle-moyen\/\",\"name\":\"Djelfa : cinq nouveaux CEM pour renforcer les capacit\u00e9s d\u2019accueil dans le cycle moyen - El Mawkie\",\"isPartOf\":{\"@id\":\"https:\/\/elmawkie.dz\/fr\/#website\"},\"primaryImageOfPage\":{\"@id\":\"https:\/\/elmawkie.dz\/fr\/djelfa-cinq-nouveaux-cem-pour-renforcer-les-capacites-daccueil-dans-le-cycle-moyen\/#primaryimage\"},\"image\":{\"@id\":\"https:\/\/elmawkie.dz\/fr\/djelfa-cinq-nouveaux-cem-pour-renforcer-les-capacites-daccueil-dans-le-cycle-moyen\/#primaryimage\"},\"thumbnailUrl\":\"https:\/\/elmawkie.dz\/fr\/wp-content\/uploads\/2026\/03\/IMG_2315.jpeg\",\"datePublished\":\"2026-03-11T17:08:40+00:00\",\"dateModified\":\"2026-03-11T17:08:41+00:00\",\"breadcrumb\":{\"@id\":\"https:\/\/elmawkie.dz\/fr\/djelfa-cinq-nouveaux-cem-pour-renforcer-les-capacites-daccueil-dans-le-cycle-moyen\/#breadcrumb\"},\"inLanguage\":\"fr-FR\",\"potentialAction\":[{\"@type\":\"ReadAction\",\"target\":[\"https:\/\/elmawkie.dz\/fr\/djelfa-cinq-nouveaux-cem-pour-renforcer-les-capacites-daccueil-dans-le-cycle-moyen\/\"]}]},{\"@type\":\"ImageObject\",\"inLanguage\":\"fr-FR\",\"@id\":\"https:\/\/elmawkie.dz\/fr\/djelfa-cinq-nouveaux-cem-pour-renforcer-les-capacites-daccueil-dans-le-cycle-moyen\/#primaryimage\",\"url\":\"https:\/\/elmawkie.dz\/fr\/wp-content\/uploads\/2026\/03\/IMG_2315.jpeg\",\"contentUrl\":\"https:\/\/elmawkie.dz\/fr\/wp-content\/uploads\/2026\/03\/IMG_2315.jpeg\",\"width\":620,\"height\":413},{\"@type\":\"BreadcrumbList\",\"@id\":\"https:\/\/elmawkie.dz\/fr\/djelfa-cinq-nouveaux-cem-pour-renforcer-les-capacites-daccueil-dans-le-cycle-moyen\/#breadcrumb\",\"itemListElement\":[{\"@type\":\"ListItem\",\"position\":1,\"name\":\"Home\",\"item\":\"https:\/\/elmawkie.dz\/fr\/\"},{\"@type\":\"ListItem\",\"position\":2,\"name\":\"Djelfa : cinq nouveaux CEM pour renforcer les capacit\u00e9s d\u2019accueil dans le cycle moyen\"}]},{\"@type\":\"WebSite\",\"@id\":\"https:\/\/elmawkie.dz\/fr\/#website\",\"url\":\"https:\/\/elmawkie.dz\/fr\/\",\"name\":\"EL MAWKIE\",\"description\":\"Journal \u00c9lectronique Alg\u00e9rien\",\"publisher\":{\"@id\":\"https:\/\/elmawkie.dz\/fr\/#organization\"},\"potentialAction\":[{\"@type\":\"SearchAction\",\"target\":{\"@type\":\"EntryPoint\",\"urlTemplate\":\"https:\/\/elmawkie.dz\/fr\/?s={search_term_string}\"},\"query-input\":\"required name=search_term_string\"}],\"inLanguage\":\"fr-FR\"},{\"@type\":\"Organization\",\"@id\":\"https:\/\/elmawkie.dz\/fr\/#organization\",\"name\":\"EL MAWKIE\",\"url\":\"https:\/\/elmawkie.dz\/fr\/\",\"logo\":{\"@type\":\"ImageObject\",\"inLanguage\":\"fr-FR\",\"@id\":\"https:\/\/elmawkie.dz\/fr\/#\/schema\/logo\/image\/\",\"url\":\"https:\/\/elmawkie.dz\/fr\/wp-content\/uploads\/2024\/05\/logo1.png\",\"contentUrl\":\"https:\/\/elmawkie.dz\/fr\/wp-content\/uploads\/2024\/05\/logo1.png\",\"width\":1648,\"height\":652,\"caption\":\"EL MAWKIE\"},\"image\":{\"@id\":\"https:\/\/elmawkie.dz\/fr\/#\/schema\/logo\/image\/\"},\"sameAs\":[\"https:\/\/www.facebook.com\/profile.php?id=100088407094989&locale=fr_FR\"]},{\"@type\":\"Person\",\"@id\":\"https:\/\/elmawkie.dz\/fr\/#\/schema\/person\/e7bd59d6467874ba5c4723d8a9f0a63c\",\"name\":\"R\u00e9daction\",\"image\":{\"@type\":\"ImageObject\",\"inLanguage\":\"fr-FR\",\"@id\":\"https:\/\/elmawkie.dz\/fr\/#\/schema\/person\/image\/\",\"url\":\"https:\/\/secure.gravatar.com\/avatar\/f0f773456344da4d2788c054a3d30a0c?s=96&d=mm&r=g\",\"contentUrl\":\"https:\/\/secure.gravatar.com\/avatar\/f0f773456344da4d2788c054a3d30a0c?s=96&d=mm&r=g\",\"caption\":\"R\u00e9daction\"},\"url\":\"https:\/\/elmawkie.dz\/fr\/author\/redaction\/\"}]}<\/script>\n<!-- \/ Yoast SEO Premium plugin. -->","yoast_head_json":{"title":"Djelfa : cinq nouveaux CEM pour renforcer les capacit\u00e9s d\u2019accueil dans le cycle moyen - El Mawkie","robots":{"index":"index","follow":"follow","max-snippet":"max-snippet:-1","max-image-preview":"max-image-preview:large","max-video-preview":"max-video-preview:-1"},"canonical":"https:\/\/elmawkie.dz\/fr\/djelfa-cinq-nouveaux-cem-pour-renforcer-les-capacites-daccueil-dans-le-cycle-moyen\/","og_locale":"fr_FR","og_type":"article","og_title":"Djelfa : cinq nouveaux CEM pour renforcer les capacit\u00e9s d\u2019accueil dans le cycle moyen","og_description":"Le parc des infrastructures du secteur de l\u2019\u00e9ducation dans la commune de Djelfa sera renforc\u00e9 par cinq (5) nouveaux coll\u00e8ges d\u2019enseignement moyen (CEM), actuellement en cours de r\u00e9alisation \u00e0 un rythme appr\u00e9ciable, a-t-on appris aupr\u00e8s de la Direction des \u00e9quipements publics. Ces \u00e9tablissements, ayant fait l\u2019objet mercredi d\u2019une visite d\u2019inspection du wali de Djelfa, Djahid &hellip;","og_url":"https:\/\/elmawkie.dz\/fr\/djelfa-cinq-nouveaux-cem-pour-renforcer-les-capacites-daccueil-dans-le-cycle-moyen\/","og_site_name":"El Mawkie","article_publisher":"https:\/\/www.facebook.com\/profile.php?id=100088407094989&locale=fr_FR","article_published_time":"2026-03-11T17:08:40+00:00","article_modified_time":"2026-03-11T17:08:41+00:00","og_image":[{"width":620,"height":413,"url":"https:\/\/elmawkie.dz\/fr\/wp-content\/uploads\/2026\/03\/IMG_2315.jpeg","type":"image\/jpeg"}],"author":"R\u00e9daction","twitter_card":"summary_large_image","twitter_misc":{"Written by":"R\u00e9daction","Est. reading time":"2 minutes"},"schema":{"@context":"https:\/\/schema.org","@graph":[{"@type":"Article","@id":"https:\/\/elmawkie.dz\/fr\/djelfa-cinq-nouveaux-cem-pour-renforcer-les-capacites-daccueil-dans-le-cycle-moyen\/#article","isPartOf":{"@id":"https:\/\/elmawkie.dz\/fr\/djelfa-cinq-nouveaux-cem-pour-renforcer-les-capacites-daccueil-dans-le-cycle-moyen\/"},"author":{"name":"R\u00e9daction","@id":"https:\/\/elmawkie.dz\/fr\/#\/schema\/person\/e7bd59d6467874ba5c4723d8a9f0a63c"},"headline":"Djelfa : cinq nouveaux CEM pour renforcer les capacit\u00e9s d\u2019accueil dans le cycle moyen","datePublished":"2026-03-11T17:08:40+00:00","dateModified":"2026-03-11T17:08:41+00:00","mainEntityOfPage":{"@id":"https:\/\/elmawkie.dz\/fr\/djelfa-cinq-nouveaux-cem-pour-renforcer-les-capacites-daccueil-dans-le-cycle-moyen\/"},"wordCount":209,"commentCount":0,"publisher":{"@id":"https:\/\/elmawkie.dz\/fr\/#organization"},"image":{"@id":"https:\/\/elmawkie.dz\/fr\/djelfa-cinq-nouveaux-cem-pour-renforcer-les-capacites-daccueil-dans-le-cycle-moyen\/#primaryimage"},"thumbnailUrl":"https:\/\/elmawkie.dz\/fr\/wp-content\/uploads\/2026\/03\/IMG_2315.jpeg","keywords":["Djelfa"],"articleSection":["R\u00e9gion"],"inLanguage":"fr-FR","potentialAction":[{"@type":"CommentAction","name":"Comment","target":["https:\/\/elmawkie.dz\/fr\/djelfa-cinq-nouveaux-cem-pour-renforcer-les-capacites-daccueil-dans-le-cycle-moyen\/#respond"]}]},{"@type":"WebPage","@id":"https:\/\/elmawkie.dz\/fr\/djelfa-cinq-nouveaux-cem-pour-renforcer-les-capacites-daccueil-dans-le-cycle-moyen\/","url":"https:\/\/elmawkie.dz\/fr\/djelfa-cinq-nouveaux-cem-pour-renforcer-les-capacites-daccueil-dans-le-cycle-moyen\/","name":"Djelfa : cinq nouveaux CEM pour renforcer les capacit\u00e9s d\u2019accueil dans le cycle moyen - El Mawkie","isPartOf":{"@id":"https:\/\/elmawkie.dz\/fr\/#website"},"primaryImageOfPage":{"@id":"https:\/\/elmawkie.dz\/fr\/djelfa-cinq-nouveaux-cem-pour-renforcer-les-capacites-daccueil-dans-le-cycle-moyen\/#primaryimage"},"image":{"@id":"https:\/\/elmawkie.dz\/fr\/djelfa-cinq-nouveaux-cem-pour-renforcer-les-capacites-daccueil-dans-le-cycle-moyen\/#primaryimage"},"thumbnailUrl":"https:\/\/elmawkie.dz\/fr\/wp-content\/uploads\/2026\/03\/IMG_2315.jpeg","datePublished":"2026-03-11T17:08:40+00:00","dateModified":"2026-03-11T17:08:41+00:00","breadcrumb":{"@id":"https:\/\/elmawkie.dz\/fr\/djelfa-cinq-nouveaux-cem-pour-renforcer-les-capacites-daccueil-dans-le-cycle-moyen\/#breadcrumb"},"inLanguage":"fr-FR","potentialAction":[{"@type":"ReadAction","target":["https:\/\/elmawkie.dz\/fr\/djelfa-cinq-nouveaux-cem-pour-renforcer-les-capacites-daccueil-dans-le-cycle-moyen\/"]}]},{"@type":"ImageObject","inLanguage":"fr-FR","@id":"https:\/\/elmawkie.dz\/fr\/djelfa-cinq-nouveaux-cem-pour-renforcer-les-capacites-daccueil-dans-le-cycle-moyen\/#primaryimage","url":"https:\/\/elmawkie.dz\/fr\/wp-content\/uploads\/2026\/03\/IMG_2315.jpeg","contentUrl":"https:\/\/elmawkie.dz\/fr\/wp-content\/uploads\/2026\/03\/IMG_2315.jpeg","width":620,"height":413},{"@type":"BreadcrumbList","@id":"https:\/\/elmawkie.dz\/fr\/djelfa-cinq-nouveaux-cem-pour-renforcer-les-capacites-daccueil-dans-le-cycle-moyen\/#breadcrumb","itemListElement":[{"@type":"ListItem","position":1,"name":"Home","item":"https:\/\/elmawkie.dz\/fr\/"},{"@type":"ListItem","position":2,"name":"Djelfa : cinq nouveaux CEM pour renforcer les capacit\u00e9s d\u2019accueil dans le cycle moyen"}]},{"@type":"WebSite","@id":"https:\/\/elmawkie.dz\/fr\/#website","url":"https:\/\/elmawkie.dz\/fr\/","name":"EL MAWKIE","description":"Journal \u00c9lectronique Alg\u00e9rien","publisher":{"@id":"https:\/\/elmawkie.dz\/fr\/#organization"},"potentialAction":[{"@type":"SearchAction","target":{"@type":"EntryPoint","urlTemplate":"https:\/\/elmawkie.dz\/fr\/?s={search_term_string}"},"query-input":"required name=search_term_string"}],"inLanguage":"fr-FR"},{"@type":"Organization","@id":"https:\/\/elmawkie.dz\/fr\/#organization","name":"EL MAWKIE","url":"https:\/\/elmawkie.dz\/fr\/","logo":{"@type":"ImageObject","inLanguage":"fr-FR","@id":"https:\/\/elmawkie.dz\/fr\/#\/schema\/logo\/image\/","url":"https:\/\/elmawkie.dz\/fr\/wp-content\/uploads\/2024\/05\/logo1.png","contentUrl":"https:\/\/elmawkie.dz\/fr\/wp-content\/uploads\/2024\/05\/logo1.png","width":1648,"height":652,"caption":"EL MAWKIE"},"image":{"@id":"https:\/\/elmawkie.dz\/fr\/#\/schema\/logo\/image\/"},"sameAs":["https:\/\/www.facebook.com\/profile.php?id=100088407094989&locale=fr_FR"]},{"@type":"Person","@id":"https:\/\/elmawkie.dz\/fr\/#\/schema\/person\/e7bd59d6467874ba5c4723d8a9f0a63c","name":"R\u00e9daction","image":{"@type":"ImageObject","inLanguage":"fr-FR","@id":"https:\/\/elmawkie.dz\/fr\/#\/schema\/person\/image\/","url":"https:\/\/secure.gravatar.com\/avatar\/f0f773456344da4d2788c054a3d30a0c?s=96&d=mm&r=g","contentUrl":"https:\/\/secure.gravatar.com\/avatar\/f0f773456344da4d2788c054a3d30a0c?s=96&d=mm&r=g","caption":"R\u00e9daction"},"url":"https:\/\/elmawkie.dz\/fr\/author\/redaction\/"}]}},"_links":{"self":[{"href":"https:\/\/elmawkie.dz\/fr\/wp-json\/wp\/v2\/posts\/63293","targetHints":{"allow":["GET"]}}],"collection":[{"href":"https:\/\/elmawkie.dz\/fr\/wp-json\/wp\/v2\/posts"}],"about":[{"href":"https:\/\/elmawkie.dz\/fr\/wp-json\/wp\/v2\/types\/post"}],"author":[{"embeddable":true,"href":"https:\/\/elmawkie.dz\/fr\/wp-json\/wp\/v2\/users\/9"}],"replies":[{"embeddable":true,"href":"https:\/\/elmawkie.dz\/fr\/wp-json\/wp\/v2\/comments?post=63293"}],"version-history":[{"count":1,"href":"https:\/\/elmawkie.dz\/fr\/wp-json\/wp\/v2\/posts\/63293\/revisions"}],"predecessor-version":[{"id":63296,"href":"https:\/\/elmawkie.dz\/fr\/wp-json\/wp\/v2\/posts\/63293\/revisions\/63296"}],"wp:featuredmedia":[{"embeddable":true,"href":"https:\/\/elmawkie.dz\/fr\/wp-json\/wp\/v2\/media\/63295"}],"wp:attachment":[{"href":"https:\/\/elmawkie.dz\/fr\/wp-json\/wp\/v2\/media?parent=63293"}],"wp:term":[{"taxonomy":"category","embeddable":true,"href":"https:\/\/elmawkie.dz\/fr\/wp-json\/wp\/v2\/categories?post=63293"},{"taxonomy":"post_tag","embeddable":true,"href":"https:\/\/elmawkie.dz\/fr\/wp-json\/wp\/v2\/tags?post=63293"}],"curies":[{"name":"wp","href":"https:\/\/api.w.org\/{rel}","templated":true}]}}