{"id":63269,"date":"2026-03-11T13:13:27","date_gmt":"2026-03-11T12:13:27","guid":{"rendered":"https:\/\/elmawkie.dz\/fr\/?p=63269"},"modified":"2026-03-11T13:13:28","modified_gmt":"2026-03-11T12:13:28","slug":"indignation-continentale-apres-le-report-de-la-wafcon-le-maroc-pointe-du-doigt-pour-son-manque-de-serieux","status":"publish","type":"post","link":"https:\/\/elmawkie.dz\/fr\/indignation-continentale-apres-le-report-de-la-wafcon-le-maroc-pointe-du-doigt-pour-son-manque-de-serieux\/","title":{"rendered":"Indignation continentale apr\u00e8s le report de la WAFCON : Le Maroc point\u00e9 du doigt pour son manque de s\u00e9rieux"},"content":{"rendered":"\n<p><strong><em>Le journal britan<\/em><\/strong><em><strong>nique <a href=\"https:\/\/www.theguardian.com\/football\/2026\/mar\/10\/wafcon-womens-africa-cup-of-nations-outrage-over-postponement?utm_source=chatgpt.com\">The Gaurdian <\/a><\/strong><\/em><strong><em> a mis en lumi\u00e8re une vague de col\u00e8re sans pr\u00e9c\u00e9dent secouant le football africain suite au report de la Coupe d\u2019Afrique des Nations F\u00e9minine (WAFCON). Ce nouveau revers est per\u00e7u comme une d\u00e9faillance majeure de la partie marocaine, qui plonge la comp\u00e9tition dans l\u2019incertitude totale. Alors que le pr\u00e9sident de la CAF, Patrice Motsepe, avait solennellement promis le 13 f\u00e9vrier dernier que le tournoi se tiendrait du 17 mars au 4 avril 2026, cette promesse a \u00e9t\u00e9 brutalement rompue le 5 mars, soit \u00e0 peine 12 jours avant le coup d&rsquo;envoi.<\/em><\/strong><br><br><em><strong>Selon le rapport de <strong><em><strong><a href=\"https:\/\/www.theguardian.com\/football\/2026\/mar\/10\/wafcon-womens-africa-cup-of-nations-outrage-over-postponement?utm_source=chatgpt.com\"><mark style=\"background-color:#ffffff\" class=\"has-inline-color has-pale-cyan-blue-color\">The Gaurdian<\/mark><\/a><\/strong><\/em><\/strong>, ce report est v\u00e9cu comme un m\u00e9pris flagrant envers les joueuses et les f\u00e9d\u00e9rations. Le Maroc n\u2019a d\u2019ailleurs fourni aucune justification claire ni explication sur les \u00ab\u00a0circonstances impr\u00e9vues\u00a0\u00bb \u00e9voqu\u00e9es pour justifier le d\u00e9calage de la comp\u00e9tition au 25 juillet 2026, et n\u2019a fix\u00e9 aucune garantie r\u00e9elle, laissant les \u00e9quipes dans un flou total apr\u00e8s une attente qui durait d\u00e9j\u00e0 depuis 2024.<\/strong><\/em><br><br><em><strong>En coulisses, des sources proches du dossier \u00e9voquent un \u00e9chec organisationnel profond de la f\u00e9d\u00e9ration dirig\u00e9e par Fouzi Lekjaa. Ce dernier, en plein t\u00e2tonnement, semble redouter une nouvelle d\u00e9b\u00e2cle sportive sur son sol apr\u00e8s l&rsquo;\u00e9chec des hommes en janvier. De plus, ces m\u00eames sources soulignent une incapacit\u00e9 logistique criante : le pays ne disposerait pas de stades op\u00e9rationnels pr\u00eats pour l&rsquo;\u00e9v\u00e9nement, ayant eu recours \u00e0 des solutions de fortune et de location. Ce manque de pr\u00e9paration flagrant a fini par faire c\u00e9der la CAF, malgr\u00e9 les engagements fermes de maintenir la comp\u00e9tition aux dates pr\u00e9vues.<\/strong><\/em><\/p>\n\n\n\n<p><em><strong>La col\u00e8re des nations africaines, telles que le Nigeria et le Ghana, se cristallise d\u00e9sormais non seulement contre le Maroc pour sa fuite devant ses responsabilit\u00e9s, mais aussi contre Patrice Motsepe pour sa complicit\u00e9 passive. Ce silence injustifi\u00e9 du Maroc et l&rsquo;incapacit\u00e9 de la pr\u00e9sidence de la CAF \u00e0 faire respecter les engagements sont qualifi\u00e9s d&rsquo;\u201d embarrassants \u201d et de \u201d manque de respect total \u201d, sacrifiant les efforts des athl\u00e8tes sur l&rsquo;autel de calculs politiques.<\/strong><\/em><\/p>\n\n\n\n<p><em><strong>En d\u00e9finitive, il appara\u00eet clairement que le Maroc, encore sous le choc de sa d\u00e9faite lors de la derni\u00e8re CAN et accul\u00e9 par les promesses non tenues faites \u00e0 son opinion publique, ne peut plus se permettre le moindre risque sportif. Apr\u00e8s les scandales et les \u00e9checs successifs qui ont entach\u00e9 sa r\u00e9putation, l&rsquo;appareil sportif marocain semble avoir pris conscience que son image est d\u00e9sormais ternie, incapable de garantir un succ\u00e8s sur ses terres, il opte pour le sabotage de la comp\u00e9tition plut\u00f4t que d&rsquo;affronter une nouvelle v\u00e9rit\u00e9 humiliante devant la sc\u00e8ne internationale.<\/strong><\/em><\/p>\n","protected":false},"excerpt":{"rendered":"<p>Le journal britannique The Gaurdian a mis en lumi\u00e8re une vague de col\u00e8re sans pr\u00e9c\u00e9dent secouant le football africain suite au report de la Coupe d\u2019Afrique des Nations F\u00e9minine (WAFCON). Ce nouveau revers est per\u00e7u comme une d\u00e9faillance majeure de la partie marocaine, qui plonge la comp\u00e9tition dans l\u2019incertitude totale. Alors que le pr\u00e9sident de &hellip;<\/p>\n","protected":false},"author":3,"featured_media":63271,"comment_status":"open","ping_status":"open","sticky":false,"template":"","format":"standard","meta":{"footnotes":""},"categories":[44,57],"tags":[99,6256],"class_list":["post-63269","post","type-post","status-publish","format-standard","has-post-thumbnail","hentry","category-international","category-sport","tag-maroc","tag-wafcon"],"yoast_head":"<!-- This site is optimized with the Yoast SEO Premium plugin v22.6 (Yoast SEO v22.6) - https:\/\/yoast.com\/wordpress\/plugins\/seo\/ -->\n<title>Indignation continentale apr\u00e8s le report de la WAFCON : Le Maroc point\u00e9 du doigt pour son manque de s\u00e9rieux - El Mawkie<\/title>\n<meta name=\"robots\" content=\"index, follow, max-snippet:-1, max-image-preview:large, max-video-preview:-1\" \/>\n<link rel=\"canonical\" href=\"https:\/\/elmawkie.dz\/fr\/indignation-continentale-apres-le-report-de-la-wafcon-le-maroc-pointe-du-doigt-pour-son-manque-de-serieux\/\" \/>\n<meta property=\"og:locale\" content=\"fr_FR\" \/>\n<meta property=\"og:type\" content=\"article\" \/>\n<meta property=\"og:title\" content=\"Indignation continentale apr\u00e8s le report de la WAFCON : Le Maroc point\u00e9 du doigt pour son manque de s\u00e9rieux\" \/>\n<meta property=\"og:description\" content=\"Le journal britannique The Gaurdian a mis en lumi\u00e8re une vague de col\u00e8re sans pr\u00e9c\u00e9dent secouant le football africain suite au report de la Coupe d\u2019Afrique des Nations F\u00e9minine (WAFCON). Ce nouveau revers est per\u00e7u comme une d\u00e9faillance majeure de la partie marocaine, qui plonge la comp\u00e9tition dans l\u2019incertitude totale. Alors que le pr\u00e9sident de &hellip;\" \/>\n<meta property=\"og:url\" content=\"https:\/\/elmawkie.dz\/fr\/indignation-continentale-apres-le-report-de-la-wafcon-le-maroc-pointe-du-doigt-pour-son-manque-de-serieux\/\" \/>\n<meta property=\"og:site_name\" content=\"El Mawkie\" \/>\n<meta property=\"article:publisher\" content=\"https:\/\/www.facebook.com\/profile.php?id=100088407094989&amp;locale=fr_FR\" \/>\n<meta property=\"article:published_time\" content=\"2026-03-11T12:13:27+00:00\" \/>\n<meta property=\"article:modified_time\" content=\"2026-03-11T12:13:28+00:00\" \/>\n<meta property=\"og:image\" content=\"https:\/\/elmawkie.dz\/fr\/wp-content\/uploads\/2026\/03\/IMG_2286.webp\" \/>\n\t<meta property=\"og:image:width\" content=\"1890\" \/>\n\t<meta property=\"og:image:height\" content=\"1063\" \/>\n\t<meta property=\"og:image:type\" content=\"image\/webp\" \/>\n<meta name=\"author\" content=\"Hamra Fouzia\" \/>\n<meta name=\"twitter:card\" content=\"summary_large_image\" \/>\n<meta name=\"twitter:label1\" content=\"Written by\" \/>\n\t<meta name=\"twitter:data1\" content=\"Hamra Fouzia\" \/>\n\t<meta name=\"twitter:label2\" content=\"Est. reading time\" \/>\n\t<meta name=\"twitter:data2\" content=\"3 minutes\" \/>\n<script type=\"application\/ld+json\" class=\"yoast-schema-graph\">{\"@context\":\"https:\/\/schema.org\",\"@graph\":[{\"@type\":\"Article\",\"@id\":\"https:\/\/elmawkie.dz\/fr\/indignation-continentale-apres-le-report-de-la-wafcon-le-maroc-pointe-du-doigt-pour-son-manque-de-serieux\/#article\",\"isPartOf\":{\"@id\":\"https:\/\/elmawkie.dz\/fr\/indignation-continentale-apres-le-report-de-la-wafcon-le-maroc-pointe-du-doigt-pour-son-manque-de-serieux\/\"},\"author\":{\"name\":\"Hamra Fouzia\",\"@id\":\"https:\/\/elmawkie.dz\/fr\/#\/schema\/person\/4ed8433201bc23634185d8dd37097c64\"},\"headline\":\"Indignation continentale apr\u00e8s le report de la WAFCON : Le Maroc point\u00e9 du doigt pour son manque de s\u00e9rieux\",\"datePublished\":\"2026-03-11T12:13:27+00:00\",\"dateModified\":\"2026-03-11T12:13:28+00:00\",\"mainEntityOfPage\":{\"@id\":\"https:\/\/elmawkie.dz\/fr\/indignation-continentale-apres-le-report-de-la-wafcon-le-maroc-pointe-du-doigt-pour-son-manque-de-serieux\/\"},\"wordCount\":497,\"commentCount\":0,\"publisher\":{\"@id\":\"https:\/\/elmawkie.dz\/fr\/#organization\"},\"image\":{\"@id\":\"https:\/\/elmawkie.dz\/fr\/indignation-continentale-apres-le-report-de-la-wafcon-le-maroc-pointe-du-doigt-pour-son-manque-de-serieux\/#primaryimage\"},\"thumbnailUrl\":\"https:\/\/elmawkie.dz\/fr\/wp-content\/uploads\/2026\/03\/IMG_2286.webp\",\"keywords\":[\"Maroc\",\"Wafcon\"],\"articleSection\":[\"International\",\"Sport\"],\"inLanguage\":\"fr-FR\",\"potentialAction\":[{\"@type\":\"CommentAction\",\"name\":\"Comment\",\"target\":[\"https:\/\/elmawkie.dz\/fr\/indignation-continentale-apres-le-report-de-la-wafcon-le-maroc-pointe-du-doigt-pour-son-manque-de-serieux\/#respond\"]}]},{\"@type\":\"WebPage\",\"@id\":\"https:\/\/elmawkie.dz\/fr\/indignation-continentale-apres-le-report-de-la-wafcon-le-maroc-pointe-du-doigt-pour-son-manque-de-serieux\/\",\"url\":\"https:\/\/elmawkie.dz\/fr\/indignation-continentale-apres-le-report-de-la-wafcon-le-maroc-pointe-du-doigt-pour-son-manque-de-serieux\/\",\"name\":\"Indignation continentale apr\u00e8s le report de la WAFCON : Le Maroc point\u00e9 du doigt pour son manque de s\u00e9rieux - El Mawkie\",\"isPartOf\":{\"@id\":\"https:\/\/elmawkie.dz\/fr\/#website\"},\"primaryImageOfPage\":{\"@id\":\"https:\/\/elmawkie.dz\/fr\/indignation-continentale-apres-le-report-de-la-wafcon-le-maroc-pointe-du-doigt-pour-son-manque-de-serieux\/#primaryimage\"},\"image\":{\"@id\":\"https:\/\/elmawkie.dz\/fr\/indignation-continentale-apres-le-report-de-la-wafcon-le-maroc-pointe-du-doigt-pour-son-manque-de-serieux\/#primaryimage\"},\"thumbnailUrl\":\"https:\/\/elmawkie.dz\/fr\/wp-content\/uploads\/2026\/03\/IMG_2286.webp\",\"datePublished\":\"2026-03-11T12:13:27+00:00\",\"dateModified\":\"2026-03-11T12:13:28+00:00\",\"breadcrumb\":{\"@id\":\"https:\/\/elmawkie.dz\/fr\/indignation-continentale-apres-le-report-de-la-wafcon-le-maroc-pointe-du-doigt-pour-son-manque-de-serieux\/#breadcrumb\"},\"inLanguage\":\"fr-FR\",\"potentialAction\":[{\"@type\":\"ReadAction\",\"target\":[\"https:\/\/elmawkie.dz\/fr\/indignation-continentale-apres-le-report-de-la-wafcon-le-maroc-pointe-du-doigt-pour-son-manque-de-serieux\/\"]}]},{\"@type\":\"ImageObject\",\"inLanguage\":\"fr-FR\",\"@id\":\"https:\/\/elmawkie.dz\/fr\/indignation-continentale-apres-le-report-de-la-wafcon-le-maroc-pointe-du-doigt-pour-son-manque-de-serieux\/#primaryimage\",\"url\":\"https:\/\/elmawkie.dz\/fr\/wp-content\/uploads\/2026\/03\/IMG_2286.webp\",\"contentUrl\":\"https:\/\/elmawkie.dz\/fr\/wp-content\/uploads\/2026\/03\/IMG_2286.webp\",\"width\":1890,\"height\":1063},{\"@type\":\"BreadcrumbList\",\"@id\":\"https:\/\/elmawkie.dz\/fr\/indignation-continentale-apres-le-report-de-la-wafcon-le-maroc-pointe-du-doigt-pour-son-manque-de-serieux\/#breadcrumb\",\"itemListElement\":[{\"@type\":\"ListItem\",\"position\":1,\"name\":\"Home\",\"item\":\"https:\/\/elmawkie.dz\/fr\/\"},{\"@type\":\"ListItem\",\"position\":2,\"name\":\"Indignation continentale apr\u00e8s le report de la WAFCON : Le Maroc point\u00e9 du doigt pour son manque de s\u00e9rieux\"}]},{\"@type\":\"WebSite\",\"@id\":\"https:\/\/elmawkie.dz\/fr\/#website\",\"url\":\"https:\/\/elmawkie.dz\/fr\/\",\"name\":\"EL MAWKIE\",\"description\":\"Journal \u00c9lectronique Alg\u00e9rien\",\"publisher\":{\"@id\":\"https:\/\/elmawkie.dz\/fr\/#organization\"},\"potentialAction\":[{\"@type\":\"SearchAction\",\"target\":{\"@type\":\"EntryPoint\",\"urlTemplate\":\"https:\/\/elmawkie.dz\/fr\/?s={search_term_string}\"},\"query-input\":\"required name=search_term_string\"}],\"inLanguage\":\"fr-FR\"},{\"@type\":\"Organization\",\"@id\":\"https:\/\/elmawkie.dz\/fr\/#organization\",\"name\":\"EL MAWKIE\",\"url\":\"https:\/\/elmawkie.dz\/fr\/\",\"logo\":{\"@type\":\"ImageObject\",\"inLanguage\":\"fr-FR\",\"@id\":\"https:\/\/elmawkie.dz\/fr\/#\/schema\/logo\/image\/\",\"url\":\"https:\/\/elmawkie.dz\/fr\/wp-content\/uploads\/2024\/05\/logo1.png\",\"contentUrl\":\"https:\/\/elmawkie.dz\/fr\/wp-content\/uploads\/2024\/05\/logo1.png\",\"width\":1648,\"height\":652,\"caption\":\"EL MAWKIE\"},\"image\":{\"@id\":\"https:\/\/elmawkie.dz\/fr\/#\/schema\/logo\/image\/\"},\"sameAs\":[\"https:\/\/www.facebook.com\/profile.php?id=100088407094989&locale=fr_FR\"]},{\"@type\":\"Person\",\"@id\":\"https:\/\/elmawkie.dz\/fr\/#\/schema\/person\/4ed8433201bc23634185d8dd37097c64\",\"name\":\"Hamra Fouzia\",\"image\":{\"@type\":\"ImageObject\",\"inLanguage\":\"fr-FR\",\"@id\":\"https:\/\/elmawkie.dz\/fr\/#\/schema\/person\/image\/\",\"url\":\"https:\/\/secure.gravatar.com\/avatar\/ea215268aad51f3219f9a59227db6fa1?s=96&d=mm&r=g\",\"contentUrl\":\"https:\/\/secure.gravatar.com\/avatar\/ea215268aad51f3219f9a59227db6fa1?s=96&d=mm&r=g\",\"caption\":\"Hamra Fouzia\"},\"sameAs\":[\"https:\/\/elmawkie.dz\/fr\"],\"url\":\"https:\/\/elmawkie.dz\/fr\/author\/elmawkie\/\"}]}<\/script>\n<!-- \/ Yoast SEO Premium plugin. -->","yoast_head_json":{"title":"Indignation continentale apr\u00e8s le report de la WAFCON : Le Maroc point\u00e9 du doigt pour son manque de s\u00e9rieux - El Mawkie","robots":{"index":"index","follow":"follow","max-snippet":"max-snippet:-1","max-image-preview":"max-image-preview:large","max-video-preview":"max-video-preview:-1"},"canonical":"https:\/\/elmawkie.dz\/fr\/indignation-continentale-apres-le-report-de-la-wafcon-le-maroc-pointe-du-doigt-pour-son-manque-de-serieux\/","og_locale":"fr_FR","og_type":"article","og_title":"Indignation continentale apr\u00e8s le report de la WAFCON : Le Maroc point\u00e9 du doigt pour son manque de s\u00e9rieux","og_description":"Le journal britannique The Gaurdian a mis en lumi\u00e8re une vague de col\u00e8re sans pr\u00e9c\u00e9dent secouant le football africain suite au report de la Coupe d\u2019Afrique des Nations F\u00e9minine (WAFCON). Ce nouveau revers est per\u00e7u comme une d\u00e9faillance majeure de la partie marocaine, qui plonge la comp\u00e9tition dans l\u2019incertitude totale. Alors que le pr\u00e9sident de &hellip;","og_url":"https:\/\/elmawkie.dz\/fr\/indignation-continentale-apres-le-report-de-la-wafcon-le-maroc-pointe-du-doigt-pour-son-manque-de-serieux\/","og_site_name":"El Mawkie","article_publisher":"https:\/\/www.facebook.com\/profile.php?id=100088407094989&locale=fr_FR","article_published_time":"2026-03-11T12:13:27+00:00","article_modified_time":"2026-03-11T12:13:28+00:00","og_image":[{"width":1890,"height":1063,"url":"https:\/\/elmawkie.dz\/fr\/wp-content\/uploads\/2026\/03\/IMG_2286.webp","type":"image\/webp"}],"author":"Hamra Fouzia","twitter_card":"summary_large_image","twitter_misc":{"Written by":"Hamra Fouzia","Est. reading time":"3 minutes"},"schema":{"@context":"https:\/\/schema.org","@graph":[{"@type":"Article","@id":"https:\/\/elmawkie.dz\/fr\/indignation-continentale-apres-le-report-de-la-wafcon-le-maroc-pointe-du-doigt-pour-son-manque-de-serieux\/#article","isPartOf":{"@id":"https:\/\/elmawkie.dz\/fr\/indignation-continentale-apres-le-report-de-la-wafcon-le-maroc-pointe-du-doigt-pour-son-manque-de-serieux\/"},"author":{"name":"Hamra Fouzia","@id":"https:\/\/elmawkie.dz\/fr\/#\/schema\/person\/4ed8433201bc23634185d8dd37097c64"},"headline":"Indignation continentale apr\u00e8s le report de la WAFCON : Le Maroc point\u00e9 du doigt pour son manque de s\u00e9rieux","datePublished":"2026-03-11T12:13:27+00:00","dateModified":"2026-03-11T12:13:28+00:00","mainEntityOfPage":{"@id":"https:\/\/elmawkie.dz\/fr\/indignation-continentale-apres-le-report-de-la-wafcon-le-maroc-pointe-du-doigt-pour-son-manque-de-serieux\/"},"wordCount":497,"commentCount":0,"publisher":{"@id":"https:\/\/elmawkie.dz\/fr\/#organization"},"image":{"@id":"https:\/\/elmawkie.dz\/fr\/indignation-continentale-apres-le-report-de-la-wafcon-le-maroc-pointe-du-doigt-pour-son-manque-de-serieux\/#primaryimage"},"thumbnailUrl":"https:\/\/elmawkie.dz\/fr\/wp-content\/uploads\/2026\/03\/IMG_2286.webp","keywords":["Maroc","Wafcon"],"articleSection":["International","Sport"],"inLanguage":"fr-FR","potentialAction":[{"@type":"CommentAction","name":"Comment","target":["https:\/\/elmawkie.dz\/fr\/indignation-continentale-apres-le-report-de-la-wafcon-le-maroc-pointe-du-doigt-pour-son-manque-de-serieux\/#respond"]}]},{"@type":"WebPage","@id":"https:\/\/elmawkie.dz\/fr\/indignation-continentale-apres-le-report-de-la-wafcon-le-maroc-pointe-du-doigt-pour-son-manque-de-serieux\/","url":"https:\/\/elmawkie.dz\/fr\/indignation-continentale-apres-le-report-de-la-wafcon-le-maroc-pointe-du-doigt-pour-son-manque-de-serieux\/","name":"Indignation continentale apr\u00e8s le report de la WAFCON : Le Maroc point\u00e9 du doigt pour son manque de s\u00e9rieux - El Mawkie","isPartOf":{"@id":"https:\/\/elmawkie.dz\/fr\/#website"},"primaryImageOfPage":{"@id":"https:\/\/elmawkie.dz\/fr\/indignation-continentale-apres-le-report-de-la-wafcon-le-maroc-pointe-du-doigt-pour-son-manque-de-serieux\/#primaryimage"},"image":{"@id":"https:\/\/elmawkie.dz\/fr\/indignation-continentale-apres-le-report-de-la-wafcon-le-maroc-pointe-du-doigt-pour-son-manque-de-serieux\/#primaryimage"},"thumbnailUrl":"https:\/\/elmawkie.dz\/fr\/wp-content\/uploads\/2026\/03\/IMG_2286.webp","datePublished":"2026-03-11T12:13:27+00:00","dateModified":"2026-03-11T12:13:28+00:00","breadcrumb":{"@id":"https:\/\/elmawkie.dz\/fr\/indignation-continentale-apres-le-report-de-la-wafcon-le-maroc-pointe-du-doigt-pour-son-manque-de-serieux\/#breadcrumb"},"inLanguage":"fr-FR","potentialAction":[{"@type":"ReadAction","target":["https:\/\/elmawkie.dz\/fr\/indignation-continentale-apres-le-report-de-la-wafcon-le-maroc-pointe-du-doigt-pour-son-manque-de-serieux\/"]}]},{"@type":"ImageObject","inLanguage":"fr-FR","@id":"https:\/\/elmawkie.dz\/fr\/indignation-continentale-apres-le-report-de-la-wafcon-le-maroc-pointe-du-doigt-pour-son-manque-de-serieux\/#primaryimage","url":"https:\/\/elmawkie.dz\/fr\/wp-content\/uploads\/2026\/03\/IMG_2286.webp","contentUrl":"https:\/\/elmawkie.dz\/fr\/wp-content\/uploads\/2026\/03\/IMG_2286.webp","width":1890,"height":1063},{"@type":"BreadcrumbList","@id":"https:\/\/elmawkie.dz\/fr\/indignation-continentale-apres-le-report-de-la-wafcon-le-maroc-pointe-du-doigt-pour-son-manque-de-serieux\/#breadcrumb","itemListElement":[{"@type":"ListItem","position":1,"name":"Home","item":"https:\/\/elmawkie.dz\/fr\/"},{"@type":"ListItem","position":2,"name":"Indignation continentale apr\u00e8s le report de la WAFCON : Le Maroc point\u00e9 du doigt pour son manque de s\u00e9rieux"}]},{"@type":"WebSite","@id":"https:\/\/elmawkie.dz\/fr\/#website","url":"https:\/\/elmawkie.dz\/fr\/","name":"EL MAWKIE","description":"Journal \u00c9lectronique Alg\u00e9rien","publisher":{"@id":"https:\/\/elmawkie.dz\/fr\/#organization"},"potentialAction":[{"@type":"SearchAction","target":{"@type":"EntryPoint","urlTemplate":"https:\/\/elmawkie.dz\/fr\/?s={search_term_string}"},"query-input":"required name=search_term_string"}],"inLanguage":"fr-FR"},{"@type":"Organization","@id":"https:\/\/elmawkie.dz\/fr\/#organization","name":"EL MAWKIE","url":"https:\/\/elmawkie.dz\/fr\/","logo":{"@type":"ImageObject","inLanguage":"fr-FR","@id":"https:\/\/elmawkie.dz\/fr\/#\/schema\/logo\/image\/","url":"https:\/\/elmawkie.dz\/fr\/wp-content\/uploads\/2024\/05\/logo1.png","contentUrl":"https:\/\/elmawkie.dz\/fr\/wp-content\/uploads\/2024\/05\/logo1.png","width":1648,"height":652,"caption":"EL MAWKIE"},"image":{"@id":"https:\/\/elmawkie.dz\/fr\/#\/schema\/logo\/image\/"},"sameAs":["https:\/\/www.facebook.com\/profile.php?id=100088407094989&locale=fr_FR"]},{"@type":"Person","@id":"https:\/\/elmawkie.dz\/fr\/#\/schema\/person\/4ed8433201bc23634185d8dd37097c64","name":"Hamra Fouzia","image":{"@type":"ImageObject","inLanguage":"fr-FR","@id":"https:\/\/elmawkie.dz\/fr\/#\/schema\/person\/image\/","url":"https:\/\/secure.gravatar.com\/avatar\/ea215268aad51f3219f9a59227db6fa1?s=96&d=mm&r=g","contentUrl":"https:\/\/secure.gravatar.com\/avatar\/ea215268aad51f3219f9a59227db6fa1?s=96&d=mm&r=g","caption":"Hamra Fouzia"},"sameAs":["https:\/\/elmawkie.dz\/fr"],"url":"https:\/\/elmawkie.dz\/fr\/author\/elmawkie\/"}]}},"_links":{"self":[{"href":"https:\/\/elmawkie.dz\/fr\/wp-json\/wp\/v2\/posts\/63269","targetHints":{"allow":["GET"]}}],"collection":[{"href":"https:\/\/elmawkie.dz\/fr\/wp-json\/wp\/v2\/posts"}],"about":[{"href":"https:\/\/elmawkie.dz\/fr\/wp-json\/wp\/v2\/types\/post"}],"author":[{"embeddable":true,"href":"https:\/\/elmawkie.dz\/fr\/wp-json\/wp\/v2\/users\/3"}],"replies":[{"embeddable":true,"href":"https:\/\/elmawkie.dz\/fr\/wp-json\/wp\/v2\/comments?post=63269"}],"version-history":[{"count":1,"href":"https:\/\/elmawkie.dz\/fr\/wp-json\/wp\/v2\/posts\/63269\/revisions"}],"predecessor-version":[{"id":63272,"href":"https:\/\/elmawkie.dz\/fr\/wp-json\/wp\/v2\/posts\/63269\/revisions\/63272"}],"wp:featuredmedia":[{"embeddable":true,"href":"https:\/\/elmawkie.dz\/fr\/wp-json\/wp\/v2\/media\/63271"}],"wp:attachment":[{"href":"https:\/\/elmawkie.dz\/fr\/wp-json\/wp\/v2\/media?parent=63269"}],"wp:term":[{"taxonomy":"category","embeddable":true,"href":"https:\/\/elmawkie.dz\/fr\/wp-json\/wp\/v2\/categories?post=63269"},{"taxonomy":"post_tag","embeddable":true,"href":"https:\/\/elmawkie.dz\/fr\/wp-json\/wp\/v2\/tags?post=63269"}],"curies":[{"name":"wp","href":"https:\/\/api.w.org\/{rel}","templated":true}]}}