{"id":63264,"date":"2026-03-10T16:57:12","date_gmt":"2026-03-10T15:57:12","guid":{"rendered":"https:\/\/elmawkie.dz\/fr\/?p=63264"},"modified":"2026-03-10T16:57:13","modified_gmt":"2026-03-10T15:57:13","slug":"code-de-la-route-sayoud-reaffirme-lengagement-de-letat-a-assurer-la-securite-des-citoyens-et-le-respect-de-lordre-public","status":"publish","type":"post","link":"https:\/\/elmawkie.dz\/fr\/code-de-la-route-sayoud-reaffirme-lengagement-de-letat-a-assurer-la-securite-des-citoyens-et-le-respect-de-lordre-public\/","title":{"rendered":"Code de la route : Sayoud r\u00e9affirme l&rsquo;engagement de l&rsquo;\u00c9tat \u00e0 assurer la s\u00e9curit\u00e9 des citoyens et le respect de l&rsquo;ordre public"},"content":{"rendered":"\n<p><strong>Le ministre de l&rsquo;Int\u00e9rieur, des Collectivit\u00e9s locales et des Transports, M. Sa\u00efd Sayoud, a r\u00e9it\u00e9r\u00e9 mardi la d\u00e9termination de l&rsquo;\u00c9tat \u00e0 mobiliser les ressources n\u00e9cessaires pour l&rsquo;application rigoureuse du nouveau code de la route. Cette d\u00e9marche s&rsquo;inscrit, selon le ministre, dans le cadre du renforcement de l&rsquo;ordre public et de la s\u00e9curit\u00e9 des citoyens.<\/strong><\/p>\n\n\n\n<p>S&rsquo;exprimant lors d&rsquo;une r\u00e9union de concertation avec les partenaires sociaux du secteur, tenue au lendemain de l&rsquo;adoption du texte par l&rsquo;Assembl\u00e9e populaire nationale (APN), M. Sayoud a pr\u00e9cis\u00e9 que les nouvelles dispositions l\u00e9gislatives visent avant tout la protection des vies humaines. Il a annonc\u00e9, \u00e0 cet effet, la mise en place d&rsquo;ateliers techniques d\u00e9di\u00e9s \u00e0 l&rsquo;examen des modalit\u00e9s de distribution des bus import\u00e9s, conform\u00e9ment aux d\u00e9cisions du Pr\u00e9sident de la R\u00e9publique, M. Abdelmadjid Tebboune.<\/p>\n\n\n\n<p>Le ministre a \u00e9galement instruit ses services de recevoir les repr\u00e9sentants des transporteurs dans les plus brefs d\u00e9lais afin d&rsquo;\u00e9tudier les propositions relatives au retrait des bus ayant plus de 30 ans de service. Cette mesure vise le renouvellement du parc national de transport et l&rsquo;am\u00e9lioration de la qualit\u00e9 des prestations fournies aux usagers.<\/p>\n\n\n\n<p>Par ailleurs, M. Sayoud a fait \u00e9tat de l&rsquo;\u00e9laboration d&rsquo;une feuille de route globale pour l&rsquo;organisation du secteur. Ce plan pr\u00e9voit notamment des facilit\u00e9s dans l&rsquo;octroi des autorisations, l&rsquo;ouverture de nouvelles lignes et l&rsquo;actualisation des plans de circulation \u00e0 travers les diff\u00e9rentes wilayas. Il a soulign\u00e9 que le r\u00e9cent mouvement ayant touch\u00e9 les directeurs des transports s&rsquo;inscrit dans cette nouvelle dynamique de gestion de terrain.<\/p>\n\n\n\n<p>De leur c\u00f4t\u00e9, les repr\u00e9sentants syndicaux ont salu\u00e9 l&rsquo;int\u00e9r\u00eat particulier accord\u00e9 par le pr\u00e9sident de la R\u00e9publique, M. Abdelmadjid Tebboune, ainsi que par les pouvoirs publics, \u00e0 la prise en charge de leurs pr\u00e9occupations. Ils ont, \u00e0 cet \u00e9gard, r\u00e9it\u00e9r\u00e9 leur pleine disponibilit\u00e9 \u00e0 accompagner la mise en \u0153uvre des diff\u00e9rentes mesures visant la r\u00e9organisation du secteur et l&rsquo;am\u00e9lioration continue des services de transport.<br>K.M<\/p>\n","protected":false},"excerpt":{"rendered":"<p>Le ministre de l&rsquo;Int\u00e9rieur, des Collectivit\u00e9s locales et des Transports, M. Sa\u00efd Sayoud, a r\u00e9it\u00e9r\u00e9 mardi la d\u00e9termination de l&rsquo;\u00c9tat \u00e0 mobiliser les ressources n\u00e9cessaires pour l&rsquo;application rigoureuse du nouveau code de la route. Cette d\u00e9marche s&rsquo;inscrit, selon le ministre, dans le cadre du renforcement de l&rsquo;ordre public et de la s\u00e9curit\u00e9 des citoyens. S&rsquo;exprimant &hellip;<\/p>\n","protected":false},"author":9,"featured_media":63267,"comment_status":"open","ping_status":"open","sticky":false,"template":"","format":"standard","meta":{"footnotes":""},"categories":[47],"tags":[6255,5956,5546,1115],"class_list":["post-63264","post","type-post","status-publish","format-standard","has-post-thumbnail","hentry","category-national","tag-lordre-public-2","tag-le-code-de-la-route","tag-sayoud","tag-transport"],"yoast_head":"<!-- This site is optimized with the Yoast SEO Premium plugin v22.6 (Yoast SEO v22.6) - https:\/\/yoast.com\/wordpress\/plugins\/seo\/ -->\n<title>Code de la route : Sayoud r\u00e9affirme l&#039;engagement de l&#039;\u00c9tat \u00e0 assurer la s\u00e9curit\u00e9 des citoyens et le respect de l&#039;ordre public - El Mawkie<\/title>\n<meta name=\"robots\" content=\"index, follow, max-snippet:-1, max-image-preview:large, max-video-preview:-1\" \/>\n<link rel=\"canonical\" href=\"https:\/\/elmawkie.dz\/fr\/code-de-la-route-sayoud-reaffirme-lengagement-de-letat-a-assurer-la-securite-des-citoyens-et-le-respect-de-lordre-public\/\" \/>\n<meta property=\"og:locale\" content=\"fr_FR\" \/>\n<meta property=\"og:type\" content=\"article\" \/>\n<meta property=\"og:title\" content=\"Code de la route : Sayoud r\u00e9affirme l&#039;engagement de l&#039;\u00c9tat \u00e0 assurer la s\u00e9curit\u00e9 des citoyens et le respect de l&#039;ordre public\" \/>\n<meta property=\"og:description\" content=\"Le ministre de l&rsquo;Int\u00e9rieur, des Collectivit\u00e9s locales et des Transports, M. Sa\u00efd Sayoud, a r\u00e9it\u00e9r\u00e9 mardi la d\u00e9termination de l&rsquo;\u00c9tat \u00e0 mobiliser les ressources n\u00e9cessaires pour l&rsquo;application rigoureuse du nouveau code de la route. Cette d\u00e9marche s&rsquo;inscrit, selon le ministre, dans le cadre du renforcement de l&rsquo;ordre public et de la s\u00e9curit\u00e9 des citoyens. S&rsquo;exprimant &hellip;\" \/>\n<meta property=\"og:url\" content=\"https:\/\/elmawkie.dz\/fr\/code-de-la-route-sayoud-reaffirme-lengagement-de-letat-a-assurer-la-securite-des-citoyens-et-le-respect-de-lordre-public\/\" \/>\n<meta property=\"og:site_name\" content=\"El Mawkie\" \/>\n<meta property=\"article:publisher\" content=\"https:\/\/www.facebook.com\/profile.php?id=100088407094989&amp;locale=fr_FR\" \/>\n<meta property=\"article:published_time\" content=\"2026-03-10T15:57:12+00:00\" \/>\n<meta property=\"article:modified_time\" content=\"2026-03-10T15:57:13+00:00\" \/>\n<meta property=\"og:image\" content=\"https:\/\/elmawkie.dz\/fr\/wp-content\/uploads\/2026\/03\/IMG_2238.jpeg\" \/>\n\t<meta property=\"og:image:width\" content=\"2048\" \/>\n\t<meta property=\"og:image:height\" content=\"1364\" \/>\n\t<meta property=\"og:image:type\" content=\"image\/jpeg\" \/>\n<meta name=\"author\" content=\"R\u00e9daction\" \/>\n<meta name=\"twitter:card\" content=\"summary_large_image\" \/>\n<meta name=\"twitter:label1\" content=\"Written by\" \/>\n\t<meta name=\"twitter:data1\" content=\"R\u00e9daction\" \/>\n\t<meta name=\"twitter:label2\" content=\"Est. reading time\" \/>\n\t<meta name=\"twitter:data2\" content=\"2 minutes\" \/>\n<script type=\"application\/ld+json\" class=\"yoast-schema-graph\">{\"@context\":\"https:\/\/schema.org\",\"@graph\":[{\"@type\":\"Article\",\"@id\":\"https:\/\/elmawkie.dz\/fr\/code-de-la-route-sayoud-reaffirme-lengagement-de-letat-a-assurer-la-securite-des-citoyens-et-le-respect-de-lordre-public\/#article\",\"isPartOf\":{\"@id\":\"https:\/\/elmawkie.dz\/fr\/code-de-la-route-sayoud-reaffirme-lengagement-de-letat-a-assurer-la-securite-des-citoyens-et-le-respect-de-lordre-public\/\"},\"author\":{\"name\":\"R\u00e9daction\",\"@id\":\"https:\/\/elmawkie.dz\/fr\/#\/schema\/person\/e7bd59d6467874ba5c4723d8a9f0a63c\"},\"headline\":\"Code de la route : Sayoud r\u00e9affirme l&rsquo;engagement de l&rsquo;\u00c9tat \u00e0 assurer la s\u00e9curit\u00e9 des citoyens et le respect de l&rsquo;ordre public\",\"datePublished\":\"2026-03-10T15:57:12+00:00\",\"dateModified\":\"2026-03-10T15:57:13+00:00\",\"mainEntityOfPage\":{\"@id\":\"https:\/\/elmawkie.dz\/fr\/code-de-la-route-sayoud-reaffirme-lengagement-de-letat-a-assurer-la-securite-des-citoyens-et-le-respect-de-lordre-public\/\"},\"wordCount\":392,\"commentCount\":0,\"publisher\":{\"@id\":\"https:\/\/elmawkie.dz\/fr\/#organization\"},\"image\":{\"@id\":\"https:\/\/elmawkie.dz\/fr\/code-de-la-route-sayoud-reaffirme-lengagement-de-letat-a-assurer-la-securite-des-citoyens-et-le-respect-de-lordre-public\/#primaryimage\"},\"thumbnailUrl\":\"https:\/\/elmawkie.dz\/fr\/wp-content\/uploads\/2026\/03\/IMG_2238.jpeg\",\"keywords\":[\"L\u2019ordre public\",\"Le code de la route\",\"Sayoud\",\"transport\"],\"articleSection\":[\"National\"],\"inLanguage\":\"fr-FR\",\"potentialAction\":[{\"@type\":\"CommentAction\",\"name\":\"Comment\",\"target\":[\"https:\/\/elmawkie.dz\/fr\/code-de-la-route-sayoud-reaffirme-lengagement-de-letat-a-assurer-la-securite-des-citoyens-et-le-respect-de-lordre-public\/#respond\"]}]},{\"@type\":\"WebPage\",\"@id\":\"https:\/\/elmawkie.dz\/fr\/code-de-la-route-sayoud-reaffirme-lengagement-de-letat-a-assurer-la-securite-des-citoyens-et-le-respect-de-lordre-public\/\",\"url\":\"https:\/\/elmawkie.dz\/fr\/code-de-la-route-sayoud-reaffirme-lengagement-de-letat-a-assurer-la-securite-des-citoyens-et-le-respect-de-lordre-public\/\",\"name\":\"Code de la route : Sayoud r\u00e9affirme l'engagement de l'\u00c9tat \u00e0 assurer la s\u00e9curit\u00e9 des citoyens et le respect de l'ordre public - El Mawkie\",\"isPartOf\":{\"@id\":\"https:\/\/elmawkie.dz\/fr\/#website\"},\"primaryImageOfPage\":{\"@id\":\"https:\/\/elmawkie.dz\/fr\/code-de-la-route-sayoud-reaffirme-lengagement-de-letat-a-assurer-la-securite-des-citoyens-et-le-respect-de-lordre-public\/#primaryimage\"},\"image\":{\"@id\":\"https:\/\/elmawkie.dz\/fr\/code-de-la-route-sayoud-reaffirme-lengagement-de-letat-a-assurer-la-securite-des-citoyens-et-le-respect-de-lordre-public\/#primaryimage\"},\"thumbnailUrl\":\"https:\/\/elmawkie.dz\/fr\/wp-content\/uploads\/2026\/03\/IMG_2238.jpeg\",\"datePublished\":\"2026-03-10T15:57:12+00:00\",\"dateModified\":\"2026-03-10T15:57:13+00:00\",\"breadcrumb\":{\"@id\":\"https:\/\/elmawkie.dz\/fr\/code-de-la-route-sayoud-reaffirme-lengagement-de-letat-a-assurer-la-securite-des-citoyens-et-le-respect-de-lordre-public\/#breadcrumb\"},\"inLanguage\":\"fr-FR\",\"potentialAction\":[{\"@type\":\"ReadAction\",\"target\":[\"https:\/\/elmawkie.dz\/fr\/code-de-la-route-sayoud-reaffirme-lengagement-de-letat-a-assurer-la-securite-des-citoyens-et-le-respect-de-lordre-public\/\"]}]},{\"@type\":\"ImageObject\",\"inLanguage\":\"fr-FR\",\"@id\":\"https:\/\/elmawkie.dz\/fr\/code-de-la-route-sayoud-reaffirme-lengagement-de-letat-a-assurer-la-securite-des-citoyens-et-le-respect-de-lordre-public\/#primaryimage\",\"url\":\"https:\/\/elmawkie.dz\/fr\/wp-content\/uploads\/2026\/03\/IMG_2238.jpeg\",\"contentUrl\":\"https:\/\/elmawkie.dz\/fr\/wp-content\/uploads\/2026\/03\/IMG_2238.jpeg\",\"width\":2048,\"height\":1364},{\"@type\":\"BreadcrumbList\",\"@id\":\"https:\/\/elmawkie.dz\/fr\/code-de-la-route-sayoud-reaffirme-lengagement-de-letat-a-assurer-la-securite-des-citoyens-et-le-respect-de-lordre-public\/#breadcrumb\",\"itemListElement\":[{\"@type\":\"ListItem\",\"position\":1,\"name\":\"Home\",\"item\":\"https:\/\/elmawkie.dz\/fr\/\"},{\"@type\":\"ListItem\",\"position\":2,\"name\":\"Code de la route : Sayoud r\u00e9affirme l&rsquo;engagement de l&rsquo;\u00c9tat \u00e0 assurer la s\u00e9curit\u00e9 des citoyens et le respect de l&rsquo;ordre public\"}]},{\"@type\":\"WebSite\",\"@id\":\"https:\/\/elmawkie.dz\/fr\/#website\",\"url\":\"https:\/\/elmawkie.dz\/fr\/\",\"name\":\"EL MAWKIE\",\"description\":\"Journal \u00c9lectronique Alg\u00e9rien\",\"publisher\":{\"@id\":\"https:\/\/elmawkie.dz\/fr\/#organization\"},\"potentialAction\":[{\"@type\":\"SearchAction\",\"target\":{\"@type\":\"EntryPoint\",\"urlTemplate\":\"https:\/\/elmawkie.dz\/fr\/?s={search_term_string}\"},\"query-input\":\"required name=search_term_string\"}],\"inLanguage\":\"fr-FR\"},{\"@type\":\"Organization\",\"@id\":\"https:\/\/elmawkie.dz\/fr\/#organization\",\"name\":\"EL MAWKIE\",\"url\":\"https:\/\/elmawkie.dz\/fr\/\",\"logo\":{\"@type\":\"ImageObject\",\"inLanguage\":\"fr-FR\",\"@id\":\"https:\/\/elmawkie.dz\/fr\/#\/schema\/logo\/image\/\",\"url\":\"https:\/\/elmawkie.dz\/fr\/wp-content\/uploads\/2024\/05\/logo1.png\",\"contentUrl\":\"https:\/\/elmawkie.dz\/fr\/wp-content\/uploads\/2024\/05\/logo1.png\",\"width\":1648,\"height\":652,\"caption\":\"EL MAWKIE\"},\"image\":{\"@id\":\"https:\/\/elmawkie.dz\/fr\/#\/schema\/logo\/image\/\"},\"sameAs\":[\"https:\/\/www.facebook.com\/profile.php?id=100088407094989&locale=fr_FR\"]},{\"@type\":\"Person\",\"@id\":\"https:\/\/elmawkie.dz\/fr\/#\/schema\/person\/e7bd59d6467874ba5c4723d8a9f0a63c\",\"name\":\"R\u00e9daction\",\"image\":{\"@type\":\"ImageObject\",\"inLanguage\":\"fr-FR\",\"@id\":\"https:\/\/elmawkie.dz\/fr\/#\/schema\/person\/image\/\",\"url\":\"https:\/\/secure.gravatar.com\/avatar\/f0f773456344da4d2788c054a3d30a0c?s=96&d=mm&r=g\",\"contentUrl\":\"https:\/\/secure.gravatar.com\/avatar\/f0f773456344da4d2788c054a3d30a0c?s=96&d=mm&r=g\",\"caption\":\"R\u00e9daction\"},\"url\":\"https:\/\/elmawkie.dz\/fr\/author\/redaction\/\"}]}<\/script>\n<!-- \/ Yoast SEO Premium plugin. -->","yoast_head_json":{"title":"Code de la route : Sayoud r\u00e9affirme l'engagement de l'\u00c9tat \u00e0 assurer la s\u00e9curit\u00e9 des citoyens et le respect de l'ordre public - El Mawkie","robots":{"index":"index","follow":"follow","max-snippet":"max-snippet:-1","max-image-preview":"max-image-preview:large","max-video-preview":"max-video-preview:-1"},"canonical":"https:\/\/elmawkie.dz\/fr\/code-de-la-route-sayoud-reaffirme-lengagement-de-letat-a-assurer-la-securite-des-citoyens-et-le-respect-de-lordre-public\/","og_locale":"fr_FR","og_type":"article","og_title":"Code de la route : Sayoud r\u00e9affirme l'engagement de l'\u00c9tat \u00e0 assurer la s\u00e9curit\u00e9 des citoyens et le respect de l'ordre public","og_description":"Le ministre de l&rsquo;Int\u00e9rieur, des Collectivit\u00e9s locales et des Transports, M. Sa\u00efd Sayoud, a r\u00e9it\u00e9r\u00e9 mardi la d\u00e9termination de l&rsquo;\u00c9tat \u00e0 mobiliser les ressources n\u00e9cessaires pour l&rsquo;application rigoureuse du nouveau code de la route. Cette d\u00e9marche s&rsquo;inscrit, selon le ministre, dans le cadre du renforcement de l&rsquo;ordre public et de la s\u00e9curit\u00e9 des citoyens. S&rsquo;exprimant &hellip;","og_url":"https:\/\/elmawkie.dz\/fr\/code-de-la-route-sayoud-reaffirme-lengagement-de-letat-a-assurer-la-securite-des-citoyens-et-le-respect-de-lordre-public\/","og_site_name":"El Mawkie","article_publisher":"https:\/\/www.facebook.com\/profile.php?id=100088407094989&locale=fr_FR","article_published_time":"2026-03-10T15:57:12+00:00","article_modified_time":"2026-03-10T15:57:13+00:00","og_image":[{"width":2048,"height":1364,"url":"https:\/\/elmawkie.dz\/fr\/wp-content\/uploads\/2026\/03\/IMG_2238.jpeg","type":"image\/jpeg"}],"author":"R\u00e9daction","twitter_card":"summary_large_image","twitter_misc":{"Written by":"R\u00e9daction","Est. reading time":"2 minutes"},"schema":{"@context":"https:\/\/schema.org","@graph":[{"@type":"Article","@id":"https:\/\/elmawkie.dz\/fr\/code-de-la-route-sayoud-reaffirme-lengagement-de-letat-a-assurer-la-securite-des-citoyens-et-le-respect-de-lordre-public\/#article","isPartOf":{"@id":"https:\/\/elmawkie.dz\/fr\/code-de-la-route-sayoud-reaffirme-lengagement-de-letat-a-assurer-la-securite-des-citoyens-et-le-respect-de-lordre-public\/"},"author":{"name":"R\u00e9daction","@id":"https:\/\/elmawkie.dz\/fr\/#\/schema\/person\/e7bd59d6467874ba5c4723d8a9f0a63c"},"headline":"Code de la route : Sayoud r\u00e9affirme l&rsquo;engagement de l&rsquo;\u00c9tat \u00e0 assurer la s\u00e9curit\u00e9 des citoyens et le respect de l&rsquo;ordre public","datePublished":"2026-03-10T15:57:12+00:00","dateModified":"2026-03-10T15:57:13+00:00","mainEntityOfPage":{"@id":"https:\/\/elmawkie.dz\/fr\/code-de-la-route-sayoud-reaffirme-lengagement-de-letat-a-assurer-la-securite-des-citoyens-et-le-respect-de-lordre-public\/"},"wordCount":392,"commentCount":0,"publisher":{"@id":"https:\/\/elmawkie.dz\/fr\/#organization"},"image":{"@id":"https:\/\/elmawkie.dz\/fr\/code-de-la-route-sayoud-reaffirme-lengagement-de-letat-a-assurer-la-securite-des-citoyens-et-le-respect-de-lordre-public\/#primaryimage"},"thumbnailUrl":"https:\/\/elmawkie.dz\/fr\/wp-content\/uploads\/2026\/03\/IMG_2238.jpeg","keywords":["L\u2019ordre public","Le code de la route","Sayoud","transport"],"articleSection":["National"],"inLanguage":"fr-FR","potentialAction":[{"@type":"CommentAction","name":"Comment","target":["https:\/\/elmawkie.dz\/fr\/code-de-la-route-sayoud-reaffirme-lengagement-de-letat-a-assurer-la-securite-des-citoyens-et-le-respect-de-lordre-public\/#respond"]}]},{"@type":"WebPage","@id":"https:\/\/elmawkie.dz\/fr\/code-de-la-route-sayoud-reaffirme-lengagement-de-letat-a-assurer-la-securite-des-citoyens-et-le-respect-de-lordre-public\/","url":"https:\/\/elmawkie.dz\/fr\/code-de-la-route-sayoud-reaffirme-lengagement-de-letat-a-assurer-la-securite-des-citoyens-et-le-respect-de-lordre-public\/","name":"Code de la route : Sayoud r\u00e9affirme l'engagement de l'\u00c9tat \u00e0 assurer la s\u00e9curit\u00e9 des citoyens et le respect de l'ordre public - El Mawkie","isPartOf":{"@id":"https:\/\/elmawkie.dz\/fr\/#website"},"primaryImageOfPage":{"@id":"https:\/\/elmawkie.dz\/fr\/code-de-la-route-sayoud-reaffirme-lengagement-de-letat-a-assurer-la-securite-des-citoyens-et-le-respect-de-lordre-public\/#primaryimage"},"image":{"@id":"https:\/\/elmawkie.dz\/fr\/code-de-la-route-sayoud-reaffirme-lengagement-de-letat-a-assurer-la-securite-des-citoyens-et-le-respect-de-lordre-public\/#primaryimage"},"thumbnailUrl":"https:\/\/elmawkie.dz\/fr\/wp-content\/uploads\/2026\/03\/IMG_2238.jpeg","datePublished":"2026-03-10T15:57:12+00:00","dateModified":"2026-03-10T15:57:13+00:00","breadcrumb":{"@id":"https:\/\/elmawkie.dz\/fr\/code-de-la-route-sayoud-reaffirme-lengagement-de-letat-a-assurer-la-securite-des-citoyens-et-le-respect-de-lordre-public\/#breadcrumb"},"inLanguage":"fr-FR","potentialAction":[{"@type":"ReadAction","target":["https:\/\/elmawkie.dz\/fr\/code-de-la-route-sayoud-reaffirme-lengagement-de-letat-a-assurer-la-securite-des-citoyens-et-le-respect-de-lordre-public\/"]}]},{"@type":"ImageObject","inLanguage":"fr-FR","@id":"https:\/\/elmawkie.dz\/fr\/code-de-la-route-sayoud-reaffirme-lengagement-de-letat-a-assurer-la-securite-des-citoyens-et-le-respect-de-lordre-public\/#primaryimage","url":"https:\/\/elmawkie.dz\/fr\/wp-content\/uploads\/2026\/03\/IMG_2238.jpeg","contentUrl":"https:\/\/elmawkie.dz\/fr\/wp-content\/uploads\/2026\/03\/IMG_2238.jpeg","width":2048,"height":1364},{"@type":"BreadcrumbList","@id":"https:\/\/elmawkie.dz\/fr\/code-de-la-route-sayoud-reaffirme-lengagement-de-letat-a-assurer-la-securite-des-citoyens-et-le-respect-de-lordre-public\/#breadcrumb","itemListElement":[{"@type":"ListItem","position":1,"name":"Home","item":"https:\/\/elmawkie.dz\/fr\/"},{"@type":"ListItem","position":2,"name":"Code de la route : Sayoud r\u00e9affirme l&rsquo;engagement de l&rsquo;\u00c9tat \u00e0 assurer la s\u00e9curit\u00e9 des citoyens et le respect de l&rsquo;ordre public"}]},{"@type":"WebSite","@id":"https:\/\/elmawkie.dz\/fr\/#website","url":"https:\/\/elmawkie.dz\/fr\/","name":"EL MAWKIE","description":"Journal \u00c9lectronique Alg\u00e9rien","publisher":{"@id":"https:\/\/elmawkie.dz\/fr\/#organization"},"potentialAction":[{"@type":"SearchAction","target":{"@type":"EntryPoint","urlTemplate":"https:\/\/elmawkie.dz\/fr\/?s={search_term_string}"},"query-input":"required name=search_term_string"}],"inLanguage":"fr-FR"},{"@type":"Organization","@id":"https:\/\/elmawkie.dz\/fr\/#organization","name":"EL MAWKIE","url":"https:\/\/elmawkie.dz\/fr\/","logo":{"@type":"ImageObject","inLanguage":"fr-FR","@id":"https:\/\/elmawkie.dz\/fr\/#\/schema\/logo\/image\/","url":"https:\/\/elmawkie.dz\/fr\/wp-content\/uploads\/2024\/05\/logo1.png","contentUrl":"https:\/\/elmawkie.dz\/fr\/wp-content\/uploads\/2024\/05\/logo1.png","width":1648,"height":652,"caption":"EL MAWKIE"},"image":{"@id":"https:\/\/elmawkie.dz\/fr\/#\/schema\/logo\/image\/"},"sameAs":["https:\/\/www.facebook.com\/profile.php?id=100088407094989&locale=fr_FR"]},{"@type":"Person","@id":"https:\/\/elmawkie.dz\/fr\/#\/schema\/person\/e7bd59d6467874ba5c4723d8a9f0a63c","name":"R\u00e9daction","image":{"@type":"ImageObject","inLanguage":"fr-FR","@id":"https:\/\/elmawkie.dz\/fr\/#\/schema\/person\/image\/","url":"https:\/\/secure.gravatar.com\/avatar\/f0f773456344da4d2788c054a3d30a0c?s=96&d=mm&r=g","contentUrl":"https:\/\/secure.gravatar.com\/avatar\/f0f773456344da4d2788c054a3d30a0c?s=96&d=mm&r=g","caption":"R\u00e9daction"},"url":"https:\/\/elmawkie.dz\/fr\/author\/redaction\/"}]}},"_links":{"self":[{"href":"https:\/\/elmawkie.dz\/fr\/wp-json\/wp\/v2\/posts\/63264","targetHints":{"allow":["GET"]}}],"collection":[{"href":"https:\/\/elmawkie.dz\/fr\/wp-json\/wp\/v2\/posts"}],"about":[{"href":"https:\/\/elmawkie.dz\/fr\/wp-json\/wp\/v2\/types\/post"}],"author":[{"embeddable":true,"href":"https:\/\/elmawkie.dz\/fr\/wp-json\/wp\/v2\/users\/9"}],"replies":[{"embeddable":true,"href":"https:\/\/elmawkie.dz\/fr\/wp-json\/wp\/v2\/comments?post=63264"}],"version-history":[{"count":1,"href":"https:\/\/elmawkie.dz\/fr\/wp-json\/wp\/v2\/posts\/63264\/revisions"}],"predecessor-version":[{"id":63268,"href":"https:\/\/elmawkie.dz\/fr\/wp-json\/wp\/v2\/posts\/63264\/revisions\/63268"}],"wp:featuredmedia":[{"embeddable":true,"href":"https:\/\/elmawkie.dz\/fr\/wp-json\/wp\/v2\/media\/63267"}],"wp:attachment":[{"href":"https:\/\/elmawkie.dz\/fr\/wp-json\/wp\/v2\/media?parent=63264"}],"wp:term":[{"taxonomy":"category","embeddable":true,"href":"https:\/\/elmawkie.dz\/fr\/wp-json\/wp\/v2\/categories?post=63264"},{"taxonomy":"post_tag","embeddable":true,"href":"https:\/\/elmawkie.dz\/fr\/wp-json\/wp\/v2\/tags?post=63264"}],"curies":[{"name":"wp","href":"https:\/\/api.w.org\/{rel}","templated":true}]}}