{"id":63260,"date":"2026-03-10T16:39:49","date_gmt":"2026-03-10T15:39:49","guid":{"rendered":"https:\/\/elmawkie.dz\/fr\/?p=63260"},"modified":"2026-03-10T16:39:51","modified_gmt":"2026-03-10T15:39:51","slug":"solidarite-a-jijel-caravane-medicale-specialisee-pour-les-pensionnaires-du-foyer-del-aouana","status":"publish","type":"post","link":"https:\/\/elmawkie.dz\/fr\/solidarite-a-jijel-caravane-medicale-specialisee-pour-les-pensionnaires-du-foyer-del-aouana\/","title":{"rendered":"Solidarit\u00e9 \u00e0 Jijel : caravane m\u00e9dicale sp\u00e9cialis\u00e9e pour les pensionnaires du foyer d\u2019El Aouana"},"content":{"rendered":"\n<p>Les r\u00e9sidents du foyer pour personnes \u00e2g\u00e9es de la commune d\u2019El Aouana (Jijel), au nombre de 27, ont b\u00e9n\u00e9fici\u00e9, mardi, d&rsquo;examens m\u00e9dicaux sp\u00e9cialis\u00e9s dans le cadre d\u2019une caravane organis\u00e9e par l&rsquo;Etablissement hospitalier sp\u00e9cialis\u00e9 (EHS) en r\u00e9\u00e9ducation fonctionnelle de Texenna.<\/p>\n\n\n\n<p>Le directeur de cette structure de sant\u00e9, Mohamed Arafat Benmadani, a pr\u00e9cis\u00e9 que l&rsquo;organisation de cette caravane \u00ab\u00a0s&rsquo;inscrit dans le cadre de la mise en \u0153uvre du programme m\u00e9dical adopt\u00e9 par l&rsquo;EHS pour l&rsquo;ann\u00e9e 2026, visant \u00e0 accompagner et suivre m\u00e9dicalement les diff\u00e9rentes cat\u00e9gories vuln\u00e9rables de la soci\u00e9t\u00e9 ainsi que les personnes ne pouvant, pour raison de sant\u00e9 ou d\u2019\u00e2ge avanc\u00e9, se d\u00e9placer \u00bb.<\/p>\n\n\n\n<p>Il a ajout\u00e9 que cette caravane, mise sur pied sous l\u2019\u00e9gide de la direction de la sant\u00e9, et en coordination avec l&rsquo;Etablissement public de sant\u00e9 de proximit\u00e9 (EPSP) de Ziama-Mansouriah et la direction de l\u2019action sociale et de la solidarit\u00e9 (DASS), comprend des sp\u00e9cialistes en r\u00e9\u00e9ducation fonctionnelle, des sp\u00e9cialistes en kin\u00e9sith\u00e9rapie et physioth\u00e9rapie, des chirurgiens-dentistes ainsi que des m\u00e9decins g\u00e9n\u00e9ralistes et des psychologues-cliniciens.<\/p>\n\n\n\n<p>M. Benmadani a \u00e9galement soulign\u00e9 que les 27 pensionnaires du foyer pour personnes \u00e2g\u00e9es d\u2019El Aouana \u00ab b\u00e9n\u00e9ficieront d&rsquo;un suivi m\u00e9dical r\u00e9gulier, adapt\u00e9 \u00e0 leur \u00e9tat de sant\u00e9 \u00bb, avant de pr\u00e9ciser que d&rsquo;autres caravanes m\u00e9dicales sp\u00e9cialis\u00e9es seront organis\u00e9es au cours de l&rsquo;ann\u00e9e 2026 pour \u00ab prendre en charge d\u2019autres cat\u00e9gories vuln\u00e9rables et des habitants des zones recul\u00e9es pour consacrer le principe de la proximit\u00e9 des soins avec les citoyens \u00bb.<\/p>\n","protected":false},"excerpt":{"rendered":"<p>Les r\u00e9sidents du foyer pour personnes \u00e2g\u00e9es de la commune d\u2019El Aouana (Jijel), au nombre de 27, ont b\u00e9n\u00e9fici\u00e9, mardi, d&rsquo;examens m\u00e9dicaux sp\u00e9cialis\u00e9s dans le cadre d\u2019une caravane organis\u00e9e par l&rsquo;Etablissement hospitalier sp\u00e9cialis\u00e9 (EHS) en r\u00e9\u00e9ducation fonctionnelle de Texenna. Le directeur de cette structure de sant\u00e9, Mohamed Arafat Benmadani, a pr\u00e9cis\u00e9 que l&rsquo;organisation de cette &hellip;<\/p>\n","protected":false},"author":9,"featured_media":63262,"comment_status":"open","ping_status":"open","sticky":false,"template":"","format":"standard","meta":{"footnotes":""},"categories":[50],"tags":[4852,144,2034],"class_list":["post-63260","post","type-post","status-publish","format-standard","has-post-thumbnail","hentry","category-region","tag-caravane-medicale","tag-jijel","tag-solidarite"],"yoast_head":"<!-- This site is optimized with the Yoast SEO Premium plugin v22.6 (Yoast SEO v22.6) - https:\/\/yoast.com\/wordpress\/plugins\/seo\/ -->\n<title>Solidarit\u00e9 \u00e0 Jijel : caravane m\u00e9dicale sp\u00e9cialis\u00e9e pour les pensionnaires du foyer d\u2019El Aouana - El Mawkie<\/title>\n<meta name=\"robots\" content=\"index, follow, max-snippet:-1, max-image-preview:large, max-video-preview:-1\" \/>\n<link rel=\"canonical\" href=\"https:\/\/elmawkie.dz\/fr\/solidarite-a-jijel-caravane-medicale-specialisee-pour-les-pensionnaires-du-foyer-del-aouana\/\" \/>\n<meta property=\"og:locale\" content=\"fr_FR\" \/>\n<meta property=\"og:type\" content=\"article\" \/>\n<meta property=\"og:title\" content=\"Solidarit\u00e9 \u00e0 Jijel : caravane m\u00e9dicale sp\u00e9cialis\u00e9e pour les pensionnaires du foyer d\u2019El Aouana\" \/>\n<meta property=\"og:description\" content=\"Les r\u00e9sidents du foyer pour personnes \u00e2g\u00e9es de la commune d\u2019El Aouana (Jijel), au nombre de 27, ont b\u00e9n\u00e9fici\u00e9, mardi, d&rsquo;examens m\u00e9dicaux sp\u00e9cialis\u00e9s dans le cadre d\u2019une caravane organis\u00e9e par l&rsquo;Etablissement hospitalier sp\u00e9cialis\u00e9 (EHS) en r\u00e9\u00e9ducation fonctionnelle de Texenna. Le directeur de cette structure de sant\u00e9, Mohamed Arafat Benmadani, a pr\u00e9cis\u00e9 que l&rsquo;organisation de cette &hellip;\" \/>\n<meta property=\"og:url\" content=\"https:\/\/elmawkie.dz\/fr\/solidarite-a-jijel-caravane-medicale-specialisee-pour-les-pensionnaires-du-foyer-del-aouana\/\" \/>\n<meta property=\"og:site_name\" content=\"El Mawkie\" \/>\n<meta property=\"article:publisher\" content=\"https:\/\/www.facebook.com\/profile.php?id=100088407094989&amp;locale=fr_FR\" \/>\n<meta property=\"article:published_time\" content=\"2026-03-10T15:39:49+00:00\" \/>\n<meta property=\"article:modified_time\" content=\"2026-03-10T15:39:51+00:00\" \/>\n<meta property=\"og:image\" content=\"https:\/\/elmawkie.dz\/fr\/wp-content\/uploads\/2026\/03\/IMG_2235.jpeg\" \/>\n\t<meta property=\"og:image:width\" content=\"563\" \/>\n\t<meta property=\"og:image:height\" content=\"355\" \/>\n\t<meta property=\"og:image:type\" content=\"image\/jpeg\" \/>\n<meta name=\"author\" content=\"R\u00e9daction\" \/>\n<meta name=\"twitter:card\" content=\"summary_large_image\" \/>\n<meta name=\"twitter:label1\" content=\"Written by\" \/>\n\t<meta name=\"twitter:data1\" content=\"R\u00e9daction\" \/>\n\t<meta name=\"twitter:label2\" content=\"Est. reading time\" \/>\n\t<meta name=\"twitter:data2\" content=\"2 minutes\" \/>\n<script type=\"application\/ld+json\" class=\"yoast-schema-graph\">{\"@context\":\"https:\/\/schema.org\",\"@graph\":[{\"@type\":\"Article\",\"@id\":\"https:\/\/elmawkie.dz\/fr\/solidarite-a-jijel-caravane-medicale-specialisee-pour-les-pensionnaires-du-foyer-del-aouana\/#article\",\"isPartOf\":{\"@id\":\"https:\/\/elmawkie.dz\/fr\/solidarite-a-jijel-caravane-medicale-specialisee-pour-les-pensionnaires-du-foyer-del-aouana\/\"},\"author\":{\"name\":\"R\u00e9daction\",\"@id\":\"https:\/\/elmawkie.dz\/fr\/#\/schema\/person\/e7bd59d6467874ba5c4723d8a9f0a63c\"},\"headline\":\"Solidarit\u00e9 \u00e0 Jijel : caravane m\u00e9dicale sp\u00e9cialis\u00e9e pour les pensionnaires du foyer d\u2019El Aouana\",\"datePublished\":\"2026-03-10T15:39:49+00:00\",\"dateModified\":\"2026-03-10T15:39:51+00:00\",\"mainEntityOfPage\":{\"@id\":\"https:\/\/elmawkie.dz\/fr\/solidarite-a-jijel-caravane-medicale-specialisee-pour-les-pensionnaires-du-foyer-del-aouana\/\"},\"wordCount\":301,\"commentCount\":0,\"publisher\":{\"@id\":\"https:\/\/elmawkie.dz\/fr\/#organization\"},\"image\":{\"@id\":\"https:\/\/elmawkie.dz\/fr\/solidarite-a-jijel-caravane-medicale-specialisee-pour-les-pensionnaires-du-foyer-del-aouana\/#primaryimage\"},\"thumbnailUrl\":\"https:\/\/elmawkie.dz\/fr\/wp-content\/uploads\/2026\/03\/IMG_2235.jpeg\",\"keywords\":[\"Caravane m\u00e9dicale\",\"Jijel\",\"Solidarit\u00e9\"],\"articleSection\":[\"R\u00e9gion\"],\"inLanguage\":\"fr-FR\",\"potentialAction\":[{\"@type\":\"CommentAction\",\"name\":\"Comment\",\"target\":[\"https:\/\/elmawkie.dz\/fr\/solidarite-a-jijel-caravane-medicale-specialisee-pour-les-pensionnaires-du-foyer-del-aouana\/#respond\"]}]},{\"@type\":\"WebPage\",\"@id\":\"https:\/\/elmawkie.dz\/fr\/solidarite-a-jijel-caravane-medicale-specialisee-pour-les-pensionnaires-du-foyer-del-aouana\/\",\"url\":\"https:\/\/elmawkie.dz\/fr\/solidarite-a-jijel-caravane-medicale-specialisee-pour-les-pensionnaires-du-foyer-del-aouana\/\",\"name\":\"Solidarit\u00e9 \u00e0 Jijel : caravane m\u00e9dicale sp\u00e9cialis\u00e9e pour les pensionnaires du foyer d\u2019El Aouana - El Mawkie\",\"isPartOf\":{\"@id\":\"https:\/\/elmawkie.dz\/fr\/#website\"},\"primaryImageOfPage\":{\"@id\":\"https:\/\/elmawkie.dz\/fr\/solidarite-a-jijel-caravane-medicale-specialisee-pour-les-pensionnaires-du-foyer-del-aouana\/#primaryimage\"},\"image\":{\"@id\":\"https:\/\/elmawkie.dz\/fr\/solidarite-a-jijel-caravane-medicale-specialisee-pour-les-pensionnaires-du-foyer-del-aouana\/#primaryimage\"},\"thumbnailUrl\":\"https:\/\/elmawkie.dz\/fr\/wp-content\/uploads\/2026\/03\/IMG_2235.jpeg\",\"datePublished\":\"2026-03-10T15:39:49+00:00\",\"dateModified\":\"2026-03-10T15:39:51+00:00\",\"breadcrumb\":{\"@id\":\"https:\/\/elmawkie.dz\/fr\/solidarite-a-jijel-caravane-medicale-specialisee-pour-les-pensionnaires-du-foyer-del-aouana\/#breadcrumb\"},\"inLanguage\":\"fr-FR\",\"potentialAction\":[{\"@type\":\"ReadAction\",\"target\":[\"https:\/\/elmawkie.dz\/fr\/solidarite-a-jijel-caravane-medicale-specialisee-pour-les-pensionnaires-du-foyer-del-aouana\/\"]}]},{\"@type\":\"ImageObject\",\"inLanguage\":\"fr-FR\",\"@id\":\"https:\/\/elmawkie.dz\/fr\/solidarite-a-jijel-caravane-medicale-specialisee-pour-les-pensionnaires-du-foyer-del-aouana\/#primaryimage\",\"url\":\"https:\/\/elmawkie.dz\/fr\/wp-content\/uploads\/2026\/03\/IMG_2235.jpeg\",\"contentUrl\":\"https:\/\/elmawkie.dz\/fr\/wp-content\/uploads\/2026\/03\/IMG_2235.jpeg\",\"width\":563,\"height\":355},{\"@type\":\"BreadcrumbList\",\"@id\":\"https:\/\/elmawkie.dz\/fr\/solidarite-a-jijel-caravane-medicale-specialisee-pour-les-pensionnaires-du-foyer-del-aouana\/#breadcrumb\",\"itemListElement\":[{\"@type\":\"ListItem\",\"position\":1,\"name\":\"Home\",\"item\":\"https:\/\/elmawkie.dz\/fr\/\"},{\"@type\":\"ListItem\",\"position\":2,\"name\":\"Solidarit\u00e9 \u00e0 Jijel : caravane m\u00e9dicale sp\u00e9cialis\u00e9e pour les pensionnaires du foyer d\u2019El Aouana\"}]},{\"@type\":\"WebSite\",\"@id\":\"https:\/\/elmawkie.dz\/fr\/#website\",\"url\":\"https:\/\/elmawkie.dz\/fr\/\",\"name\":\"EL MAWKIE\",\"description\":\"Journal \u00c9lectronique Alg\u00e9rien\",\"publisher\":{\"@id\":\"https:\/\/elmawkie.dz\/fr\/#organization\"},\"potentialAction\":[{\"@type\":\"SearchAction\",\"target\":{\"@type\":\"EntryPoint\",\"urlTemplate\":\"https:\/\/elmawkie.dz\/fr\/?s={search_term_string}\"},\"query-input\":\"required name=search_term_string\"}],\"inLanguage\":\"fr-FR\"},{\"@type\":\"Organization\",\"@id\":\"https:\/\/elmawkie.dz\/fr\/#organization\",\"name\":\"EL MAWKIE\",\"url\":\"https:\/\/elmawkie.dz\/fr\/\",\"logo\":{\"@type\":\"ImageObject\",\"inLanguage\":\"fr-FR\",\"@id\":\"https:\/\/elmawkie.dz\/fr\/#\/schema\/logo\/image\/\",\"url\":\"https:\/\/elmawkie.dz\/fr\/wp-content\/uploads\/2024\/05\/logo1.png\",\"contentUrl\":\"https:\/\/elmawkie.dz\/fr\/wp-content\/uploads\/2024\/05\/logo1.png\",\"width\":1648,\"height\":652,\"caption\":\"EL MAWKIE\"},\"image\":{\"@id\":\"https:\/\/elmawkie.dz\/fr\/#\/schema\/logo\/image\/\"},\"sameAs\":[\"https:\/\/www.facebook.com\/profile.php?id=100088407094989&locale=fr_FR\"]},{\"@type\":\"Person\",\"@id\":\"https:\/\/elmawkie.dz\/fr\/#\/schema\/person\/e7bd59d6467874ba5c4723d8a9f0a63c\",\"name\":\"R\u00e9daction\",\"image\":{\"@type\":\"ImageObject\",\"inLanguage\":\"fr-FR\",\"@id\":\"https:\/\/elmawkie.dz\/fr\/#\/schema\/person\/image\/\",\"url\":\"https:\/\/secure.gravatar.com\/avatar\/f0f773456344da4d2788c054a3d30a0c?s=96&d=mm&r=g\",\"contentUrl\":\"https:\/\/secure.gravatar.com\/avatar\/f0f773456344da4d2788c054a3d30a0c?s=96&d=mm&r=g\",\"caption\":\"R\u00e9daction\"},\"url\":\"https:\/\/elmawkie.dz\/fr\/author\/redaction\/\"}]}<\/script>\n<!-- \/ Yoast SEO Premium plugin. -->","yoast_head_json":{"title":"Solidarit\u00e9 \u00e0 Jijel : caravane m\u00e9dicale sp\u00e9cialis\u00e9e pour les pensionnaires du foyer d\u2019El Aouana - El Mawkie","robots":{"index":"index","follow":"follow","max-snippet":"max-snippet:-1","max-image-preview":"max-image-preview:large","max-video-preview":"max-video-preview:-1"},"canonical":"https:\/\/elmawkie.dz\/fr\/solidarite-a-jijel-caravane-medicale-specialisee-pour-les-pensionnaires-du-foyer-del-aouana\/","og_locale":"fr_FR","og_type":"article","og_title":"Solidarit\u00e9 \u00e0 Jijel : caravane m\u00e9dicale sp\u00e9cialis\u00e9e pour les pensionnaires du foyer d\u2019El Aouana","og_description":"Les r\u00e9sidents du foyer pour personnes \u00e2g\u00e9es de la commune d\u2019El Aouana (Jijel), au nombre de 27, ont b\u00e9n\u00e9fici\u00e9, mardi, d&rsquo;examens m\u00e9dicaux sp\u00e9cialis\u00e9s dans le cadre d\u2019une caravane organis\u00e9e par l&rsquo;Etablissement hospitalier sp\u00e9cialis\u00e9 (EHS) en r\u00e9\u00e9ducation fonctionnelle de Texenna. Le directeur de cette structure de sant\u00e9, Mohamed Arafat Benmadani, a pr\u00e9cis\u00e9 que l&rsquo;organisation de cette &hellip;","og_url":"https:\/\/elmawkie.dz\/fr\/solidarite-a-jijel-caravane-medicale-specialisee-pour-les-pensionnaires-du-foyer-del-aouana\/","og_site_name":"El Mawkie","article_publisher":"https:\/\/www.facebook.com\/profile.php?id=100088407094989&locale=fr_FR","article_published_time":"2026-03-10T15:39:49+00:00","article_modified_time":"2026-03-10T15:39:51+00:00","og_image":[{"width":563,"height":355,"url":"https:\/\/elmawkie.dz\/fr\/wp-content\/uploads\/2026\/03\/IMG_2235.jpeg","type":"image\/jpeg"}],"author":"R\u00e9daction","twitter_card":"summary_large_image","twitter_misc":{"Written by":"R\u00e9daction","Est. reading time":"2 minutes"},"schema":{"@context":"https:\/\/schema.org","@graph":[{"@type":"Article","@id":"https:\/\/elmawkie.dz\/fr\/solidarite-a-jijel-caravane-medicale-specialisee-pour-les-pensionnaires-du-foyer-del-aouana\/#article","isPartOf":{"@id":"https:\/\/elmawkie.dz\/fr\/solidarite-a-jijel-caravane-medicale-specialisee-pour-les-pensionnaires-du-foyer-del-aouana\/"},"author":{"name":"R\u00e9daction","@id":"https:\/\/elmawkie.dz\/fr\/#\/schema\/person\/e7bd59d6467874ba5c4723d8a9f0a63c"},"headline":"Solidarit\u00e9 \u00e0 Jijel : caravane m\u00e9dicale sp\u00e9cialis\u00e9e pour les pensionnaires du foyer d\u2019El Aouana","datePublished":"2026-03-10T15:39:49+00:00","dateModified":"2026-03-10T15:39:51+00:00","mainEntityOfPage":{"@id":"https:\/\/elmawkie.dz\/fr\/solidarite-a-jijel-caravane-medicale-specialisee-pour-les-pensionnaires-du-foyer-del-aouana\/"},"wordCount":301,"commentCount":0,"publisher":{"@id":"https:\/\/elmawkie.dz\/fr\/#organization"},"image":{"@id":"https:\/\/elmawkie.dz\/fr\/solidarite-a-jijel-caravane-medicale-specialisee-pour-les-pensionnaires-du-foyer-del-aouana\/#primaryimage"},"thumbnailUrl":"https:\/\/elmawkie.dz\/fr\/wp-content\/uploads\/2026\/03\/IMG_2235.jpeg","keywords":["Caravane m\u00e9dicale","Jijel","Solidarit\u00e9"],"articleSection":["R\u00e9gion"],"inLanguage":"fr-FR","potentialAction":[{"@type":"CommentAction","name":"Comment","target":["https:\/\/elmawkie.dz\/fr\/solidarite-a-jijel-caravane-medicale-specialisee-pour-les-pensionnaires-du-foyer-del-aouana\/#respond"]}]},{"@type":"WebPage","@id":"https:\/\/elmawkie.dz\/fr\/solidarite-a-jijel-caravane-medicale-specialisee-pour-les-pensionnaires-du-foyer-del-aouana\/","url":"https:\/\/elmawkie.dz\/fr\/solidarite-a-jijel-caravane-medicale-specialisee-pour-les-pensionnaires-du-foyer-del-aouana\/","name":"Solidarit\u00e9 \u00e0 Jijel : caravane m\u00e9dicale sp\u00e9cialis\u00e9e pour les pensionnaires du foyer d\u2019El Aouana - El Mawkie","isPartOf":{"@id":"https:\/\/elmawkie.dz\/fr\/#website"},"primaryImageOfPage":{"@id":"https:\/\/elmawkie.dz\/fr\/solidarite-a-jijel-caravane-medicale-specialisee-pour-les-pensionnaires-du-foyer-del-aouana\/#primaryimage"},"image":{"@id":"https:\/\/elmawkie.dz\/fr\/solidarite-a-jijel-caravane-medicale-specialisee-pour-les-pensionnaires-du-foyer-del-aouana\/#primaryimage"},"thumbnailUrl":"https:\/\/elmawkie.dz\/fr\/wp-content\/uploads\/2026\/03\/IMG_2235.jpeg","datePublished":"2026-03-10T15:39:49+00:00","dateModified":"2026-03-10T15:39:51+00:00","breadcrumb":{"@id":"https:\/\/elmawkie.dz\/fr\/solidarite-a-jijel-caravane-medicale-specialisee-pour-les-pensionnaires-du-foyer-del-aouana\/#breadcrumb"},"inLanguage":"fr-FR","potentialAction":[{"@type":"ReadAction","target":["https:\/\/elmawkie.dz\/fr\/solidarite-a-jijel-caravane-medicale-specialisee-pour-les-pensionnaires-du-foyer-del-aouana\/"]}]},{"@type":"ImageObject","inLanguage":"fr-FR","@id":"https:\/\/elmawkie.dz\/fr\/solidarite-a-jijel-caravane-medicale-specialisee-pour-les-pensionnaires-du-foyer-del-aouana\/#primaryimage","url":"https:\/\/elmawkie.dz\/fr\/wp-content\/uploads\/2026\/03\/IMG_2235.jpeg","contentUrl":"https:\/\/elmawkie.dz\/fr\/wp-content\/uploads\/2026\/03\/IMG_2235.jpeg","width":563,"height":355},{"@type":"BreadcrumbList","@id":"https:\/\/elmawkie.dz\/fr\/solidarite-a-jijel-caravane-medicale-specialisee-pour-les-pensionnaires-du-foyer-del-aouana\/#breadcrumb","itemListElement":[{"@type":"ListItem","position":1,"name":"Home","item":"https:\/\/elmawkie.dz\/fr\/"},{"@type":"ListItem","position":2,"name":"Solidarit\u00e9 \u00e0 Jijel : caravane m\u00e9dicale sp\u00e9cialis\u00e9e pour les pensionnaires du foyer d\u2019El Aouana"}]},{"@type":"WebSite","@id":"https:\/\/elmawkie.dz\/fr\/#website","url":"https:\/\/elmawkie.dz\/fr\/","name":"EL MAWKIE","description":"Journal \u00c9lectronique Alg\u00e9rien","publisher":{"@id":"https:\/\/elmawkie.dz\/fr\/#organization"},"potentialAction":[{"@type":"SearchAction","target":{"@type":"EntryPoint","urlTemplate":"https:\/\/elmawkie.dz\/fr\/?s={search_term_string}"},"query-input":"required name=search_term_string"}],"inLanguage":"fr-FR"},{"@type":"Organization","@id":"https:\/\/elmawkie.dz\/fr\/#organization","name":"EL MAWKIE","url":"https:\/\/elmawkie.dz\/fr\/","logo":{"@type":"ImageObject","inLanguage":"fr-FR","@id":"https:\/\/elmawkie.dz\/fr\/#\/schema\/logo\/image\/","url":"https:\/\/elmawkie.dz\/fr\/wp-content\/uploads\/2024\/05\/logo1.png","contentUrl":"https:\/\/elmawkie.dz\/fr\/wp-content\/uploads\/2024\/05\/logo1.png","width":1648,"height":652,"caption":"EL MAWKIE"},"image":{"@id":"https:\/\/elmawkie.dz\/fr\/#\/schema\/logo\/image\/"},"sameAs":["https:\/\/www.facebook.com\/profile.php?id=100088407094989&locale=fr_FR"]},{"@type":"Person","@id":"https:\/\/elmawkie.dz\/fr\/#\/schema\/person\/e7bd59d6467874ba5c4723d8a9f0a63c","name":"R\u00e9daction","image":{"@type":"ImageObject","inLanguage":"fr-FR","@id":"https:\/\/elmawkie.dz\/fr\/#\/schema\/person\/image\/","url":"https:\/\/secure.gravatar.com\/avatar\/f0f773456344da4d2788c054a3d30a0c?s=96&d=mm&r=g","contentUrl":"https:\/\/secure.gravatar.com\/avatar\/f0f773456344da4d2788c054a3d30a0c?s=96&d=mm&r=g","caption":"R\u00e9daction"},"url":"https:\/\/elmawkie.dz\/fr\/author\/redaction\/"}]}},"_links":{"self":[{"href":"https:\/\/elmawkie.dz\/fr\/wp-json\/wp\/v2\/posts\/63260","targetHints":{"allow":["GET"]}}],"collection":[{"href":"https:\/\/elmawkie.dz\/fr\/wp-json\/wp\/v2\/posts"}],"about":[{"href":"https:\/\/elmawkie.dz\/fr\/wp-json\/wp\/v2\/types\/post"}],"author":[{"embeddable":true,"href":"https:\/\/elmawkie.dz\/fr\/wp-json\/wp\/v2\/users\/9"}],"replies":[{"embeddable":true,"href":"https:\/\/elmawkie.dz\/fr\/wp-json\/wp\/v2\/comments?post=63260"}],"version-history":[{"count":1,"href":"https:\/\/elmawkie.dz\/fr\/wp-json\/wp\/v2\/posts\/63260\/revisions"}],"predecessor-version":[{"id":63263,"href":"https:\/\/elmawkie.dz\/fr\/wp-json\/wp\/v2\/posts\/63260\/revisions\/63263"}],"wp:featuredmedia":[{"embeddable":true,"href":"https:\/\/elmawkie.dz\/fr\/wp-json\/wp\/v2\/media\/63262"}],"wp:attachment":[{"href":"https:\/\/elmawkie.dz\/fr\/wp-json\/wp\/v2\/media?parent=63260"}],"wp:term":[{"taxonomy":"category","embeddable":true,"href":"https:\/\/elmawkie.dz\/fr\/wp-json\/wp\/v2\/categories?post=63260"},{"taxonomy":"post_tag","embeddable":true,"href":"https:\/\/elmawkie.dz\/fr\/wp-json\/wp\/v2\/tags?post=63260"}],"curies":[{"name":"wp","href":"https:\/\/api.w.org\/{rel}","templated":true}]}}