{"id":63256,"date":"2026-03-10T16:35:32","date_gmt":"2026-03-10T15:35:32","guid":{"rendered":"https:\/\/elmawkie.dz\/fr\/?p=63256"},"modified":"2026-03-10T16:35:33","modified_gmt":"2026-03-10T15:35:33","slug":"m-nasri-preside-une-reunion-du-bureau-du-conseil-de-la-nation","status":"publish","type":"post","link":"https:\/\/elmawkie.dz\/fr\/m-nasri-preside-une-reunion-du-bureau-du-conseil-de-la-nation\/","title":{"rendered":"M. Nasri pr\u00e9side une r\u00e9union du Bureau du Conseil de la nation"},"content":{"rendered":"\n<p>Le pr\u00e9sident du Conseil de la nation, M. Azouz Nasri, a pr\u00e9sid\u00e9, mardi, une r\u00e9union du Bureau du Conseil, \u00e9largi aux pr\u00e9sidents des groupes parlementaires et au questeur, consacr\u00e9e \u00e0 l&rsquo;examen de l&rsquo;agenda des travaux du Conseil, pour la p\u00e9riode allant du 30 mars au 6 avril prochain, ainsi qu&rsquo;\u00e0 l&rsquo;\u00e9tude de la situation des questions orales et \u00e9crites d\u00e9pos\u00e9es aupr\u00e8s du Bureau, indique un communiqu\u00e9 de cette institution.<\/p>\n\n\n\n<p>Dans ce contexte, le texte de loi organique relatif aux partis politiques a \u00e9t\u00e9 renvoy\u00e9 \u00e0 la Commission des affaires juridiques, administratives et des droits de l&rsquo;homme, de l&rsquo;organisation locale, de l&rsquo;am\u00e9nagement du territoire et du d\u00e9coupage territorial, qui auditionnera, dimanche, le ministre de l&rsquo;Int\u00e9rieur, des Collectivit\u00e9s locales et des Transports, a-t-on soulign\u00e9 A ce propos, il a \u00e9t\u00e9 d\u00e9cid\u00e9 la reprise des s\u00e9ances pl\u00e9ni\u00e8res publiques \u00e0 partir du lundi 30 mars, pour la pr\u00e9sentation et l&rsquo;examen de ce texte de loi, pr\u00e9cise le communiqu\u00e9, ajoutant que les d\u00e9bats se poursuivront dans l&rsquo;apr\u00e8s-midi de la m\u00eame journ\u00e9e, suivis des interventions des pr\u00e9sidents des groupes parlementaires, puis de la r\u00e9ponse du ministre de l&rsquo;Int\u00e9rieur, des Collectivit\u00e9s locales et des Transports, aux pr\u00e9occupations des membres du Conseil.<\/p>\n\n\n\n<p>Dans le m\u00eame sillage, le Bureau a \u00e9galement d\u00e9cid\u00e9 de renvoyer le texte de loi portant r\u00e8glement budg\u00e9taire pour l&rsquo;exercice 2023 \u00e0 la Commission des affaires \u00e9conomiques et financi\u00e8res, avant sa pr\u00e9sentation et son vote en s\u00e9ance pl\u00e9ni\u00e8re pr\u00e9vue mardi 31 mars 2026.<\/p>\n\n\n\n<p>En outre, une s\u00e9ance pl\u00e9ni\u00e8re est pr\u00e9vue le lundi 6 avril prochain, pour l&rsquo;adoption du texte de loi organique relatif aux partis politiques, ainsi que des dispositions faisant l&rsquo;objet de divergences dans le texte de loi relatif \u00e0 la criminalisation du colonialisme fran\u00e7ais en Alg\u00e9rie et dans le texte de loi portant Code de la route.<\/p>\n\n\n\n<p>S&rsquo;agissant des questions orales et \u00e9crites d\u00e9pos\u00e9es aupr\u00e8s du Bureau, ce dernier a d\u00e9cid\u00e9 de transmettre au Gouvernement (12) questions orales et (07) questions \u00e9crites, apr\u00e8s v\u00e9rification de leur conformit\u00e9 aux conditions formelles requises, selon la m\u00eame source.<\/p>\n\n\n\n<p>Auparavant et \u00e0 l&rsquo;entame de la r\u00e9union, le Bureau \u00e9largi du Conseil de la nation, a pr\u00e9sent\u00e9 ses sinc\u00e8res condol\u00e9ances \u00e0 l&rsquo;Arm\u00e9e nationale populaire, commandement, officiers et soldats, ainsi qu&rsquo;aux familles endeuill\u00e9es des martyrs du crash d&rsquo;un avion de transport militaire survenu le week-end dernier, implorant le Tout-Puissant d&rsquo;accueillir les d\u00e9funts en Son vaste paradis et d&rsquo;accorder \u00e0 leurs familles patience et r\u00e9confort.<\/p>\n\n\n\n<p>Il a salu\u00e9, par ailleurs, les orientations du pr\u00e9sident de la R\u00e9publique, M. Abdelmadjid Tebboune, lors du dernier Conseil des ministres, notamment celles visant \u00e0 \u00ab\u00a0garantir les droits de la jeunesse, \u00e0 pr\u00e9server leur dignit\u00e9 et \u00e0 rehausser leur statut\u00a0\u00bb.<\/p>\n\n\n\n<p>Le Bureau a \u00e9galement soulign\u00e9 l&rsquo;importance des \u00ab\u00a0mesures responsables\u00a0\u00bb destin\u00e9es \u00e0 pr\u00e9server le caract\u00e8re social de l&rsquo;Etat, en particulier celles relatives \u00e0 la disponibilit\u00e9 du mouton de l&rsquo;A\u00efd, qui sera import\u00e9 \u00e0 des prix fix\u00e9s et \u00e9tudi\u00e9s.<\/p>\n\n\n\n<p>Le Bureau a aussi salu\u00e9 \u00ab\u00a0le suivi constant et l&rsquo;attention particuli\u00e8re\u00a0\u00bb que le pr\u00e9sident de la R\u00e9publique accorde, \u00e0 maintes occasions, \u00e0 \u00ab\u00a0la lutte contre la cupidit\u00e9 des sp\u00e9culateurs\u00a0\u00bb, conclut le communiqu\u00e9.<\/p>\n","protected":false},"excerpt":{"rendered":"<p>Le pr\u00e9sident du Conseil de la nation, M. Azouz Nasri, a pr\u00e9sid\u00e9, mardi, une r\u00e9union du Bureau du Conseil, \u00e9largi aux pr\u00e9sidents des groupes parlementaires et au questeur, consacr\u00e9e \u00e0 l&rsquo;examen de l&rsquo;agenda des travaux du Conseil, pour la p\u00e9riode allant du 30 mars au 6 avril prochain, ainsi qu&rsquo;\u00e0 l&rsquo;\u00e9tude de la situation des &hellip;<\/p>\n","protected":false},"author":9,"featured_media":63258,"comment_status":"open","ping_status":"open","sticky":false,"template":"","format":"standard","meta":{"footnotes":""},"categories":[47],"tags":[709,4337],"class_list":["post-63256","post","type-post","status-publish","format-standard","has-post-thumbnail","hentry","category-national","tag-conseil-de-la-nation","tag-m-nasri"],"yoast_head":"<!-- This site is optimized with the Yoast SEO Premium plugin v22.6 (Yoast SEO v22.6) - https:\/\/yoast.com\/wordpress\/plugins\/seo\/ -->\n<title>M. Nasri pr\u00e9side une r\u00e9union du Bureau du Conseil de la nation - El Mawkie<\/title>\n<meta name=\"robots\" content=\"index, follow, max-snippet:-1, max-image-preview:large, max-video-preview:-1\" \/>\n<link rel=\"canonical\" href=\"https:\/\/elmawkie.dz\/fr\/m-nasri-preside-une-reunion-du-bureau-du-conseil-de-la-nation\/\" \/>\n<meta property=\"og:locale\" content=\"fr_FR\" \/>\n<meta property=\"og:type\" content=\"article\" \/>\n<meta property=\"og:title\" content=\"M. Nasri pr\u00e9side une r\u00e9union du Bureau du Conseil de la nation\" \/>\n<meta property=\"og:description\" content=\"Le pr\u00e9sident du Conseil de la nation, M. Azouz Nasri, a pr\u00e9sid\u00e9, mardi, une r\u00e9union du Bureau du Conseil, \u00e9largi aux pr\u00e9sidents des groupes parlementaires et au questeur, consacr\u00e9e \u00e0 l&rsquo;examen de l&rsquo;agenda des travaux du Conseil, pour la p\u00e9riode allant du 30 mars au 6 avril prochain, ainsi qu&rsquo;\u00e0 l&rsquo;\u00e9tude de la situation des &hellip;\" \/>\n<meta property=\"og:url\" content=\"https:\/\/elmawkie.dz\/fr\/m-nasri-preside-une-reunion-du-bureau-du-conseil-de-la-nation\/\" \/>\n<meta property=\"og:site_name\" content=\"El Mawkie\" \/>\n<meta property=\"article:publisher\" content=\"https:\/\/www.facebook.com\/profile.php?id=100088407094989&amp;locale=fr_FR\" \/>\n<meta property=\"article:published_time\" content=\"2026-03-10T15:35:32+00:00\" \/>\n<meta property=\"article:modified_time\" content=\"2026-03-10T15:35:33+00:00\" \/>\n<meta property=\"og:image\" content=\"https:\/\/elmawkie.dz\/fr\/wp-content\/uploads\/2026\/03\/IMG_2234.jpeg\" \/>\n\t<meta property=\"og:image:width\" content=\"2048\" \/>\n\t<meta property=\"og:image:height\" content=\"1365\" \/>\n\t<meta property=\"og:image:type\" content=\"image\/jpeg\" \/>\n<meta name=\"author\" content=\"R\u00e9daction\" \/>\n<meta name=\"twitter:card\" content=\"summary_large_image\" \/>\n<meta name=\"twitter:label1\" content=\"Written by\" \/>\n\t<meta name=\"twitter:data1\" content=\"R\u00e9daction\" \/>\n\t<meta name=\"twitter:label2\" content=\"Est. reading time\" \/>\n\t<meta name=\"twitter:data2\" content=\"3 minutes\" \/>\n<script type=\"application\/ld+json\" class=\"yoast-schema-graph\">{\"@context\":\"https:\/\/schema.org\",\"@graph\":[{\"@type\":\"Article\",\"@id\":\"https:\/\/elmawkie.dz\/fr\/m-nasri-preside-une-reunion-du-bureau-du-conseil-de-la-nation\/#article\",\"isPartOf\":{\"@id\":\"https:\/\/elmawkie.dz\/fr\/m-nasri-preside-une-reunion-du-bureau-du-conseil-de-la-nation\/\"},\"author\":{\"name\":\"R\u00e9daction\",\"@id\":\"https:\/\/elmawkie.dz\/fr\/#\/schema\/person\/e7bd59d6467874ba5c4723d8a9f0a63c\"},\"headline\":\"M. Nasri pr\u00e9side une r\u00e9union du Bureau du Conseil de la nation\",\"datePublished\":\"2026-03-10T15:35:32+00:00\",\"dateModified\":\"2026-03-10T15:35:33+00:00\",\"mainEntityOfPage\":{\"@id\":\"https:\/\/elmawkie.dz\/fr\/m-nasri-preside-une-reunion-du-bureau-du-conseil-de-la-nation\/\"},\"wordCount\":588,\"commentCount\":0,\"publisher\":{\"@id\":\"https:\/\/elmawkie.dz\/fr\/#organization\"},\"image\":{\"@id\":\"https:\/\/elmawkie.dz\/fr\/m-nasri-preside-une-reunion-du-bureau-du-conseil-de-la-nation\/#primaryimage\"},\"thumbnailUrl\":\"https:\/\/elmawkie.dz\/fr\/wp-content\/uploads\/2026\/03\/IMG_2234.jpeg\",\"keywords\":[\"Conseil de la Nation\",\"M.Nasri\"],\"articleSection\":[\"National\"],\"inLanguage\":\"fr-FR\",\"potentialAction\":[{\"@type\":\"CommentAction\",\"name\":\"Comment\",\"target\":[\"https:\/\/elmawkie.dz\/fr\/m-nasri-preside-une-reunion-du-bureau-du-conseil-de-la-nation\/#respond\"]}]},{\"@type\":\"WebPage\",\"@id\":\"https:\/\/elmawkie.dz\/fr\/m-nasri-preside-une-reunion-du-bureau-du-conseil-de-la-nation\/\",\"url\":\"https:\/\/elmawkie.dz\/fr\/m-nasri-preside-une-reunion-du-bureau-du-conseil-de-la-nation\/\",\"name\":\"M. Nasri pr\u00e9side une r\u00e9union du Bureau du Conseil de la nation - El Mawkie\",\"isPartOf\":{\"@id\":\"https:\/\/elmawkie.dz\/fr\/#website\"},\"primaryImageOfPage\":{\"@id\":\"https:\/\/elmawkie.dz\/fr\/m-nasri-preside-une-reunion-du-bureau-du-conseil-de-la-nation\/#primaryimage\"},\"image\":{\"@id\":\"https:\/\/elmawkie.dz\/fr\/m-nasri-preside-une-reunion-du-bureau-du-conseil-de-la-nation\/#primaryimage\"},\"thumbnailUrl\":\"https:\/\/elmawkie.dz\/fr\/wp-content\/uploads\/2026\/03\/IMG_2234.jpeg\",\"datePublished\":\"2026-03-10T15:35:32+00:00\",\"dateModified\":\"2026-03-10T15:35:33+00:00\",\"breadcrumb\":{\"@id\":\"https:\/\/elmawkie.dz\/fr\/m-nasri-preside-une-reunion-du-bureau-du-conseil-de-la-nation\/#breadcrumb\"},\"inLanguage\":\"fr-FR\",\"potentialAction\":[{\"@type\":\"ReadAction\",\"target\":[\"https:\/\/elmawkie.dz\/fr\/m-nasri-preside-une-reunion-du-bureau-du-conseil-de-la-nation\/\"]}]},{\"@type\":\"ImageObject\",\"inLanguage\":\"fr-FR\",\"@id\":\"https:\/\/elmawkie.dz\/fr\/m-nasri-preside-une-reunion-du-bureau-du-conseil-de-la-nation\/#primaryimage\",\"url\":\"https:\/\/elmawkie.dz\/fr\/wp-content\/uploads\/2026\/03\/IMG_2234.jpeg\",\"contentUrl\":\"https:\/\/elmawkie.dz\/fr\/wp-content\/uploads\/2026\/03\/IMG_2234.jpeg\",\"width\":2048,\"height\":1365},{\"@type\":\"BreadcrumbList\",\"@id\":\"https:\/\/elmawkie.dz\/fr\/m-nasri-preside-une-reunion-du-bureau-du-conseil-de-la-nation\/#breadcrumb\",\"itemListElement\":[{\"@type\":\"ListItem\",\"position\":1,\"name\":\"Home\",\"item\":\"https:\/\/elmawkie.dz\/fr\/\"},{\"@type\":\"ListItem\",\"position\":2,\"name\":\"M. Nasri pr\u00e9side une r\u00e9union du Bureau du Conseil de la nation\"}]},{\"@type\":\"WebSite\",\"@id\":\"https:\/\/elmawkie.dz\/fr\/#website\",\"url\":\"https:\/\/elmawkie.dz\/fr\/\",\"name\":\"EL MAWKIE\",\"description\":\"Journal \u00c9lectronique Alg\u00e9rien\",\"publisher\":{\"@id\":\"https:\/\/elmawkie.dz\/fr\/#organization\"},\"potentialAction\":[{\"@type\":\"SearchAction\",\"target\":{\"@type\":\"EntryPoint\",\"urlTemplate\":\"https:\/\/elmawkie.dz\/fr\/?s={search_term_string}\"},\"query-input\":\"required name=search_term_string\"}],\"inLanguage\":\"fr-FR\"},{\"@type\":\"Organization\",\"@id\":\"https:\/\/elmawkie.dz\/fr\/#organization\",\"name\":\"EL MAWKIE\",\"url\":\"https:\/\/elmawkie.dz\/fr\/\",\"logo\":{\"@type\":\"ImageObject\",\"inLanguage\":\"fr-FR\",\"@id\":\"https:\/\/elmawkie.dz\/fr\/#\/schema\/logo\/image\/\",\"url\":\"https:\/\/elmawkie.dz\/fr\/wp-content\/uploads\/2024\/05\/logo1.png\",\"contentUrl\":\"https:\/\/elmawkie.dz\/fr\/wp-content\/uploads\/2024\/05\/logo1.png\",\"width\":1648,\"height\":652,\"caption\":\"EL MAWKIE\"},\"image\":{\"@id\":\"https:\/\/elmawkie.dz\/fr\/#\/schema\/logo\/image\/\"},\"sameAs\":[\"https:\/\/www.facebook.com\/profile.php?id=100088407094989&locale=fr_FR\"]},{\"@type\":\"Person\",\"@id\":\"https:\/\/elmawkie.dz\/fr\/#\/schema\/person\/e7bd59d6467874ba5c4723d8a9f0a63c\",\"name\":\"R\u00e9daction\",\"image\":{\"@type\":\"ImageObject\",\"inLanguage\":\"fr-FR\",\"@id\":\"https:\/\/elmawkie.dz\/fr\/#\/schema\/person\/image\/\",\"url\":\"https:\/\/secure.gravatar.com\/avatar\/f0f773456344da4d2788c054a3d30a0c?s=96&d=mm&r=g\",\"contentUrl\":\"https:\/\/secure.gravatar.com\/avatar\/f0f773456344da4d2788c054a3d30a0c?s=96&d=mm&r=g\",\"caption\":\"R\u00e9daction\"},\"url\":\"https:\/\/elmawkie.dz\/fr\/author\/redaction\/\"}]}<\/script>\n<!-- \/ Yoast SEO Premium plugin. -->","yoast_head_json":{"title":"M. Nasri pr\u00e9side une r\u00e9union du Bureau du Conseil de la nation - El Mawkie","robots":{"index":"index","follow":"follow","max-snippet":"max-snippet:-1","max-image-preview":"max-image-preview:large","max-video-preview":"max-video-preview:-1"},"canonical":"https:\/\/elmawkie.dz\/fr\/m-nasri-preside-une-reunion-du-bureau-du-conseil-de-la-nation\/","og_locale":"fr_FR","og_type":"article","og_title":"M. Nasri pr\u00e9side une r\u00e9union du Bureau du Conseil de la nation","og_description":"Le pr\u00e9sident du Conseil de la nation, M. Azouz Nasri, a pr\u00e9sid\u00e9, mardi, une r\u00e9union du Bureau du Conseil, \u00e9largi aux pr\u00e9sidents des groupes parlementaires et au questeur, consacr\u00e9e \u00e0 l&rsquo;examen de l&rsquo;agenda des travaux du Conseil, pour la p\u00e9riode allant du 30 mars au 6 avril prochain, ainsi qu&rsquo;\u00e0 l&rsquo;\u00e9tude de la situation des &hellip;","og_url":"https:\/\/elmawkie.dz\/fr\/m-nasri-preside-une-reunion-du-bureau-du-conseil-de-la-nation\/","og_site_name":"El Mawkie","article_publisher":"https:\/\/www.facebook.com\/profile.php?id=100088407094989&locale=fr_FR","article_published_time":"2026-03-10T15:35:32+00:00","article_modified_time":"2026-03-10T15:35:33+00:00","og_image":[{"width":2048,"height":1365,"url":"https:\/\/elmawkie.dz\/fr\/wp-content\/uploads\/2026\/03\/IMG_2234.jpeg","type":"image\/jpeg"}],"author":"R\u00e9daction","twitter_card":"summary_large_image","twitter_misc":{"Written by":"R\u00e9daction","Est. reading time":"3 minutes"},"schema":{"@context":"https:\/\/schema.org","@graph":[{"@type":"Article","@id":"https:\/\/elmawkie.dz\/fr\/m-nasri-preside-une-reunion-du-bureau-du-conseil-de-la-nation\/#article","isPartOf":{"@id":"https:\/\/elmawkie.dz\/fr\/m-nasri-preside-une-reunion-du-bureau-du-conseil-de-la-nation\/"},"author":{"name":"R\u00e9daction","@id":"https:\/\/elmawkie.dz\/fr\/#\/schema\/person\/e7bd59d6467874ba5c4723d8a9f0a63c"},"headline":"M. Nasri pr\u00e9side une r\u00e9union du Bureau du Conseil de la nation","datePublished":"2026-03-10T15:35:32+00:00","dateModified":"2026-03-10T15:35:33+00:00","mainEntityOfPage":{"@id":"https:\/\/elmawkie.dz\/fr\/m-nasri-preside-une-reunion-du-bureau-du-conseil-de-la-nation\/"},"wordCount":588,"commentCount":0,"publisher":{"@id":"https:\/\/elmawkie.dz\/fr\/#organization"},"image":{"@id":"https:\/\/elmawkie.dz\/fr\/m-nasri-preside-une-reunion-du-bureau-du-conseil-de-la-nation\/#primaryimage"},"thumbnailUrl":"https:\/\/elmawkie.dz\/fr\/wp-content\/uploads\/2026\/03\/IMG_2234.jpeg","keywords":["Conseil de la Nation","M.Nasri"],"articleSection":["National"],"inLanguage":"fr-FR","potentialAction":[{"@type":"CommentAction","name":"Comment","target":["https:\/\/elmawkie.dz\/fr\/m-nasri-preside-une-reunion-du-bureau-du-conseil-de-la-nation\/#respond"]}]},{"@type":"WebPage","@id":"https:\/\/elmawkie.dz\/fr\/m-nasri-preside-une-reunion-du-bureau-du-conseil-de-la-nation\/","url":"https:\/\/elmawkie.dz\/fr\/m-nasri-preside-une-reunion-du-bureau-du-conseil-de-la-nation\/","name":"M. Nasri pr\u00e9side une r\u00e9union du Bureau du Conseil de la nation - El Mawkie","isPartOf":{"@id":"https:\/\/elmawkie.dz\/fr\/#website"},"primaryImageOfPage":{"@id":"https:\/\/elmawkie.dz\/fr\/m-nasri-preside-une-reunion-du-bureau-du-conseil-de-la-nation\/#primaryimage"},"image":{"@id":"https:\/\/elmawkie.dz\/fr\/m-nasri-preside-une-reunion-du-bureau-du-conseil-de-la-nation\/#primaryimage"},"thumbnailUrl":"https:\/\/elmawkie.dz\/fr\/wp-content\/uploads\/2026\/03\/IMG_2234.jpeg","datePublished":"2026-03-10T15:35:32+00:00","dateModified":"2026-03-10T15:35:33+00:00","breadcrumb":{"@id":"https:\/\/elmawkie.dz\/fr\/m-nasri-preside-une-reunion-du-bureau-du-conseil-de-la-nation\/#breadcrumb"},"inLanguage":"fr-FR","potentialAction":[{"@type":"ReadAction","target":["https:\/\/elmawkie.dz\/fr\/m-nasri-preside-une-reunion-du-bureau-du-conseil-de-la-nation\/"]}]},{"@type":"ImageObject","inLanguage":"fr-FR","@id":"https:\/\/elmawkie.dz\/fr\/m-nasri-preside-une-reunion-du-bureau-du-conseil-de-la-nation\/#primaryimage","url":"https:\/\/elmawkie.dz\/fr\/wp-content\/uploads\/2026\/03\/IMG_2234.jpeg","contentUrl":"https:\/\/elmawkie.dz\/fr\/wp-content\/uploads\/2026\/03\/IMG_2234.jpeg","width":2048,"height":1365},{"@type":"BreadcrumbList","@id":"https:\/\/elmawkie.dz\/fr\/m-nasri-preside-une-reunion-du-bureau-du-conseil-de-la-nation\/#breadcrumb","itemListElement":[{"@type":"ListItem","position":1,"name":"Home","item":"https:\/\/elmawkie.dz\/fr\/"},{"@type":"ListItem","position":2,"name":"M. Nasri pr\u00e9side une r\u00e9union du Bureau du Conseil de la nation"}]},{"@type":"WebSite","@id":"https:\/\/elmawkie.dz\/fr\/#website","url":"https:\/\/elmawkie.dz\/fr\/","name":"EL MAWKIE","description":"Journal \u00c9lectronique Alg\u00e9rien","publisher":{"@id":"https:\/\/elmawkie.dz\/fr\/#organization"},"potentialAction":[{"@type":"SearchAction","target":{"@type":"EntryPoint","urlTemplate":"https:\/\/elmawkie.dz\/fr\/?s={search_term_string}"},"query-input":"required name=search_term_string"}],"inLanguage":"fr-FR"},{"@type":"Organization","@id":"https:\/\/elmawkie.dz\/fr\/#organization","name":"EL MAWKIE","url":"https:\/\/elmawkie.dz\/fr\/","logo":{"@type":"ImageObject","inLanguage":"fr-FR","@id":"https:\/\/elmawkie.dz\/fr\/#\/schema\/logo\/image\/","url":"https:\/\/elmawkie.dz\/fr\/wp-content\/uploads\/2024\/05\/logo1.png","contentUrl":"https:\/\/elmawkie.dz\/fr\/wp-content\/uploads\/2024\/05\/logo1.png","width":1648,"height":652,"caption":"EL MAWKIE"},"image":{"@id":"https:\/\/elmawkie.dz\/fr\/#\/schema\/logo\/image\/"},"sameAs":["https:\/\/www.facebook.com\/profile.php?id=100088407094989&locale=fr_FR"]},{"@type":"Person","@id":"https:\/\/elmawkie.dz\/fr\/#\/schema\/person\/e7bd59d6467874ba5c4723d8a9f0a63c","name":"R\u00e9daction","image":{"@type":"ImageObject","inLanguage":"fr-FR","@id":"https:\/\/elmawkie.dz\/fr\/#\/schema\/person\/image\/","url":"https:\/\/secure.gravatar.com\/avatar\/f0f773456344da4d2788c054a3d30a0c?s=96&d=mm&r=g","contentUrl":"https:\/\/secure.gravatar.com\/avatar\/f0f773456344da4d2788c054a3d30a0c?s=96&d=mm&r=g","caption":"R\u00e9daction"},"url":"https:\/\/elmawkie.dz\/fr\/author\/redaction\/"}]}},"_links":{"self":[{"href":"https:\/\/elmawkie.dz\/fr\/wp-json\/wp\/v2\/posts\/63256","targetHints":{"allow":["GET"]}}],"collection":[{"href":"https:\/\/elmawkie.dz\/fr\/wp-json\/wp\/v2\/posts"}],"about":[{"href":"https:\/\/elmawkie.dz\/fr\/wp-json\/wp\/v2\/types\/post"}],"author":[{"embeddable":true,"href":"https:\/\/elmawkie.dz\/fr\/wp-json\/wp\/v2\/users\/9"}],"replies":[{"embeddable":true,"href":"https:\/\/elmawkie.dz\/fr\/wp-json\/wp\/v2\/comments?post=63256"}],"version-history":[{"count":1,"href":"https:\/\/elmawkie.dz\/fr\/wp-json\/wp\/v2\/posts\/63256\/revisions"}],"predecessor-version":[{"id":63259,"href":"https:\/\/elmawkie.dz\/fr\/wp-json\/wp\/v2\/posts\/63256\/revisions\/63259"}],"wp:featuredmedia":[{"embeddable":true,"href":"https:\/\/elmawkie.dz\/fr\/wp-json\/wp\/v2\/media\/63258"}],"wp:attachment":[{"href":"https:\/\/elmawkie.dz\/fr\/wp-json\/wp\/v2\/media?parent=63256"}],"wp:term":[{"taxonomy":"category","embeddable":true,"href":"https:\/\/elmawkie.dz\/fr\/wp-json\/wp\/v2\/categories?post=63256"},{"taxonomy":"post_tag","embeddable":true,"href":"https:\/\/elmawkie.dz\/fr\/wp-json\/wp\/v2\/tags?post=63256"}],"curies":[{"name":"wp","href":"https:\/\/api.w.org\/{rel}","templated":true}]}}