{"id":63252,"date":"2026-03-10T16:32:07","date_gmt":"2026-03-10T15:32:07","guid":{"rendered":"https:\/\/elmawkie.dz\/fr\/?p=63252"},"modified":"2026-03-10T16:32:08","modified_gmt":"2026-03-10T15:32:08","slug":"tizi-ouzou-coup-denvoi-dune-formation-sur-ladaptation-au-changement-climatique","status":"publish","type":"post","link":"https:\/\/elmawkie.dz\/fr\/tizi-ouzou-coup-denvoi-dune-formation-sur-ladaptation-au-changement-climatique\/","title":{"rendered":"Tizi-Ouzou : coup d\u2019envoi d\u2019une formation sur l\u2019adaptation au changement climatique"},"content":{"rendered":"\n<p>Une session de formation sur l&rsquo;int\u00e9gration des m\u00e9canismes d&rsquo;adaptation aux changements climatiques dans les plans de d\u00e9veloppement local a \u00e9t\u00e9 lanc\u00e9e, mardi \u00e0 Tizi-Ouzou, au profit des cadres des diff\u00e9rents secteurs techniques et des repr\u00e9sentants de la soci\u00e9t\u00e9 civile.<\/p>\n\n\n\n<p>Abrit\u00e9e par la Maison de l\u2019environnement, cette formation de trois jours s\u2019inscrit dans le cadre du processus d&rsquo;\u00e9laboration du Plan National d&rsquo;Adaptation (PNA) aux changements climatiques, visant \u00e0 impliquer les diff\u00e9rents acteurs locaux dans le processus de planification.<\/p>\n\n\n\n<p>Elle vise \u00e0 \u00e9lever le niveau de sensibilisation et de connaissance des cadres locaux sur le changement climatique et ses impacts au niveau local, et \u00e0 renforcer leurs capacit\u00e9s dans le domaine du diagnostic climatique et de l&rsquo;identification de la vuln\u00e9rabilit\u00e9. ?Il s\u2019agira aussi de soutenir l&rsquo;\u00e9laboration de plans locaux prenant en compte les dimensions de l&rsquo;adaptation et de la r\u00e9silience climatique, et d\u2019encourager la coordination entre les diff\u00e9rents intervenants au niveau local pour assurer une r\u00e9ponse efficace et durable face aux changements climatiques.<\/p>\n\n\n\n<p>L\u2019initiative vise \u00e0 renforcer les capacit\u00e9s de ces acteurs locaux en mati\u00e8re de diagnostic climatique et d&rsquo;identification de la vuln\u00e9rabilit\u00e9 du territoire.<\/p>\n\n\n\n<p>Elle est mise en \u0153uvre sous la tutelle du minist\u00e8re de l&rsquo;Environnement et de la qualit\u00e9 de la vie, encadr\u00e9e par le Conservatoire national des formations \u00e0 l&rsquo;Environnement (CNFE), avec l&rsquo;appui du Programme des Nations Unies pour le D\u00e9veloppement (PNUD).<\/p>\n\n\n\n<p>Selon la formatrice, Mme Tiziri Baameur, qui assure l&rsquo;encadrement aux c\u00f4t\u00e9s de l&rsquo;expert principal M. Samir Grimes, l&rsquo;objectif est de doter les collectivit\u00e9s locales, ainsi que les secteurs de l&rsquo;agriculture, de l&rsquo;hydraulique, de la p\u00eache et de l&rsquo;industrie notamment, d&rsquo;outils concrets qui leur permettront d\u2019int\u00e9grer l\u2019adaptation aux changements climatiques dans les plans de d\u00e9veloppement locaux.<\/p>\n\n\n\n<p>A propos des savoir-faire locaux, elle a soulign\u00e9 l\u2019importance de les valoriser, citant en exemple les techniques ancestrales de construction, et de conservation des semences comme leviers de r\u00e9silience.<\/p>\n\n\n\n<p>\u00ab\u00a0Il s\u2019agira de mettre en avant le savoir-faire local dans diff\u00e9rents domaines, comme l\u2019agriculture, l\u2019urbanisme et la construction, et de le promouvoir en tant que solutions d\u2019adaptation, tout en \u00e9tudiant la possibilit\u00e9 de les (solutions) d\u00e9velopper pour obtenir de meilleurs r\u00e9sultats et de les appliquer dans diff\u00e9rentes wilayas\u00a0\u00bb, dira Mme Baameur. ?Plusieurs th\u00e9matiques sont retenues pour ces trois jours de formation, portant entre autres sur les for\u00e7ages naturels et anthropiques, l\u2019effet de serre, le cadre juridique, les strat\u00e9gies, et les lois li\u00e9es \u00e0 l\u2019environnement.<\/p>\n\n\n\n<p>Les concepts de vuln\u00e9rabilit\u00e9, d&rsquo;exposition, de sensibilit\u00e9, de capacit\u00e9 d&rsquo;adaptation et de risque li\u00e9s aux changements climatiques seront \u00e9galement au menu, ainsi qu&rsquo;une lecture guid\u00e9e d&rsquo;exemples de diagnostics territoriaux .<\/p>\n\n\n\n<p>Au dernier jour de la formation, un atelier sera organis\u00e9 afin d&rsquo;identifier les enjeux de l\u2019adaptation aux changements climatiques au niveau de la wilaya et proposer des solutions d\u2019adaptation, a soulign\u00e9 Mme Baameur.&nbsp;<\/p>\n","protected":false},"excerpt":{"rendered":"<p>Une session de formation sur l&rsquo;int\u00e9gration des m\u00e9canismes d&rsquo;adaptation aux changements climatiques dans les plans de d\u00e9veloppement local a \u00e9t\u00e9 lanc\u00e9e, mardi \u00e0 Tizi-Ouzou, au profit des cadres des diff\u00e9rents secteurs techniques et des repr\u00e9sentants de la soci\u00e9t\u00e9 civile. Abrit\u00e9e par la Maison de l\u2019environnement, cette formation de trois jours s\u2019inscrit dans le cadre du &hellip;<\/p>\n","protected":false},"author":9,"featured_media":63254,"comment_status":"open","ping_status":"open","sticky":false,"template":"","format":"standard","meta":{"footnotes":""},"categories":[50],"tags":[2774],"class_list":["post-63252","post","type-post","status-publish","format-standard","has-post-thumbnail","hentry","category-region","tag-tizi-ouzou-2"],"yoast_head":"<!-- This site is optimized with the Yoast SEO Premium plugin v22.6 (Yoast SEO v22.6) - https:\/\/yoast.com\/wordpress\/plugins\/seo\/ -->\n<title>Tizi-Ouzou : coup d\u2019envoi d\u2019une formation sur l\u2019adaptation au changement climatique - El Mawkie<\/title>\n<meta name=\"robots\" content=\"index, follow, max-snippet:-1, max-image-preview:large, max-video-preview:-1\" \/>\n<link rel=\"canonical\" href=\"https:\/\/elmawkie.dz\/fr\/tizi-ouzou-coup-denvoi-dune-formation-sur-ladaptation-au-changement-climatique\/\" \/>\n<meta property=\"og:locale\" content=\"fr_FR\" \/>\n<meta property=\"og:type\" content=\"article\" \/>\n<meta property=\"og:title\" content=\"Tizi-Ouzou : coup d\u2019envoi d\u2019une formation sur l\u2019adaptation au changement climatique\" \/>\n<meta property=\"og:description\" content=\"Une session de formation sur l&rsquo;int\u00e9gration des m\u00e9canismes d&rsquo;adaptation aux changements climatiques dans les plans de d\u00e9veloppement local a \u00e9t\u00e9 lanc\u00e9e, mardi \u00e0 Tizi-Ouzou, au profit des cadres des diff\u00e9rents secteurs techniques et des repr\u00e9sentants de la soci\u00e9t\u00e9 civile. Abrit\u00e9e par la Maison de l\u2019environnement, cette formation de trois jours s\u2019inscrit dans le cadre du &hellip;\" \/>\n<meta property=\"og:url\" content=\"https:\/\/elmawkie.dz\/fr\/tizi-ouzou-coup-denvoi-dune-formation-sur-ladaptation-au-changement-climatique\/\" \/>\n<meta property=\"og:site_name\" content=\"El Mawkie\" \/>\n<meta property=\"article:publisher\" content=\"https:\/\/www.facebook.com\/profile.php?id=100088407094989&amp;locale=fr_FR\" \/>\n<meta property=\"article:published_time\" content=\"2026-03-10T15:32:07+00:00\" \/>\n<meta property=\"article:modified_time\" content=\"2026-03-10T15:32:08+00:00\" \/>\n<meta property=\"og:image\" content=\"https:\/\/elmawkie.dz\/fr\/wp-content\/uploads\/2026\/03\/IMG_2233.jpeg\" \/>\n\t<meta property=\"og:image:width\" content=\"1080\" \/>\n\t<meta property=\"og:image:height\" content=\"810\" \/>\n\t<meta property=\"og:image:type\" content=\"image\/jpeg\" \/>\n<meta name=\"author\" content=\"R\u00e9daction\" \/>\n<meta name=\"twitter:card\" content=\"summary_large_image\" \/>\n<meta name=\"twitter:label1\" content=\"Written by\" \/>\n\t<meta name=\"twitter:data1\" content=\"R\u00e9daction\" \/>\n\t<meta name=\"twitter:label2\" content=\"Est. reading time\" \/>\n\t<meta name=\"twitter:data2\" content=\"3 minutes\" \/>\n<script type=\"application\/ld+json\" class=\"yoast-schema-graph\">{\"@context\":\"https:\/\/schema.org\",\"@graph\":[{\"@type\":\"Article\",\"@id\":\"https:\/\/elmawkie.dz\/fr\/tizi-ouzou-coup-denvoi-dune-formation-sur-ladaptation-au-changement-climatique\/#article\",\"isPartOf\":{\"@id\":\"https:\/\/elmawkie.dz\/fr\/tizi-ouzou-coup-denvoi-dune-formation-sur-ladaptation-au-changement-climatique\/\"},\"author\":{\"name\":\"R\u00e9daction\",\"@id\":\"https:\/\/elmawkie.dz\/fr\/#\/schema\/person\/e7bd59d6467874ba5c4723d8a9f0a63c\"},\"headline\":\"Tizi-Ouzou : coup d\u2019envoi d\u2019une formation sur l\u2019adaptation au changement climatique\",\"datePublished\":\"2026-03-10T15:32:07+00:00\",\"dateModified\":\"2026-03-10T15:32:08+00:00\",\"mainEntityOfPage\":{\"@id\":\"https:\/\/elmawkie.dz\/fr\/tizi-ouzou-coup-denvoi-dune-formation-sur-ladaptation-au-changement-climatique\/\"},\"wordCount\":537,\"commentCount\":0,\"publisher\":{\"@id\":\"https:\/\/elmawkie.dz\/fr\/#organization\"},\"image\":{\"@id\":\"https:\/\/elmawkie.dz\/fr\/tizi-ouzou-coup-denvoi-dune-formation-sur-ladaptation-au-changement-climatique\/#primaryimage\"},\"thumbnailUrl\":\"https:\/\/elmawkie.dz\/fr\/wp-content\/uploads\/2026\/03\/IMG_2233.jpeg\",\"keywords\":[\"Tizi OUzou\"],\"articleSection\":[\"R\u00e9gion\"],\"inLanguage\":\"fr-FR\",\"potentialAction\":[{\"@type\":\"CommentAction\",\"name\":\"Comment\",\"target\":[\"https:\/\/elmawkie.dz\/fr\/tizi-ouzou-coup-denvoi-dune-formation-sur-ladaptation-au-changement-climatique\/#respond\"]}]},{\"@type\":\"WebPage\",\"@id\":\"https:\/\/elmawkie.dz\/fr\/tizi-ouzou-coup-denvoi-dune-formation-sur-ladaptation-au-changement-climatique\/\",\"url\":\"https:\/\/elmawkie.dz\/fr\/tizi-ouzou-coup-denvoi-dune-formation-sur-ladaptation-au-changement-climatique\/\",\"name\":\"Tizi-Ouzou : coup d\u2019envoi d\u2019une formation sur l\u2019adaptation au changement climatique - El Mawkie\",\"isPartOf\":{\"@id\":\"https:\/\/elmawkie.dz\/fr\/#website\"},\"primaryImageOfPage\":{\"@id\":\"https:\/\/elmawkie.dz\/fr\/tizi-ouzou-coup-denvoi-dune-formation-sur-ladaptation-au-changement-climatique\/#primaryimage\"},\"image\":{\"@id\":\"https:\/\/elmawkie.dz\/fr\/tizi-ouzou-coup-denvoi-dune-formation-sur-ladaptation-au-changement-climatique\/#primaryimage\"},\"thumbnailUrl\":\"https:\/\/elmawkie.dz\/fr\/wp-content\/uploads\/2026\/03\/IMG_2233.jpeg\",\"datePublished\":\"2026-03-10T15:32:07+00:00\",\"dateModified\":\"2026-03-10T15:32:08+00:00\",\"breadcrumb\":{\"@id\":\"https:\/\/elmawkie.dz\/fr\/tizi-ouzou-coup-denvoi-dune-formation-sur-ladaptation-au-changement-climatique\/#breadcrumb\"},\"inLanguage\":\"fr-FR\",\"potentialAction\":[{\"@type\":\"ReadAction\",\"target\":[\"https:\/\/elmawkie.dz\/fr\/tizi-ouzou-coup-denvoi-dune-formation-sur-ladaptation-au-changement-climatique\/\"]}]},{\"@type\":\"ImageObject\",\"inLanguage\":\"fr-FR\",\"@id\":\"https:\/\/elmawkie.dz\/fr\/tizi-ouzou-coup-denvoi-dune-formation-sur-ladaptation-au-changement-climatique\/#primaryimage\",\"url\":\"https:\/\/elmawkie.dz\/fr\/wp-content\/uploads\/2026\/03\/IMG_2233.jpeg\",\"contentUrl\":\"https:\/\/elmawkie.dz\/fr\/wp-content\/uploads\/2026\/03\/IMG_2233.jpeg\",\"width\":1080,\"height\":810},{\"@type\":\"BreadcrumbList\",\"@id\":\"https:\/\/elmawkie.dz\/fr\/tizi-ouzou-coup-denvoi-dune-formation-sur-ladaptation-au-changement-climatique\/#breadcrumb\",\"itemListElement\":[{\"@type\":\"ListItem\",\"position\":1,\"name\":\"Home\",\"item\":\"https:\/\/elmawkie.dz\/fr\/\"},{\"@type\":\"ListItem\",\"position\":2,\"name\":\"Tizi-Ouzou : coup d\u2019envoi d\u2019une formation sur l\u2019adaptation au changement climatique\"}]},{\"@type\":\"WebSite\",\"@id\":\"https:\/\/elmawkie.dz\/fr\/#website\",\"url\":\"https:\/\/elmawkie.dz\/fr\/\",\"name\":\"EL MAWKIE\",\"description\":\"Journal \u00c9lectronique Alg\u00e9rien\",\"publisher\":{\"@id\":\"https:\/\/elmawkie.dz\/fr\/#organization\"},\"potentialAction\":[{\"@type\":\"SearchAction\",\"target\":{\"@type\":\"EntryPoint\",\"urlTemplate\":\"https:\/\/elmawkie.dz\/fr\/?s={search_term_string}\"},\"query-input\":\"required name=search_term_string\"}],\"inLanguage\":\"fr-FR\"},{\"@type\":\"Organization\",\"@id\":\"https:\/\/elmawkie.dz\/fr\/#organization\",\"name\":\"EL MAWKIE\",\"url\":\"https:\/\/elmawkie.dz\/fr\/\",\"logo\":{\"@type\":\"ImageObject\",\"inLanguage\":\"fr-FR\",\"@id\":\"https:\/\/elmawkie.dz\/fr\/#\/schema\/logo\/image\/\",\"url\":\"https:\/\/elmawkie.dz\/fr\/wp-content\/uploads\/2024\/05\/logo1.png\",\"contentUrl\":\"https:\/\/elmawkie.dz\/fr\/wp-content\/uploads\/2024\/05\/logo1.png\",\"width\":1648,\"height\":652,\"caption\":\"EL MAWKIE\"},\"image\":{\"@id\":\"https:\/\/elmawkie.dz\/fr\/#\/schema\/logo\/image\/\"},\"sameAs\":[\"https:\/\/www.facebook.com\/profile.php?id=100088407094989&locale=fr_FR\"]},{\"@type\":\"Person\",\"@id\":\"https:\/\/elmawkie.dz\/fr\/#\/schema\/person\/e7bd59d6467874ba5c4723d8a9f0a63c\",\"name\":\"R\u00e9daction\",\"image\":{\"@type\":\"ImageObject\",\"inLanguage\":\"fr-FR\",\"@id\":\"https:\/\/elmawkie.dz\/fr\/#\/schema\/person\/image\/\",\"url\":\"https:\/\/secure.gravatar.com\/avatar\/f0f773456344da4d2788c054a3d30a0c?s=96&d=mm&r=g\",\"contentUrl\":\"https:\/\/secure.gravatar.com\/avatar\/f0f773456344da4d2788c054a3d30a0c?s=96&d=mm&r=g\",\"caption\":\"R\u00e9daction\"},\"url\":\"https:\/\/elmawkie.dz\/fr\/author\/redaction\/\"}]}<\/script>\n<!-- \/ Yoast SEO Premium plugin. -->","yoast_head_json":{"title":"Tizi-Ouzou : coup d\u2019envoi d\u2019une formation sur l\u2019adaptation au changement climatique - El Mawkie","robots":{"index":"index","follow":"follow","max-snippet":"max-snippet:-1","max-image-preview":"max-image-preview:large","max-video-preview":"max-video-preview:-1"},"canonical":"https:\/\/elmawkie.dz\/fr\/tizi-ouzou-coup-denvoi-dune-formation-sur-ladaptation-au-changement-climatique\/","og_locale":"fr_FR","og_type":"article","og_title":"Tizi-Ouzou : coup d\u2019envoi d\u2019une formation sur l\u2019adaptation au changement climatique","og_description":"Une session de formation sur l&rsquo;int\u00e9gration des m\u00e9canismes d&rsquo;adaptation aux changements climatiques dans les plans de d\u00e9veloppement local a \u00e9t\u00e9 lanc\u00e9e, mardi \u00e0 Tizi-Ouzou, au profit des cadres des diff\u00e9rents secteurs techniques et des repr\u00e9sentants de la soci\u00e9t\u00e9 civile. Abrit\u00e9e par la Maison de l\u2019environnement, cette formation de trois jours s\u2019inscrit dans le cadre du &hellip;","og_url":"https:\/\/elmawkie.dz\/fr\/tizi-ouzou-coup-denvoi-dune-formation-sur-ladaptation-au-changement-climatique\/","og_site_name":"El Mawkie","article_publisher":"https:\/\/www.facebook.com\/profile.php?id=100088407094989&locale=fr_FR","article_published_time":"2026-03-10T15:32:07+00:00","article_modified_time":"2026-03-10T15:32:08+00:00","og_image":[{"width":1080,"height":810,"url":"https:\/\/elmawkie.dz\/fr\/wp-content\/uploads\/2026\/03\/IMG_2233.jpeg","type":"image\/jpeg"}],"author":"R\u00e9daction","twitter_card":"summary_large_image","twitter_misc":{"Written by":"R\u00e9daction","Est. reading time":"3 minutes"},"schema":{"@context":"https:\/\/schema.org","@graph":[{"@type":"Article","@id":"https:\/\/elmawkie.dz\/fr\/tizi-ouzou-coup-denvoi-dune-formation-sur-ladaptation-au-changement-climatique\/#article","isPartOf":{"@id":"https:\/\/elmawkie.dz\/fr\/tizi-ouzou-coup-denvoi-dune-formation-sur-ladaptation-au-changement-climatique\/"},"author":{"name":"R\u00e9daction","@id":"https:\/\/elmawkie.dz\/fr\/#\/schema\/person\/e7bd59d6467874ba5c4723d8a9f0a63c"},"headline":"Tizi-Ouzou : coup d\u2019envoi d\u2019une formation sur l\u2019adaptation au changement climatique","datePublished":"2026-03-10T15:32:07+00:00","dateModified":"2026-03-10T15:32:08+00:00","mainEntityOfPage":{"@id":"https:\/\/elmawkie.dz\/fr\/tizi-ouzou-coup-denvoi-dune-formation-sur-ladaptation-au-changement-climatique\/"},"wordCount":537,"commentCount":0,"publisher":{"@id":"https:\/\/elmawkie.dz\/fr\/#organization"},"image":{"@id":"https:\/\/elmawkie.dz\/fr\/tizi-ouzou-coup-denvoi-dune-formation-sur-ladaptation-au-changement-climatique\/#primaryimage"},"thumbnailUrl":"https:\/\/elmawkie.dz\/fr\/wp-content\/uploads\/2026\/03\/IMG_2233.jpeg","keywords":["Tizi OUzou"],"articleSection":["R\u00e9gion"],"inLanguage":"fr-FR","potentialAction":[{"@type":"CommentAction","name":"Comment","target":["https:\/\/elmawkie.dz\/fr\/tizi-ouzou-coup-denvoi-dune-formation-sur-ladaptation-au-changement-climatique\/#respond"]}]},{"@type":"WebPage","@id":"https:\/\/elmawkie.dz\/fr\/tizi-ouzou-coup-denvoi-dune-formation-sur-ladaptation-au-changement-climatique\/","url":"https:\/\/elmawkie.dz\/fr\/tizi-ouzou-coup-denvoi-dune-formation-sur-ladaptation-au-changement-climatique\/","name":"Tizi-Ouzou : coup d\u2019envoi d\u2019une formation sur l\u2019adaptation au changement climatique - El Mawkie","isPartOf":{"@id":"https:\/\/elmawkie.dz\/fr\/#website"},"primaryImageOfPage":{"@id":"https:\/\/elmawkie.dz\/fr\/tizi-ouzou-coup-denvoi-dune-formation-sur-ladaptation-au-changement-climatique\/#primaryimage"},"image":{"@id":"https:\/\/elmawkie.dz\/fr\/tizi-ouzou-coup-denvoi-dune-formation-sur-ladaptation-au-changement-climatique\/#primaryimage"},"thumbnailUrl":"https:\/\/elmawkie.dz\/fr\/wp-content\/uploads\/2026\/03\/IMG_2233.jpeg","datePublished":"2026-03-10T15:32:07+00:00","dateModified":"2026-03-10T15:32:08+00:00","breadcrumb":{"@id":"https:\/\/elmawkie.dz\/fr\/tizi-ouzou-coup-denvoi-dune-formation-sur-ladaptation-au-changement-climatique\/#breadcrumb"},"inLanguage":"fr-FR","potentialAction":[{"@type":"ReadAction","target":["https:\/\/elmawkie.dz\/fr\/tizi-ouzou-coup-denvoi-dune-formation-sur-ladaptation-au-changement-climatique\/"]}]},{"@type":"ImageObject","inLanguage":"fr-FR","@id":"https:\/\/elmawkie.dz\/fr\/tizi-ouzou-coup-denvoi-dune-formation-sur-ladaptation-au-changement-climatique\/#primaryimage","url":"https:\/\/elmawkie.dz\/fr\/wp-content\/uploads\/2026\/03\/IMG_2233.jpeg","contentUrl":"https:\/\/elmawkie.dz\/fr\/wp-content\/uploads\/2026\/03\/IMG_2233.jpeg","width":1080,"height":810},{"@type":"BreadcrumbList","@id":"https:\/\/elmawkie.dz\/fr\/tizi-ouzou-coup-denvoi-dune-formation-sur-ladaptation-au-changement-climatique\/#breadcrumb","itemListElement":[{"@type":"ListItem","position":1,"name":"Home","item":"https:\/\/elmawkie.dz\/fr\/"},{"@type":"ListItem","position":2,"name":"Tizi-Ouzou : coup d\u2019envoi d\u2019une formation sur l\u2019adaptation au changement climatique"}]},{"@type":"WebSite","@id":"https:\/\/elmawkie.dz\/fr\/#website","url":"https:\/\/elmawkie.dz\/fr\/","name":"EL MAWKIE","description":"Journal \u00c9lectronique Alg\u00e9rien","publisher":{"@id":"https:\/\/elmawkie.dz\/fr\/#organization"},"potentialAction":[{"@type":"SearchAction","target":{"@type":"EntryPoint","urlTemplate":"https:\/\/elmawkie.dz\/fr\/?s={search_term_string}"},"query-input":"required name=search_term_string"}],"inLanguage":"fr-FR"},{"@type":"Organization","@id":"https:\/\/elmawkie.dz\/fr\/#organization","name":"EL MAWKIE","url":"https:\/\/elmawkie.dz\/fr\/","logo":{"@type":"ImageObject","inLanguage":"fr-FR","@id":"https:\/\/elmawkie.dz\/fr\/#\/schema\/logo\/image\/","url":"https:\/\/elmawkie.dz\/fr\/wp-content\/uploads\/2024\/05\/logo1.png","contentUrl":"https:\/\/elmawkie.dz\/fr\/wp-content\/uploads\/2024\/05\/logo1.png","width":1648,"height":652,"caption":"EL MAWKIE"},"image":{"@id":"https:\/\/elmawkie.dz\/fr\/#\/schema\/logo\/image\/"},"sameAs":["https:\/\/www.facebook.com\/profile.php?id=100088407094989&locale=fr_FR"]},{"@type":"Person","@id":"https:\/\/elmawkie.dz\/fr\/#\/schema\/person\/e7bd59d6467874ba5c4723d8a9f0a63c","name":"R\u00e9daction","image":{"@type":"ImageObject","inLanguage":"fr-FR","@id":"https:\/\/elmawkie.dz\/fr\/#\/schema\/person\/image\/","url":"https:\/\/secure.gravatar.com\/avatar\/f0f773456344da4d2788c054a3d30a0c?s=96&d=mm&r=g","contentUrl":"https:\/\/secure.gravatar.com\/avatar\/f0f773456344da4d2788c054a3d30a0c?s=96&d=mm&r=g","caption":"R\u00e9daction"},"url":"https:\/\/elmawkie.dz\/fr\/author\/redaction\/"}]}},"_links":{"self":[{"href":"https:\/\/elmawkie.dz\/fr\/wp-json\/wp\/v2\/posts\/63252","targetHints":{"allow":["GET"]}}],"collection":[{"href":"https:\/\/elmawkie.dz\/fr\/wp-json\/wp\/v2\/posts"}],"about":[{"href":"https:\/\/elmawkie.dz\/fr\/wp-json\/wp\/v2\/types\/post"}],"author":[{"embeddable":true,"href":"https:\/\/elmawkie.dz\/fr\/wp-json\/wp\/v2\/users\/9"}],"replies":[{"embeddable":true,"href":"https:\/\/elmawkie.dz\/fr\/wp-json\/wp\/v2\/comments?post=63252"}],"version-history":[{"count":1,"href":"https:\/\/elmawkie.dz\/fr\/wp-json\/wp\/v2\/posts\/63252\/revisions"}],"predecessor-version":[{"id":63255,"href":"https:\/\/elmawkie.dz\/fr\/wp-json\/wp\/v2\/posts\/63252\/revisions\/63255"}],"wp:featuredmedia":[{"embeddable":true,"href":"https:\/\/elmawkie.dz\/fr\/wp-json\/wp\/v2\/media\/63254"}],"wp:attachment":[{"href":"https:\/\/elmawkie.dz\/fr\/wp-json\/wp\/v2\/media?parent=63252"}],"wp:term":[{"taxonomy":"category","embeddable":true,"href":"https:\/\/elmawkie.dz\/fr\/wp-json\/wp\/v2\/categories?post=63252"},{"taxonomy":"post_tag","embeddable":true,"href":"https:\/\/elmawkie.dz\/fr\/wp-json\/wp\/v2\/tags?post=63252"}],"curies":[{"name":"wp","href":"https:\/\/api.w.org\/{rel}","templated":true}]}}