{"id":63244,"date":"2026-03-10T16:27:43","date_gmt":"2026-03-10T15:27:43","guid":{"rendered":"https:\/\/elmawkie.dz\/fr\/?p=63244"},"modified":"2026-03-10T16:27:44","modified_gmt":"2026-03-10T15:27:44","slug":"au-moins-dix-nouveaux-martyrs-dans-des-frappes-sionistes-sur-le-sud-du-liban","status":"publish","type":"post","link":"https:\/\/elmawkie.dz\/fr\/au-moins-dix-nouveaux-martyrs-dans-des-frappes-sionistes-sur-le-sud-du-liban\/","title":{"rendered":"Au moins dix nouveaux martyrs dans des frappes sionistes sur le sud du Liban"},"content":{"rendered":"\n<p>Les attaques sionistes sur le sud du Liban ont fait au moins 10 martyrs et plusieurs bless\u00e9s depuis lundi soir, a rapport\u00e9 mardi l&rsquo;agence de presse officielle libanaise NNA. Huit personnes sont tomb\u00e9es en martyrs dans une frappe sioniste dans le district de Nabatiy\u00e9, et deux autres lorsqu&rsquo;un drone a touch\u00e9 une voiture dans le district de Tyr, a rapport\u00e9 la NNA.<\/p>\n\n\n\n<p>L&rsquo;arm\u00e9e sioniste a menac\u00e9 de frapper plusieurs quartiers de la banlieue sud de Beyrouth.<\/p>\n\n\n\n<p>Ces menaces ont sem\u00e9 la panique, de nombreuses personnes ayant fui les quartiers vis\u00e9s, provoquant d&rsquo;importants embouteillages sur les routes de sortie. Selon des sources s\u00e9curitaires et militaires libanaises, plusieurs points le long de la zone frontali\u00e8re dans le sud du Liban ont \u00e9t\u00e9 le th\u00e9\u00e2tre d&rsquo;affrontements intenses mardi.<\/p>\n\n\n\n<p>L&rsquo;agression sioniste contre le Liban a fait 486 martyrs et 1.313 bless\u00e9s en une semaine.<\/p>\n\n\n\n<p>En d\u00e9pit de l&rsquo;accord de cessez-le-feu en vigueur depuis fin novembre 2024, l&rsquo;arm\u00e9e sioniste poursuit ses agressions contre le Liban.<\/p>\n\n\n\n<p>Le cessez-le-feu stipulait que les forces sionistes devaient retirer leurs forces du Sud-Liban. Or, l&rsquo;arm\u00e9e sioniste maintient cinq avant-postes sur le territoire libanais, une mesure critiqu\u00e9e par les autorit\u00e9s libanaises qui exigent la fin de ce d\u00e9ploiement.<\/p>\n","protected":false},"excerpt":{"rendered":"<p>Les attaques sionistes sur le sud du Liban ont fait au moins 10 martyrs et plusieurs bless\u00e9s depuis lundi soir, a rapport\u00e9 mardi l&rsquo;agence de presse officielle libanaise NNA. Huit personnes sont tomb\u00e9es en martyrs dans une frappe sioniste dans le district de Nabatiy\u00e9, et deux autres lorsqu&rsquo;un drone a touch\u00e9 une voiture dans le &hellip;<\/p>\n","protected":false},"author":9,"featured_media":63246,"comment_status":"open","ping_status":"open","sticky":false,"template":"","format":"standard","meta":{"footnotes":""},"categories":[44],"tags":[312],"class_list":["post-63244","post","type-post","status-publish","format-standard","has-post-thumbnail","hentry","category-international","tag-liban"],"yoast_head":"<!-- This site is optimized with the Yoast SEO Premium plugin v22.6 (Yoast SEO v22.6) - https:\/\/yoast.com\/wordpress\/plugins\/seo\/ -->\n<title>Au moins dix nouveaux martyrs dans des frappes sionistes sur le sud du Liban - El Mawkie<\/title>\n<meta name=\"robots\" content=\"index, follow, max-snippet:-1, max-image-preview:large, max-video-preview:-1\" \/>\n<link rel=\"canonical\" href=\"https:\/\/elmawkie.dz\/fr\/au-moins-dix-nouveaux-martyrs-dans-des-frappes-sionistes-sur-le-sud-du-liban\/\" \/>\n<meta property=\"og:locale\" content=\"fr_FR\" \/>\n<meta property=\"og:type\" content=\"article\" \/>\n<meta property=\"og:title\" content=\"Au moins dix nouveaux martyrs dans des frappes sionistes sur le sud du Liban\" \/>\n<meta property=\"og:description\" content=\"Les attaques sionistes sur le sud du Liban ont fait au moins 10 martyrs et plusieurs bless\u00e9s depuis lundi soir, a rapport\u00e9 mardi l&rsquo;agence de presse officielle libanaise NNA. Huit personnes sont tomb\u00e9es en martyrs dans une frappe sioniste dans le district de Nabatiy\u00e9, et deux autres lorsqu&rsquo;un drone a touch\u00e9 une voiture dans le &hellip;\" \/>\n<meta property=\"og:url\" content=\"https:\/\/elmawkie.dz\/fr\/au-moins-dix-nouveaux-martyrs-dans-des-frappes-sionistes-sur-le-sud-du-liban\/\" \/>\n<meta property=\"og:site_name\" content=\"El Mawkie\" \/>\n<meta property=\"article:publisher\" content=\"https:\/\/www.facebook.com\/profile.php?id=100088407094989&amp;locale=fr_FR\" \/>\n<meta property=\"article:published_time\" content=\"2026-03-10T15:27:43+00:00\" \/>\n<meta property=\"article:modified_time\" content=\"2026-03-10T15:27:44+00:00\" \/>\n<meta property=\"og:image\" content=\"https:\/\/elmawkie.dz\/fr\/wp-content\/uploads\/2026\/03\/IMG_2232.jpeg\" \/>\n\t<meta property=\"og:image:width\" content=\"516\" \/>\n\t<meta property=\"og:image:height\" content=\"387\" \/>\n\t<meta property=\"og:image:type\" content=\"image\/jpeg\" \/>\n<meta name=\"author\" content=\"R\u00e9daction\" \/>\n<meta name=\"twitter:card\" content=\"summary_large_image\" \/>\n<meta name=\"twitter:label1\" content=\"Written by\" \/>\n\t<meta name=\"twitter:data1\" content=\"R\u00e9daction\" \/>\n\t<meta name=\"twitter:label2\" content=\"Est. reading time\" \/>\n\t<meta name=\"twitter:data2\" content=\"2 minutes\" \/>\n<script type=\"application\/ld+json\" class=\"yoast-schema-graph\">{\"@context\":\"https:\/\/schema.org\",\"@graph\":[{\"@type\":\"Article\",\"@id\":\"https:\/\/elmawkie.dz\/fr\/au-moins-dix-nouveaux-martyrs-dans-des-frappes-sionistes-sur-le-sud-du-liban\/#article\",\"isPartOf\":{\"@id\":\"https:\/\/elmawkie.dz\/fr\/au-moins-dix-nouveaux-martyrs-dans-des-frappes-sionistes-sur-le-sud-du-liban\/\"},\"author\":{\"name\":\"R\u00e9daction\",\"@id\":\"https:\/\/elmawkie.dz\/fr\/#\/schema\/person\/e7bd59d6467874ba5c4723d8a9f0a63c\"},\"headline\":\"Au moins dix nouveaux martyrs dans des frappes sionistes sur le sud du Liban\",\"datePublished\":\"2026-03-10T15:27:43+00:00\",\"dateModified\":\"2026-03-10T15:27:44+00:00\",\"mainEntityOfPage\":{\"@id\":\"https:\/\/elmawkie.dz\/fr\/au-moins-dix-nouveaux-martyrs-dans-des-frappes-sionistes-sur-le-sud-du-liban\/\"},\"wordCount\":230,\"commentCount\":0,\"publisher\":{\"@id\":\"https:\/\/elmawkie.dz\/fr\/#organization\"},\"image\":{\"@id\":\"https:\/\/elmawkie.dz\/fr\/au-moins-dix-nouveaux-martyrs-dans-des-frappes-sionistes-sur-le-sud-du-liban\/#primaryimage\"},\"thumbnailUrl\":\"https:\/\/elmawkie.dz\/fr\/wp-content\/uploads\/2026\/03\/IMG_2232.jpeg\",\"keywords\":[\"liban\"],\"articleSection\":[\"International\"],\"inLanguage\":\"fr-FR\",\"potentialAction\":[{\"@type\":\"CommentAction\",\"name\":\"Comment\",\"target\":[\"https:\/\/elmawkie.dz\/fr\/au-moins-dix-nouveaux-martyrs-dans-des-frappes-sionistes-sur-le-sud-du-liban\/#respond\"]}]},{\"@type\":\"WebPage\",\"@id\":\"https:\/\/elmawkie.dz\/fr\/au-moins-dix-nouveaux-martyrs-dans-des-frappes-sionistes-sur-le-sud-du-liban\/\",\"url\":\"https:\/\/elmawkie.dz\/fr\/au-moins-dix-nouveaux-martyrs-dans-des-frappes-sionistes-sur-le-sud-du-liban\/\",\"name\":\"Au moins dix nouveaux martyrs dans des frappes sionistes sur le sud du Liban - El Mawkie\",\"isPartOf\":{\"@id\":\"https:\/\/elmawkie.dz\/fr\/#website\"},\"primaryImageOfPage\":{\"@id\":\"https:\/\/elmawkie.dz\/fr\/au-moins-dix-nouveaux-martyrs-dans-des-frappes-sionistes-sur-le-sud-du-liban\/#primaryimage\"},\"image\":{\"@id\":\"https:\/\/elmawkie.dz\/fr\/au-moins-dix-nouveaux-martyrs-dans-des-frappes-sionistes-sur-le-sud-du-liban\/#primaryimage\"},\"thumbnailUrl\":\"https:\/\/elmawkie.dz\/fr\/wp-content\/uploads\/2026\/03\/IMG_2232.jpeg\",\"datePublished\":\"2026-03-10T15:27:43+00:00\",\"dateModified\":\"2026-03-10T15:27:44+00:00\",\"breadcrumb\":{\"@id\":\"https:\/\/elmawkie.dz\/fr\/au-moins-dix-nouveaux-martyrs-dans-des-frappes-sionistes-sur-le-sud-du-liban\/#breadcrumb\"},\"inLanguage\":\"fr-FR\",\"potentialAction\":[{\"@type\":\"ReadAction\",\"target\":[\"https:\/\/elmawkie.dz\/fr\/au-moins-dix-nouveaux-martyrs-dans-des-frappes-sionistes-sur-le-sud-du-liban\/\"]}]},{\"@type\":\"ImageObject\",\"inLanguage\":\"fr-FR\",\"@id\":\"https:\/\/elmawkie.dz\/fr\/au-moins-dix-nouveaux-martyrs-dans-des-frappes-sionistes-sur-le-sud-du-liban\/#primaryimage\",\"url\":\"https:\/\/elmawkie.dz\/fr\/wp-content\/uploads\/2026\/03\/IMG_2232.jpeg\",\"contentUrl\":\"https:\/\/elmawkie.dz\/fr\/wp-content\/uploads\/2026\/03\/IMG_2232.jpeg\",\"width\":516,\"height\":387},{\"@type\":\"BreadcrumbList\",\"@id\":\"https:\/\/elmawkie.dz\/fr\/au-moins-dix-nouveaux-martyrs-dans-des-frappes-sionistes-sur-le-sud-du-liban\/#breadcrumb\",\"itemListElement\":[{\"@type\":\"ListItem\",\"position\":1,\"name\":\"Home\",\"item\":\"https:\/\/elmawkie.dz\/fr\/\"},{\"@type\":\"ListItem\",\"position\":2,\"name\":\"Au moins dix nouveaux martyrs dans des frappes sionistes sur le sud du Liban\"}]},{\"@type\":\"WebSite\",\"@id\":\"https:\/\/elmawkie.dz\/fr\/#website\",\"url\":\"https:\/\/elmawkie.dz\/fr\/\",\"name\":\"EL MAWKIE\",\"description\":\"Journal \u00c9lectronique Alg\u00e9rien\",\"publisher\":{\"@id\":\"https:\/\/elmawkie.dz\/fr\/#organization\"},\"potentialAction\":[{\"@type\":\"SearchAction\",\"target\":{\"@type\":\"EntryPoint\",\"urlTemplate\":\"https:\/\/elmawkie.dz\/fr\/?s={search_term_string}\"},\"query-input\":\"required name=search_term_string\"}],\"inLanguage\":\"fr-FR\"},{\"@type\":\"Organization\",\"@id\":\"https:\/\/elmawkie.dz\/fr\/#organization\",\"name\":\"EL MAWKIE\",\"url\":\"https:\/\/elmawkie.dz\/fr\/\",\"logo\":{\"@type\":\"ImageObject\",\"inLanguage\":\"fr-FR\",\"@id\":\"https:\/\/elmawkie.dz\/fr\/#\/schema\/logo\/image\/\",\"url\":\"https:\/\/elmawkie.dz\/fr\/wp-content\/uploads\/2024\/05\/logo1.png\",\"contentUrl\":\"https:\/\/elmawkie.dz\/fr\/wp-content\/uploads\/2024\/05\/logo1.png\",\"width\":1648,\"height\":652,\"caption\":\"EL MAWKIE\"},\"image\":{\"@id\":\"https:\/\/elmawkie.dz\/fr\/#\/schema\/logo\/image\/\"},\"sameAs\":[\"https:\/\/www.facebook.com\/profile.php?id=100088407094989&locale=fr_FR\"]},{\"@type\":\"Person\",\"@id\":\"https:\/\/elmawkie.dz\/fr\/#\/schema\/person\/e7bd59d6467874ba5c4723d8a9f0a63c\",\"name\":\"R\u00e9daction\",\"image\":{\"@type\":\"ImageObject\",\"inLanguage\":\"fr-FR\",\"@id\":\"https:\/\/elmawkie.dz\/fr\/#\/schema\/person\/image\/\",\"url\":\"https:\/\/secure.gravatar.com\/avatar\/f0f773456344da4d2788c054a3d30a0c?s=96&d=mm&r=g\",\"contentUrl\":\"https:\/\/secure.gravatar.com\/avatar\/f0f773456344da4d2788c054a3d30a0c?s=96&d=mm&r=g\",\"caption\":\"R\u00e9daction\"},\"url\":\"https:\/\/elmawkie.dz\/fr\/author\/redaction\/\"}]}<\/script>\n<!-- \/ Yoast SEO Premium plugin. -->","yoast_head_json":{"title":"Au moins dix nouveaux martyrs dans des frappes sionistes sur le sud du Liban - El Mawkie","robots":{"index":"index","follow":"follow","max-snippet":"max-snippet:-1","max-image-preview":"max-image-preview:large","max-video-preview":"max-video-preview:-1"},"canonical":"https:\/\/elmawkie.dz\/fr\/au-moins-dix-nouveaux-martyrs-dans-des-frappes-sionistes-sur-le-sud-du-liban\/","og_locale":"fr_FR","og_type":"article","og_title":"Au moins dix nouveaux martyrs dans des frappes sionistes sur le sud du Liban","og_description":"Les attaques sionistes sur le sud du Liban ont fait au moins 10 martyrs et plusieurs bless\u00e9s depuis lundi soir, a rapport\u00e9 mardi l&rsquo;agence de presse officielle libanaise NNA. Huit personnes sont tomb\u00e9es en martyrs dans une frappe sioniste dans le district de Nabatiy\u00e9, et deux autres lorsqu&rsquo;un drone a touch\u00e9 une voiture dans le &hellip;","og_url":"https:\/\/elmawkie.dz\/fr\/au-moins-dix-nouveaux-martyrs-dans-des-frappes-sionistes-sur-le-sud-du-liban\/","og_site_name":"El Mawkie","article_publisher":"https:\/\/www.facebook.com\/profile.php?id=100088407094989&locale=fr_FR","article_published_time":"2026-03-10T15:27:43+00:00","article_modified_time":"2026-03-10T15:27:44+00:00","og_image":[{"width":516,"height":387,"url":"https:\/\/elmawkie.dz\/fr\/wp-content\/uploads\/2026\/03\/IMG_2232.jpeg","type":"image\/jpeg"}],"author":"R\u00e9daction","twitter_card":"summary_large_image","twitter_misc":{"Written by":"R\u00e9daction","Est. reading time":"2 minutes"},"schema":{"@context":"https:\/\/schema.org","@graph":[{"@type":"Article","@id":"https:\/\/elmawkie.dz\/fr\/au-moins-dix-nouveaux-martyrs-dans-des-frappes-sionistes-sur-le-sud-du-liban\/#article","isPartOf":{"@id":"https:\/\/elmawkie.dz\/fr\/au-moins-dix-nouveaux-martyrs-dans-des-frappes-sionistes-sur-le-sud-du-liban\/"},"author":{"name":"R\u00e9daction","@id":"https:\/\/elmawkie.dz\/fr\/#\/schema\/person\/e7bd59d6467874ba5c4723d8a9f0a63c"},"headline":"Au moins dix nouveaux martyrs dans des frappes sionistes sur le sud du Liban","datePublished":"2026-03-10T15:27:43+00:00","dateModified":"2026-03-10T15:27:44+00:00","mainEntityOfPage":{"@id":"https:\/\/elmawkie.dz\/fr\/au-moins-dix-nouveaux-martyrs-dans-des-frappes-sionistes-sur-le-sud-du-liban\/"},"wordCount":230,"commentCount":0,"publisher":{"@id":"https:\/\/elmawkie.dz\/fr\/#organization"},"image":{"@id":"https:\/\/elmawkie.dz\/fr\/au-moins-dix-nouveaux-martyrs-dans-des-frappes-sionistes-sur-le-sud-du-liban\/#primaryimage"},"thumbnailUrl":"https:\/\/elmawkie.dz\/fr\/wp-content\/uploads\/2026\/03\/IMG_2232.jpeg","keywords":["liban"],"articleSection":["International"],"inLanguage":"fr-FR","potentialAction":[{"@type":"CommentAction","name":"Comment","target":["https:\/\/elmawkie.dz\/fr\/au-moins-dix-nouveaux-martyrs-dans-des-frappes-sionistes-sur-le-sud-du-liban\/#respond"]}]},{"@type":"WebPage","@id":"https:\/\/elmawkie.dz\/fr\/au-moins-dix-nouveaux-martyrs-dans-des-frappes-sionistes-sur-le-sud-du-liban\/","url":"https:\/\/elmawkie.dz\/fr\/au-moins-dix-nouveaux-martyrs-dans-des-frappes-sionistes-sur-le-sud-du-liban\/","name":"Au moins dix nouveaux martyrs dans des frappes sionistes sur le sud du Liban - El Mawkie","isPartOf":{"@id":"https:\/\/elmawkie.dz\/fr\/#website"},"primaryImageOfPage":{"@id":"https:\/\/elmawkie.dz\/fr\/au-moins-dix-nouveaux-martyrs-dans-des-frappes-sionistes-sur-le-sud-du-liban\/#primaryimage"},"image":{"@id":"https:\/\/elmawkie.dz\/fr\/au-moins-dix-nouveaux-martyrs-dans-des-frappes-sionistes-sur-le-sud-du-liban\/#primaryimage"},"thumbnailUrl":"https:\/\/elmawkie.dz\/fr\/wp-content\/uploads\/2026\/03\/IMG_2232.jpeg","datePublished":"2026-03-10T15:27:43+00:00","dateModified":"2026-03-10T15:27:44+00:00","breadcrumb":{"@id":"https:\/\/elmawkie.dz\/fr\/au-moins-dix-nouveaux-martyrs-dans-des-frappes-sionistes-sur-le-sud-du-liban\/#breadcrumb"},"inLanguage":"fr-FR","potentialAction":[{"@type":"ReadAction","target":["https:\/\/elmawkie.dz\/fr\/au-moins-dix-nouveaux-martyrs-dans-des-frappes-sionistes-sur-le-sud-du-liban\/"]}]},{"@type":"ImageObject","inLanguage":"fr-FR","@id":"https:\/\/elmawkie.dz\/fr\/au-moins-dix-nouveaux-martyrs-dans-des-frappes-sionistes-sur-le-sud-du-liban\/#primaryimage","url":"https:\/\/elmawkie.dz\/fr\/wp-content\/uploads\/2026\/03\/IMG_2232.jpeg","contentUrl":"https:\/\/elmawkie.dz\/fr\/wp-content\/uploads\/2026\/03\/IMG_2232.jpeg","width":516,"height":387},{"@type":"BreadcrumbList","@id":"https:\/\/elmawkie.dz\/fr\/au-moins-dix-nouveaux-martyrs-dans-des-frappes-sionistes-sur-le-sud-du-liban\/#breadcrumb","itemListElement":[{"@type":"ListItem","position":1,"name":"Home","item":"https:\/\/elmawkie.dz\/fr\/"},{"@type":"ListItem","position":2,"name":"Au moins dix nouveaux martyrs dans des frappes sionistes sur le sud du Liban"}]},{"@type":"WebSite","@id":"https:\/\/elmawkie.dz\/fr\/#website","url":"https:\/\/elmawkie.dz\/fr\/","name":"EL MAWKIE","description":"Journal \u00c9lectronique Alg\u00e9rien","publisher":{"@id":"https:\/\/elmawkie.dz\/fr\/#organization"},"potentialAction":[{"@type":"SearchAction","target":{"@type":"EntryPoint","urlTemplate":"https:\/\/elmawkie.dz\/fr\/?s={search_term_string}"},"query-input":"required name=search_term_string"}],"inLanguage":"fr-FR"},{"@type":"Organization","@id":"https:\/\/elmawkie.dz\/fr\/#organization","name":"EL MAWKIE","url":"https:\/\/elmawkie.dz\/fr\/","logo":{"@type":"ImageObject","inLanguage":"fr-FR","@id":"https:\/\/elmawkie.dz\/fr\/#\/schema\/logo\/image\/","url":"https:\/\/elmawkie.dz\/fr\/wp-content\/uploads\/2024\/05\/logo1.png","contentUrl":"https:\/\/elmawkie.dz\/fr\/wp-content\/uploads\/2024\/05\/logo1.png","width":1648,"height":652,"caption":"EL MAWKIE"},"image":{"@id":"https:\/\/elmawkie.dz\/fr\/#\/schema\/logo\/image\/"},"sameAs":["https:\/\/www.facebook.com\/profile.php?id=100088407094989&locale=fr_FR"]},{"@type":"Person","@id":"https:\/\/elmawkie.dz\/fr\/#\/schema\/person\/e7bd59d6467874ba5c4723d8a9f0a63c","name":"R\u00e9daction","image":{"@type":"ImageObject","inLanguage":"fr-FR","@id":"https:\/\/elmawkie.dz\/fr\/#\/schema\/person\/image\/","url":"https:\/\/secure.gravatar.com\/avatar\/f0f773456344da4d2788c054a3d30a0c?s=96&d=mm&r=g","contentUrl":"https:\/\/secure.gravatar.com\/avatar\/f0f773456344da4d2788c054a3d30a0c?s=96&d=mm&r=g","caption":"R\u00e9daction"},"url":"https:\/\/elmawkie.dz\/fr\/author\/redaction\/"}]}},"_links":{"self":[{"href":"https:\/\/elmawkie.dz\/fr\/wp-json\/wp\/v2\/posts\/63244","targetHints":{"allow":["GET"]}}],"collection":[{"href":"https:\/\/elmawkie.dz\/fr\/wp-json\/wp\/v2\/posts"}],"about":[{"href":"https:\/\/elmawkie.dz\/fr\/wp-json\/wp\/v2\/types\/post"}],"author":[{"embeddable":true,"href":"https:\/\/elmawkie.dz\/fr\/wp-json\/wp\/v2\/users\/9"}],"replies":[{"embeddable":true,"href":"https:\/\/elmawkie.dz\/fr\/wp-json\/wp\/v2\/comments?post=63244"}],"version-history":[{"count":1,"href":"https:\/\/elmawkie.dz\/fr\/wp-json\/wp\/v2\/posts\/63244\/revisions"}],"predecessor-version":[{"id":63247,"href":"https:\/\/elmawkie.dz\/fr\/wp-json\/wp\/v2\/posts\/63244\/revisions\/63247"}],"wp:featuredmedia":[{"embeddable":true,"href":"https:\/\/elmawkie.dz\/fr\/wp-json\/wp\/v2\/media\/63246"}],"wp:attachment":[{"href":"https:\/\/elmawkie.dz\/fr\/wp-json\/wp\/v2\/media?parent=63244"}],"wp:term":[{"taxonomy":"category","embeddable":true,"href":"https:\/\/elmawkie.dz\/fr\/wp-json\/wp\/v2\/categories?post=63244"},{"taxonomy":"post_tag","embeddable":true,"href":"https:\/\/elmawkie.dz\/fr\/wp-json\/wp\/v2\/tags?post=63244"}],"curies":[{"name":"wp","href":"https:\/\/api.w.org\/{rel}","templated":true}]}}