{"id":63236,"date":"2026-03-10T16:24:03","date_gmt":"2026-03-10T15:24:03","guid":{"rendered":"https:\/\/elmawkie.dz\/fr\/?p=63236"},"modified":"2026-03-10T16:24:04","modified_gmt":"2026-03-10T15:24:04","slug":"coupe-de-la-confederation-1-4-de-finale-aller-al-masry-sc-cr-belouizdad-le-congolais-jean-jacques-ndala-au-sifflet","status":"publish","type":"post","link":"https:\/\/elmawkie.dz\/fr\/coupe-de-la-confederation-1-4-de-finale-aller-al-masry-sc-cr-belouizdad-le-congolais-jean-jacques-ndala-au-sifflet\/","title":{"rendered":"Coupe de la Conf\u00e9d\u00e9ration (1\/4 de finale &#8211; aller) Al-Masry SC &#8211; CR Belouizdad : le Congolais Jean-Jacques N&rsquo;dala au sifflet"},"content":{"rendered":"\n<p>La Conf\u00e9d\u00e9ration africaine de football (CAF), a d\u00e9sign\u00e9 l&rsquo;arbitre congolais Jean-Jacques N&rsquo;dala, pour diriger le match Al-Masry SC &#8211; CR Belouizdad, pr\u00e9vu le samedi 14 mars au stade de Suez (21h00, heure alg\u00e9rienne), comptant pour les quarts de finale (aller) de la Coupe de la Conf\u00e9d\u00e9ration.<\/p>\n\n\n\n<p>Jean-Jacques Ndala (38 ans) sera assist\u00e9 de ses compatriotes Guylain Bongele Ngila (1er assistant) et Mwanya Gradel Mbilizi (2e assistant), alors que le quatri\u00e8me arbitre est le Tchadien Alhadji Allaou Mahamat.<\/p>\n\n\n\n<p>Le Mauritanien Dahane Beida sera en charge de l&rsquo;assistance vid\u00e9o \u00e0 l&rsquo;arbitrage (VAR), \u00e9paul\u00e9 par la Camerounaise Carine Atezambong Fomo.<\/p>\n\n\n\n<p>Le Chabab s&rsquo;est qualifi\u00e9 pour les quarts de finale, en terminant leader du groupe C avec 15 points, devant les Congolais de l&rsquo;AS Otoho d&rsquo;Oyo (9 points).<\/p>\n\n\n\n<p>L&rsquo;autre repr\u00e9sentant alg\u00e9rien dans cette comp\u00e9tition, l&rsquo;USM Alger, sera en appel pour d\u00e9fier les Congolais de l&rsquo;AS Maniema Union, le dimanche 15 mars au stade Joseph-Kabila \u00e0 Kindu (14h00).<\/p>\n","protected":false},"excerpt":{"rendered":"<p>La Conf\u00e9d\u00e9ration africaine de football (CAF), a d\u00e9sign\u00e9 l&rsquo;arbitre congolais Jean-Jacques N&rsquo;dala, pour diriger le match Al-Masry SC &#8211; CR Belouizdad, pr\u00e9vu le samedi 14 mars au stade de Suez (21h00, heure alg\u00e9rienne), comptant pour les quarts de finale (aller) de la Coupe de la Conf\u00e9d\u00e9ration. Jean-Jacques Ndala (38 ans) sera assist\u00e9 de ses compatriotes &hellip;<\/p>\n","protected":false},"author":9,"featured_media":63238,"comment_status":"open","ping_status":"open","sticky":false,"template":"","format":"standard","meta":{"footnotes":""},"categories":[57],"tags":[6251,6254,6252,6253],"class_list":["post-63236","post","type-post","status-publish","format-standard","has-post-thumbnail","hentry","category-sport","tag-al-masry-sc","tag-arbitre","tag-cr-belouizdad","tag-jean-jacques-ndala"],"yoast_head":"<!-- This site is optimized with the Yoast SEO Premium plugin v22.6 (Yoast SEO v22.6) - https:\/\/yoast.com\/wordpress\/plugins\/seo\/ -->\n<title>Coupe de la Conf\u00e9d\u00e9ration (1\/4 de finale - aller) Al-Masry SC - CR Belouizdad : le Congolais Jean-Jacques N&#039;dala au sifflet - El Mawkie<\/title>\n<meta name=\"robots\" content=\"index, follow, max-snippet:-1, max-image-preview:large, max-video-preview:-1\" \/>\n<link rel=\"canonical\" href=\"https:\/\/elmawkie.dz\/fr\/coupe-de-la-confederation-1-4-de-finale-aller-al-masry-sc-cr-belouizdad-le-congolais-jean-jacques-ndala-au-sifflet\/\" \/>\n<meta property=\"og:locale\" content=\"fr_FR\" \/>\n<meta property=\"og:type\" content=\"article\" \/>\n<meta property=\"og:title\" content=\"Coupe de la Conf\u00e9d\u00e9ration (1\/4 de finale - aller) Al-Masry SC - CR Belouizdad : le Congolais Jean-Jacques N&#039;dala au sifflet\" \/>\n<meta property=\"og:description\" content=\"La Conf\u00e9d\u00e9ration africaine de football (CAF), a d\u00e9sign\u00e9 l&rsquo;arbitre congolais Jean-Jacques N&rsquo;dala, pour diriger le match Al-Masry SC &#8211; CR Belouizdad, pr\u00e9vu le samedi 14 mars au stade de Suez (21h00, heure alg\u00e9rienne), comptant pour les quarts de finale (aller) de la Coupe de la Conf\u00e9d\u00e9ration. Jean-Jacques Ndala (38 ans) sera assist\u00e9 de ses compatriotes &hellip;\" \/>\n<meta property=\"og:url\" content=\"https:\/\/elmawkie.dz\/fr\/coupe-de-la-confederation-1-4-de-finale-aller-al-masry-sc-cr-belouizdad-le-congolais-jean-jacques-ndala-au-sifflet\/\" \/>\n<meta property=\"og:site_name\" content=\"El Mawkie\" \/>\n<meta property=\"article:publisher\" content=\"https:\/\/www.facebook.com\/profile.php?id=100088407094989&amp;locale=fr_FR\" \/>\n<meta property=\"article:published_time\" content=\"2026-03-10T15:24:03+00:00\" \/>\n<meta property=\"article:modified_time\" content=\"2026-03-10T15:24:04+00:00\" \/>\n<meta property=\"og:image\" content=\"https:\/\/elmawkie.dz\/fr\/wp-content\/uploads\/2026\/03\/IMG_2230.jpeg\" \/>\n\t<meta property=\"og:image:width\" content=\"547\" \/>\n\t<meta property=\"og:image:height\" content=\"365\" \/>\n\t<meta property=\"og:image:type\" content=\"image\/jpeg\" \/>\n<meta name=\"author\" content=\"R\u00e9daction\" \/>\n<meta name=\"twitter:card\" content=\"summary_large_image\" \/>\n<meta name=\"twitter:label1\" content=\"Written by\" \/>\n\t<meta name=\"twitter:data1\" content=\"R\u00e9daction\" \/>\n\t<meta name=\"twitter:label2\" content=\"Est. reading time\" \/>\n\t<meta name=\"twitter:data2\" content=\"1 minute\" \/>\n<script type=\"application\/ld+json\" class=\"yoast-schema-graph\">{\"@context\":\"https:\/\/schema.org\",\"@graph\":[{\"@type\":\"Article\",\"@id\":\"https:\/\/elmawkie.dz\/fr\/coupe-de-la-confederation-1-4-de-finale-aller-al-masry-sc-cr-belouizdad-le-congolais-jean-jacques-ndala-au-sifflet\/#article\",\"isPartOf\":{\"@id\":\"https:\/\/elmawkie.dz\/fr\/coupe-de-la-confederation-1-4-de-finale-aller-al-masry-sc-cr-belouizdad-le-congolais-jean-jacques-ndala-au-sifflet\/\"},\"author\":{\"name\":\"R\u00e9daction\",\"@id\":\"https:\/\/elmawkie.dz\/fr\/#\/schema\/person\/e7bd59d6467874ba5c4723d8a9f0a63c\"},\"headline\":\"Coupe de la Conf\u00e9d\u00e9ration (1\/4 de finale &#8211; aller) Al-Masry SC &#8211; CR Belouizdad : le Congolais Jean-Jacques N&rsquo;dala au sifflet\",\"datePublished\":\"2026-03-10T15:24:03+00:00\",\"dateModified\":\"2026-03-10T15:24:04+00:00\",\"mainEntityOfPage\":{\"@id\":\"https:\/\/elmawkie.dz\/fr\/coupe-de-la-confederation-1-4-de-finale-aller-al-masry-sc-cr-belouizdad-le-congolais-jean-jacques-ndala-au-sifflet\/\"},\"wordCount\":191,\"commentCount\":0,\"publisher\":{\"@id\":\"https:\/\/elmawkie.dz\/fr\/#organization\"},\"image\":{\"@id\":\"https:\/\/elmawkie.dz\/fr\/coupe-de-la-confederation-1-4-de-finale-aller-al-masry-sc-cr-belouizdad-le-congolais-jean-jacques-ndala-au-sifflet\/#primaryimage\"},\"thumbnailUrl\":\"https:\/\/elmawkie.dz\/fr\/wp-content\/uploads\/2026\/03\/IMG_2230.jpeg\",\"keywords\":[\"Al-Masry SC\",\"arbitre\",\"CR Belouizdad\",\"Jean-Jacques N'dala\"],\"articleSection\":[\"Sport\"],\"inLanguage\":\"fr-FR\",\"potentialAction\":[{\"@type\":\"CommentAction\",\"name\":\"Comment\",\"target\":[\"https:\/\/elmawkie.dz\/fr\/coupe-de-la-confederation-1-4-de-finale-aller-al-masry-sc-cr-belouizdad-le-congolais-jean-jacques-ndala-au-sifflet\/#respond\"]}]},{\"@type\":\"WebPage\",\"@id\":\"https:\/\/elmawkie.dz\/fr\/coupe-de-la-confederation-1-4-de-finale-aller-al-masry-sc-cr-belouizdad-le-congolais-jean-jacques-ndala-au-sifflet\/\",\"url\":\"https:\/\/elmawkie.dz\/fr\/coupe-de-la-confederation-1-4-de-finale-aller-al-masry-sc-cr-belouizdad-le-congolais-jean-jacques-ndala-au-sifflet\/\",\"name\":\"Coupe de la Conf\u00e9d\u00e9ration (1\/4 de finale - aller) Al-Masry SC - CR Belouizdad : le Congolais Jean-Jacques N'dala au sifflet - El Mawkie\",\"isPartOf\":{\"@id\":\"https:\/\/elmawkie.dz\/fr\/#website\"},\"primaryImageOfPage\":{\"@id\":\"https:\/\/elmawkie.dz\/fr\/coupe-de-la-confederation-1-4-de-finale-aller-al-masry-sc-cr-belouizdad-le-congolais-jean-jacques-ndala-au-sifflet\/#primaryimage\"},\"image\":{\"@id\":\"https:\/\/elmawkie.dz\/fr\/coupe-de-la-confederation-1-4-de-finale-aller-al-masry-sc-cr-belouizdad-le-congolais-jean-jacques-ndala-au-sifflet\/#primaryimage\"},\"thumbnailUrl\":\"https:\/\/elmawkie.dz\/fr\/wp-content\/uploads\/2026\/03\/IMG_2230.jpeg\",\"datePublished\":\"2026-03-10T15:24:03+00:00\",\"dateModified\":\"2026-03-10T15:24:04+00:00\",\"breadcrumb\":{\"@id\":\"https:\/\/elmawkie.dz\/fr\/coupe-de-la-confederation-1-4-de-finale-aller-al-masry-sc-cr-belouizdad-le-congolais-jean-jacques-ndala-au-sifflet\/#breadcrumb\"},\"inLanguage\":\"fr-FR\",\"potentialAction\":[{\"@type\":\"ReadAction\",\"target\":[\"https:\/\/elmawkie.dz\/fr\/coupe-de-la-confederation-1-4-de-finale-aller-al-masry-sc-cr-belouizdad-le-congolais-jean-jacques-ndala-au-sifflet\/\"]}]},{\"@type\":\"ImageObject\",\"inLanguage\":\"fr-FR\",\"@id\":\"https:\/\/elmawkie.dz\/fr\/coupe-de-la-confederation-1-4-de-finale-aller-al-masry-sc-cr-belouizdad-le-congolais-jean-jacques-ndala-au-sifflet\/#primaryimage\",\"url\":\"https:\/\/elmawkie.dz\/fr\/wp-content\/uploads\/2026\/03\/IMG_2230.jpeg\",\"contentUrl\":\"https:\/\/elmawkie.dz\/fr\/wp-content\/uploads\/2026\/03\/IMG_2230.jpeg\",\"width\":547,\"height\":365},{\"@type\":\"BreadcrumbList\",\"@id\":\"https:\/\/elmawkie.dz\/fr\/coupe-de-la-confederation-1-4-de-finale-aller-al-masry-sc-cr-belouizdad-le-congolais-jean-jacques-ndala-au-sifflet\/#breadcrumb\",\"itemListElement\":[{\"@type\":\"ListItem\",\"position\":1,\"name\":\"Home\",\"item\":\"https:\/\/elmawkie.dz\/fr\/\"},{\"@type\":\"ListItem\",\"position\":2,\"name\":\"Coupe de la Conf\u00e9d\u00e9ration (1\/4 de finale &#8211; aller) Al-Masry SC &#8211; CR Belouizdad : le Congolais Jean-Jacques N&rsquo;dala au sifflet\"}]},{\"@type\":\"WebSite\",\"@id\":\"https:\/\/elmawkie.dz\/fr\/#website\",\"url\":\"https:\/\/elmawkie.dz\/fr\/\",\"name\":\"EL MAWKIE\",\"description\":\"Journal \u00c9lectronique Alg\u00e9rien\",\"publisher\":{\"@id\":\"https:\/\/elmawkie.dz\/fr\/#organization\"},\"potentialAction\":[{\"@type\":\"SearchAction\",\"target\":{\"@type\":\"EntryPoint\",\"urlTemplate\":\"https:\/\/elmawkie.dz\/fr\/?s={search_term_string}\"},\"query-input\":\"required name=search_term_string\"}],\"inLanguage\":\"fr-FR\"},{\"@type\":\"Organization\",\"@id\":\"https:\/\/elmawkie.dz\/fr\/#organization\",\"name\":\"EL MAWKIE\",\"url\":\"https:\/\/elmawkie.dz\/fr\/\",\"logo\":{\"@type\":\"ImageObject\",\"inLanguage\":\"fr-FR\",\"@id\":\"https:\/\/elmawkie.dz\/fr\/#\/schema\/logo\/image\/\",\"url\":\"https:\/\/elmawkie.dz\/fr\/wp-content\/uploads\/2024\/05\/logo1.png\",\"contentUrl\":\"https:\/\/elmawkie.dz\/fr\/wp-content\/uploads\/2024\/05\/logo1.png\",\"width\":1648,\"height\":652,\"caption\":\"EL MAWKIE\"},\"image\":{\"@id\":\"https:\/\/elmawkie.dz\/fr\/#\/schema\/logo\/image\/\"},\"sameAs\":[\"https:\/\/www.facebook.com\/profile.php?id=100088407094989&locale=fr_FR\"]},{\"@type\":\"Person\",\"@id\":\"https:\/\/elmawkie.dz\/fr\/#\/schema\/person\/e7bd59d6467874ba5c4723d8a9f0a63c\",\"name\":\"R\u00e9daction\",\"image\":{\"@type\":\"ImageObject\",\"inLanguage\":\"fr-FR\",\"@id\":\"https:\/\/elmawkie.dz\/fr\/#\/schema\/person\/image\/\",\"url\":\"https:\/\/secure.gravatar.com\/avatar\/f0f773456344da4d2788c054a3d30a0c?s=96&d=mm&r=g\",\"contentUrl\":\"https:\/\/secure.gravatar.com\/avatar\/f0f773456344da4d2788c054a3d30a0c?s=96&d=mm&r=g\",\"caption\":\"R\u00e9daction\"},\"url\":\"https:\/\/elmawkie.dz\/fr\/author\/redaction\/\"}]}<\/script>\n<!-- \/ Yoast SEO Premium plugin. -->","yoast_head_json":{"title":"Coupe de la Conf\u00e9d\u00e9ration (1\/4 de finale - aller) Al-Masry SC - CR Belouizdad : le Congolais Jean-Jacques N'dala au sifflet - El Mawkie","robots":{"index":"index","follow":"follow","max-snippet":"max-snippet:-1","max-image-preview":"max-image-preview:large","max-video-preview":"max-video-preview:-1"},"canonical":"https:\/\/elmawkie.dz\/fr\/coupe-de-la-confederation-1-4-de-finale-aller-al-masry-sc-cr-belouizdad-le-congolais-jean-jacques-ndala-au-sifflet\/","og_locale":"fr_FR","og_type":"article","og_title":"Coupe de la Conf\u00e9d\u00e9ration (1\/4 de finale - aller) Al-Masry SC - CR Belouizdad : le Congolais Jean-Jacques N'dala au sifflet","og_description":"La Conf\u00e9d\u00e9ration africaine de football (CAF), a d\u00e9sign\u00e9 l&rsquo;arbitre congolais Jean-Jacques N&rsquo;dala, pour diriger le match Al-Masry SC &#8211; CR Belouizdad, pr\u00e9vu le samedi 14 mars au stade de Suez (21h00, heure alg\u00e9rienne), comptant pour les quarts de finale (aller) de la Coupe de la Conf\u00e9d\u00e9ration. Jean-Jacques Ndala (38 ans) sera assist\u00e9 de ses compatriotes &hellip;","og_url":"https:\/\/elmawkie.dz\/fr\/coupe-de-la-confederation-1-4-de-finale-aller-al-masry-sc-cr-belouizdad-le-congolais-jean-jacques-ndala-au-sifflet\/","og_site_name":"El Mawkie","article_publisher":"https:\/\/www.facebook.com\/profile.php?id=100088407094989&locale=fr_FR","article_published_time":"2026-03-10T15:24:03+00:00","article_modified_time":"2026-03-10T15:24:04+00:00","og_image":[{"width":547,"height":365,"url":"https:\/\/elmawkie.dz\/fr\/wp-content\/uploads\/2026\/03\/IMG_2230.jpeg","type":"image\/jpeg"}],"author":"R\u00e9daction","twitter_card":"summary_large_image","twitter_misc":{"Written by":"R\u00e9daction","Est. reading time":"1 minute"},"schema":{"@context":"https:\/\/schema.org","@graph":[{"@type":"Article","@id":"https:\/\/elmawkie.dz\/fr\/coupe-de-la-confederation-1-4-de-finale-aller-al-masry-sc-cr-belouizdad-le-congolais-jean-jacques-ndala-au-sifflet\/#article","isPartOf":{"@id":"https:\/\/elmawkie.dz\/fr\/coupe-de-la-confederation-1-4-de-finale-aller-al-masry-sc-cr-belouizdad-le-congolais-jean-jacques-ndala-au-sifflet\/"},"author":{"name":"R\u00e9daction","@id":"https:\/\/elmawkie.dz\/fr\/#\/schema\/person\/e7bd59d6467874ba5c4723d8a9f0a63c"},"headline":"Coupe de la Conf\u00e9d\u00e9ration (1\/4 de finale &#8211; aller) Al-Masry SC &#8211; CR Belouizdad : le Congolais Jean-Jacques N&rsquo;dala au sifflet","datePublished":"2026-03-10T15:24:03+00:00","dateModified":"2026-03-10T15:24:04+00:00","mainEntityOfPage":{"@id":"https:\/\/elmawkie.dz\/fr\/coupe-de-la-confederation-1-4-de-finale-aller-al-masry-sc-cr-belouizdad-le-congolais-jean-jacques-ndala-au-sifflet\/"},"wordCount":191,"commentCount":0,"publisher":{"@id":"https:\/\/elmawkie.dz\/fr\/#organization"},"image":{"@id":"https:\/\/elmawkie.dz\/fr\/coupe-de-la-confederation-1-4-de-finale-aller-al-masry-sc-cr-belouizdad-le-congolais-jean-jacques-ndala-au-sifflet\/#primaryimage"},"thumbnailUrl":"https:\/\/elmawkie.dz\/fr\/wp-content\/uploads\/2026\/03\/IMG_2230.jpeg","keywords":["Al-Masry SC","arbitre","CR Belouizdad","Jean-Jacques N'dala"],"articleSection":["Sport"],"inLanguage":"fr-FR","potentialAction":[{"@type":"CommentAction","name":"Comment","target":["https:\/\/elmawkie.dz\/fr\/coupe-de-la-confederation-1-4-de-finale-aller-al-masry-sc-cr-belouizdad-le-congolais-jean-jacques-ndala-au-sifflet\/#respond"]}]},{"@type":"WebPage","@id":"https:\/\/elmawkie.dz\/fr\/coupe-de-la-confederation-1-4-de-finale-aller-al-masry-sc-cr-belouizdad-le-congolais-jean-jacques-ndala-au-sifflet\/","url":"https:\/\/elmawkie.dz\/fr\/coupe-de-la-confederation-1-4-de-finale-aller-al-masry-sc-cr-belouizdad-le-congolais-jean-jacques-ndala-au-sifflet\/","name":"Coupe de la Conf\u00e9d\u00e9ration (1\/4 de finale - aller) Al-Masry SC - CR Belouizdad : le Congolais Jean-Jacques N'dala au sifflet - El Mawkie","isPartOf":{"@id":"https:\/\/elmawkie.dz\/fr\/#website"},"primaryImageOfPage":{"@id":"https:\/\/elmawkie.dz\/fr\/coupe-de-la-confederation-1-4-de-finale-aller-al-masry-sc-cr-belouizdad-le-congolais-jean-jacques-ndala-au-sifflet\/#primaryimage"},"image":{"@id":"https:\/\/elmawkie.dz\/fr\/coupe-de-la-confederation-1-4-de-finale-aller-al-masry-sc-cr-belouizdad-le-congolais-jean-jacques-ndala-au-sifflet\/#primaryimage"},"thumbnailUrl":"https:\/\/elmawkie.dz\/fr\/wp-content\/uploads\/2026\/03\/IMG_2230.jpeg","datePublished":"2026-03-10T15:24:03+00:00","dateModified":"2026-03-10T15:24:04+00:00","breadcrumb":{"@id":"https:\/\/elmawkie.dz\/fr\/coupe-de-la-confederation-1-4-de-finale-aller-al-masry-sc-cr-belouizdad-le-congolais-jean-jacques-ndala-au-sifflet\/#breadcrumb"},"inLanguage":"fr-FR","potentialAction":[{"@type":"ReadAction","target":["https:\/\/elmawkie.dz\/fr\/coupe-de-la-confederation-1-4-de-finale-aller-al-masry-sc-cr-belouizdad-le-congolais-jean-jacques-ndala-au-sifflet\/"]}]},{"@type":"ImageObject","inLanguage":"fr-FR","@id":"https:\/\/elmawkie.dz\/fr\/coupe-de-la-confederation-1-4-de-finale-aller-al-masry-sc-cr-belouizdad-le-congolais-jean-jacques-ndala-au-sifflet\/#primaryimage","url":"https:\/\/elmawkie.dz\/fr\/wp-content\/uploads\/2026\/03\/IMG_2230.jpeg","contentUrl":"https:\/\/elmawkie.dz\/fr\/wp-content\/uploads\/2026\/03\/IMG_2230.jpeg","width":547,"height":365},{"@type":"BreadcrumbList","@id":"https:\/\/elmawkie.dz\/fr\/coupe-de-la-confederation-1-4-de-finale-aller-al-masry-sc-cr-belouizdad-le-congolais-jean-jacques-ndala-au-sifflet\/#breadcrumb","itemListElement":[{"@type":"ListItem","position":1,"name":"Home","item":"https:\/\/elmawkie.dz\/fr\/"},{"@type":"ListItem","position":2,"name":"Coupe de la Conf\u00e9d\u00e9ration (1\/4 de finale &#8211; aller) Al-Masry SC &#8211; CR Belouizdad : le Congolais Jean-Jacques N&rsquo;dala au sifflet"}]},{"@type":"WebSite","@id":"https:\/\/elmawkie.dz\/fr\/#website","url":"https:\/\/elmawkie.dz\/fr\/","name":"EL MAWKIE","description":"Journal \u00c9lectronique Alg\u00e9rien","publisher":{"@id":"https:\/\/elmawkie.dz\/fr\/#organization"},"potentialAction":[{"@type":"SearchAction","target":{"@type":"EntryPoint","urlTemplate":"https:\/\/elmawkie.dz\/fr\/?s={search_term_string}"},"query-input":"required name=search_term_string"}],"inLanguage":"fr-FR"},{"@type":"Organization","@id":"https:\/\/elmawkie.dz\/fr\/#organization","name":"EL MAWKIE","url":"https:\/\/elmawkie.dz\/fr\/","logo":{"@type":"ImageObject","inLanguage":"fr-FR","@id":"https:\/\/elmawkie.dz\/fr\/#\/schema\/logo\/image\/","url":"https:\/\/elmawkie.dz\/fr\/wp-content\/uploads\/2024\/05\/logo1.png","contentUrl":"https:\/\/elmawkie.dz\/fr\/wp-content\/uploads\/2024\/05\/logo1.png","width":1648,"height":652,"caption":"EL MAWKIE"},"image":{"@id":"https:\/\/elmawkie.dz\/fr\/#\/schema\/logo\/image\/"},"sameAs":["https:\/\/www.facebook.com\/profile.php?id=100088407094989&locale=fr_FR"]},{"@type":"Person","@id":"https:\/\/elmawkie.dz\/fr\/#\/schema\/person\/e7bd59d6467874ba5c4723d8a9f0a63c","name":"R\u00e9daction","image":{"@type":"ImageObject","inLanguage":"fr-FR","@id":"https:\/\/elmawkie.dz\/fr\/#\/schema\/person\/image\/","url":"https:\/\/secure.gravatar.com\/avatar\/f0f773456344da4d2788c054a3d30a0c?s=96&d=mm&r=g","contentUrl":"https:\/\/secure.gravatar.com\/avatar\/f0f773456344da4d2788c054a3d30a0c?s=96&d=mm&r=g","caption":"R\u00e9daction"},"url":"https:\/\/elmawkie.dz\/fr\/author\/redaction\/"}]}},"_links":{"self":[{"href":"https:\/\/elmawkie.dz\/fr\/wp-json\/wp\/v2\/posts\/63236","targetHints":{"allow":["GET"]}}],"collection":[{"href":"https:\/\/elmawkie.dz\/fr\/wp-json\/wp\/v2\/posts"}],"about":[{"href":"https:\/\/elmawkie.dz\/fr\/wp-json\/wp\/v2\/types\/post"}],"author":[{"embeddable":true,"href":"https:\/\/elmawkie.dz\/fr\/wp-json\/wp\/v2\/users\/9"}],"replies":[{"embeddable":true,"href":"https:\/\/elmawkie.dz\/fr\/wp-json\/wp\/v2\/comments?post=63236"}],"version-history":[{"count":1,"href":"https:\/\/elmawkie.dz\/fr\/wp-json\/wp\/v2\/posts\/63236\/revisions"}],"predecessor-version":[{"id":63239,"href":"https:\/\/elmawkie.dz\/fr\/wp-json\/wp\/v2\/posts\/63236\/revisions\/63239"}],"wp:featuredmedia":[{"embeddable":true,"href":"https:\/\/elmawkie.dz\/fr\/wp-json\/wp\/v2\/media\/63238"}],"wp:attachment":[{"href":"https:\/\/elmawkie.dz\/fr\/wp-json\/wp\/v2\/media?parent=63236"}],"wp:term":[{"taxonomy":"category","embeddable":true,"href":"https:\/\/elmawkie.dz\/fr\/wp-json\/wp\/v2\/categories?post=63236"},{"taxonomy":"post_tag","embeddable":true,"href":"https:\/\/elmawkie.dz\/fr\/wp-json\/wp\/v2\/tags?post=63236"}],"curies":[{"name":"wp","href":"https:\/\/api.w.org\/{rel}","templated":true}]}}