{"id":63232,"date":"2026-03-10T16:21:09","date_gmt":"2026-03-10T15:21:09","guid":{"rendered":"https:\/\/elmawkie.dz\/fr\/?p=63232"},"modified":"2026-03-10T16:21:10","modified_gmt":"2026-03-10T15:21:10","slug":"escalade-au-moyen-orient-une-menace-croissante-pour-leconomie-mondiale","status":"publish","type":"post","link":"https:\/\/elmawkie.dz\/fr\/escalade-au-moyen-orient-une-menace-croissante-pour-leconomie-mondiale\/","title":{"rendered":"Escalade au Moyen-Orient: une menace croissante pour l&rsquo;\u00e9conomie mondiale"},"content":{"rendered":"\n<p>L&rsquo;intensification de l&rsquo;escalade militaire au Moyen-Orient et dans le Golfe continuait mardi de susciter de vives inqui\u00e9tudes de la communaut\u00e9 internationale, qui craint des r\u00e9percussions majeures sur les march\u00e9s \u00e9nerg\u00e9tiques et le commerce mondial, tout en insistant sur l&rsquo;urgence d&rsquo;un retour au dialogue pour limiter les cons\u00e9quences de ce conflit sur la situation s\u00e9curitaire et humanitaire et son impact \u00e9conomique global.<\/p>\n\n\n\n<p>Pour le 11e jour cons\u00e9cutif, les tensions se sont accrues et les \u00e9changes de frappes a\u00e9riennes et de tirs de missiles se sont intensifi\u00e9s davantage dans la r\u00e9gion qui constitue l&rsquo;un des principaux carrefours \u00e9nerg\u00e9tiques du monde, alimentant les craintes d&rsquo;une volatilit\u00e9 accrue des march\u00e9s p\u00e9troliers.<\/p>\n\n\n\n<p>Plusieurs analystes avertissent qu&rsquo;une extension du conflit pourrait entra\u00eener une hausse significative des prix du p\u00e9trole et du gaz, avec des r\u00e9percussions directes sur l&rsquo;inflation et la croissance \u00e9conomique \u00e0 l&rsquo;\u00e9chelle mondiale.<\/p>\n\n\n\n<p>Alors que les fermetures d&rsquo;espace a\u00e9rien et de certaines routes maritimes se poursuivent du fait de cette guerre, le Programme alimentaire mondial (PAM) des Nations unies a averti que si le conflit s&rsquo;intensifie, la combinaison du d\u00e9troit d&rsquo;Ormuz et de la mer Rouge, autre passage strat\u00e9gique pour le commerce mondial, pourrait cr\u00e9er \u00ab\u00a0un sc\u00e9nario sans pr\u00e9c\u00e9dent de double goulot d&rsquo;\u00e9tranglement pour le commerce mondial et les flux \u00e9nerg\u00e9tiques\u00a0\u00bb.<\/p>\n\n\n\n<p>\u00ab\u00a0Si le sc\u00e9nario actuel devait perdurer, la hausse des prix du p\u00e9trole devrait entra\u00eener une augmentation des prix des denr\u00e9es alimentaires \u00e0 l&rsquo;\u00e9chelle mondiale\u00a0\u00bb, a pr\u00e9venu l&rsquo;agence onusienne dans son dernier rapport de situation. La situation actuelle menace non seulement les march\u00e9s mondiaux, mais complique aussi l&rsquo;acheminement de l&rsquo;aide humanitaire vers les populations vuln\u00e9rables. \u00ab\u00a0Cela augmente le risque que les personnes attendent plus longtemps pour recevoir de l&rsquo;aide et soient confront\u00e9es \u00e0 une ins\u00e9curit\u00e9 alimentaire et \u00e0 une malnutrition accrues\u00a0\u00bb, a encore mis en garde le PAM.<\/p>\n\n\n\n<p>Plus largement, ces tensions sur le d\u00e9troit d&rsquo;Ormuz font grimper les prix du carburant et du transport. Selon le PAM, cela accentue donc \u00ab\u00a0le risque d&rsquo;une nouvelle inflation mondiale, avec des r\u00e9percussions sur les prix des denr\u00e9es alimentaires dans le monde entier\u00a0\u00bb.<\/p>\n\n\n\n<p>Abondant dans le m\u00eame sens, le pr\u00e9sident de la Commission de l&rsquo;Union africaine (UA), Mahmoud Ali Youssouf, a averti que l&rsquo;escalade militaire au Moyen-Orient \u00ab\u00a0menace la stabilit\u00e9 \u00e9conomique aux niveaux r\u00e9gional et mondial\u00a0\u00bb, exprimant sa \u00ab\u00a0profonde inqui\u00e9tude\u00a0\u00bb face aux d\u00e9g\u00e2ts subis par les infrastructures, notamment les installations \u00e9nerg\u00e9tiques et de transport, ce qui contribue \u00e0 accro\u00eetre les tensions.<\/p>\n\n\n\n<p>Dans un communiqu\u00e9, il a soulign\u00e9 que \u00ab\u00a0de telles actions perturbent les cha\u00eenes d&rsquo;approvisionnement vitales et ont des r\u00e9percussions de grande port\u00e9e sur le commerce international et les march\u00e9s de l&rsquo;\u00e9nergie\u00a0\u00bb.<\/p>\n\n\n\n<p>Le responsable africain a appel\u00e9, \u00e0 cet effet, toutes les parties concern\u00e9es \u00e0 faire preuve de la plus grande retenue, \u00e0 privil\u00e9gier le dialogue et la diplomatie, et \u00e0 \u0153uvrer rapidement \u00e0 l&rsquo;apaisement de la situation, conform\u00e9ment aux principes et aux objectifs de la Charte des Nations unies.<\/p>\n\n\n\n<p>De son c\u00f4t\u00e9, la Commission europ\u00e9enne a averti lundi que l&rsquo;escalade en cours au Moyen-Orient menace l&rsquo;\u00e9conomie mondiale d&rsquo;un choc inflationniste. Dans ce contexte, le commissaire europ\u00e9en \u00e0 l&rsquo;Economie et \u00e0 la Productivit\u00e9, Valdis Dombrovskis, a d\u00e9clar\u00e9: \u00ab\u00a0Si la guerre se prolonge ind\u00e9finiment, avec des perturbations de la navigation maritime dans le d\u00e9troit d&rsquo;Ormuz et des attaques contre les infrastructures \u00e9nerg\u00e9tiques des pays du Golfe, elle pourrait \u00e0 terme provoquer un choc inflationniste majeur affectant les \u00e9conomies mondiale et europ\u00e9enne\u00a0\u00bb.<\/p>\n\n\n\n<p>Face \u00e0 ces risques, de nombreux acteurs internationaux multiplient les appels \u00e0 la d\u00e9sescalade et \u00e0 la reprise du dialogue diplomatique, estimant que la stabilit\u00e9 du Moyen-Orient demeure un facteur d\u00e9terminant pour l&rsquo;\u00e9quilibre des march\u00e9s \u00e9nerg\u00e9tiques et la sant\u00e9 de l&rsquo;\u00e9conomie mondiale.<\/p>\n","protected":false},"excerpt":{"rendered":"<p>L&rsquo;intensification de l&rsquo;escalade militaire au Moyen-Orient et dans le Golfe continuait mardi de susciter de vives inqui\u00e9tudes de la communaut\u00e9 internationale, qui craint des r\u00e9percussions majeures sur les march\u00e9s \u00e9nerg\u00e9tiques et le commerce mondial, tout en insistant sur l&rsquo;urgence d&rsquo;un retour au dialogue pour limiter les cons\u00e9quences de ce conflit sur la situation s\u00e9curitaire et &hellip;<\/p>\n","protected":false},"author":9,"featured_media":63234,"comment_status":"open","ping_status":"open","sticky":false,"template":"","format":"standard","meta":{"footnotes":""},"categories":[44],"tags":[6250,1125],"class_list":["post-63232","post","type-post","status-publish","format-standard","has-post-thumbnail","hentry","category-international","tag-escalade","tag-moyen-orient"],"yoast_head":"<!-- This site is optimized with the Yoast SEO Premium plugin v22.6 (Yoast SEO v22.6) - https:\/\/yoast.com\/wordpress\/plugins\/seo\/ -->\n<title>Escalade au Moyen-Orient: une menace croissante pour l&#039;\u00e9conomie mondiale - El Mawkie<\/title>\n<meta name=\"robots\" content=\"index, follow, max-snippet:-1, max-image-preview:large, max-video-preview:-1\" \/>\n<link rel=\"canonical\" href=\"https:\/\/elmawkie.dz\/fr\/escalade-au-moyen-orient-une-menace-croissante-pour-leconomie-mondiale\/\" \/>\n<meta property=\"og:locale\" content=\"fr_FR\" \/>\n<meta property=\"og:type\" content=\"article\" \/>\n<meta property=\"og:title\" content=\"Escalade au Moyen-Orient: une menace croissante pour l&#039;\u00e9conomie mondiale\" \/>\n<meta property=\"og:description\" content=\"L&rsquo;intensification de l&rsquo;escalade militaire au Moyen-Orient et dans le Golfe continuait mardi de susciter de vives inqui\u00e9tudes de la communaut\u00e9 internationale, qui craint des r\u00e9percussions majeures sur les march\u00e9s \u00e9nerg\u00e9tiques et le commerce mondial, tout en insistant sur l&rsquo;urgence d&rsquo;un retour au dialogue pour limiter les cons\u00e9quences de ce conflit sur la situation s\u00e9curitaire et &hellip;\" \/>\n<meta property=\"og:url\" content=\"https:\/\/elmawkie.dz\/fr\/escalade-au-moyen-orient-une-menace-croissante-pour-leconomie-mondiale\/\" \/>\n<meta property=\"og:site_name\" content=\"El Mawkie\" \/>\n<meta property=\"article:publisher\" content=\"https:\/\/www.facebook.com\/profile.php?id=100088407094989&amp;locale=fr_FR\" \/>\n<meta property=\"article:published_time\" content=\"2026-03-10T15:21:09+00:00\" \/>\n<meta property=\"article:modified_time\" content=\"2026-03-10T15:21:10+00:00\" \/>\n<meta property=\"og:image\" content=\"https:\/\/elmawkie.dz\/fr\/wp-content\/uploads\/2026\/03\/IMG_2229.jpeg\" \/>\n\t<meta property=\"og:image:width\" content=\"563\" \/>\n\t<meta property=\"og:image:height\" content=\"355\" \/>\n\t<meta property=\"og:image:type\" content=\"image\/jpeg\" \/>\n<meta name=\"author\" content=\"R\u00e9daction\" \/>\n<meta name=\"twitter:card\" content=\"summary_large_image\" \/>\n<meta name=\"twitter:label1\" content=\"Written by\" \/>\n\t<meta name=\"twitter:data1\" content=\"R\u00e9daction\" \/>\n\t<meta name=\"twitter:label2\" content=\"Est. reading time\" \/>\n\t<meta name=\"twitter:data2\" content=\"4 minutes\" \/>\n<script type=\"application\/ld+json\" class=\"yoast-schema-graph\">{\"@context\":\"https:\/\/schema.org\",\"@graph\":[{\"@type\":\"Article\",\"@id\":\"https:\/\/elmawkie.dz\/fr\/escalade-au-moyen-orient-une-menace-croissante-pour-leconomie-mondiale\/#article\",\"isPartOf\":{\"@id\":\"https:\/\/elmawkie.dz\/fr\/escalade-au-moyen-orient-une-menace-croissante-pour-leconomie-mondiale\/\"},\"author\":{\"name\":\"R\u00e9daction\",\"@id\":\"https:\/\/elmawkie.dz\/fr\/#\/schema\/person\/e7bd59d6467874ba5c4723d8a9f0a63c\"},\"headline\":\"Escalade au Moyen-Orient: une menace croissante pour l&rsquo;\u00e9conomie mondiale\",\"datePublished\":\"2026-03-10T15:21:09+00:00\",\"dateModified\":\"2026-03-10T15:21:10+00:00\",\"mainEntityOfPage\":{\"@id\":\"https:\/\/elmawkie.dz\/fr\/escalade-au-moyen-orient-une-menace-croissante-pour-leconomie-mondiale\/\"},\"wordCount\":684,\"commentCount\":0,\"publisher\":{\"@id\":\"https:\/\/elmawkie.dz\/fr\/#organization\"},\"image\":{\"@id\":\"https:\/\/elmawkie.dz\/fr\/escalade-au-moyen-orient-une-menace-croissante-pour-leconomie-mondiale\/#primaryimage\"},\"thumbnailUrl\":\"https:\/\/elmawkie.dz\/fr\/wp-content\/uploads\/2026\/03\/IMG_2229.jpeg\",\"keywords\":[\"Escalade\",\"Moyen Orient\"],\"articleSection\":[\"International\"],\"inLanguage\":\"fr-FR\",\"potentialAction\":[{\"@type\":\"CommentAction\",\"name\":\"Comment\",\"target\":[\"https:\/\/elmawkie.dz\/fr\/escalade-au-moyen-orient-une-menace-croissante-pour-leconomie-mondiale\/#respond\"]}]},{\"@type\":\"WebPage\",\"@id\":\"https:\/\/elmawkie.dz\/fr\/escalade-au-moyen-orient-une-menace-croissante-pour-leconomie-mondiale\/\",\"url\":\"https:\/\/elmawkie.dz\/fr\/escalade-au-moyen-orient-une-menace-croissante-pour-leconomie-mondiale\/\",\"name\":\"Escalade au Moyen-Orient: une menace croissante pour l'\u00e9conomie mondiale - El Mawkie\",\"isPartOf\":{\"@id\":\"https:\/\/elmawkie.dz\/fr\/#website\"},\"primaryImageOfPage\":{\"@id\":\"https:\/\/elmawkie.dz\/fr\/escalade-au-moyen-orient-une-menace-croissante-pour-leconomie-mondiale\/#primaryimage\"},\"image\":{\"@id\":\"https:\/\/elmawkie.dz\/fr\/escalade-au-moyen-orient-une-menace-croissante-pour-leconomie-mondiale\/#primaryimage\"},\"thumbnailUrl\":\"https:\/\/elmawkie.dz\/fr\/wp-content\/uploads\/2026\/03\/IMG_2229.jpeg\",\"datePublished\":\"2026-03-10T15:21:09+00:00\",\"dateModified\":\"2026-03-10T15:21:10+00:00\",\"breadcrumb\":{\"@id\":\"https:\/\/elmawkie.dz\/fr\/escalade-au-moyen-orient-une-menace-croissante-pour-leconomie-mondiale\/#breadcrumb\"},\"inLanguage\":\"fr-FR\",\"potentialAction\":[{\"@type\":\"ReadAction\",\"target\":[\"https:\/\/elmawkie.dz\/fr\/escalade-au-moyen-orient-une-menace-croissante-pour-leconomie-mondiale\/\"]}]},{\"@type\":\"ImageObject\",\"inLanguage\":\"fr-FR\",\"@id\":\"https:\/\/elmawkie.dz\/fr\/escalade-au-moyen-orient-une-menace-croissante-pour-leconomie-mondiale\/#primaryimage\",\"url\":\"https:\/\/elmawkie.dz\/fr\/wp-content\/uploads\/2026\/03\/IMG_2229.jpeg\",\"contentUrl\":\"https:\/\/elmawkie.dz\/fr\/wp-content\/uploads\/2026\/03\/IMG_2229.jpeg\",\"width\":563,\"height\":355},{\"@type\":\"BreadcrumbList\",\"@id\":\"https:\/\/elmawkie.dz\/fr\/escalade-au-moyen-orient-une-menace-croissante-pour-leconomie-mondiale\/#breadcrumb\",\"itemListElement\":[{\"@type\":\"ListItem\",\"position\":1,\"name\":\"Home\",\"item\":\"https:\/\/elmawkie.dz\/fr\/\"},{\"@type\":\"ListItem\",\"position\":2,\"name\":\"Escalade au Moyen-Orient: une menace croissante pour l&rsquo;\u00e9conomie mondiale\"}]},{\"@type\":\"WebSite\",\"@id\":\"https:\/\/elmawkie.dz\/fr\/#website\",\"url\":\"https:\/\/elmawkie.dz\/fr\/\",\"name\":\"EL MAWKIE\",\"description\":\"Journal \u00c9lectronique Alg\u00e9rien\",\"publisher\":{\"@id\":\"https:\/\/elmawkie.dz\/fr\/#organization\"},\"potentialAction\":[{\"@type\":\"SearchAction\",\"target\":{\"@type\":\"EntryPoint\",\"urlTemplate\":\"https:\/\/elmawkie.dz\/fr\/?s={search_term_string}\"},\"query-input\":\"required name=search_term_string\"}],\"inLanguage\":\"fr-FR\"},{\"@type\":\"Organization\",\"@id\":\"https:\/\/elmawkie.dz\/fr\/#organization\",\"name\":\"EL MAWKIE\",\"url\":\"https:\/\/elmawkie.dz\/fr\/\",\"logo\":{\"@type\":\"ImageObject\",\"inLanguage\":\"fr-FR\",\"@id\":\"https:\/\/elmawkie.dz\/fr\/#\/schema\/logo\/image\/\",\"url\":\"https:\/\/elmawkie.dz\/fr\/wp-content\/uploads\/2024\/05\/logo1.png\",\"contentUrl\":\"https:\/\/elmawkie.dz\/fr\/wp-content\/uploads\/2024\/05\/logo1.png\",\"width\":1648,\"height\":652,\"caption\":\"EL MAWKIE\"},\"image\":{\"@id\":\"https:\/\/elmawkie.dz\/fr\/#\/schema\/logo\/image\/\"},\"sameAs\":[\"https:\/\/www.facebook.com\/profile.php?id=100088407094989&locale=fr_FR\"]},{\"@type\":\"Person\",\"@id\":\"https:\/\/elmawkie.dz\/fr\/#\/schema\/person\/e7bd59d6467874ba5c4723d8a9f0a63c\",\"name\":\"R\u00e9daction\",\"image\":{\"@type\":\"ImageObject\",\"inLanguage\":\"fr-FR\",\"@id\":\"https:\/\/elmawkie.dz\/fr\/#\/schema\/person\/image\/\",\"url\":\"https:\/\/secure.gravatar.com\/avatar\/f0f773456344da4d2788c054a3d30a0c?s=96&d=mm&r=g\",\"contentUrl\":\"https:\/\/secure.gravatar.com\/avatar\/f0f773456344da4d2788c054a3d30a0c?s=96&d=mm&r=g\",\"caption\":\"R\u00e9daction\"},\"url\":\"https:\/\/elmawkie.dz\/fr\/author\/redaction\/\"}]}<\/script>\n<!-- \/ Yoast SEO Premium plugin. -->","yoast_head_json":{"title":"Escalade au Moyen-Orient: une menace croissante pour l'\u00e9conomie mondiale - El Mawkie","robots":{"index":"index","follow":"follow","max-snippet":"max-snippet:-1","max-image-preview":"max-image-preview:large","max-video-preview":"max-video-preview:-1"},"canonical":"https:\/\/elmawkie.dz\/fr\/escalade-au-moyen-orient-une-menace-croissante-pour-leconomie-mondiale\/","og_locale":"fr_FR","og_type":"article","og_title":"Escalade au Moyen-Orient: une menace croissante pour l'\u00e9conomie mondiale","og_description":"L&rsquo;intensification de l&rsquo;escalade militaire au Moyen-Orient et dans le Golfe continuait mardi de susciter de vives inqui\u00e9tudes de la communaut\u00e9 internationale, qui craint des r\u00e9percussions majeures sur les march\u00e9s \u00e9nerg\u00e9tiques et le commerce mondial, tout en insistant sur l&rsquo;urgence d&rsquo;un retour au dialogue pour limiter les cons\u00e9quences de ce conflit sur la situation s\u00e9curitaire et &hellip;","og_url":"https:\/\/elmawkie.dz\/fr\/escalade-au-moyen-orient-une-menace-croissante-pour-leconomie-mondiale\/","og_site_name":"El Mawkie","article_publisher":"https:\/\/www.facebook.com\/profile.php?id=100088407094989&locale=fr_FR","article_published_time":"2026-03-10T15:21:09+00:00","article_modified_time":"2026-03-10T15:21:10+00:00","og_image":[{"width":563,"height":355,"url":"https:\/\/elmawkie.dz\/fr\/wp-content\/uploads\/2026\/03\/IMG_2229.jpeg","type":"image\/jpeg"}],"author":"R\u00e9daction","twitter_card":"summary_large_image","twitter_misc":{"Written by":"R\u00e9daction","Est. reading time":"4 minutes"},"schema":{"@context":"https:\/\/schema.org","@graph":[{"@type":"Article","@id":"https:\/\/elmawkie.dz\/fr\/escalade-au-moyen-orient-une-menace-croissante-pour-leconomie-mondiale\/#article","isPartOf":{"@id":"https:\/\/elmawkie.dz\/fr\/escalade-au-moyen-orient-une-menace-croissante-pour-leconomie-mondiale\/"},"author":{"name":"R\u00e9daction","@id":"https:\/\/elmawkie.dz\/fr\/#\/schema\/person\/e7bd59d6467874ba5c4723d8a9f0a63c"},"headline":"Escalade au Moyen-Orient: une menace croissante pour l&rsquo;\u00e9conomie mondiale","datePublished":"2026-03-10T15:21:09+00:00","dateModified":"2026-03-10T15:21:10+00:00","mainEntityOfPage":{"@id":"https:\/\/elmawkie.dz\/fr\/escalade-au-moyen-orient-une-menace-croissante-pour-leconomie-mondiale\/"},"wordCount":684,"commentCount":0,"publisher":{"@id":"https:\/\/elmawkie.dz\/fr\/#organization"},"image":{"@id":"https:\/\/elmawkie.dz\/fr\/escalade-au-moyen-orient-une-menace-croissante-pour-leconomie-mondiale\/#primaryimage"},"thumbnailUrl":"https:\/\/elmawkie.dz\/fr\/wp-content\/uploads\/2026\/03\/IMG_2229.jpeg","keywords":["Escalade","Moyen Orient"],"articleSection":["International"],"inLanguage":"fr-FR","potentialAction":[{"@type":"CommentAction","name":"Comment","target":["https:\/\/elmawkie.dz\/fr\/escalade-au-moyen-orient-une-menace-croissante-pour-leconomie-mondiale\/#respond"]}]},{"@type":"WebPage","@id":"https:\/\/elmawkie.dz\/fr\/escalade-au-moyen-orient-une-menace-croissante-pour-leconomie-mondiale\/","url":"https:\/\/elmawkie.dz\/fr\/escalade-au-moyen-orient-une-menace-croissante-pour-leconomie-mondiale\/","name":"Escalade au Moyen-Orient: une menace croissante pour l'\u00e9conomie mondiale - El Mawkie","isPartOf":{"@id":"https:\/\/elmawkie.dz\/fr\/#website"},"primaryImageOfPage":{"@id":"https:\/\/elmawkie.dz\/fr\/escalade-au-moyen-orient-une-menace-croissante-pour-leconomie-mondiale\/#primaryimage"},"image":{"@id":"https:\/\/elmawkie.dz\/fr\/escalade-au-moyen-orient-une-menace-croissante-pour-leconomie-mondiale\/#primaryimage"},"thumbnailUrl":"https:\/\/elmawkie.dz\/fr\/wp-content\/uploads\/2026\/03\/IMG_2229.jpeg","datePublished":"2026-03-10T15:21:09+00:00","dateModified":"2026-03-10T15:21:10+00:00","breadcrumb":{"@id":"https:\/\/elmawkie.dz\/fr\/escalade-au-moyen-orient-une-menace-croissante-pour-leconomie-mondiale\/#breadcrumb"},"inLanguage":"fr-FR","potentialAction":[{"@type":"ReadAction","target":["https:\/\/elmawkie.dz\/fr\/escalade-au-moyen-orient-une-menace-croissante-pour-leconomie-mondiale\/"]}]},{"@type":"ImageObject","inLanguage":"fr-FR","@id":"https:\/\/elmawkie.dz\/fr\/escalade-au-moyen-orient-une-menace-croissante-pour-leconomie-mondiale\/#primaryimage","url":"https:\/\/elmawkie.dz\/fr\/wp-content\/uploads\/2026\/03\/IMG_2229.jpeg","contentUrl":"https:\/\/elmawkie.dz\/fr\/wp-content\/uploads\/2026\/03\/IMG_2229.jpeg","width":563,"height":355},{"@type":"BreadcrumbList","@id":"https:\/\/elmawkie.dz\/fr\/escalade-au-moyen-orient-une-menace-croissante-pour-leconomie-mondiale\/#breadcrumb","itemListElement":[{"@type":"ListItem","position":1,"name":"Home","item":"https:\/\/elmawkie.dz\/fr\/"},{"@type":"ListItem","position":2,"name":"Escalade au Moyen-Orient: une menace croissante pour l&rsquo;\u00e9conomie mondiale"}]},{"@type":"WebSite","@id":"https:\/\/elmawkie.dz\/fr\/#website","url":"https:\/\/elmawkie.dz\/fr\/","name":"EL MAWKIE","description":"Journal \u00c9lectronique Alg\u00e9rien","publisher":{"@id":"https:\/\/elmawkie.dz\/fr\/#organization"},"potentialAction":[{"@type":"SearchAction","target":{"@type":"EntryPoint","urlTemplate":"https:\/\/elmawkie.dz\/fr\/?s={search_term_string}"},"query-input":"required name=search_term_string"}],"inLanguage":"fr-FR"},{"@type":"Organization","@id":"https:\/\/elmawkie.dz\/fr\/#organization","name":"EL MAWKIE","url":"https:\/\/elmawkie.dz\/fr\/","logo":{"@type":"ImageObject","inLanguage":"fr-FR","@id":"https:\/\/elmawkie.dz\/fr\/#\/schema\/logo\/image\/","url":"https:\/\/elmawkie.dz\/fr\/wp-content\/uploads\/2024\/05\/logo1.png","contentUrl":"https:\/\/elmawkie.dz\/fr\/wp-content\/uploads\/2024\/05\/logo1.png","width":1648,"height":652,"caption":"EL MAWKIE"},"image":{"@id":"https:\/\/elmawkie.dz\/fr\/#\/schema\/logo\/image\/"},"sameAs":["https:\/\/www.facebook.com\/profile.php?id=100088407094989&locale=fr_FR"]},{"@type":"Person","@id":"https:\/\/elmawkie.dz\/fr\/#\/schema\/person\/e7bd59d6467874ba5c4723d8a9f0a63c","name":"R\u00e9daction","image":{"@type":"ImageObject","inLanguage":"fr-FR","@id":"https:\/\/elmawkie.dz\/fr\/#\/schema\/person\/image\/","url":"https:\/\/secure.gravatar.com\/avatar\/f0f773456344da4d2788c054a3d30a0c?s=96&d=mm&r=g","contentUrl":"https:\/\/secure.gravatar.com\/avatar\/f0f773456344da4d2788c054a3d30a0c?s=96&d=mm&r=g","caption":"R\u00e9daction"},"url":"https:\/\/elmawkie.dz\/fr\/author\/redaction\/"}]}},"_links":{"self":[{"href":"https:\/\/elmawkie.dz\/fr\/wp-json\/wp\/v2\/posts\/63232","targetHints":{"allow":["GET"]}}],"collection":[{"href":"https:\/\/elmawkie.dz\/fr\/wp-json\/wp\/v2\/posts"}],"about":[{"href":"https:\/\/elmawkie.dz\/fr\/wp-json\/wp\/v2\/types\/post"}],"author":[{"embeddable":true,"href":"https:\/\/elmawkie.dz\/fr\/wp-json\/wp\/v2\/users\/9"}],"replies":[{"embeddable":true,"href":"https:\/\/elmawkie.dz\/fr\/wp-json\/wp\/v2\/comments?post=63232"}],"version-history":[{"count":1,"href":"https:\/\/elmawkie.dz\/fr\/wp-json\/wp\/v2\/posts\/63232\/revisions"}],"predecessor-version":[{"id":63235,"href":"https:\/\/elmawkie.dz\/fr\/wp-json\/wp\/v2\/posts\/63232\/revisions\/63235"}],"wp:featuredmedia":[{"embeddable":true,"href":"https:\/\/elmawkie.dz\/fr\/wp-json\/wp\/v2\/media\/63234"}],"wp:attachment":[{"href":"https:\/\/elmawkie.dz\/fr\/wp-json\/wp\/v2\/media?parent=63232"}],"wp:term":[{"taxonomy":"category","embeddable":true,"href":"https:\/\/elmawkie.dz\/fr\/wp-json\/wp\/v2\/categories?post=63232"},{"taxonomy":"post_tag","embeddable":true,"href":"https:\/\/elmawkie.dz\/fr\/wp-json\/wp\/v2\/tags?post=63232"}],"curies":[{"name":"wp","href":"https:\/\/api.w.org\/{rel}","templated":true}]}}