{"id":6297,"date":"2024-11-04T14:59:00","date_gmt":"2024-11-04T13:59:00","guid":{"rendered":"https:\/\/elmawkie.dz\/fr\/?p=6297"},"modified":"2024-11-05T08:04:12","modified_gmt":"2024-11-05T07:04:12","slug":"soudan-les-autorites-annoncent-la-fin-de-fonction-pour-trois-ministres","status":"publish","type":"post","link":"https:\/\/elmawkie.dz\/fr\/soudan-les-autorites-annoncent-la-fin-de-fonction-pour-trois-ministres\/","title":{"rendered":"Soudan: les autorit\u00e9s annoncent la fin de fonction pour trois ministres"},"content":{"rendered":"<p><strong><em>Les autorit\u00e9s soudanaises ont annonc\u00e9 avoir mis fin aux fonctions des ministres des Affaires \u00e9trang\u00e8res, Hussein Awad, de la Culture et de l&rsquo;Information, Graham Abdel Qadir, du ministre des Waqfs, Osama Ahmed, et la nomination de leurs rempla\u00e7ants. Le Conseil de souverainet\u00e9 du Soudan a d\u00e9clar\u00e9 dimanche, dans un communiqu\u00e9, que le pr\u00e9sident Abdel Fattah al-Burhan a publi\u00e9 une ordonnance approuvant la d\u00e9cision du Conseil des ministres de transition, mettant fin aux fonctions de Hussein Awad Ali Muhammad et approuvant la nomination de Ali Youssef Al-Sharif au poste de ministre des Affaires \u00e9trang\u00e8res. Il a \u00e9t\u00e9 \u00e9galement mis fin aux fonctions du ministre de la Culture et de l&rsquo;Information, Graham Abdul Qader, remplac\u00e9 par Khaled Ali Al-Aysar, tandis que le ministre des Waqfs, Osama Hassan Muhammad Ahmed, a \u00e9t\u00e9 remplac\u00e9 par Omar Bakhit, selon la m\u00eame source. Par ailleurs, le pr\u00e9sident Abdel Fattah al-Burhan a approuv\u00e9 la d\u00e9cision du Conseil des ministres de transition, attribuant \u00e0 Omar Ahmed Mohamed Ali Banvir le poste de ministre du Commerce et de l&rsquo;approvisionnement.<\/em><\/strong><\/p>\n","protected":false},"excerpt":{"rendered":"<p>Les autorit\u00e9s soudanaises ont annonc\u00e9 avoir mis fin aux fonctions des ministres des Affaires \u00e9trang\u00e8res, Hussein Awad, de la Culture et de l&rsquo;Information, Graham Abdel Qadir, du ministre des Waqfs, Osama Ahmed, et la nomination de leurs rempla\u00e7ants. Le Conseil de souverainet\u00e9 du Soudan a d\u00e9clar\u00e9 dimanche, dans un communiqu\u00e9, que le pr\u00e9sident Abdel Fattah &hellip;<\/p>\n","protected":false},"author":9,"featured_media":6298,"comment_status":"open","ping_status":"open","sticky":false,"template":"","format":"standard","meta":{"footnotes":""},"categories":[44],"tags":[1195,1196,1194,696],"class_list":["post-6297","post","type-post","status-publish","format-standard","has-post-thumbnail","hentry","category-international","tag-la-fin-de-fonction","tag-les-autorites","tag-ministres","tag-soudan"],"yoast_head":"<!-- This site is optimized with the Yoast SEO Premium plugin v22.6 (Yoast SEO v22.6) - https:\/\/yoast.com\/wordpress\/plugins\/seo\/ -->\n<title>Soudan: les autorit\u00e9s annoncent la fin de fonction pour trois ministres - El Mawkie<\/title>\n<meta name=\"robots\" content=\"index, follow, max-snippet:-1, max-image-preview:large, max-video-preview:-1\" \/>\n<link rel=\"canonical\" href=\"https:\/\/elmawkie.dz\/fr\/soudan-les-autorites-annoncent-la-fin-de-fonction-pour-trois-ministres\/\" \/>\n<meta property=\"og:locale\" content=\"fr_FR\" \/>\n<meta property=\"og:type\" content=\"article\" \/>\n<meta property=\"og:title\" content=\"Soudan: les autorit\u00e9s annoncent la fin de fonction pour trois ministres\" \/>\n<meta property=\"og:description\" content=\"Les autorit\u00e9s soudanaises ont annonc\u00e9 avoir mis fin aux fonctions des ministres des Affaires \u00e9trang\u00e8res, Hussein Awad, de la Culture et de l&rsquo;Information, Graham Abdel Qadir, du ministre des Waqfs, Osama Ahmed, et la nomination de leurs rempla\u00e7ants. Le Conseil de souverainet\u00e9 du Soudan a d\u00e9clar\u00e9 dimanche, dans un communiqu\u00e9, que le pr\u00e9sident Abdel Fattah &hellip;\" \/>\n<meta property=\"og:url\" content=\"https:\/\/elmawkie.dz\/fr\/soudan-les-autorites-annoncent-la-fin-de-fonction-pour-trois-ministres\/\" \/>\n<meta property=\"og:site_name\" content=\"El Mawkie\" \/>\n<meta property=\"article:publisher\" content=\"https:\/\/www.facebook.com\/profile.php?id=100088407094989&amp;locale=fr_FR\" \/>\n<meta property=\"article:published_time\" content=\"2024-11-04T13:59:00+00:00\" \/>\n<meta property=\"article:modified_time\" content=\"2024-11-05T07:04:12+00:00\" \/>\n<meta property=\"og:image\" content=\"https:\/\/elmawkie.dz\/fr\/wp-content\/uploads\/2024\/11\/IMG_4289.jpeg\" \/>\n\t<meta property=\"og:image:width\" content=\"739\" \/>\n\t<meta property=\"og:image:height\" content=\"415\" \/>\n\t<meta property=\"og:image:type\" content=\"image\/jpeg\" \/>\n<meta name=\"author\" content=\"R\u00e9daction\" \/>\n<meta name=\"twitter:card\" content=\"summary_large_image\" \/>\n<meta name=\"twitter:label1\" content=\"Written by\" \/>\n\t<meta name=\"twitter:data1\" content=\"R\u00e9daction\" \/>\n\t<meta name=\"twitter:label2\" content=\"Est. reading time\" \/>\n\t<meta name=\"twitter:data2\" content=\"1 minute\" \/>\n<script type=\"application\/ld+json\" class=\"yoast-schema-graph\">{\"@context\":\"https:\/\/schema.org\",\"@graph\":[{\"@type\":\"Article\",\"@id\":\"https:\/\/elmawkie.dz\/fr\/soudan-les-autorites-annoncent-la-fin-de-fonction-pour-trois-ministres\/#article\",\"isPartOf\":{\"@id\":\"https:\/\/elmawkie.dz\/fr\/soudan-les-autorites-annoncent-la-fin-de-fonction-pour-trois-ministres\/\"},\"author\":{\"name\":\"R\u00e9daction\",\"@id\":\"https:\/\/elmawkie.dz\/fr\/#\/schema\/person\/e7bd59d6467874ba5c4723d8a9f0a63c\"},\"headline\":\"Soudan: les autorit\u00e9s annoncent la fin de fonction pour trois ministres\",\"datePublished\":\"2024-11-04T13:59:00+00:00\",\"dateModified\":\"2024-11-05T07:04:12+00:00\",\"mainEntityOfPage\":{\"@id\":\"https:\/\/elmawkie.dz\/fr\/soudan-les-autorites-annoncent-la-fin-de-fonction-pour-trois-ministres\/\"},\"wordCount\":194,\"commentCount\":0,\"publisher\":{\"@id\":\"https:\/\/elmawkie.dz\/fr\/#organization\"},\"image\":{\"@id\":\"https:\/\/elmawkie.dz\/fr\/soudan-les-autorites-annoncent-la-fin-de-fonction-pour-trois-ministres\/#primaryimage\"},\"thumbnailUrl\":\"https:\/\/elmawkie.dz\/fr\/wp-content\/uploads\/2024\/11\/IMG_4289.jpeg\",\"keywords\":[\"La fin de fonction\",\"les autorit\u00e9s\",\"ministres\",\"Soudan\"],\"articleSection\":[\"International\"],\"inLanguage\":\"fr-FR\",\"potentialAction\":[{\"@type\":\"CommentAction\",\"name\":\"Comment\",\"target\":[\"https:\/\/elmawkie.dz\/fr\/soudan-les-autorites-annoncent-la-fin-de-fonction-pour-trois-ministres\/#respond\"]}]},{\"@type\":\"WebPage\",\"@id\":\"https:\/\/elmawkie.dz\/fr\/soudan-les-autorites-annoncent-la-fin-de-fonction-pour-trois-ministres\/\",\"url\":\"https:\/\/elmawkie.dz\/fr\/soudan-les-autorites-annoncent-la-fin-de-fonction-pour-trois-ministres\/\",\"name\":\"Soudan: les autorit\u00e9s annoncent la fin de fonction pour trois ministres - El Mawkie\",\"isPartOf\":{\"@id\":\"https:\/\/elmawkie.dz\/fr\/#website\"},\"primaryImageOfPage\":{\"@id\":\"https:\/\/elmawkie.dz\/fr\/soudan-les-autorites-annoncent-la-fin-de-fonction-pour-trois-ministres\/#primaryimage\"},\"image\":{\"@id\":\"https:\/\/elmawkie.dz\/fr\/soudan-les-autorites-annoncent-la-fin-de-fonction-pour-trois-ministres\/#primaryimage\"},\"thumbnailUrl\":\"https:\/\/elmawkie.dz\/fr\/wp-content\/uploads\/2024\/11\/IMG_4289.jpeg\",\"datePublished\":\"2024-11-04T13:59:00+00:00\",\"dateModified\":\"2024-11-05T07:04:12+00:00\",\"breadcrumb\":{\"@id\":\"https:\/\/elmawkie.dz\/fr\/soudan-les-autorites-annoncent-la-fin-de-fonction-pour-trois-ministres\/#breadcrumb\"},\"inLanguage\":\"fr-FR\",\"potentialAction\":[{\"@type\":\"ReadAction\",\"target\":[\"https:\/\/elmawkie.dz\/fr\/soudan-les-autorites-annoncent-la-fin-de-fonction-pour-trois-ministres\/\"]}]},{\"@type\":\"ImageObject\",\"inLanguage\":\"fr-FR\",\"@id\":\"https:\/\/elmawkie.dz\/fr\/soudan-les-autorites-annoncent-la-fin-de-fonction-pour-trois-ministres\/#primaryimage\",\"url\":\"https:\/\/elmawkie.dz\/fr\/wp-content\/uploads\/2024\/11\/IMG_4289.jpeg\",\"contentUrl\":\"https:\/\/elmawkie.dz\/fr\/wp-content\/uploads\/2024\/11\/IMG_4289.jpeg\",\"width\":739,\"height\":415},{\"@type\":\"BreadcrumbList\",\"@id\":\"https:\/\/elmawkie.dz\/fr\/soudan-les-autorites-annoncent-la-fin-de-fonction-pour-trois-ministres\/#breadcrumb\",\"itemListElement\":[{\"@type\":\"ListItem\",\"position\":1,\"name\":\"Home\",\"item\":\"https:\/\/elmawkie.dz\/fr\/\"},{\"@type\":\"ListItem\",\"position\":2,\"name\":\"Soudan: les autorit\u00e9s annoncent la fin de fonction pour trois ministres\"}]},{\"@type\":\"WebSite\",\"@id\":\"https:\/\/elmawkie.dz\/fr\/#website\",\"url\":\"https:\/\/elmawkie.dz\/fr\/\",\"name\":\"EL MAWKIE\",\"description\":\"Journal \u00c9lectronique Alg\u00e9rien\",\"publisher\":{\"@id\":\"https:\/\/elmawkie.dz\/fr\/#organization\"},\"potentialAction\":[{\"@type\":\"SearchAction\",\"target\":{\"@type\":\"EntryPoint\",\"urlTemplate\":\"https:\/\/elmawkie.dz\/fr\/?s={search_term_string}\"},\"query-input\":\"required name=search_term_string\"}],\"inLanguage\":\"fr-FR\"},{\"@type\":\"Organization\",\"@id\":\"https:\/\/elmawkie.dz\/fr\/#organization\",\"name\":\"EL MAWKIE\",\"url\":\"https:\/\/elmawkie.dz\/fr\/\",\"logo\":{\"@type\":\"ImageObject\",\"inLanguage\":\"fr-FR\",\"@id\":\"https:\/\/elmawkie.dz\/fr\/#\/schema\/logo\/image\/\",\"url\":\"https:\/\/elmawkie.dz\/fr\/wp-content\/uploads\/2024\/05\/logo1.png\",\"contentUrl\":\"https:\/\/elmawkie.dz\/fr\/wp-content\/uploads\/2024\/05\/logo1.png\",\"width\":1648,\"height\":652,\"caption\":\"EL MAWKIE\"},\"image\":{\"@id\":\"https:\/\/elmawkie.dz\/fr\/#\/schema\/logo\/image\/\"},\"sameAs\":[\"https:\/\/www.facebook.com\/profile.php?id=100088407094989&locale=fr_FR\"]},{\"@type\":\"Person\",\"@id\":\"https:\/\/elmawkie.dz\/fr\/#\/schema\/person\/e7bd59d6467874ba5c4723d8a9f0a63c\",\"name\":\"R\u00e9daction\",\"image\":{\"@type\":\"ImageObject\",\"inLanguage\":\"fr-FR\",\"@id\":\"https:\/\/elmawkie.dz\/fr\/#\/schema\/person\/image\/\",\"url\":\"https:\/\/secure.gravatar.com\/avatar\/f0f773456344da4d2788c054a3d30a0c?s=96&d=mm&r=g\",\"contentUrl\":\"https:\/\/secure.gravatar.com\/avatar\/f0f773456344da4d2788c054a3d30a0c?s=96&d=mm&r=g\",\"caption\":\"R\u00e9daction\"},\"url\":\"https:\/\/elmawkie.dz\/fr\/author\/redaction\/\"}]}<\/script>\n<!-- \/ Yoast SEO Premium plugin. -->","yoast_head_json":{"title":"Soudan: les autorit\u00e9s annoncent la fin de fonction pour trois ministres - El Mawkie","robots":{"index":"index","follow":"follow","max-snippet":"max-snippet:-1","max-image-preview":"max-image-preview:large","max-video-preview":"max-video-preview:-1"},"canonical":"https:\/\/elmawkie.dz\/fr\/soudan-les-autorites-annoncent-la-fin-de-fonction-pour-trois-ministres\/","og_locale":"fr_FR","og_type":"article","og_title":"Soudan: les autorit\u00e9s annoncent la fin de fonction pour trois ministres","og_description":"Les autorit\u00e9s soudanaises ont annonc\u00e9 avoir mis fin aux fonctions des ministres des Affaires \u00e9trang\u00e8res, Hussein Awad, de la Culture et de l&rsquo;Information, Graham Abdel Qadir, du ministre des Waqfs, Osama Ahmed, et la nomination de leurs rempla\u00e7ants. Le Conseil de souverainet\u00e9 du Soudan a d\u00e9clar\u00e9 dimanche, dans un communiqu\u00e9, que le pr\u00e9sident Abdel Fattah &hellip;","og_url":"https:\/\/elmawkie.dz\/fr\/soudan-les-autorites-annoncent-la-fin-de-fonction-pour-trois-ministres\/","og_site_name":"El Mawkie","article_publisher":"https:\/\/www.facebook.com\/profile.php?id=100088407094989&locale=fr_FR","article_published_time":"2024-11-04T13:59:00+00:00","article_modified_time":"2024-11-05T07:04:12+00:00","og_image":[{"width":739,"height":415,"url":"https:\/\/elmawkie.dz\/fr\/wp-content\/uploads\/2024\/11\/IMG_4289.jpeg","type":"image\/jpeg"}],"author":"R\u00e9daction","twitter_card":"summary_large_image","twitter_misc":{"Written by":"R\u00e9daction","Est. reading time":"1 minute"},"schema":{"@context":"https:\/\/schema.org","@graph":[{"@type":"Article","@id":"https:\/\/elmawkie.dz\/fr\/soudan-les-autorites-annoncent-la-fin-de-fonction-pour-trois-ministres\/#article","isPartOf":{"@id":"https:\/\/elmawkie.dz\/fr\/soudan-les-autorites-annoncent-la-fin-de-fonction-pour-trois-ministres\/"},"author":{"name":"R\u00e9daction","@id":"https:\/\/elmawkie.dz\/fr\/#\/schema\/person\/e7bd59d6467874ba5c4723d8a9f0a63c"},"headline":"Soudan: les autorit\u00e9s annoncent la fin de fonction pour trois ministres","datePublished":"2024-11-04T13:59:00+00:00","dateModified":"2024-11-05T07:04:12+00:00","mainEntityOfPage":{"@id":"https:\/\/elmawkie.dz\/fr\/soudan-les-autorites-annoncent-la-fin-de-fonction-pour-trois-ministres\/"},"wordCount":194,"commentCount":0,"publisher":{"@id":"https:\/\/elmawkie.dz\/fr\/#organization"},"image":{"@id":"https:\/\/elmawkie.dz\/fr\/soudan-les-autorites-annoncent-la-fin-de-fonction-pour-trois-ministres\/#primaryimage"},"thumbnailUrl":"https:\/\/elmawkie.dz\/fr\/wp-content\/uploads\/2024\/11\/IMG_4289.jpeg","keywords":["La fin de fonction","les autorit\u00e9s","ministres","Soudan"],"articleSection":["International"],"inLanguage":"fr-FR","potentialAction":[{"@type":"CommentAction","name":"Comment","target":["https:\/\/elmawkie.dz\/fr\/soudan-les-autorites-annoncent-la-fin-de-fonction-pour-trois-ministres\/#respond"]}]},{"@type":"WebPage","@id":"https:\/\/elmawkie.dz\/fr\/soudan-les-autorites-annoncent-la-fin-de-fonction-pour-trois-ministres\/","url":"https:\/\/elmawkie.dz\/fr\/soudan-les-autorites-annoncent-la-fin-de-fonction-pour-trois-ministres\/","name":"Soudan: les autorit\u00e9s annoncent la fin de fonction pour trois ministres - El Mawkie","isPartOf":{"@id":"https:\/\/elmawkie.dz\/fr\/#website"},"primaryImageOfPage":{"@id":"https:\/\/elmawkie.dz\/fr\/soudan-les-autorites-annoncent-la-fin-de-fonction-pour-trois-ministres\/#primaryimage"},"image":{"@id":"https:\/\/elmawkie.dz\/fr\/soudan-les-autorites-annoncent-la-fin-de-fonction-pour-trois-ministres\/#primaryimage"},"thumbnailUrl":"https:\/\/elmawkie.dz\/fr\/wp-content\/uploads\/2024\/11\/IMG_4289.jpeg","datePublished":"2024-11-04T13:59:00+00:00","dateModified":"2024-11-05T07:04:12+00:00","breadcrumb":{"@id":"https:\/\/elmawkie.dz\/fr\/soudan-les-autorites-annoncent-la-fin-de-fonction-pour-trois-ministres\/#breadcrumb"},"inLanguage":"fr-FR","potentialAction":[{"@type":"ReadAction","target":["https:\/\/elmawkie.dz\/fr\/soudan-les-autorites-annoncent-la-fin-de-fonction-pour-trois-ministres\/"]}]},{"@type":"ImageObject","inLanguage":"fr-FR","@id":"https:\/\/elmawkie.dz\/fr\/soudan-les-autorites-annoncent-la-fin-de-fonction-pour-trois-ministres\/#primaryimage","url":"https:\/\/elmawkie.dz\/fr\/wp-content\/uploads\/2024\/11\/IMG_4289.jpeg","contentUrl":"https:\/\/elmawkie.dz\/fr\/wp-content\/uploads\/2024\/11\/IMG_4289.jpeg","width":739,"height":415},{"@type":"BreadcrumbList","@id":"https:\/\/elmawkie.dz\/fr\/soudan-les-autorites-annoncent-la-fin-de-fonction-pour-trois-ministres\/#breadcrumb","itemListElement":[{"@type":"ListItem","position":1,"name":"Home","item":"https:\/\/elmawkie.dz\/fr\/"},{"@type":"ListItem","position":2,"name":"Soudan: les autorit\u00e9s annoncent la fin de fonction pour trois ministres"}]},{"@type":"WebSite","@id":"https:\/\/elmawkie.dz\/fr\/#website","url":"https:\/\/elmawkie.dz\/fr\/","name":"EL MAWKIE","description":"Journal \u00c9lectronique Alg\u00e9rien","publisher":{"@id":"https:\/\/elmawkie.dz\/fr\/#organization"},"potentialAction":[{"@type":"SearchAction","target":{"@type":"EntryPoint","urlTemplate":"https:\/\/elmawkie.dz\/fr\/?s={search_term_string}"},"query-input":"required name=search_term_string"}],"inLanguage":"fr-FR"},{"@type":"Organization","@id":"https:\/\/elmawkie.dz\/fr\/#organization","name":"EL MAWKIE","url":"https:\/\/elmawkie.dz\/fr\/","logo":{"@type":"ImageObject","inLanguage":"fr-FR","@id":"https:\/\/elmawkie.dz\/fr\/#\/schema\/logo\/image\/","url":"https:\/\/elmawkie.dz\/fr\/wp-content\/uploads\/2024\/05\/logo1.png","contentUrl":"https:\/\/elmawkie.dz\/fr\/wp-content\/uploads\/2024\/05\/logo1.png","width":1648,"height":652,"caption":"EL MAWKIE"},"image":{"@id":"https:\/\/elmawkie.dz\/fr\/#\/schema\/logo\/image\/"},"sameAs":["https:\/\/www.facebook.com\/profile.php?id=100088407094989&locale=fr_FR"]},{"@type":"Person","@id":"https:\/\/elmawkie.dz\/fr\/#\/schema\/person\/e7bd59d6467874ba5c4723d8a9f0a63c","name":"R\u00e9daction","image":{"@type":"ImageObject","inLanguage":"fr-FR","@id":"https:\/\/elmawkie.dz\/fr\/#\/schema\/person\/image\/","url":"https:\/\/secure.gravatar.com\/avatar\/f0f773456344da4d2788c054a3d30a0c?s=96&d=mm&r=g","contentUrl":"https:\/\/secure.gravatar.com\/avatar\/f0f773456344da4d2788c054a3d30a0c?s=96&d=mm&r=g","caption":"R\u00e9daction"},"url":"https:\/\/elmawkie.dz\/fr\/author\/redaction\/"}]}},"_links":{"self":[{"href":"https:\/\/elmawkie.dz\/fr\/wp-json\/wp\/v2\/posts\/6297","targetHints":{"allow":["GET"]}}],"collection":[{"href":"https:\/\/elmawkie.dz\/fr\/wp-json\/wp\/v2\/posts"}],"about":[{"href":"https:\/\/elmawkie.dz\/fr\/wp-json\/wp\/v2\/types\/post"}],"author":[{"embeddable":true,"href":"https:\/\/elmawkie.dz\/fr\/wp-json\/wp\/v2\/users\/9"}],"replies":[{"embeddable":true,"href":"https:\/\/elmawkie.dz\/fr\/wp-json\/wp\/v2\/comments?post=6297"}],"version-history":[{"count":0,"href":"https:\/\/elmawkie.dz\/fr\/wp-json\/wp\/v2\/posts\/6297\/revisions"}],"wp:featuredmedia":[{"embeddable":true,"href":"https:\/\/elmawkie.dz\/fr\/wp-json\/wp\/v2\/media\/6298"}],"wp:attachment":[{"href":"https:\/\/elmawkie.dz\/fr\/wp-json\/wp\/v2\/media?parent=6297"}],"wp:term":[{"taxonomy":"category","embeddable":true,"href":"https:\/\/elmawkie.dz\/fr\/wp-json\/wp\/v2\/categories?post=6297"},{"taxonomy":"post_tag","embeddable":true,"href":"https:\/\/elmawkie.dz\/fr\/wp-json\/wp\/v2\/tags?post=6297"}],"curies":[{"name":"wp","href":"https:\/\/api.w.org\/{rel}","templated":true}]}}