{"id":6288,"date":"2024-11-04T12:05:44","date_gmt":"2024-11-04T11:05:44","guid":{"rendered":"https:\/\/elmawkie.dz\/fr\/?p=6288"},"modified":"2024-11-04T14:37:01","modified_gmt":"2024-11-04T13:37:01","slug":"risques-dinondations-a-cuba-pres-de-70-000-personnes-evacuees","status":"publish","type":"post","link":"https:\/\/elmawkie.dz\/fr\/risques-dinondations-a-cuba-pres-de-70-000-personnes-evacuees\/","title":{"rendered":"Risques d&rsquo;inondations \u00e0 Cuba: pr\u00e8s de 70.000 personnes \u00e9vacu\u00e9es"},"content":{"rendered":"<p><strong><em>Plus de 66.000 personnes ont \u00e9t\u00e9 \u00e9vacu\u00e9es \u00e0 Guantanamo, dans l&rsquo;extr\u00eame est de Cuba, avant l&rsquo;arriv\u00e9e imminente de fortes pr\u00e9cipitations qui menacent une r\u00e9gion d\u00e9j\u00e0 fortement touch\u00e9e par l&rsquo;ouragan Oscar, a annonc\u00e9 dimanche la t\u00e9l\u00e9vision locale. La majorit\u00e9 des personnes \u00e9vacu\u00e9es dans sept des dix municipalit\u00e9s de la province de Guantanamo, situ\u00e9e \u00e0 pr\u00e8s 1.000 km au sud-est de La Havane, se trouvent \u00e0 San Antonio del Sur (13.600) et \u00e0 Imias (plus de 2.000), o\u00f9 Oscar a provoqu\u00e9 des inondations historiques et fait huit morts il y a quinze jours, selon la t\u00e9l\u00e9vision. L&rsquo;Institut de m\u00e9t\u00e9orologie de Cuba a mis en garde dimanche contre l&rsquo;arriv\u00e9e \u00ab\u00a0d&rsquo;averses, pluies et orages vers l&rsquo;extr\u00e9mit\u00e9 orientale\u00a0\u00bb du pays. Par ailleurs, une zone de basse pression au sud de la Jama\u00efque, qui pourrait se transformer en formation cyclonique dans les prochaines 48 heures, est \u00e9galement surveill\u00e9e, a-t-il ajout\u00e9. \u00ab\u00a0Nous surveillons en permanence la situation m\u00e9t\u00e9orologique sur Cuba et son \u00e9volution possible\u00a0\u00bb, a \u00e9crit le pr\u00e9sident cubain Miguel Diaz-Canel sur les r\u00e9seaux sociaux. Oscar, ouragan de cat\u00e9gorie 1, qui a frapp\u00e9 Cuba le 20 octobre avant de se transformer en temp\u00eate tropicale, a laiss\u00e9 Guantanamo avec des sols satur\u00e9s et des r\u00e9servoirs en train de se vider, ce qui augmente le risque d&rsquo;inondation dans plusieurs municipalit\u00e9s de la province. Selon les chiffres officiels, plus de 12.000 habitations, ainsi que des routes et pr\u00e8s de 20.000 hectares de cultures, principalement de caf\u00e9, ont \u00e9t\u00e9 endommag\u00e9s par le passage d&rsquo;Oscar.<\/em><\/strong><\/p>\n","protected":false},"excerpt":{"rendered":"<p>Plus de 66.000 personnes ont \u00e9t\u00e9 \u00e9vacu\u00e9es \u00e0 Guantanamo, dans l&rsquo;extr\u00eame est de Cuba, avant l&rsquo;arriv\u00e9e imminente de fortes pr\u00e9cipitations qui menacent une r\u00e9gion d\u00e9j\u00e0 fortement touch\u00e9e par l&rsquo;ouragan Oscar, a annonc\u00e9 dimanche la t\u00e9l\u00e9vision locale. La majorit\u00e9 des personnes \u00e9vacu\u00e9es dans sept des dix municipalit\u00e9s de la province de Guantanamo, situ\u00e9e \u00e0 pr\u00e8s 1.000 &hellip;<\/p>\n","protected":false},"author":9,"featured_media":6289,"comment_status":"open","ping_status":"open","sticky":false,"template":"","format":"standard","meta":{"footnotes":""},"categories":[44],"tags":[1187,1050,1186],"class_list":["post-6288","post","type-post","status-publish","format-standard","has-post-thumbnail","hentry","category-international","tag-70-000-personnes","tag-cuba","tag-risques-dinondations"],"yoast_head":"<!-- This site is optimized with the Yoast SEO Premium plugin v22.6 (Yoast SEO v22.6) - https:\/\/yoast.com\/wordpress\/plugins\/seo\/ -->\n<title>Risques d&#039;inondations \u00e0 Cuba: pr\u00e8s de 70.000 personnes \u00e9vacu\u00e9es - El Mawkie<\/title>\n<meta name=\"robots\" content=\"index, follow, max-snippet:-1, max-image-preview:large, max-video-preview:-1\" \/>\n<link rel=\"canonical\" href=\"https:\/\/elmawkie.dz\/fr\/risques-dinondations-a-cuba-pres-de-70-000-personnes-evacuees\/\" \/>\n<meta property=\"og:locale\" content=\"fr_FR\" \/>\n<meta property=\"og:type\" content=\"article\" \/>\n<meta property=\"og:title\" content=\"Risques d&#039;inondations \u00e0 Cuba: pr\u00e8s de 70.000 personnes \u00e9vacu\u00e9es\" \/>\n<meta property=\"og:description\" content=\"Plus de 66.000 personnes ont \u00e9t\u00e9 \u00e9vacu\u00e9es \u00e0 Guantanamo, dans l&rsquo;extr\u00eame est de Cuba, avant l&rsquo;arriv\u00e9e imminente de fortes pr\u00e9cipitations qui menacent une r\u00e9gion d\u00e9j\u00e0 fortement touch\u00e9e par l&rsquo;ouragan Oscar, a annonc\u00e9 dimanche la t\u00e9l\u00e9vision locale. La majorit\u00e9 des personnes \u00e9vacu\u00e9es dans sept des dix municipalit\u00e9s de la province de Guantanamo, situ\u00e9e \u00e0 pr\u00e8s 1.000 &hellip;\" \/>\n<meta property=\"og:url\" content=\"https:\/\/elmawkie.dz\/fr\/risques-dinondations-a-cuba-pres-de-70-000-personnes-evacuees\/\" \/>\n<meta property=\"og:site_name\" content=\"El Mawkie\" \/>\n<meta property=\"article:publisher\" content=\"https:\/\/www.facebook.com\/profile.php?id=100088407094989&amp;locale=fr_FR\" \/>\n<meta property=\"article:published_time\" content=\"2024-11-04T11:05:44+00:00\" \/>\n<meta property=\"article:modified_time\" content=\"2024-11-04T13:37:01+00:00\" \/>\n<meta property=\"og:image\" content=\"https:\/\/elmawkie.dz\/fr\/wp-content\/uploads\/2024\/11\/IMG_4276.jpeg\" \/>\n\t<meta property=\"og:image:width\" content=\"678\" \/>\n\t<meta property=\"og:image:height\" content=\"452\" \/>\n\t<meta property=\"og:image:type\" content=\"image\/jpeg\" \/>\n<meta name=\"author\" content=\"R\u00e9daction\" \/>\n<meta name=\"twitter:card\" content=\"summary_large_image\" \/>\n<meta name=\"twitter:label1\" content=\"Written by\" \/>\n\t<meta name=\"twitter:data1\" content=\"R\u00e9daction\" \/>\n\t<meta name=\"twitter:label2\" content=\"Est. reading time\" \/>\n\t<meta name=\"twitter:data2\" content=\"1 minute\" \/>\n<script type=\"application\/ld+json\" class=\"yoast-schema-graph\">{\"@context\":\"https:\/\/schema.org\",\"@graph\":[{\"@type\":\"Article\",\"@id\":\"https:\/\/elmawkie.dz\/fr\/risques-dinondations-a-cuba-pres-de-70-000-personnes-evacuees\/#article\",\"isPartOf\":{\"@id\":\"https:\/\/elmawkie.dz\/fr\/risques-dinondations-a-cuba-pres-de-70-000-personnes-evacuees\/\"},\"author\":{\"name\":\"R\u00e9daction\",\"@id\":\"https:\/\/elmawkie.dz\/fr\/#\/schema\/person\/e7bd59d6467874ba5c4723d8a9f0a63c\"},\"headline\":\"Risques d&rsquo;inondations \u00e0 Cuba: pr\u00e8s de 70.000 personnes \u00e9vacu\u00e9es\",\"datePublished\":\"2024-11-04T11:05:44+00:00\",\"dateModified\":\"2024-11-04T13:37:01+00:00\",\"mainEntityOfPage\":{\"@id\":\"https:\/\/elmawkie.dz\/fr\/risques-dinondations-a-cuba-pres-de-70-000-personnes-evacuees\/\"},\"wordCount\":281,\"commentCount\":0,\"publisher\":{\"@id\":\"https:\/\/elmawkie.dz\/fr\/#organization\"},\"image\":{\"@id\":\"https:\/\/elmawkie.dz\/fr\/risques-dinondations-a-cuba-pres-de-70-000-personnes-evacuees\/#primaryimage\"},\"thumbnailUrl\":\"https:\/\/elmawkie.dz\/fr\/wp-content\/uploads\/2024\/11\/IMG_4276.jpeg\",\"keywords\":[\"70.000 personnes\",\"Cuba\",\"Risques d'inondations\"],\"articleSection\":[\"International\"],\"inLanguage\":\"fr-FR\",\"potentialAction\":[{\"@type\":\"CommentAction\",\"name\":\"Comment\",\"target\":[\"https:\/\/elmawkie.dz\/fr\/risques-dinondations-a-cuba-pres-de-70-000-personnes-evacuees\/#respond\"]}]},{\"@type\":\"WebPage\",\"@id\":\"https:\/\/elmawkie.dz\/fr\/risques-dinondations-a-cuba-pres-de-70-000-personnes-evacuees\/\",\"url\":\"https:\/\/elmawkie.dz\/fr\/risques-dinondations-a-cuba-pres-de-70-000-personnes-evacuees\/\",\"name\":\"Risques d'inondations \u00e0 Cuba: pr\u00e8s de 70.000 personnes \u00e9vacu\u00e9es - El Mawkie\",\"isPartOf\":{\"@id\":\"https:\/\/elmawkie.dz\/fr\/#website\"},\"primaryImageOfPage\":{\"@id\":\"https:\/\/elmawkie.dz\/fr\/risques-dinondations-a-cuba-pres-de-70-000-personnes-evacuees\/#primaryimage\"},\"image\":{\"@id\":\"https:\/\/elmawkie.dz\/fr\/risques-dinondations-a-cuba-pres-de-70-000-personnes-evacuees\/#primaryimage\"},\"thumbnailUrl\":\"https:\/\/elmawkie.dz\/fr\/wp-content\/uploads\/2024\/11\/IMG_4276.jpeg\",\"datePublished\":\"2024-11-04T11:05:44+00:00\",\"dateModified\":\"2024-11-04T13:37:01+00:00\",\"breadcrumb\":{\"@id\":\"https:\/\/elmawkie.dz\/fr\/risques-dinondations-a-cuba-pres-de-70-000-personnes-evacuees\/#breadcrumb\"},\"inLanguage\":\"fr-FR\",\"potentialAction\":[{\"@type\":\"ReadAction\",\"target\":[\"https:\/\/elmawkie.dz\/fr\/risques-dinondations-a-cuba-pres-de-70-000-personnes-evacuees\/\"]}]},{\"@type\":\"ImageObject\",\"inLanguage\":\"fr-FR\",\"@id\":\"https:\/\/elmawkie.dz\/fr\/risques-dinondations-a-cuba-pres-de-70-000-personnes-evacuees\/#primaryimage\",\"url\":\"https:\/\/elmawkie.dz\/fr\/wp-content\/uploads\/2024\/11\/IMG_4276.jpeg\",\"contentUrl\":\"https:\/\/elmawkie.dz\/fr\/wp-content\/uploads\/2024\/11\/IMG_4276.jpeg\",\"width\":678,\"height\":452},{\"@type\":\"BreadcrumbList\",\"@id\":\"https:\/\/elmawkie.dz\/fr\/risques-dinondations-a-cuba-pres-de-70-000-personnes-evacuees\/#breadcrumb\",\"itemListElement\":[{\"@type\":\"ListItem\",\"position\":1,\"name\":\"Home\",\"item\":\"https:\/\/elmawkie.dz\/fr\/\"},{\"@type\":\"ListItem\",\"position\":2,\"name\":\"Risques d&rsquo;inondations \u00e0 Cuba: pr\u00e8s de 70.000 personnes \u00e9vacu\u00e9es\"}]},{\"@type\":\"WebSite\",\"@id\":\"https:\/\/elmawkie.dz\/fr\/#website\",\"url\":\"https:\/\/elmawkie.dz\/fr\/\",\"name\":\"EL MAWKIE\",\"description\":\"Journal \u00c9lectronique Alg\u00e9rien\",\"publisher\":{\"@id\":\"https:\/\/elmawkie.dz\/fr\/#organization\"},\"potentialAction\":[{\"@type\":\"SearchAction\",\"target\":{\"@type\":\"EntryPoint\",\"urlTemplate\":\"https:\/\/elmawkie.dz\/fr\/?s={search_term_string}\"},\"query-input\":\"required name=search_term_string\"}],\"inLanguage\":\"fr-FR\"},{\"@type\":\"Organization\",\"@id\":\"https:\/\/elmawkie.dz\/fr\/#organization\",\"name\":\"EL MAWKIE\",\"url\":\"https:\/\/elmawkie.dz\/fr\/\",\"logo\":{\"@type\":\"ImageObject\",\"inLanguage\":\"fr-FR\",\"@id\":\"https:\/\/elmawkie.dz\/fr\/#\/schema\/logo\/image\/\",\"url\":\"https:\/\/elmawkie.dz\/fr\/wp-content\/uploads\/2024\/05\/logo1.png\",\"contentUrl\":\"https:\/\/elmawkie.dz\/fr\/wp-content\/uploads\/2024\/05\/logo1.png\",\"width\":1648,\"height\":652,\"caption\":\"EL MAWKIE\"},\"image\":{\"@id\":\"https:\/\/elmawkie.dz\/fr\/#\/schema\/logo\/image\/\"},\"sameAs\":[\"https:\/\/www.facebook.com\/profile.php?id=100088407094989&locale=fr_FR\"]},{\"@type\":\"Person\",\"@id\":\"https:\/\/elmawkie.dz\/fr\/#\/schema\/person\/e7bd59d6467874ba5c4723d8a9f0a63c\",\"name\":\"R\u00e9daction\",\"image\":{\"@type\":\"ImageObject\",\"inLanguage\":\"fr-FR\",\"@id\":\"https:\/\/elmawkie.dz\/fr\/#\/schema\/person\/image\/\",\"url\":\"https:\/\/secure.gravatar.com\/avatar\/f0f773456344da4d2788c054a3d30a0c?s=96&d=mm&r=g\",\"contentUrl\":\"https:\/\/secure.gravatar.com\/avatar\/f0f773456344da4d2788c054a3d30a0c?s=96&d=mm&r=g\",\"caption\":\"R\u00e9daction\"},\"url\":\"https:\/\/elmawkie.dz\/fr\/author\/redaction\/\"}]}<\/script>\n<!-- \/ Yoast SEO Premium plugin. -->","yoast_head_json":{"title":"Risques d'inondations \u00e0 Cuba: pr\u00e8s de 70.000 personnes \u00e9vacu\u00e9es - El Mawkie","robots":{"index":"index","follow":"follow","max-snippet":"max-snippet:-1","max-image-preview":"max-image-preview:large","max-video-preview":"max-video-preview:-1"},"canonical":"https:\/\/elmawkie.dz\/fr\/risques-dinondations-a-cuba-pres-de-70-000-personnes-evacuees\/","og_locale":"fr_FR","og_type":"article","og_title":"Risques d'inondations \u00e0 Cuba: pr\u00e8s de 70.000 personnes \u00e9vacu\u00e9es","og_description":"Plus de 66.000 personnes ont \u00e9t\u00e9 \u00e9vacu\u00e9es \u00e0 Guantanamo, dans l&rsquo;extr\u00eame est de Cuba, avant l&rsquo;arriv\u00e9e imminente de fortes pr\u00e9cipitations qui menacent une r\u00e9gion d\u00e9j\u00e0 fortement touch\u00e9e par l&rsquo;ouragan Oscar, a annonc\u00e9 dimanche la t\u00e9l\u00e9vision locale. La majorit\u00e9 des personnes \u00e9vacu\u00e9es dans sept des dix municipalit\u00e9s de la province de Guantanamo, situ\u00e9e \u00e0 pr\u00e8s 1.000 &hellip;","og_url":"https:\/\/elmawkie.dz\/fr\/risques-dinondations-a-cuba-pres-de-70-000-personnes-evacuees\/","og_site_name":"El Mawkie","article_publisher":"https:\/\/www.facebook.com\/profile.php?id=100088407094989&locale=fr_FR","article_published_time":"2024-11-04T11:05:44+00:00","article_modified_time":"2024-11-04T13:37:01+00:00","og_image":[{"width":678,"height":452,"url":"https:\/\/elmawkie.dz\/fr\/wp-content\/uploads\/2024\/11\/IMG_4276.jpeg","type":"image\/jpeg"}],"author":"R\u00e9daction","twitter_card":"summary_large_image","twitter_misc":{"Written by":"R\u00e9daction","Est. reading time":"1 minute"},"schema":{"@context":"https:\/\/schema.org","@graph":[{"@type":"Article","@id":"https:\/\/elmawkie.dz\/fr\/risques-dinondations-a-cuba-pres-de-70-000-personnes-evacuees\/#article","isPartOf":{"@id":"https:\/\/elmawkie.dz\/fr\/risques-dinondations-a-cuba-pres-de-70-000-personnes-evacuees\/"},"author":{"name":"R\u00e9daction","@id":"https:\/\/elmawkie.dz\/fr\/#\/schema\/person\/e7bd59d6467874ba5c4723d8a9f0a63c"},"headline":"Risques d&rsquo;inondations \u00e0 Cuba: pr\u00e8s de 70.000 personnes \u00e9vacu\u00e9es","datePublished":"2024-11-04T11:05:44+00:00","dateModified":"2024-11-04T13:37:01+00:00","mainEntityOfPage":{"@id":"https:\/\/elmawkie.dz\/fr\/risques-dinondations-a-cuba-pres-de-70-000-personnes-evacuees\/"},"wordCount":281,"commentCount":0,"publisher":{"@id":"https:\/\/elmawkie.dz\/fr\/#organization"},"image":{"@id":"https:\/\/elmawkie.dz\/fr\/risques-dinondations-a-cuba-pres-de-70-000-personnes-evacuees\/#primaryimage"},"thumbnailUrl":"https:\/\/elmawkie.dz\/fr\/wp-content\/uploads\/2024\/11\/IMG_4276.jpeg","keywords":["70.000 personnes","Cuba","Risques d'inondations"],"articleSection":["International"],"inLanguage":"fr-FR","potentialAction":[{"@type":"CommentAction","name":"Comment","target":["https:\/\/elmawkie.dz\/fr\/risques-dinondations-a-cuba-pres-de-70-000-personnes-evacuees\/#respond"]}]},{"@type":"WebPage","@id":"https:\/\/elmawkie.dz\/fr\/risques-dinondations-a-cuba-pres-de-70-000-personnes-evacuees\/","url":"https:\/\/elmawkie.dz\/fr\/risques-dinondations-a-cuba-pres-de-70-000-personnes-evacuees\/","name":"Risques d'inondations \u00e0 Cuba: pr\u00e8s de 70.000 personnes \u00e9vacu\u00e9es - El Mawkie","isPartOf":{"@id":"https:\/\/elmawkie.dz\/fr\/#website"},"primaryImageOfPage":{"@id":"https:\/\/elmawkie.dz\/fr\/risques-dinondations-a-cuba-pres-de-70-000-personnes-evacuees\/#primaryimage"},"image":{"@id":"https:\/\/elmawkie.dz\/fr\/risques-dinondations-a-cuba-pres-de-70-000-personnes-evacuees\/#primaryimage"},"thumbnailUrl":"https:\/\/elmawkie.dz\/fr\/wp-content\/uploads\/2024\/11\/IMG_4276.jpeg","datePublished":"2024-11-04T11:05:44+00:00","dateModified":"2024-11-04T13:37:01+00:00","breadcrumb":{"@id":"https:\/\/elmawkie.dz\/fr\/risques-dinondations-a-cuba-pres-de-70-000-personnes-evacuees\/#breadcrumb"},"inLanguage":"fr-FR","potentialAction":[{"@type":"ReadAction","target":["https:\/\/elmawkie.dz\/fr\/risques-dinondations-a-cuba-pres-de-70-000-personnes-evacuees\/"]}]},{"@type":"ImageObject","inLanguage":"fr-FR","@id":"https:\/\/elmawkie.dz\/fr\/risques-dinondations-a-cuba-pres-de-70-000-personnes-evacuees\/#primaryimage","url":"https:\/\/elmawkie.dz\/fr\/wp-content\/uploads\/2024\/11\/IMG_4276.jpeg","contentUrl":"https:\/\/elmawkie.dz\/fr\/wp-content\/uploads\/2024\/11\/IMG_4276.jpeg","width":678,"height":452},{"@type":"BreadcrumbList","@id":"https:\/\/elmawkie.dz\/fr\/risques-dinondations-a-cuba-pres-de-70-000-personnes-evacuees\/#breadcrumb","itemListElement":[{"@type":"ListItem","position":1,"name":"Home","item":"https:\/\/elmawkie.dz\/fr\/"},{"@type":"ListItem","position":2,"name":"Risques d&rsquo;inondations \u00e0 Cuba: pr\u00e8s de 70.000 personnes \u00e9vacu\u00e9es"}]},{"@type":"WebSite","@id":"https:\/\/elmawkie.dz\/fr\/#website","url":"https:\/\/elmawkie.dz\/fr\/","name":"EL MAWKIE","description":"Journal \u00c9lectronique Alg\u00e9rien","publisher":{"@id":"https:\/\/elmawkie.dz\/fr\/#organization"},"potentialAction":[{"@type":"SearchAction","target":{"@type":"EntryPoint","urlTemplate":"https:\/\/elmawkie.dz\/fr\/?s={search_term_string}"},"query-input":"required name=search_term_string"}],"inLanguage":"fr-FR"},{"@type":"Organization","@id":"https:\/\/elmawkie.dz\/fr\/#organization","name":"EL MAWKIE","url":"https:\/\/elmawkie.dz\/fr\/","logo":{"@type":"ImageObject","inLanguage":"fr-FR","@id":"https:\/\/elmawkie.dz\/fr\/#\/schema\/logo\/image\/","url":"https:\/\/elmawkie.dz\/fr\/wp-content\/uploads\/2024\/05\/logo1.png","contentUrl":"https:\/\/elmawkie.dz\/fr\/wp-content\/uploads\/2024\/05\/logo1.png","width":1648,"height":652,"caption":"EL MAWKIE"},"image":{"@id":"https:\/\/elmawkie.dz\/fr\/#\/schema\/logo\/image\/"},"sameAs":["https:\/\/www.facebook.com\/profile.php?id=100088407094989&locale=fr_FR"]},{"@type":"Person","@id":"https:\/\/elmawkie.dz\/fr\/#\/schema\/person\/e7bd59d6467874ba5c4723d8a9f0a63c","name":"R\u00e9daction","image":{"@type":"ImageObject","inLanguage":"fr-FR","@id":"https:\/\/elmawkie.dz\/fr\/#\/schema\/person\/image\/","url":"https:\/\/secure.gravatar.com\/avatar\/f0f773456344da4d2788c054a3d30a0c?s=96&d=mm&r=g","contentUrl":"https:\/\/secure.gravatar.com\/avatar\/f0f773456344da4d2788c054a3d30a0c?s=96&d=mm&r=g","caption":"R\u00e9daction"},"url":"https:\/\/elmawkie.dz\/fr\/author\/redaction\/"}]}},"_links":{"self":[{"href":"https:\/\/elmawkie.dz\/fr\/wp-json\/wp\/v2\/posts\/6288","targetHints":{"allow":["GET"]}}],"collection":[{"href":"https:\/\/elmawkie.dz\/fr\/wp-json\/wp\/v2\/posts"}],"about":[{"href":"https:\/\/elmawkie.dz\/fr\/wp-json\/wp\/v2\/types\/post"}],"author":[{"embeddable":true,"href":"https:\/\/elmawkie.dz\/fr\/wp-json\/wp\/v2\/users\/9"}],"replies":[{"embeddable":true,"href":"https:\/\/elmawkie.dz\/fr\/wp-json\/wp\/v2\/comments?post=6288"}],"version-history":[{"count":0,"href":"https:\/\/elmawkie.dz\/fr\/wp-json\/wp\/v2\/posts\/6288\/revisions"}],"wp:featuredmedia":[{"embeddable":true,"href":"https:\/\/elmawkie.dz\/fr\/wp-json\/wp\/v2\/media\/6289"}],"wp:attachment":[{"href":"https:\/\/elmawkie.dz\/fr\/wp-json\/wp\/v2\/media?parent=6288"}],"wp:term":[{"taxonomy":"category","embeddable":true,"href":"https:\/\/elmawkie.dz\/fr\/wp-json\/wp\/v2\/categories?post=6288"},{"taxonomy":"post_tag","embeddable":true,"href":"https:\/\/elmawkie.dz\/fr\/wp-json\/wp\/v2\/tags?post=6288"}],"curies":[{"name":"wp","href":"https:\/\/api.w.org\/{rel}","templated":true}]}}