{"id":6235,"date":"2024-11-02T20:27:53","date_gmt":"2024-11-02T19:27:53","guid":{"rendered":"https:\/\/elmawkie.dz\/fr\/?p=6235"},"modified":"2024-11-02T20:27:53","modified_gmt":"2024-11-02T19:27:53","slug":"commemoration-du-70e-anniversaire-de-la-revolution-de-novembre-le-president-de-la-republique-recoit-les-voeux-du-president-iranien","status":"publish","type":"post","link":"https:\/\/elmawkie.dz\/fr\/commemoration-du-70e-anniversaire-de-la-revolution-de-novembre-le-president-de-la-republique-recoit-les-voeux-du-president-iranien\/","title":{"rendered":"Comm\u00e9moration du 70e anniversaire de la R\u00e9volution de Novembre : le Pr\u00e9sident de la R\u00e9publique re\u00e7oit les v\u0153ux du Pr\u00e9sident iranien"},"content":{"rendered":"<p><strong><em>Le pr\u00e9sident de la R\u00e9publique, M. Abdelmadjid Tebboune a re\u00e7u, samedi, un message de v\u0153ux du pr\u00e9sident de la R\u00e9publique islamique d&rsquo;Iran, M. Masoud Pezeshkian, \u00e0 l&rsquo;occasion du 70e anniversaire du d\u00e9clenchement de la glorieuse R\u00e9volution de lib\u00e9ration. \u00ab\u00a0A l&rsquo;occasion du 70e anniversaire du d\u00e9clenchement de la R\u00e9volution de lib\u00e9ration alg\u00e9rienne, il m&rsquo;est agr\u00e9able de pr\u00e9senter \u00e0 votre excellence, ainsi qu&rsquo;au grand peuple alg\u00e9rien, mes v\u0153ux les plus sinc\u00e8res\u00a0\u00bb, lit-on dans le message de v\u0153ux. \u00ab\u00a0En cette occasion qui co\u00efncide avec le 60e anniversaire des relations entre l&rsquo;Iran et l&rsquo;Alg\u00e9rie, j&rsquo;ai le plaisir de porter \u00e0 votre connaissance la disposition de la R\u00e9publique islamique d&rsquo;Iran, \u00e0 raffermir et consolider les relations et la coop\u00e9ration entre les deux pays \u00e0 tous les niveaux et dans divers domaines, priant Allah le Tout puissant de vous accorder sant\u00e9 et succ\u00e8s, et \u00e0 l&rsquo;Alg\u00e9rie, pays fr\u00e8re et ami, \u00e0 son gouvernement et \u00e0 son peuple, progr\u00e8s et prosp\u00e9rit\u00e9\u00a0\u00bb, a ajout\u00e9 le Pr\u00e9sident iranien. <\/em><\/strong><\/p>\n","protected":false},"excerpt":{"rendered":"<p>Le pr\u00e9sident de la R\u00e9publique, M. Abdelmadjid Tebboune a re\u00e7u, samedi, un message de v\u0153ux du pr\u00e9sident de la R\u00e9publique islamique d&rsquo;Iran, M. Masoud Pezeshkian, \u00e0 l&rsquo;occasion du 70e anniversaire du d\u00e9clenchement de la glorieuse R\u00e9volution de lib\u00e9ration. \u00ab\u00a0A l&rsquo;occasion du 70e anniversaire du d\u00e9clenchement de la R\u00e9volution de lib\u00e9ration alg\u00e9rienne, il m&rsquo;est agr\u00e9able de &hellip;<\/p>\n","protected":false},"author":9,"featured_media":6236,"comment_status":"open","ping_status":"open","sticky":false,"template":"","format":"standard","meta":{"footnotes":""},"categories":[47],"tags":[1168,596,1169],"class_list":["post-6235","post","type-post","status-publish","format-standard","has-post-thumbnail","hentry","category-national","tag-commemoration-du-70e-anniversaire-de-la-revolution-de-novembre","tag-le-president-de-la-republique","tag-president-iranien"],"yoast_head":"<!-- This site is optimized with the Yoast SEO Premium plugin v22.6 (Yoast SEO v22.6) - https:\/\/yoast.com\/wordpress\/plugins\/seo\/ -->\n<title>Comm\u00e9moration du 70e anniversaire de la R\u00e9volution de Novembre : le Pr\u00e9sident de la R\u00e9publique re\u00e7oit les v\u0153ux du Pr\u00e9sident iranien - El Mawkie<\/title>\n<meta name=\"robots\" content=\"index, follow, max-snippet:-1, max-image-preview:large, max-video-preview:-1\" \/>\n<link rel=\"canonical\" href=\"https:\/\/elmawkie.dz\/fr\/commemoration-du-70e-anniversaire-de-la-revolution-de-novembre-le-president-de-la-republique-recoit-les-voeux-du-president-iranien\/\" \/>\n<meta property=\"og:locale\" content=\"fr_FR\" \/>\n<meta property=\"og:type\" content=\"article\" \/>\n<meta property=\"og:title\" content=\"Comm\u00e9moration du 70e anniversaire de la R\u00e9volution de Novembre : le Pr\u00e9sident de la R\u00e9publique re\u00e7oit les v\u0153ux du Pr\u00e9sident iranien\" \/>\n<meta property=\"og:description\" content=\"Le pr\u00e9sident de la R\u00e9publique, M. Abdelmadjid Tebboune a re\u00e7u, samedi, un message de v\u0153ux du pr\u00e9sident de la R\u00e9publique islamique d&rsquo;Iran, M. Masoud Pezeshkian, \u00e0 l&rsquo;occasion du 70e anniversaire du d\u00e9clenchement de la glorieuse R\u00e9volution de lib\u00e9ration. \u00ab\u00a0A l&rsquo;occasion du 70e anniversaire du d\u00e9clenchement de la R\u00e9volution de lib\u00e9ration alg\u00e9rienne, il m&rsquo;est agr\u00e9able de &hellip;\" \/>\n<meta property=\"og:url\" content=\"https:\/\/elmawkie.dz\/fr\/commemoration-du-70e-anniversaire-de-la-revolution-de-novembre-le-president-de-la-republique-recoit-les-voeux-du-president-iranien\/\" \/>\n<meta property=\"og:site_name\" content=\"El Mawkie\" \/>\n<meta property=\"article:publisher\" content=\"https:\/\/www.facebook.com\/profile.php?id=100088407094989&amp;locale=fr_FR\" \/>\n<meta property=\"article:published_time\" content=\"2024-11-02T19:27:53+00:00\" \/>\n<meta property=\"og:image\" content=\"https:\/\/elmawkie.dz\/fr\/wp-content\/uploads\/2024\/11\/IMG_4191.jpeg\" \/>\n\t<meta property=\"og:image:width\" content=\"1280\" \/>\n\t<meta property=\"og:image:height\" content=\"720\" \/>\n\t<meta property=\"og:image:type\" content=\"image\/jpeg\" \/>\n<meta name=\"author\" content=\"R\u00e9daction\" \/>\n<meta name=\"twitter:card\" content=\"summary_large_image\" \/>\n<meta name=\"twitter:label1\" content=\"Written by\" \/>\n\t<meta name=\"twitter:data1\" content=\"R\u00e9daction\" \/>\n\t<meta name=\"twitter:label2\" content=\"Est. reading time\" \/>\n\t<meta name=\"twitter:data2\" content=\"1 minute\" \/>\n<script type=\"application\/ld+json\" class=\"yoast-schema-graph\">{\"@context\":\"https:\/\/schema.org\",\"@graph\":[{\"@type\":\"Article\",\"@id\":\"https:\/\/elmawkie.dz\/fr\/commemoration-du-70e-anniversaire-de-la-revolution-de-novembre-le-president-de-la-republique-recoit-les-voeux-du-president-iranien\/#article\",\"isPartOf\":{\"@id\":\"https:\/\/elmawkie.dz\/fr\/commemoration-du-70e-anniversaire-de-la-revolution-de-novembre-le-president-de-la-republique-recoit-les-voeux-du-president-iranien\/\"},\"author\":{\"name\":\"R\u00e9daction\",\"@id\":\"https:\/\/elmawkie.dz\/fr\/#\/schema\/person\/e7bd59d6467874ba5c4723d8a9f0a63c\"},\"headline\":\"Comm\u00e9moration du 70e anniversaire de la R\u00e9volution de Novembre : le Pr\u00e9sident de la R\u00e9publique re\u00e7oit les v\u0153ux du Pr\u00e9sident iranien\",\"datePublished\":\"2024-11-02T19:27:53+00:00\",\"dateModified\":\"2024-11-02T19:27:53+00:00\",\"mainEntityOfPage\":{\"@id\":\"https:\/\/elmawkie.dz\/fr\/commemoration-du-70e-anniversaire-de-la-revolution-de-novembre-le-president-de-la-republique-recoit-les-voeux-du-president-iranien\/\"},\"wordCount\":217,\"commentCount\":0,\"publisher\":{\"@id\":\"https:\/\/elmawkie.dz\/fr\/#organization\"},\"image\":{\"@id\":\"https:\/\/elmawkie.dz\/fr\/commemoration-du-70e-anniversaire-de-la-revolution-de-novembre-le-president-de-la-republique-recoit-les-voeux-du-president-iranien\/#primaryimage\"},\"thumbnailUrl\":\"https:\/\/elmawkie.dz\/fr\/wp-content\/uploads\/2024\/11\/IMG_4191.jpeg\",\"keywords\":[\"Comm\u00e9moration du 70e anniversaire de la R\u00e9volution de Novembre\",\"le pr\u00e9sident de la R\u00e9publique\",\"Pr\u00e9sident iranien\"],\"articleSection\":[\"National\"],\"inLanguage\":\"fr-FR\",\"potentialAction\":[{\"@type\":\"CommentAction\",\"name\":\"Comment\",\"target\":[\"https:\/\/elmawkie.dz\/fr\/commemoration-du-70e-anniversaire-de-la-revolution-de-novembre-le-president-de-la-republique-recoit-les-voeux-du-president-iranien\/#respond\"]}]},{\"@type\":\"WebPage\",\"@id\":\"https:\/\/elmawkie.dz\/fr\/commemoration-du-70e-anniversaire-de-la-revolution-de-novembre-le-president-de-la-republique-recoit-les-voeux-du-president-iranien\/\",\"url\":\"https:\/\/elmawkie.dz\/fr\/commemoration-du-70e-anniversaire-de-la-revolution-de-novembre-le-president-de-la-republique-recoit-les-voeux-du-president-iranien\/\",\"name\":\"Comm\u00e9moration du 70e anniversaire de la R\u00e9volution de Novembre : le Pr\u00e9sident de la R\u00e9publique re\u00e7oit les v\u0153ux du Pr\u00e9sident iranien - El Mawkie\",\"isPartOf\":{\"@id\":\"https:\/\/elmawkie.dz\/fr\/#website\"},\"primaryImageOfPage\":{\"@id\":\"https:\/\/elmawkie.dz\/fr\/commemoration-du-70e-anniversaire-de-la-revolution-de-novembre-le-president-de-la-republique-recoit-les-voeux-du-president-iranien\/#primaryimage\"},\"image\":{\"@id\":\"https:\/\/elmawkie.dz\/fr\/commemoration-du-70e-anniversaire-de-la-revolution-de-novembre-le-president-de-la-republique-recoit-les-voeux-du-president-iranien\/#primaryimage\"},\"thumbnailUrl\":\"https:\/\/elmawkie.dz\/fr\/wp-content\/uploads\/2024\/11\/IMG_4191.jpeg\",\"datePublished\":\"2024-11-02T19:27:53+00:00\",\"dateModified\":\"2024-11-02T19:27:53+00:00\",\"breadcrumb\":{\"@id\":\"https:\/\/elmawkie.dz\/fr\/commemoration-du-70e-anniversaire-de-la-revolution-de-novembre-le-president-de-la-republique-recoit-les-voeux-du-president-iranien\/#breadcrumb\"},\"inLanguage\":\"fr-FR\",\"potentialAction\":[{\"@type\":\"ReadAction\",\"target\":[\"https:\/\/elmawkie.dz\/fr\/commemoration-du-70e-anniversaire-de-la-revolution-de-novembre-le-president-de-la-republique-recoit-les-voeux-du-president-iranien\/\"]}]},{\"@type\":\"ImageObject\",\"inLanguage\":\"fr-FR\",\"@id\":\"https:\/\/elmawkie.dz\/fr\/commemoration-du-70e-anniversaire-de-la-revolution-de-novembre-le-president-de-la-republique-recoit-les-voeux-du-president-iranien\/#primaryimage\",\"url\":\"https:\/\/elmawkie.dz\/fr\/wp-content\/uploads\/2024\/11\/IMG_4191.jpeg\",\"contentUrl\":\"https:\/\/elmawkie.dz\/fr\/wp-content\/uploads\/2024\/11\/IMG_4191.jpeg\",\"width\":1280,\"height\":720},{\"@type\":\"BreadcrumbList\",\"@id\":\"https:\/\/elmawkie.dz\/fr\/commemoration-du-70e-anniversaire-de-la-revolution-de-novembre-le-president-de-la-republique-recoit-les-voeux-du-president-iranien\/#breadcrumb\",\"itemListElement\":[{\"@type\":\"ListItem\",\"position\":1,\"name\":\"Home\",\"item\":\"https:\/\/elmawkie.dz\/fr\/\"},{\"@type\":\"ListItem\",\"position\":2,\"name\":\"Comm\u00e9moration du 70e anniversaire de la R\u00e9volution de Novembre : le Pr\u00e9sident de la R\u00e9publique re\u00e7oit les v\u0153ux du Pr\u00e9sident iranien\"}]},{\"@type\":\"WebSite\",\"@id\":\"https:\/\/elmawkie.dz\/fr\/#website\",\"url\":\"https:\/\/elmawkie.dz\/fr\/\",\"name\":\"EL MAWKIE\",\"description\":\"Journal \u00c9lectronique Alg\u00e9rien\",\"publisher\":{\"@id\":\"https:\/\/elmawkie.dz\/fr\/#organization\"},\"potentialAction\":[{\"@type\":\"SearchAction\",\"target\":{\"@type\":\"EntryPoint\",\"urlTemplate\":\"https:\/\/elmawkie.dz\/fr\/?s={search_term_string}\"},\"query-input\":\"required name=search_term_string\"}],\"inLanguage\":\"fr-FR\"},{\"@type\":\"Organization\",\"@id\":\"https:\/\/elmawkie.dz\/fr\/#organization\",\"name\":\"EL MAWKIE\",\"url\":\"https:\/\/elmawkie.dz\/fr\/\",\"logo\":{\"@type\":\"ImageObject\",\"inLanguage\":\"fr-FR\",\"@id\":\"https:\/\/elmawkie.dz\/fr\/#\/schema\/logo\/image\/\",\"url\":\"https:\/\/elmawkie.dz\/fr\/wp-content\/uploads\/2024\/05\/logo1.png\",\"contentUrl\":\"https:\/\/elmawkie.dz\/fr\/wp-content\/uploads\/2024\/05\/logo1.png\",\"width\":1648,\"height\":652,\"caption\":\"EL MAWKIE\"},\"image\":{\"@id\":\"https:\/\/elmawkie.dz\/fr\/#\/schema\/logo\/image\/\"},\"sameAs\":[\"https:\/\/www.facebook.com\/profile.php?id=100088407094989&locale=fr_FR\"]},{\"@type\":\"Person\",\"@id\":\"https:\/\/elmawkie.dz\/fr\/#\/schema\/person\/e7bd59d6467874ba5c4723d8a9f0a63c\",\"name\":\"R\u00e9daction\",\"image\":{\"@type\":\"ImageObject\",\"inLanguage\":\"fr-FR\",\"@id\":\"https:\/\/elmawkie.dz\/fr\/#\/schema\/person\/image\/\",\"url\":\"https:\/\/secure.gravatar.com\/avatar\/f0f773456344da4d2788c054a3d30a0c?s=96&d=mm&r=g\",\"contentUrl\":\"https:\/\/secure.gravatar.com\/avatar\/f0f773456344da4d2788c054a3d30a0c?s=96&d=mm&r=g\",\"caption\":\"R\u00e9daction\"},\"url\":\"https:\/\/elmawkie.dz\/fr\/author\/redaction\/\"}]}<\/script>\n<!-- \/ Yoast SEO Premium plugin. -->","yoast_head_json":{"title":"Comm\u00e9moration du 70e anniversaire de la R\u00e9volution de Novembre : le Pr\u00e9sident de la R\u00e9publique re\u00e7oit les v\u0153ux du Pr\u00e9sident iranien - El Mawkie","robots":{"index":"index","follow":"follow","max-snippet":"max-snippet:-1","max-image-preview":"max-image-preview:large","max-video-preview":"max-video-preview:-1"},"canonical":"https:\/\/elmawkie.dz\/fr\/commemoration-du-70e-anniversaire-de-la-revolution-de-novembre-le-president-de-la-republique-recoit-les-voeux-du-president-iranien\/","og_locale":"fr_FR","og_type":"article","og_title":"Comm\u00e9moration du 70e anniversaire de la R\u00e9volution de Novembre : le Pr\u00e9sident de la R\u00e9publique re\u00e7oit les v\u0153ux du Pr\u00e9sident iranien","og_description":"Le pr\u00e9sident de la R\u00e9publique, M. Abdelmadjid Tebboune a re\u00e7u, samedi, un message de v\u0153ux du pr\u00e9sident de la R\u00e9publique islamique d&rsquo;Iran, M. Masoud Pezeshkian, \u00e0 l&rsquo;occasion du 70e anniversaire du d\u00e9clenchement de la glorieuse R\u00e9volution de lib\u00e9ration. \u00ab\u00a0A l&rsquo;occasion du 70e anniversaire du d\u00e9clenchement de la R\u00e9volution de lib\u00e9ration alg\u00e9rienne, il m&rsquo;est agr\u00e9able de &hellip;","og_url":"https:\/\/elmawkie.dz\/fr\/commemoration-du-70e-anniversaire-de-la-revolution-de-novembre-le-president-de-la-republique-recoit-les-voeux-du-president-iranien\/","og_site_name":"El Mawkie","article_publisher":"https:\/\/www.facebook.com\/profile.php?id=100088407094989&locale=fr_FR","article_published_time":"2024-11-02T19:27:53+00:00","og_image":[{"width":1280,"height":720,"url":"https:\/\/elmawkie.dz\/fr\/wp-content\/uploads\/2024\/11\/IMG_4191.jpeg","type":"image\/jpeg"}],"author":"R\u00e9daction","twitter_card":"summary_large_image","twitter_misc":{"Written by":"R\u00e9daction","Est. reading time":"1 minute"},"schema":{"@context":"https:\/\/schema.org","@graph":[{"@type":"Article","@id":"https:\/\/elmawkie.dz\/fr\/commemoration-du-70e-anniversaire-de-la-revolution-de-novembre-le-president-de-la-republique-recoit-les-voeux-du-president-iranien\/#article","isPartOf":{"@id":"https:\/\/elmawkie.dz\/fr\/commemoration-du-70e-anniversaire-de-la-revolution-de-novembre-le-president-de-la-republique-recoit-les-voeux-du-president-iranien\/"},"author":{"name":"R\u00e9daction","@id":"https:\/\/elmawkie.dz\/fr\/#\/schema\/person\/e7bd59d6467874ba5c4723d8a9f0a63c"},"headline":"Comm\u00e9moration du 70e anniversaire de la R\u00e9volution de Novembre : le Pr\u00e9sident de la R\u00e9publique re\u00e7oit les v\u0153ux du Pr\u00e9sident iranien","datePublished":"2024-11-02T19:27:53+00:00","dateModified":"2024-11-02T19:27:53+00:00","mainEntityOfPage":{"@id":"https:\/\/elmawkie.dz\/fr\/commemoration-du-70e-anniversaire-de-la-revolution-de-novembre-le-president-de-la-republique-recoit-les-voeux-du-president-iranien\/"},"wordCount":217,"commentCount":0,"publisher":{"@id":"https:\/\/elmawkie.dz\/fr\/#organization"},"image":{"@id":"https:\/\/elmawkie.dz\/fr\/commemoration-du-70e-anniversaire-de-la-revolution-de-novembre-le-president-de-la-republique-recoit-les-voeux-du-president-iranien\/#primaryimage"},"thumbnailUrl":"https:\/\/elmawkie.dz\/fr\/wp-content\/uploads\/2024\/11\/IMG_4191.jpeg","keywords":["Comm\u00e9moration du 70e anniversaire de la R\u00e9volution de Novembre","le pr\u00e9sident de la R\u00e9publique","Pr\u00e9sident iranien"],"articleSection":["National"],"inLanguage":"fr-FR","potentialAction":[{"@type":"CommentAction","name":"Comment","target":["https:\/\/elmawkie.dz\/fr\/commemoration-du-70e-anniversaire-de-la-revolution-de-novembre-le-president-de-la-republique-recoit-les-voeux-du-president-iranien\/#respond"]}]},{"@type":"WebPage","@id":"https:\/\/elmawkie.dz\/fr\/commemoration-du-70e-anniversaire-de-la-revolution-de-novembre-le-president-de-la-republique-recoit-les-voeux-du-president-iranien\/","url":"https:\/\/elmawkie.dz\/fr\/commemoration-du-70e-anniversaire-de-la-revolution-de-novembre-le-president-de-la-republique-recoit-les-voeux-du-president-iranien\/","name":"Comm\u00e9moration du 70e anniversaire de la R\u00e9volution de Novembre : le Pr\u00e9sident de la R\u00e9publique re\u00e7oit les v\u0153ux du Pr\u00e9sident iranien - El Mawkie","isPartOf":{"@id":"https:\/\/elmawkie.dz\/fr\/#website"},"primaryImageOfPage":{"@id":"https:\/\/elmawkie.dz\/fr\/commemoration-du-70e-anniversaire-de-la-revolution-de-novembre-le-president-de-la-republique-recoit-les-voeux-du-president-iranien\/#primaryimage"},"image":{"@id":"https:\/\/elmawkie.dz\/fr\/commemoration-du-70e-anniversaire-de-la-revolution-de-novembre-le-president-de-la-republique-recoit-les-voeux-du-president-iranien\/#primaryimage"},"thumbnailUrl":"https:\/\/elmawkie.dz\/fr\/wp-content\/uploads\/2024\/11\/IMG_4191.jpeg","datePublished":"2024-11-02T19:27:53+00:00","dateModified":"2024-11-02T19:27:53+00:00","breadcrumb":{"@id":"https:\/\/elmawkie.dz\/fr\/commemoration-du-70e-anniversaire-de-la-revolution-de-novembre-le-president-de-la-republique-recoit-les-voeux-du-president-iranien\/#breadcrumb"},"inLanguage":"fr-FR","potentialAction":[{"@type":"ReadAction","target":["https:\/\/elmawkie.dz\/fr\/commemoration-du-70e-anniversaire-de-la-revolution-de-novembre-le-president-de-la-republique-recoit-les-voeux-du-president-iranien\/"]}]},{"@type":"ImageObject","inLanguage":"fr-FR","@id":"https:\/\/elmawkie.dz\/fr\/commemoration-du-70e-anniversaire-de-la-revolution-de-novembre-le-president-de-la-republique-recoit-les-voeux-du-president-iranien\/#primaryimage","url":"https:\/\/elmawkie.dz\/fr\/wp-content\/uploads\/2024\/11\/IMG_4191.jpeg","contentUrl":"https:\/\/elmawkie.dz\/fr\/wp-content\/uploads\/2024\/11\/IMG_4191.jpeg","width":1280,"height":720},{"@type":"BreadcrumbList","@id":"https:\/\/elmawkie.dz\/fr\/commemoration-du-70e-anniversaire-de-la-revolution-de-novembre-le-president-de-la-republique-recoit-les-voeux-du-president-iranien\/#breadcrumb","itemListElement":[{"@type":"ListItem","position":1,"name":"Home","item":"https:\/\/elmawkie.dz\/fr\/"},{"@type":"ListItem","position":2,"name":"Comm\u00e9moration du 70e anniversaire de la R\u00e9volution de Novembre : le Pr\u00e9sident de la R\u00e9publique re\u00e7oit les v\u0153ux du Pr\u00e9sident iranien"}]},{"@type":"WebSite","@id":"https:\/\/elmawkie.dz\/fr\/#website","url":"https:\/\/elmawkie.dz\/fr\/","name":"EL MAWKIE","description":"Journal \u00c9lectronique Alg\u00e9rien","publisher":{"@id":"https:\/\/elmawkie.dz\/fr\/#organization"},"potentialAction":[{"@type":"SearchAction","target":{"@type":"EntryPoint","urlTemplate":"https:\/\/elmawkie.dz\/fr\/?s={search_term_string}"},"query-input":"required name=search_term_string"}],"inLanguage":"fr-FR"},{"@type":"Organization","@id":"https:\/\/elmawkie.dz\/fr\/#organization","name":"EL MAWKIE","url":"https:\/\/elmawkie.dz\/fr\/","logo":{"@type":"ImageObject","inLanguage":"fr-FR","@id":"https:\/\/elmawkie.dz\/fr\/#\/schema\/logo\/image\/","url":"https:\/\/elmawkie.dz\/fr\/wp-content\/uploads\/2024\/05\/logo1.png","contentUrl":"https:\/\/elmawkie.dz\/fr\/wp-content\/uploads\/2024\/05\/logo1.png","width":1648,"height":652,"caption":"EL MAWKIE"},"image":{"@id":"https:\/\/elmawkie.dz\/fr\/#\/schema\/logo\/image\/"},"sameAs":["https:\/\/www.facebook.com\/profile.php?id=100088407094989&locale=fr_FR"]},{"@type":"Person","@id":"https:\/\/elmawkie.dz\/fr\/#\/schema\/person\/e7bd59d6467874ba5c4723d8a9f0a63c","name":"R\u00e9daction","image":{"@type":"ImageObject","inLanguage":"fr-FR","@id":"https:\/\/elmawkie.dz\/fr\/#\/schema\/person\/image\/","url":"https:\/\/secure.gravatar.com\/avatar\/f0f773456344da4d2788c054a3d30a0c?s=96&d=mm&r=g","contentUrl":"https:\/\/secure.gravatar.com\/avatar\/f0f773456344da4d2788c054a3d30a0c?s=96&d=mm&r=g","caption":"R\u00e9daction"},"url":"https:\/\/elmawkie.dz\/fr\/author\/redaction\/"}]}},"_links":{"self":[{"href":"https:\/\/elmawkie.dz\/fr\/wp-json\/wp\/v2\/posts\/6235","targetHints":{"allow":["GET"]}}],"collection":[{"href":"https:\/\/elmawkie.dz\/fr\/wp-json\/wp\/v2\/posts"}],"about":[{"href":"https:\/\/elmawkie.dz\/fr\/wp-json\/wp\/v2\/types\/post"}],"author":[{"embeddable":true,"href":"https:\/\/elmawkie.dz\/fr\/wp-json\/wp\/v2\/users\/9"}],"replies":[{"embeddable":true,"href":"https:\/\/elmawkie.dz\/fr\/wp-json\/wp\/v2\/comments?post=6235"}],"version-history":[{"count":0,"href":"https:\/\/elmawkie.dz\/fr\/wp-json\/wp\/v2\/posts\/6235\/revisions"}],"wp:featuredmedia":[{"embeddable":true,"href":"https:\/\/elmawkie.dz\/fr\/wp-json\/wp\/v2\/media\/6236"}],"wp:attachment":[{"href":"https:\/\/elmawkie.dz\/fr\/wp-json\/wp\/v2\/media?parent=6235"}],"wp:term":[{"taxonomy":"category","embeddable":true,"href":"https:\/\/elmawkie.dz\/fr\/wp-json\/wp\/v2\/categories?post=6235"},{"taxonomy":"post_tag","embeddable":true,"href":"https:\/\/elmawkie.dz\/fr\/wp-json\/wp\/v2\/tags?post=6235"}],"curies":[{"name":"wp","href":"https:\/\/api.w.org\/{rel}","templated":true}]}}