{"id":62016,"date":"2026-02-02T14:44:11","date_gmt":"2026-02-02T13:44:11","guid":{"rendered":"https:\/\/elmawkie.dz\/fr\/?p=62016"},"modified":"2026-02-02T14:44:12","modified_gmt":"2026-02-02T13:44:12","slug":"oran-partenariat-academique-entre-luniversite-des-sciences-et-technologies-et-linstitut-hydrometeorologique","status":"publish","type":"post","link":"https:\/\/elmawkie.dz\/fr\/oran-partenariat-academique-entre-luniversite-des-sciences-et-technologies-et-linstitut-hydrometeorologique\/","title":{"rendered":"Oran : partenariat acad\u00e9mique entre l\u2019Universit\u00e9 des sciences et technologies et l\u2019Institut hydrom\u00e9t\u00e9orologique"},"content":{"rendered":"\n<p>L\u2019Universit\u00e9 des sciences et de la technologie \u00ab\u00a0Mohamed Boudiaf\u00a0\u00bb d\u2019Oran a sign\u00e9 une convention de coop\u00e9ration avec l\u2019Institut hydro-m\u00e9t\u00e9orologique de formation et de recherche, en vue de d\u00e9velopper des programmes de formation sp\u00e9cialis\u00e9e dans plusieurs domaines, a-t-on appris, lundi, aupr\u00e8s de cet \u00e9tablissement universitaire.<\/p>\n\n\n\n<p>La convention a \u00e9t\u00e9 sign\u00e9e par le recteur de l\u2019universit\u00e9, le professeur \u00e9m\u00e9rite Ahmed Hamou, et M. Othmane Cherif Abdelilah, en pr\u00e9sence de cadres des deux institutions.<\/p>\n\n\n\n<p>Cette initiative refl\u00e8te, selon la m\u00eame source, \u00ab\u00a0la volont\u00e9 commune des deux \u00e9tablissements de renforcer un partenariat institutionnel solide aux niveaux scientifique et acad\u00e9mique, ainsi que dans le domaine de la recherche scientifique\u00a0\u00bb.<\/p>\n\n\n\n<p>La convention vise \u00e0 d\u00e9velopper des programmes de formation sp\u00e9cialis\u00e9e dans les domaines de l\u2019hydro-m\u00e9t\u00e9orologie, de l\u2019environnement et des sciences appliqu\u00e9es, tout en renfor\u00e7ant la recherche scientifique conjointe, notamment en lien avec les d\u00e9fis climatiques, la gestion des ressources en eau et la mod\u00e9lisation des ph\u00e9nom\u00e8nes hydro-m\u00e9t\u00e9orologiques.<\/p>\n\n\n\n<p>Elle ambitionne \u00e9galement de promouvoir l\u2019\u00e9change d\u2019expertises, la co-encadrement acad\u00e9mique, la valorisation des comp\u00e9tences scientifiques et le renforcement des liens entre le secteur de l\u2019enseignement sup\u00e9rieur et de la recherche scientifique, en ad\u00e9quation avec les besoins strat\u00e9giques nationaux, pr\u00e9cise la m\u00eame source.<\/p>\n\n\n\n<p>Cette d\u00e9marche est consid\u00e9r\u00e9e comme \u00ab\u00a0une \u00e9tape importante dans le renforcement des relations acad\u00e9miques et scientifiques, contribuant \u00e0 l\u2019am\u00e9lioration de la qualit\u00e9 de la formation, au soutien de l\u2019innovation scientifique et au renforcement de l\u2019impact institutionnel\u00a0\u00bb, a soulign\u00e9 la m\u00eame source.<\/p>\n","protected":false},"excerpt":{"rendered":"<p>L\u2019Universit\u00e9 des sciences et de la technologie \u00ab\u00a0Mohamed Boudiaf\u00a0\u00bb d\u2019Oran a sign\u00e9 une convention de coop\u00e9ration avec l\u2019Institut hydro-m\u00e9t\u00e9orologique de formation et de recherche, en vue de d\u00e9velopper des programmes de formation sp\u00e9cialis\u00e9e dans plusieurs domaines, a-t-on appris, lundi, aupr\u00e8s de cet \u00e9tablissement universitaire. La convention a \u00e9t\u00e9 sign\u00e9e par le recteur de l\u2019universit\u00e9, le &hellip;<\/p>\n","protected":false},"author":9,"featured_media":62018,"comment_status":"open","ping_status":"open","sticky":false,"template":"","format":"standard","meta":{"footnotes":""},"categories":[50],"tags":[],"class_list":["post-62016","post","type-post","status-publish","format-standard","has-post-thumbnail","hentry","category-region"],"yoast_head":"<!-- This site is optimized with the Yoast SEO Premium plugin v22.6 (Yoast SEO v22.6) - https:\/\/yoast.com\/wordpress\/plugins\/seo\/ -->\n<title>Oran : partenariat acad\u00e9mique entre l\u2019Universit\u00e9 des sciences et technologies et l\u2019Institut hydrom\u00e9t\u00e9orologique - El Mawkie<\/title>\n<meta name=\"robots\" content=\"index, follow, max-snippet:-1, max-image-preview:large, max-video-preview:-1\" \/>\n<link rel=\"canonical\" href=\"https:\/\/elmawkie.dz\/fr\/oran-partenariat-academique-entre-luniversite-des-sciences-et-technologies-et-linstitut-hydrometeorologique\/\" \/>\n<meta property=\"og:locale\" content=\"fr_FR\" \/>\n<meta property=\"og:type\" content=\"article\" \/>\n<meta property=\"og:title\" content=\"Oran : partenariat acad\u00e9mique entre l\u2019Universit\u00e9 des sciences et technologies et l\u2019Institut hydrom\u00e9t\u00e9orologique\" \/>\n<meta property=\"og:description\" content=\"L\u2019Universit\u00e9 des sciences et de la technologie \u00ab\u00a0Mohamed Boudiaf\u00a0\u00bb d\u2019Oran a sign\u00e9 une convention de coop\u00e9ration avec l\u2019Institut hydro-m\u00e9t\u00e9orologique de formation et de recherche, en vue de d\u00e9velopper des programmes de formation sp\u00e9cialis\u00e9e dans plusieurs domaines, a-t-on appris, lundi, aupr\u00e8s de cet \u00e9tablissement universitaire. La convention a \u00e9t\u00e9 sign\u00e9e par le recteur de l\u2019universit\u00e9, le &hellip;\" \/>\n<meta property=\"og:url\" content=\"https:\/\/elmawkie.dz\/fr\/oran-partenariat-academique-entre-luniversite-des-sciences-et-technologies-et-linstitut-hydrometeorologique\/\" \/>\n<meta property=\"og:site_name\" content=\"El Mawkie\" \/>\n<meta property=\"article:publisher\" content=\"https:\/\/www.facebook.com\/profile.php?id=100088407094989&amp;locale=fr_FR\" \/>\n<meta property=\"article:published_time\" content=\"2026-02-02T13:44:11+00:00\" \/>\n<meta property=\"article:modified_time\" content=\"2026-02-02T13:44:12+00:00\" \/>\n<meta property=\"og:image\" content=\"https:\/\/elmawkie.dz\/fr\/wp-content\/uploads\/2026\/02\/IMG_9563.jpeg\" \/>\n\t<meta property=\"og:image:width\" content=\"1080\" \/>\n\t<meta property=\"og:image:height\" content=\"844\" \/>\n\t<meta property=\"og:image:type\" content=\"image\/jpeg\" \/>\n<meta name=\"author\" content=\"R\u00e9daction\" \/>\n<meta name=\"twitter:card\" content=\"summary_large_image\" \/>\n<meta name=\"twitter:label1\" content=\"Written by\" \/>\n\t<meta name=\"twitter:data1\" content=\"R\u00e9daction\" \/>\n\t<meta name=\"twitter:label2\" content=\"Est. reading time\" \/>\n\t<meta name=\"twitter:data2\" content=\"2 minutes\" \/>\n<script type=\"application\/ld+json\" class=\"yoast-schema-graph\">{\"@context\":\"https:\/\/schema.org\",\"@graph\":[{\"@type\":\"Article\",\"@id\":\"https:\/\/elmawkie.dz\/fr\/oran-partenariat-academique-entre-luniversite-des-sciences-et-technologies-et-linstitut-hydrometeorologique\/#article\",\"isPartOf\":{\"@id\":\"https:\/\/elmawkie.dz\/fr\/oran-partenariat-academique-entre-luniversite-des-sciences-et-technologies-et-linstitut-hydrometeorologique\/\"},\"author\":{\"name\":\"R\u00e9daction\",\"@id\":\"https:\/\/elmawkie.dz\/fr\/#\/schema\/person\/e7bd59d6467874ba5c4723d8a9f0a63c\"},\"headline\":\"Oran : partenariat acad\u00e9mique entre l\u2019Universit\u00e9 des sciences et technologies et l\u2019Institut hydrom\u00e9t\u00e9orologique\",\"datePublished\":\"2026-02-02T13:44:11+00:00\",\"dateModified\":\"2026-02-02T13:44:12+00:00\",\"mainEntityOfPage\":{\"@id\":\"https:\/\/elmawkie.dz\/fr\/oran-partenariat-academique-entre-luniversite-des-sciences-et-technologies-et-linstitut-hydrometeorologique\/\"},\"wordCount\":300,\"commentCount\":0,\"publisher\":{\"@id\":\"https:\/\/elmawkie.dz\/fr\/#organization\"},\"image\":{\"@id\":\"https:\/\/elmawkie.dz\/fr\/oran-partenariat-academique-entre-luniversite-des-sciences-et-technologies-et-linstitut-hydrometeorologique\/#primaryimage\"},\"thumbnailUrl\":\"https:\/\/elmawkie.dz\/fr\/wp-content\/uploads\/2026\/02\/IMG_9563.jpeg\",\"articleSection\":[\"R\u00e9gion\"],\"inLanguage\":\"fr-FR\",\"potentialAction\":[{\"@type\":\"CommentAction\",\"name\":\"Comment\",\"target\":[\"https:\/\/elmawkie.dz\/fr\/oran-partenariat-academique-entre-luniversite-des-sciences-et-technologies-et-linstitut-hydrometeorologique\/#respond\"]}]},{\"@type\":\"WebPage\",\"@id\":\"https:\/\/elmawkie.dz\/fr\/oran-partenariat-academique-entre-luniversite-des-sciences-et-technologies-et-linstitut-hydrometeorologique\/\",\"url\":\"https:\/\/elmawkie.dz\/fr\/oran-partenariat-academique-entre-luniversite-des-sciences-et-technologies-et-linstitut-hydrometeorologique\/\",\"name\":\"Oran : partenariat acad\u00e9mique entre l\u2019Universit\u00e9 des sciences et technologies et l\u2019Institut hydrom\u00e9t\u00e9orologique - El Mawkie\",\"isPartOf\":{\"@id\":\"https:\/\/elmawkie.dz\/fr\/#website\"},\"primaryImageOfPage\":{\"@id\":\"https:\/\/elmawkie.dz\/fr\/oran-partenariat-academique-entre-luniversite-des-sciences-et-technologies-et-linstitut-hydrometeorologique\/#primaryimage\"},\"image\":{\"@id\":\"https:\/\/elmawkie.dz\/fr\/oran-partenariat-academique-entre-luniversite-des-sciences-et-technologies-et-linstitut-hydrometeorologique\/#primaryimage\"},\"thumbnailUrl\":\"https:\/\/elmawkie.dz\/fr\/wp-content\/uploads\/2026\/02\/IMG_9563.jpeg\",\"datePublished\":\"2026-02-02T13:44:11+00:00\",\"dateModified\":\"2026-02-02T13:44:12+00:00\",\"breadcrumb\":{\"@id\":\"https:\/\/elmawkie.dz\/fr\/oran-partenariat-academique-entre-luniversite-des-sciences-et-technologies-et-linstitut-hydrometeorologique\/#breadcrumb\"},\"inLanguage\":\"fr-FR\",\"potentialAction\":[{\"@type\":\"ReadAction\",\"target\":[\"https:\/\/elmawkie.dz\/fr\/oran-partenariat-academique-entre-luniversite-des-sciences-et-technologies-et-linstitut-hydrometeorologique\/\"]}]},{\"@type\":\"ImageObject\",\"inLanguage\":\"fr-FR\",\"@id\":\"https:\/\/elmawkie.dz\/fr\/oran-partenariat-academique-entre-luniversite-des-sciences-et-technologies-et-linstitut-hydrometeorologique\/#primaryimage\",\"url\":\"https:\/\/elmawkie.dz\/fr\/wp-content\/uploads\/2026\/02\/IMG_9563.jpeg\",\"contentUrl\":\"https:\/\/elmawkie.dz\/fr\/wp-content\/uploads\/2026\/02\/IMG_9563.jpeg\",\"width\":1080,\"height\":844},{\"@type\":\"BreadcrumbList\",\"@id\":\"https:\/\/elmawkie.dz\/fr\/oran-partenariat-academique-entre-luniversite-des-sciences-et-technologies-et-linstitut-hydrometeorologique\/#breadcrumb\",\"itemListElement\":[{\"@type\":\"ListItem\",\"position\":1,\"name\":\"Home\",\"item\":\"https:\/\/elmawkie.dz\/fr\/\"},{\"@type\":\"ListItem\",\"position\":2,\"name\":\"Oran : partenariat acad\u00e9mique entre l\u2019Universit\u00e9 des sciences et technologies et l\u2019Institut hydrom\u00e9t\u00e9orologique\"}]},{\"@type\":\"WebSite\",\"@id\":\"https:\/\/elmawkie.dz\/fr\/#website\",\"url\":\"https:\/\/elmawkie.dz\/fr\/\",\"name\":\"EL MAWKIE\",\"description\":\"Journal \u00c9lectronique Alg\u00e9rien\",\"publisher\":{\"@id\":\"https:\/\/elmawkie.dz\/fr\/#organization\"},\"potentialAction\":[{\"@type\":\"SearchAction\",\"target\":{\"@type\":\"EntryPoint\",\"urlTemplate\":\"https:\/\/elmawkie.dz\/fr\/?s={search_term_string}\"},\"query-input\":\"required name=search_term_string\"}],\"inLanguage\":\"fr-FR\"},{\"@type\":\"Organization\",\"@id\":\"https:\/\/elmawkie.dz\/fr\/#organization\",\"name\":\"EL MAWKIE\",\"url\":\"https:\/\/elmawkie.dz\/fr\/\",\"logo\":{\"@type\":\"ImageObject\",\"inLanguage\":\"fr-FR\",\"@id\":\"https:\/\/elmawkie.dz\/fr\/#\/schema\/logo\/image\/\",\"url\":\"https:\/\/elmawkie.dz\/fr\/wp-content\/uploads\/2024\/05\/logo1.png\",\"contentUrl\":\"https:\/\/elmawkie.dz\/fr\/wp-content\/uploads\/2024\/05\/logo1.png\",\"width\":1648,\"height\":652,\"caption\":\"EL MAWKIE\"},\"image\":{\"@id\":\"https:\/\/elmawkie.dz\/fr\/#\/schema\/logo\/image\/\"},\"sameAs\":[\"https:\/\/www.facebook.com\/profile.php?id=100088407094989&locale=fr_FR\"]},{\"@type\":\"Person\",\"@id\":\"https:\/\/elmawkie.dz\/fr\/#\/schema\/person\/e7bd59d6467874ba5c4723d8a9f0a63c\",\"name\":\"R\u00e9daction\",\"image\":{\"@type\":\"ImageObject\",\"inLanguage\":\"fr-FR\",\"@id\":\"https:\/\/elmawkie.dz\/fr\/#\/schema\/person\/image\/\",\"url\":\"https:\/\/secure.gravatar.com\/avatar\/f0f773456344da4d2788c054a3d30a0c?s=96&d=mm&r=g\",\"contentUrl\":\"https:\/\/secure.gravatar.com\/avatar\/f0f773456344da4d2788c054a3d30a0c?s=96&d=mm&r=g\",\"caption\":\"R\u00e9daction\"},\"url\":\"https:\/\/elmawkie.dz\/fr\/author\/redaction\/\"}]}<\/script>\n<!-- \/ Yoast SEO Premium plugin. -->","yoast_head_json":{"title":"Oran : partenariat acad\u00e9mique entre l\u2019Universit\u00e9 des sciences et technologies et l\u2019Institut hydrom\u00e9t\u00e9orologique - El Mawkie","robots":{"index":"index","follow":"follow","max-snippet":"max-snippet:-1","max-image-preview":"max-image-preview:large","max-video-preview":"max-video-preview:-1"},"canonical":"https:\/\/elmawkie.dz\/fr\/oran-partenariat-academique-entre-luniversite-des-sciences-et-technologies-et-linstitut-hydrometeorologique\/","og_locale":"fr_FR","og_type":"article","og_title":"Oran : partenariat acad\u00e9mique entre l\u2019Universit\u00e9 des sciences et technologies et l\u2019Institut hydrom\u00e9t\u00e9orologique","og_description":"L\u2019Universit\u00e9 des sciences et de la technologie \u00ab\u00a0Mohamed Boudiaf\u00a0\u00bb d\u2019Oran a sign\u00e9 une convention de coop\u00e9ration avec l\u2019Institut hydro-m\u00e9t\u00e9orologique de formation et de recherche, en vue de d\u00e9velopper des programmes de formation sp\u00e9cialis\u00e9e dans plusieurs domaines, a-t-on appris, lundi, aupr\u00e8s de cet \u00e9tablissement universitaire. La convention a \u00e9t\u00e9 sign\u00e9e par le recteur de l\u2019universit\u00e9, le &hellip;","og_url":"https:\/\/elmawkie.dz\/fr\/oran-partenariat-academique-entre-luniversite-des-sciences-et-technologies-et-linstitut-hydrometeorologique\/","og_site_name":"El Mawkie","article_publisher":"https:\/\/www.facebook.com\/profile.php?id=100088407094989&locale=fr_FR","article_published_time":"2026-02-02T13:44:11+00:00","article_modified_time":"2026-02-02T13:44:12+00:00","og_image":[{"width":1080,"height":844,"url":"https:\/\/elmawkie.dz\/fr\/wp-content\/uploads\/2026\/02\/IMG_9563.jpeg","type":"image\/jpeg"}],"author":"R\u00e9daction","twitter_card":"summary_large_image","twitter_misc":{"Written by":"R\u00e9daction","Est. reading time":"2 minutes"},"schema":{"@context":"https:\/\/schema.org","@graph":[{"@type":"Article","@id":"https:\/\/elmawkie.dz\/fr\/oran-partenariat-academique-entre-luniversite-des-sciences-et-technologies-et-linstitut-hydrometeorologique\/#article","isPartOf":{"@id":"https:\/\/elmawkie.dz\/fr\/oran-partenariat-academique-entre-luniversite-des-sciences-et-technologies-et-linstitut-hydrometeorologique\/"},"author":{"name":"R\u00e9daction","@id":"https:\/\/elmawkie.dz\/fr\/#\/schema\/person\/e7bd59d6467874ba5c4723d8a9f0a63c"},"headline":"Oran : partenariat acad\u00e9mique entre l\u2019Universit\u00e9 des sciences et technologies et l\u2019Institut hydrom\u00e9t\u00e9orologique","datePublished":"2026-02-02T13:44:11+00:00","dateModified":"2026-02-02T13:44:12+00:00","mainEntityOfPage":{"@id":"https:\/\/elmawkie.dz\/fr\/oran-partenariat-academique-entre-luniversite-des-sciences-et-technologies-et-linstitut-hydrometeorologique\/"},"wordCount":300,"commentCount":0,"publisher":{"@id":"https:\/\/elmawkie.dz\/fr\/#organization"},"image":{"@id":"https:\/\/elmawkie.dz\/fr\/oran-partenariat-academique-entre-luniversite-des-sciences-et-technologies-et-linstitut-hydrometeorologique\/#primaryimage"},"thumbnailUrl":"https:\/\/elmawkie.dz\/fr\/wp-content\/uploads\/2026\/02\/IMG_9563.jpeg","articleSection":["R\u00e9gion"],"inLanguage":"fr-FR","potentialAction":[{"@type":"CommentAction","name":"Comment","target":["https:\/\/elmawkie.dz\/fr\/oran-partenariat-academique-entre-luniversite-des-sciences-et-technologies-et-linstitut-hydrometeorologique\/#respond"]}]},{"@type":"WebPage","@id":"https:\/\/elmawkie.dz\/fr\/oran-partenariat-academique-entre-luniversite-des-sciences-et-technologies-et-linstitut-hydrometeorologique\/","url":"https:\/\/elmawkie.dz\/fr\/oran-partenariat-academique-entre-luniversite-des-sciences-et-technologies-et-linstitut-hydrometeorologique\/","name":"Oran : partenariat acad\u00e9mique entre l\u2019Universit\u00e9 des sciences et technologies et l\u2019Institut hydrom\u00e9t\u00e9orologique - El Mawkie","isPartOf":{"@id":"https:\/\/elmawkie.dz\/fr\/#website"},"primaryImageOfPage":{"@id":"https:\/\/elmawkie.dz\/fr\/oran-partenariat-academique-entre-luniversite-des-sciences-et-technologies-et-linstitut-hydrometeorologique\/#primaryimage"},"image":{"@id":"https:\/\/elmawkie.dz\/fr\/oran-partenariat-academique-entre-luniversite-des-sciences-et-technologies-et-linstitut-hydrometeorologique\/#primaryimage"},"thumbnailUrl":"https:\/\/elmawkie.dz\/fr\/wp-content\/uploads\/2026\/02\/IMG_9563.jpeg","datePublished":"2026-02-02T13:44:11+00:00","dateModified":"2026-02-02T13:44:12+00:00","breadcrumb":{"@id":"https:\/\/elmawkie.dz\/fr\/oran-partenariat-academique-entre-luniversite-des-sciences-et-technologies-et-linstitut-hydrometeorologique\/#breadcrumb"},"inLanguage":"fr-FR","potentialAction":[{"@type":"ReadAction","target":["https:\/\/elmawkie.dz\/fr\/oran-partenariat-academique-entre-luniversite-des-sciences-et-technologies-et-linstitut-hydrometeorologique\/"]}]},{"@type":"ImageObject","inLanguage":"fr-FR","@id":"https:\/\/elmawkie.dz\/fr\/oran-partenariat-academique-entre-luniversite-des-sciences-et-technologies-et-linstitut-hydrometeorologique\/#primaryimage","url":"https:\/\/elmawkie.dz\/fr\/wp-content\/uploads\/2026\/02\/IMG_9563.jpeg","contentUrl":"https:\/\/elmawkie.dz\/fr\/wp-content\/uploads\/2026\/02\/IMG_9563.jpeg","width":1080,"height":844},{"@type":"BreadcrumbList","@id":"https:\/\/elmawkie.dz\/fr\/oran-partenariat-academique-entre-luniversite-des-sciences-et-technologies-et-linstitut-hydrometeorologique\/#breadcrumb","itemListElement":[{"@type":"ListItem","position":1,"name":"Home","item":"https:\/\/elmawkie.dz\/fr\/"},{"@type":"ListItem","position":2,"name":"Oran : partenariat acad\u00e9mique entre l\u2019Universit\u00e9 des sciences et technologies et l\u2019Institut hydrom\u00e9t\u00e9orologique"}]},{"@type":"WebSite","@id":"https:\/\/elmawkie.dz\/fr\/#website","url":"https:\/\/elmawkie.dz\/fr\/","name":"EL MAWKIE","description":"Journal \u00c9lectronique Alg\u00e9rien","publisher":{"@id":"https:\/\/elmawkie.dz\/fr\/#organization"},"potentialAction":[{"@type":"SearchAction","target":{"@type":"EntryPoint","urlTemplate":"https:\/\/elmawkie.dz\/fr\/?s={search_term_string}"},"query-input":"required name=search_term_string"}],"inLanguage":"fr-FR"},{"@type":"Organization","@id":"https:\/\/elmawkie.dz\/fr\/#organization","name":"EL MAWKIE","url":"https:\/\/elmawkie.dz\/fr\/","logo":{"@type":"ImageObject","inLanguage":"fr-FR","@id":"https:\/\/elmawkie.dz\/fr\/#\/schema\/logo\/image\/","url":"https:\/\/elmawkie.dz\/fr\/wp-content\/uploads\/2024\/05\/logo1.png","contentUrl":"https:\/\/elmawkie.dz\/fr\/wp-content\/uploads\/2024\/05\/logo1.png","width":1648,"height":652,"caption":"EL MAWKIE"},"image":{"@id":"https:\/\/elmawkie.dz\/fr\/#\/schema\/logo\/image\/"},"sameAs":["https:\/\/www.facebook.com\/profile.php?id=100088407094989&locale=fr_FR"]},{"@type":"Person","@id":"https:\/\/elmawkie.dz\/fr\/#\/schema\/person\/e7bd59d6467874ba5c4723d8a9f0a63c","name":"R\u00e9daction","image":{"@type":"ImageObject","inLanguage":"fr-FR","@id":"https:\/\/elmawkie.dz\/fr\/#\/schema\/person\/image\/","url":"https:\/\/secure.gravatar.com\/avatar\/f0f773456344da4d2788c054a3d30a0c?s=96&d=mm&r=g","contentUrl":"https:\/\/secure.gravatar.com\/avatar\/f0f773456344da4d2788c054a3d30a0c?s=96&d=mm&r=g","caption":"R\u00e9daction"},"url":"https:\/\/elmawkie.dz\/fr\/author\/redaction\/"}]}},"_links":{"self":[{"href":"https:\/\/elmawkie.dz\/fr\/wp-json\/wp\/v2\/posts\/62016","targetHints":{"allow":["GET"]}}],"collection":[{"href":"https:\/\/elmawkie.dz\/fr\/wp-json\/wp\/v2\/posts"}],"about":[{"href":"https:\/\/elmawkie.dz\/fr\/wp-json\/wp\/v2\/types\/post"}],"author":[{"embeddable":true,"href":"https:\/\/elmawkie.dz\/fr\/wp-json\/wp\/v2\/users\/9"}],"replies":[{"embeddable":true,"href":"https:\/\/elmawkie.dz\/fr\/wp-json\/wp\/v2\/comments?post=62016"}],"version-history":[{"count":1,"href":"https:\/\/elmawkie.dz\/fr\/wp-json\/wp\/v2\/posts\/62016\/revisions"}],"predecessor-version":[{"id":62019,"href":"https:\/\/elmawkie.dz\/fr\/wp-json\/wp\/v2\/posts\/62016\/revisions\/62019"}],"wp:featuredmedia":[{"embeddable":true,"href":"https:\/\/elmawkie.dz\/fr\/wp-json\/wp\/v2\/media\/62018"}],"wp:attachment":[{"href":"https:\/\/elmawkie.dz\/fr\/wp-json\/wp\/v2\/media?parent=62016"}],"wp:term":[{"taxonomy":"category","embeddable":true,"href":"https:\/\/elmawkie.dz\/fr\/wp-json\/wp\/v2\/categories?post=62016"},{"taxonomy":"post_tag","embeddable":true,"href":"https:\/\/elmawkie.dz\/fr\/wp-json\/wp\/v2\/tags?post=62016"}],"curies":[{"name":"wp","href":"https:\/\/api.w.org\/{rel}","templated":true}]}}