{"id":62011,"date":"2026-02-02T14:40:20","date_gmt":"2026-02-02T13:40:20","guid":{"rendered":"https:\/\/elmawkie.dz\/fr\/?p=62011"},"modified":"2026-02-02T14:40:21","modified_gmt":"2026-02-02T13:40:21","slug":"ligne-ferroviaire-miniere-de-gara-djebilet-la-presse-internationale-souligne-lampleur-strategique-et-economique-du-projet","status":"publish","type":"post","link":"https:\/\/elmawkie.dz\/fr\/ligne-ferroviaire-miniere-de-gara-djebilet-la-presse-internationale-souligne-lampleur-strategique-et-economique-du-projet\/","title":{"rendered":"Ligne ferroviaire mini\u00e8re de Gara Djebilet : la presse internationale souligne l&rsquo;ampleur strat\u00e9gique et \u00e9conomique du projet"},"content":{"rendered":"\n<p>L&rsquo;inauguration par le pr\u00e9sident de la R\u00e9publique, M. Abdelmadjid Tebboune de la ligne ferroviaire mini\u00e8re de Gara Djebilet-Tindouf-B\u00e9char, a largement retenu l&rsquo;attention de la presse internationale, qui a soulign\u00e9 l&rsquo;ampleur strat\u00e9gique et \u00e9conomique de ce projet, \u00ab\u00a0un tournant majeur\u00a0\u00bb dans la strat\u00e9gie alg\u00e9rienne de diversification de son \u00e9conomie.<\/p>\n\n\n\n<p>Au lendemain de son lancement officiel, la presse \u00e9trang\u00e8re a soulign\u00e9 que ce projet de 950 km de long, s&rsquo;inscrivait dans une strat\u00e9gie plus large visant \u00e0 diversifier l&rsquo;\u00e9conomie alg\u00e9rienne, en facilitant l&rsquo;acheminement du minerai de fer vers les complexes sid\u00e9rurgiques.<\/p>\n\n\n\n<p>Au-del\u00e0 de l&rsquo;aspect industriel, plusieurs m\u00e9dias internationaux ont mis en avant l&rsquo;impact territorial de cette grande infrastructure, qui devrait am\u00e9liorer la mobilit\u00e9, cr\u00e9er des emplois et stimuler le d\u00e9veloppement \u00e9conomique.<\/p>\n\n\n\n<p>Dans ce sens, le site sp\u00e9cialis\u00e9 dans la diffusion rapide d&rsquo;informations sur le secteur minier \u00ab\u00a0Discovery Alert\u00a0\u00bb a d\u00e9crit, dans une analyse, Gara Djebilet comme l&rsquo;un \u00ab\u00a0des plus importants gisements de fer inexploit\u00e9s au monde\u00a0\u00bb, mettant en lumi\u00e8re la prouesse technique et logistique que repr\u00e9sente la r\u00e9alisation en \u00ab\u00a0un temps record du syst\u00e8me de transport ferroviaire de minerai\u00a0\u00bb. Selon l&rsquo;article, cette ligne ne servira pas uniquement au transport de minerai de fer, il permettra de d\u00e9senclaver des r\u00e9gions isol\u00e9es, am\u00e9liorer la mobilit\u00e9 pour les voyageurs et sera un \u00ab\u00a0symbole d&rsquo;un effort majeur d&rsquo;industrialisation et de diversification \u00e9conomique en Alg\u00e9rie\u00a0\u00bb.<\/p>\n\n\n\n<p>Sous le titre \u00ab\u00a0Gara Djebilet: le virage strat\u00e9gique de l\u2019Alg\u00e9rie, d\u2019exportatrice de mati\u00e8res premi\u00e8res \u00e0 cr\u00e9atrice de valeur industrielle\u00a0\u00bb, le site d&rsquo;information \u00ab\u00a0Eurasia review\u00a0\u00bb, a, dans une tribune, expliqu\u00e9 comment le d\u00e9veloppement du projet de minerai de fer de Gara Djebilet marque une tentative strat\u00e9gique de red\u00e9finir le mod\u00e8le \u00e9conomique alg\u00e9rien, en s&rsquo;\u00e9loignant de l&rsquo;extraction simple vers la cr\u00e9ation de valeur industrielle et la diversification \u00e9conomique. En Suisse, cet \u00e9v\u00e8nement n&rsquo;est pas pass\u00e9 inaper\u00e7u. La Radio Lac et l&rsquo;agence Ecofin, sp\u00e9cialis\u00e9e dans l&rsquo;\u00e9conomie africaine, sont revenues sur ce grand projet strat\u00e9gique, avec pour titre \u00ab\u00a0la mutation mini\u00e8re de l&rsquo;Alg\u00e9rie: Gara Djebilet passe \u00e0 la vitesse sup\u00e9rieure\u00a0\u00bb.<\/p>\n\n\n\n<p>Celui-ci d\u00e9taille la mise en service officielle du tron\u00e7on ferroviaire, soulignant que \u00ab\u00a0l&rsquo;exploitation de ce gisement vise \u00e0 transformer le pays en un p\u00f4le sid\u00e9rurgique majeur en Afrique\u00a0\u00bb.<\/p>\n\n\n\n<p>Parall\u00e8lement, des chaines de TV et des sites d&rsquo;information du monde arabe ont diffus\u00e9 des reportages d\u00e9taill\u00e9s sur l&rsquo;inauguration de la voie ferr\u00e9e mini\u00e8re, indiquant que ce projet permettra un transport efficace du minerai de fer vers le port d&rsquo;Oran et les aci\u00e9ries, renfor\u00e7ant ainsi la souverainet\u00e9 \u00e9conomique du pays. Ils soulignent \u00e9galement le r\u00f4le que jouera la mine dans le d\u00e9veloppement de la r\u00e9gion de Tindouf et la cr\u00e9ation de milliers d&#8217;emplois directs et indirects, qualifiant de \u00ab\u00a0moment historique\u00a0\u00bb l&rsquo;inauguration de la \u00ab\u00a0plus longue ligne de chemin de fer minier d&rsquo;Afrique\u00a0\u00bb.<\/p>\n","protected":false},"excerpt":{"rendered":"<p>L&rsquo;inauguration par le pr\u00e9sident de la R\u00e9publique, M. Abdelmadjid Tebboune de la ligne ferroviaire mini\u00e8re de Gara Djebilet-Tindouf-B\u00e9char, a largement retenu l&rsquo;attention de la presse internationale, qui a soulign\u00e9 l&rsquo;ampleur strat\u00e9gique et \u00e9conomique de ce projet, \u00ab\u00a0un tournant majeur\u00a0\u00bb dans la strat\u00e9gie alg\u00e9rienne de diversification de son \u00e9conomie. Au lendemain de son lancement officiel, la &hellip;<\/p>\n","protected":false},"author":9,"featured_media":62014,"comment_status":"open","ping_status":"open","sticky":false,"template":"","format":"standard","meta":{"footnotes":""},"categories":[47],"tags":[],"class_list":["post-62011","post","type-post","status-publish","format-standard","has-post-thumbnail","hentry","category-national"],"yoast_head":"<!-- This site is optimized with the Yoast SEO Premium plugin v22.6 (Yoast SEO v22.6) - https:\/\/yoast.com\/wordpress\/plugins\/seo\/ -->\n<title>Ligne ferroviaire mini\u00e8re de Gara Djebilet : la presse internationale souligne l&#039;ampleur strat\u00e9gique et \u00e9conomique du projet - El Mawkie<\/title>\n<meta name=\"robots\" content=\"index, follow, max-snippet:-1, max-image-preview:large, max-video-preview:-1\" \/>\n<link rel=\"canonical\" href=\"https:\/\/elmawkie.dz\/fr\/ligne-ferroviaire-miniere-de-gara-djebilet-la-presse-internationale-souligne-lampleur-strategique-et-economique-du-projet\/\" \/>\n<meta property=\"og:locale\" content=\"fr_FR\" \/>\n<meta property=\"og:type\" content=\"article\" \/>\n<meta property=\"og:title\" content=\"Ligne ferroviaire mini\u00e8re de Gara Djebilet : la presse internationale souligne l&#039;ampleur strat\u00e9gique et \u00e9conomique du projet\" \/>\n<meta property=\"og:description\" content=\"L&rsquo;inauguration par le pr\u00e9sident de la R\u00e9publique, M. Abdelmadjid Tebboune de la ligne ferroviaire mini\u00e8re de Gara Djebilet-Tindouf-B\u00e9char, a largement retenu l&rsquo;attention de la presse internationale, qui a soulign\u00e9 l&rsquo;ampleur strat\u00e9gique et \u00e9conomique de ce projet, \u00ab\u00a0un tournant majeur\u00a0\u00bb dans la strat\u00e9gie alg\u00e9rienne de diversification de son \u00e9conomie. Au lendemain de son lancement officiel, la &hellip;\" \/>\n<meta property=\"og:url\" content=\"https:\/\/elmawkie.dz\/fr\/ligne-ferroviaire-miniere-de-gara-djebilet-la-presse-internationale-souligne-lampleur-strategique-et-economique-du-projet\/\" \/>\n<meta property=\"og:site_name\" content=\"El Mawkie\" \/>\n<meta property=\"article:publisher\" content=\"https:\/\/www.facebook.com\/profile.php?id=100088407094989&amp;locale=fr_FR\" \/>\n<meta property=\"article:published_time\" content=\"2026-02-02T13:40:20+00:00\" \/>\n<meta property=\"article:modified_time\" content=\"2026-02-02T13:40:21+00:00\" \/>\n<meta property=\"og:image\" content=\"https:\/\/elmawkie.dz\/fr\/wp-content\/uploads\/2026\/02\/IMG_9562.jpeg\" \/>\n\t<meta property=\"og:image:width\" content=\"526\" \/>\n\t<meta property=\"og:image:height\" content=\"429\" \/>\n\t<meta property=\"og:image:type\" content=\"image\/jpeg\" \/>\n<meta name=\"author\" content=\"R\u00e9daction\" \/>\n<meta name=\"twitter:card\" content=\"summary_large_image\" \/>\n<meta name=\"twitter:label1\" content=\"Written by\" \/>\n\t<meta name=\"twitter:data1\" content=\"R\u00e9daction\" \/>\n\t<meta name=\"twitter:label2\" content=\"Est. reading time\" \/>\n\t<meta name=\"twitter:data2\" content=\"3 minutes\" \/>\n<script type=\"application\/ld+json\" class=\"yoast-schema-graph\">{\"@context\":\"https:\/\/schema.org\",\"@graph\":[{\"@type\":\"Article\",\"@id\":\"https:\/\/elmawkie.dz\/fr\/ligne-ferroviaire-miniere-de-gara-djebilet-la-presse-internationale-souligne-lampleur-strategique-et-economique-du-projet\/#article\",\"isPartOf\":{\"@id\":\"https:\/\/elmawkie.dz\/fr\/ligne-ferroviaire-miniere-de-gara-djebilet-la-presse-internationale-souligne-lampleur-strategique-et-economique-du-projet\/\"},\"author\":{\"name\":\"R\u00e9daction\",\"@id\":\"https:\/\/elmawkie.dz\/fr\/#\/schema\/person\/e7bd59d6467874ba5c4723d8a9f0a63c\"},\"headline\":\"Ligne ferroviaire mini\u00e8re de Gara Djebilet : la presse internationale souligne l&rsquo;ampleur strat\u00e9gique et \u00e9conomique du projet\",\"datePublished\":\"2026-02-02T13:40:20+00:00\",\"dateModified\":\"2026-02-02T13:40:21+00:00\",\"mainEntityOfPage\":{\"@id\":\"https:\/\/elmawkie.dz\/fr\/ligne-ferroviaire-miniere-de-gara-djebilet-la-presse-internationale-souligne-lampleur-strategique-et-economique-du-projet\/\"},\"wordCount\":548,\"commentCount\":0,\"publisher\":{\"@id\":\"https:\/\/elmawkie.dz\/fr\/#organization\"},\"image\":{\"@id\":\"https:\/\/elmawkie.dz\/fr\/ligne-ferroviaire-miniere-de-gara-djebilet-la-presse-internationale-souligne-lampleur-strategique-et-economique-du-projet\/#primaryimage\"},\"thumbnailUrl\":\"https:\/\/elmawkie.dz\/fr\/wp-content\/uploads\/2026\/02\/IMG_9562.jpeg\",\"articleSection\":[\"National\"],\"inLanguage\":\"fr-FR\",\"potentialAction\":[{\"@type\":\"CommentAction\",\"name\":\"Comment\",\"target\":[\"https:\/\/elmawkie.dz\/fr\/ligne-ferroviaire-miniere-de-gara-djebilet-la-presse-internationale-souligne-lampleur-strategique-et-economique-du-projet\/#respond\"]}]},{\"@type\":\"WebPage\",\"@id\":\"https:\/\/elmawkie.dz\/fr\/ligne-ferroviaire-miniere-de-gara-djebilet-la-presse-internationale-souligne-lampleur-strategique-et-economique-du-projet\/\",\"url\":\"https:\/\/elmawkie.dz\/fr\/ligne-ferroviaire-miniere-de-gara-djebilet-la-presse-internationale-souligne-lampleur-strategique-et-economique-du-projet\/\",\"name\":\"Ligne ferroviaire mini\u00e8re de Gara Djebilet : la presse internationale souligne l'ampleur strat\u00e9gique et \u00e9conomique du projet - El Mawkie\",\"isPartOf\":{\"@id\":\"https:\/\/elmawkie.dz\/fr\/#website\"},\"primaryImageOfPage\":{\"@id\":\"https:\/\/elmawkie.dz\/fr\/ligne-ferroviaire-miniere-de-gara-djebilet-la-presse-internationale-souligne-lampleur-strategique-et-economique-du-projet\/#primaryimage\"},\"image\":{\"@id\":\"https:\/\/elmawkie.dz\/fr\/ligne-ferroviaire-miniere-de-gara-djebilet-la-presse-internationale-souligne-lampleur-strategique-et-economique-du-projet\/#primaryimage\"},\"thumbnailUrl\":\"https:\/\/elmawkie.dz\/fr\/wp-content\/uploads\/2026\/02\/IMG_9562.jpeg\",\"datePublished\":\"2026-02-02T13:40:20+00:00\",\"dateModified\":\"2026-02-02T13:40:21+00:00\",\"breadcrumb\":{\"@id\":\"https:\/\/elmawkie.dz\/fr\/ligne-ferroviaire-miniere-de-gara-djebilet-la-presse-internationale-souligne-lampleur-strategique-et-economique-du-projet\/#breadcrumb\"},\"inLanguage\":\"fr-FR\",\"potentialAction\":[{\"@type\":\"ReadAction\",\"target\":[\"https:\/\/elmawkie.dz\/fr\/ligne-ferroviaire-miniere-de-gara-djebilet-la-presse-internationale-souligne-lampleur-strategique-et-economique-du-projet\/\"]}]},{\"@type\":\"ImageObject\",\"inLanguage\":\"fr-FR\",\"@id\":\"https:\/\/elmawkie.dz\/fr\/ligne-ferroviaire-miniere-de-gara-djebilet-la-presse-internationale-souligne-lampleur-strategique-et-economique-du-projet\/#primaryimage\",\"url\":\"https:\/\/elmawkie.dz\/fr\/wp-content\/uploads\/2026\/02\/IMG_9562.jpeg\",\"contentUrl\":\"https:\/\/elmawkie.dz\/fr\/wp-content\/uploads\/2026\/02\/IMG_9562.jpeg\",\"width\":526,\"height\":429},{\"@type\":\"BreadcrumbList\",\"@id\":\"https:\/\/elmawkie.dz\/fr\/ligne-ferroviaire-miniere-de-gara-djebilet-la-presse-internationale-souligne-lampleur-strategique-et-economique-du-projet\/#breadcrumb\",\"itemListElement\":[{\"@type\":\"ListItem\",\"position\":1,\"name\":\"Home\",\"item\":\"https:\/\/elmawkie.dz\/fr\/\"},{\"@type\":\"ListItem\",\"position\":2,\"name\":\"Ligne ferroviaire mini\u00e8re de Gara Djebilet : la presse internationale souligne l&rsquo;ampleur strat\u00e9gique et \u00e9conomique du projet\"}]},{\"@type\":\"WebSite\",\"@id\":\"https:\/\/elmawkie.dz\/fr\/#website\",\"url\":\"https:\/\/elmawkie.dz\/fr\/\",\"name\":\"EL MAWKIE\",\"description\":\"Journal \u00c9lectronique Alg\u00e9rien\",\"publisher\":{\"@id\":\"https:\/\/elmawkie.dz\/fr\/#organization\"},\"potentialAction\":[{\"@type\":\"SearchAction\",\"target\":{\"@type\":\"EntryPoint\",\"urlTemplate\":\"https:\/\/elmawkie.dz\/fr\/?s={search_term_string}\"},\"query-input\":\"required name=search_term_string\"}],\"inLanguage\":\"fr-FR\"},{\"@type\":\"Organization\",\"@id\":\"https:\/\/elmawkie.dz\/fr\/#organization\",\"name\":\"EL MAWKIE\",\"url\":\"https:\/\/elmawkie.dz\/fr\/\",\"logo\":{\"@type\":\"ImageObject\",\"inLanguage\":\"fr-FR\",\"@id\":\"https:\/\/elmawkie.dz\/fr\/#\/schema\/logo\/image\/\",\"url\":\"https:\/\/elmawkie.dz\/fr\/wp-content\/uploads\/2024\/05\/logo1.png\",\"contentUrl\":\"https:\/\/elmawkie.dz\/fr\/wp-content\/uploads\/2024\/05\/logo1.png\",\"width\":1648,\"height\":652,\"caption\":\"EL MAWKIE\"},\"image\":{\"@id\":\"https:\/\/elmawkie.dz\/fr\/#\/schema\/logo\/image\/\"},\"sameAs\":[\"https:\/\/www.facebook.com\/profile.php?id=100088407094989&locale=fr_FR\"]},{\"@type\":\"Person\",\"@id\":\"https:\/\/elmawkie.dz\/fr\/#\/schema\/person\/e7bd59d6467874ba5c4723d8a9f0a63c\",\"name\":\"R\u00e9daction\",\"image\":{\"@type\":\"ImageObject\",\"inLanguage\":\"fr-FR\",\"@id\":\"https:\/\/elmawkie.dz\/fr\/#\/schema\/person\/image\/\",\"url\":\"https:\/\/secure.gravatar.com\/avatar\/f0f773456344da4d2788c054a3d30a0c?s=96&d=mm&r=g\",\"contentUrl\":\"https:\/\/secure.gravatar.com\/avatar\/f0f773456344da4d2788c054a3d30a0c?s=96&d=mm&r=g\",\"caption\":\"R\u00e9daction\"},\"url\":\"https:\/\/elmawkie.dz\/fr\/author\/redaction\/\"}]}<\/script>\n<!-- \/ Yoast SEO Premium plugin. -->","yoast_head_json":{"title":"Ligne ferroviaire mini\u00e8re de Gara Djebilet : la presse internationale souligne l'ampleur strat\u00e9gique et \u00e9conomique du projet - El Mawkie","robots":{"index":"index","follow":"follow","max-snippet":"max-snippet:-1","max-image-preview":"max-image-preview:large","max-video-preview":"max-video-preview:-1"},"canonical":"https:\/\/elmawkie.dz\/fr\/ligne-ferroviaire-miniere-de-gara-djebilet-la-presse-internationale-souligne-lampleur-strategique-et-economique-du-projet\/","og_locale":"fr_FR","og_type":"article","og_title":"Ligne ferroviaire mini\u00e8re de Gara Djebilet : la presse internationale souligne l'ampleur strat\u00e9gique et \u00e9conomique du projet","og_description":"L&rsquo;inauguration par le pr\u00e9sident de la R\u00e9publique, M. Abdelmadjid Tebboune de la ligne ferroviaire mini\u00e8re de Gara Djebilet-Tindouf-B\u00e9char, a largement retenu l&rsquo;attention de la presse internationale, qui a soulign\u00e9 l&rsquo;ampleur strat\u00e9gique et \u00e9conomique de ce projet, \u00ab\u00a0un tournant majeur\u00a0\u00bb dans la strat\u00e9gie alg\u00e9rienne de diversification de son \u00e9conomie. Au lendemain de son lancement officiel, la &hellip;","og_url":"https:\/\/elmawkie.dz\/fr\/ligne-ferroviaire-miniere-de-gara-djebilet-la-presse-internationale-souligne-lampleur-strategique-et-economique-du-projet\/","og_site_name":"El Mawkie","article_publisher":"https:\/\/www.facebook.com\/profile.php?id=100088407094989&locale=fr_FR","article_published_time":"2026-02-02T13:40:20+00:00","article_modified_time":"2026-02-02T13:40:21+00:00","og_image":[{"width":526,"height":429,"url":"https:\/\/elmawkie.dz\/fr\/wp-content\/uploads\/2026\/02\/IMG_9562.jpeg","type":"image\/jpeg"}],"author":"R\u00e9daction","twitter_card":"summary_large_image","twitter_misc":{"Written by":"R\u00e9daction","Est. reading time":"3 minutes"},"schema":{"@context":"https:\/\/schema.org","@graph":[{"@type":"Article","@id":"https:\/\/elmawkie.dz\/fr\/ligne-ferroviaire-miniere-de-gara-djebilet-la-presse-internationale-souligne-lampleur-strategique-et-economique-du-projet\/#article","isPartOf":{"@id":"https:\/\/elmawkie.dz\/fr\/ligne-ferroviaire-miniere-de-gara-djebilet-la-presse-internationale-souligne-lampleur-strategique-et-economique-du-projet\/"},"author":{"name":"R\u00e9daction","@id":"https:\/\/elmawkie.dz\/fr\/#\/schema\/person\/e7bd59d6467874ba5c4723d8a9f0a63c"},"headline":"Ligne ferroviaire mini\u00e8re de Gara Djebilet : la presse internationale souligne l&rsquo;ampleur strat\u00e9gique et \u00e9conomique du projet","datePublished":"2026-02-02T13:40:20+00:00","dateModified":"2026-02-02T13:40:21+00:00","mainEntityOfPage":{"@id":"https:\/\/elmawkie.dz\/fr\/ligne-ferroviaire-miniere-de-gara-djebilet-la-presse-internationale-souligne-lampleur-strategique-et-economique-du-projet\/"},"wordCount":548,"commentCount":0,"publisher":{"@id":"https:\/\/elmawkie.dz\/fr\/#organization"},"image":{"@id":"https:\/\/elmawkie.dz\/fr\/ligne-ferroviaire-miniere-de-gara-djebilet-la-presse-internationale-souligne-lampleur-strategique-et-economique-du-projet\/#primaryimage"},"thumbnailUrl":"https:\/\/elmawkie.dz\/fr\/wp-content\/uploads\/2026\/02\/IMG_9562.jpeg","articleSection":["National"],"inLanguage":"fr-FR","potentialAction":[{"@type":"CommentAction","name":"Comment","target":["https:\/\/elmawkie.dz\/fr\/ligne-ferroviaire-miniere-de-gara-djebilet-la-presse-internationale-souligne-lampleur-strategique-et-economique-du-projet\/#respond"]}]},{"@type":"WebPage","@id":"https:\/\/elmawkie.dz\/fr\/ligne-ferroviaire-miniere-de-gara-djebilet-la-presse-internationale-souligne-lampleur-strategique-et-economique-du-projet\/","url":"https:\/\/elmawkie.dz\/fr\/ligne-ferroviaire-miniere-de-gara-djebilet-la-presse-internationale-souligne-lampleur-strategique-et-economique-du-projet\/","name":"Ligne ferroviaire mini\u00e8re de Gara Djebilet : la presse internationale souligne l'ampleur strat\u00e9gique et \u00e9conomique du projet - El Mawkie","isPartOf":{"@id":"https:\/\/elmawkie.dz\/fr\/#website"},"primaryImageOfPage":{"@id":"https:\/\/elmawkie.dz\/fr\/ligne-ferroviaire-miniere-de-gara-djebilet-la-presse-internationale-souligne-lampleur-strategique-et-economique-du-projet\/#primaryimage"},"image":{"@id":"https:\/\/elmawkie.dz\/fr\/ligne-ferroviaire-miniere-de-gara-djebilet-la-presse-internationale-souligne-lampleur-strategique-et-economique-du-projet\/#primaryimage"},"thumbnailUrl":"https:\/\/elmawkie.dz\/fr\/wp-content\/uploads\/2026\/02\/IMG_9562.jpeg","datePublished":"2026-02-02T13:40:20+00:00","dateModified":"2026-02-02T13:40:21+00:00","breadcrumb":{"@id":"https:\/\/elmawkie.dz\/fr\/ligne-ferroviaire-miniere-de-gara-djebilet-la-presse-internationale-souligne-lampleur-strategique-et-economique-du-projet\/#breadcrumb"},"inLanguage":"fr-FR","potentialAction":[{"@type":"ReadAction","target":["https:\/\/elmawkie.dz\/fr\/ligne-ferroviaire-miniere-de-gara-djebilet-la-presse-internationale-souligne-lampleur-strategique-et-economique-du-projet\/"]}]},{"@type":"ImageObject","inLanguage":"fr-FR","@id":"https:\/\/elmawkie.dz\/fr\/ligne-ferroviaire-miniere-de-gara-djebilet-la-presse-internationale-souligne-lampleur-strategique-et-economique-du-projet\/#primaryimage","url":"https:\/\/elmawkie.dz\/fr\/wp-content\/uploads\/2026\/02\/IMG_9562.jpeg","contentUrl":"https:\/\/elmawkie.dz\/fr\/wp-content\/uploads\/2026\/02\/IMG_9562.jpeg","width":526,"height":429},{"@type":"BreadcrumbList","@id":"https:\/\/elmawkie.dz\/fr\/ligne-ferroviaire-miniere-de-gara-djebilet-la-presse-internationale-souligne-lampleur-strategique-et-economique-du-projet\/#breadcrumb","itemListElement":[{"@type":"ListItem","position":1,"name":"Home","item":"https:\/\/elmawkie.dz\/fr\/"},{"@type":"ListItem","position":2,"name":"Ligne ferroviaire mini\u00e8re de Gara Djebilet : la presse internationale souligne l&rsquo;ampleur strat\u00e9gique et \u00e9conomique du projet"}]},{"@type":"WebSite","@id":"https:\/\/elmawkie.dz\/fr\/#website","url":"https:\/\/elmawkie.dz\/fr\/","name":"EL MAWKIE","description":"Journal \u00c9lectronique Alg\u00e9rien","publisher":{"@id":"https:\/\/elmawkie.dz\/fr\/#organization"},"potentialAction":[{"@type":"SearchAction","target":{"@type":"EntryPoint","urlTemplate":"https:\/\/elmawkie.dz\/fr\/?s={search_term_string}"},"query-input":"required name=search_term_string"}],"inLanguage":"fr-FR"},{"@type":"Organization","@id":"https:\/\/elmawkie.dz\/fr\/#organization","name":"EL MAWKIE","url":"https:\/\/elmawkie.dz\/fr\/","logo":{"@type":"ImageObject","inLanguage":"fr-FR","@id":"https:\/\/elmawkie.dz\/fr\/#\/schema\/logo\/image\/","url":"https:\/\/elmawkie.dz\/fr\/wp-content\/uploads\/2024\/05\/logo1.png","contentUrl":"https:\/\/elmawkie.dz\/fr\/wp-content\/uploads\/2024\/05\/logo1.png","width":1648,"height":652,"caption":"EL MAWKIE"},"image":{"@id":"https:\/\/elmawkie.dz\/fr\/#\/schema\/logo\/image\/"},"sameAs":["https:\/\/www.facebook.com\/profile.php?id=100088407094989&locale=fr_FR"]},{"@type":"Person","@id":"https:\/\/elmawkie.dz\/fr\/#\/schema\/person\/e7bd59d6467874ba5c4723d8a9f0a63c","name":"R\u00e9daction","image":{"@type":"ImageObject","inLanguage":"fr-FR","@id":"https:\/\/elmawkie.dz\/fr\/#\/schema\/person\/image\/","url":"https:\/\/secure.gravatar.com\/avatar\/f0f773456344da4d2788c054a3d30a0c?s=96&d=mm&r=g","contentUrl":"https:\/\/secure.gravatar.com\/avatar\/f0f773456344da4d2788c054a3d30a0c?s=96&d=mm&r=g","caption":"R\u00e9daction"},"url":"https:\/\/elmawkie.dz\/fr\/author\/redaction\/"}]}},"_links":{"self":[{"href":"https:\/\/elmawkie.dz\/fr\/wp-json\/wp\/v2\/posts\/62011","targetHints":{"allow":["GET"]}}],"collection":[{"href":"https:\/\/elmawkie.dz\/fr\/wp-json\/wp\/v2\/posts"}],"about":[{"href":"https:\/\/elmawkie.dz\/fr\/wp-json\/wp\/v2\/types\/post"}],"author":[{"embeddable":true,"href":"https:\/\/elmawkie.dz\/fr\/wp-json\/wp\/v2\/users\/9"}],"replies":[{"embeddable":true,"href":"https:\/\/elmawkie.dz\/fr\/wp-json\/wp\/v2\/comments?post=62011"}],"version-history":[{"count":1,"href":"https:\/\/elmawkie.dz\/fr\/wp-json\/wp\/v2\/posts\/62011\/revisions"}],"predecessor-version":[{"id":62015,"href":"https:\/\/elmawkie.dz\/fr\/wp-json\/wp\/v2\/posts\/62011\/revisions\/62015"}],"wp:featuredmedia":[{"embeddable":true,"href":"https:\/\/elmawkie.dz\/fr\/wp-json\/wp\/v2\/media\/62014"}],"wp:attachment":[{"href":"https:\/\/elmawkie.dz\/fr\/wp-json\/wp\/v2\/media?parent=62011"}],"wp:term":[{"taxonomy":"category","embeddable":true,"href":"https:\/\/elmawkie.dz\/fr\/wp-json\/wp\/v2\/categories?post=62011"},{"taxonomy":"post_tag","embeddable":true,"href":"https:\/\/elmawkie.dz\/fr\/wp-json\/wp\/v2\/tags?post=62011"}],"curies":[{"name":"wp","href":"https:\/\/api.w.org\/{rel}","templated":true}]}}