{"id":6187,"date":"2024-10-31T20:12:38","date_gmt":"2024-10-31T19:12:38","guid":{"rendered":"https:\/\/elmawkie.dz\/fr\/?p=6187"},"modified":"2024-10-31T21:06:35","modified_gmt":"2024-10-31T20:06:35","slug":"espagne-la-fedissah-reaffirme-son-soutien-au-droit-du-peuple-sahraoui-a-lautodetermination","status":"publish","type":"post","link":"https:\/\/elmawkie.dz\/fr\/espagne-la-fedissah-reaffirme-son-soutien-au-droit-du-peuple-sahraoui-a-lautodetermination\/","title":{"rendered":"Espagne : la FEDISSAH r\u00e9affirme son soutien au droit du peuple sahraoui \u00e0 l&rsquo;autod\u00e9termination"},"content":{"rendered":"<p><strong><em>La F\u00e9d\u00e9ration des institutions de solidarit\u00e9 avec le Sahara occidental (FEDISSAH) a r\u00e9affirm\u00e9 son soutien au droit du peuple sahraoui \u00e0 l&rsquo;autod\u00e9termination et l&rsquo;ind\u00e9pendance, conform\u00e9ment aux r\u00e9solutions pertinentes des Nations Unies. Dans le cadre d&rsquo;un \u00e9v\u00e8nement organis\u00e9, par visioconf\u00e9rence, par la FEDISSAH et la d\u00e9l\u00e9gation du Front Polisario en Espagne, le pr\u00e9sident de la f\u00e9d\u00e9ration, Carmelo Ramirez, a mis l&rsquo;accent sur les dures conditions auxquelles est confront\u00e9 le peuple sahraoui dans les territoires occup\u00e9s du Sahara occidental. Ramirez a regrett\u00e9 \u00ab\u00a0l&rsquo;absence de progr\u00e8s vers une solution d\u00e9finitive\u00a0\u00bb au conflit du Sahara occidental, malgr\u00e9 les nombreuses r\u00e9solutions des Nations Unies reconnaissant le droit des Sahraouis \u00e0 l&rsquo;autod\u00e9termination. Il a, \u00e0 cette occasion, soulign\u00e9 le r\u00f4le historique des municipalit\u00e9s espagnoles dans la promotion de la cause sahraouie, soulignant que d'\u00a0\u00bbimportantes initiatives humanitaires et politiques ont \u00e9t\u00e9 promues au niveau municipal dans le but de renforcer les liens de solidarit\u00e9 avec le peuple sahraoui\u00a0\u00bb. De son c\u00f4t\u00e9, Abdulah Arabi, repr\u00e9sentant du Front Polisario en Espagne, a abord\u00e9 la situation actuelle au Sahara occidental, mettant en avant les efforts humanitaires et politiques men\u00e9s en collaboration avec les municipalit\u00e9s solidaires d&rsquo;Espagne. Arabi a rappel\u00e9 en outre la victoire historique du peuple sahraoui devant la Cour de justice de l&rsquo;Union europ\u00e9enne (CJUE). Le diplomate a soulign\u00e9 dans le sillage que \u00ab\u00a0l&rsquo;avenir du Sahara occidental d\u00e9pend exclusivement de la volont\u00e9 du peuple sahraoui, qui a le droit de d\u00e9cider de son propre destin\u00a0\u00bb. L&rsquo;\u00e9v\u00e9nement a convenu de plusieurs actions strat\u00e9giques \u00e0 mener pour renforcer le soutien \u00e0 la cause sahraouie. Les municipalit\u00e9s participantes se sont engag\u00e9es \u00e0 \u00ab\u00a0soutenir activement le droit \u00e0 l&rsquo;autod\u00e9termination du peuple sahraoui\u00a0\u00bb.<\/em><\/strong><\/p>\n","protected":false},"excerpt":{"rendered":"<p>La F\u00e9d\u00e9ration des institutions de solidarit\u00e9 avec le Sahara occidental (FEDISSAH) a r\u00e9affirm\u00e9 son soutien au droit du peuple sahraoui \u00e0 l&rsquo;autod\u00e9termination et l&rsquo;ind\u00e9pendance, conform\u00e9ment aux r\u00e9solutions pertinentes des Nations Unies. Dans le cadre d&rsquo;un \u00e9v\u00e8nement organis\u00e9, par visioconf\u00e9rence, par la FEDISSAH et la d\u00e9l\u00e9gation du Front Polisario en Espagne, le pr\u00e9sident de la f\u00e9d\u00e9ration, &hellip;<\/p>\n","protected":false},"author":9,"featured_media":6188,"comment_status":"open","ping_status":"open","sticky":false,"template":"","format":"standard","meta":{"footnotes":""},"categories":[44],"tags":[199,922],"class_list":["post-6187","post","type-post","status-publish","format-standard","has-post-thumbnail","hentry","category-international","tag-espagne","tag-le-peuple-sahraoui"],"yoast_head":"<!-- This site is optimized with the Yoast SEO Premium plugin v22.6 (Yoast SEO v22.6) - https:\/\/yoast.com\/wordpress\/plugins\/seo\/ -->\n<title>Espagne : la FEDISSAH r\u00e9affirme son soutien au droit du peuple sahraoui \u00e0 l&#039;autod\u00e9termination - El Mawkie<\/title>\n<meta name=\"robots\" content=\"index, follow, max-snippet:-1, max-image-preview:large, max-video-preview:-1\" \/>\n<link rel=\"canonical\" href=\"https:\/\/elmawkie.dz\/fr\/espagne-la-fedissah-reaffirme-son-soutien-au-droit-du-peuple-sahraoui-a-lautodetermination\/\" \/>\n<meta property=\"og:locale\" content=\"fr_FR\" \/>\n<meta property=\"og:type\" content=\"article\" \/>\n<meta property=\"og:title\" content=\"Espagne : la FEDISSAH r\u00e9affirme son soutien au droit du peuple sahraoui \u00e0 l&#039;autod\u00e9termination\" \/>\n<meta property=\"og:description\" content=\"La F\u00e9d\u00e9ration des institutions de solidarit\u00e9 avec le Sahara occidental (FEDISSAH) a r\u00e9affirm\u00e9 son soutien au droit du peuple sahraoui \u00e0 l&rsquo;autod\u00e9termination et l&rsquo;ind\u00e9pendance, conform\u00e9ment aux r\u00e9solutions pertinentes des Nations Unies. Dans le cadre d&rsquo;un \u00e9v\u00e8nement organis\u00e9, par visioconf\u00e9rence, par la FEDISSAH et la d\u00e9l\u00e9gation du Front Polisario en Espagne, le pr\u00e9sident de la f\u00e9d\u00e9ration, &hellip;\" \/>\n<meta property=\"og:url\" content=\"https:\/\/elmawkie.dz\/fr\/espagne-la-fedissah-reaffirme-son-soutien-au-droit-du-peuple-sahraoui-a-lautodetermination\/\" \/>\n<meta property=\"og:site_name\" content=\"El Mawkie\" \/>\n<meta property=\"article:publisher\" content=\"https:\/\/www.facebook.com\/profile.php?id=100088407094989&amp;locale=fr_FR\" \/>\n<meta property=\"article:published_time\" content=\"2024-10-31T19:12:38+00:00\" \/>\n<meta property=\"article:modified_time\" content=\"2024-10-31T20:06:35+00:00\" \/>\n<meta property=\"og:image\" content=\"https:\/\/elmawkie.dz\/fr\/wp-content\/uploads\/2024\/10\/IMG_4126.jpeg\" \/>\n\t<meta property=\"og:image:width\" content=\"275\" \/>\n\t<meta property=\"og:image:height\" content=\"183\" \/>\n\t<meta property=\"og:image:type\" content=\"image\/jpeg\" \/>\n<meta name=\"author\" content=\"R\u00e9daction\" \/>\n<meta name=\"twitter:card\" content=\"summary_large_image\" \/>\n<meta name=\"twitter:label1\" content=\"Written by\" \/>\n\t<meta name=\"twitter:data1\" content=\"R\u00e9daction\" \/>\n\t<meta name=\"twitter:label2\" content=\"Est. reading time\" \/>\n\t<meta name=\"twitter:data2\" content=\"1 minute\" \/>\n<script type=\"application\/ld+json\" class=\"yoast-schema-graph\">{\"@context\":\"https:\/\/schema.org\",\"@graph\":[{\"@type\":\"Article\",\"@id\":\"https:\/\/elmawkie.dz\/fr\/espagne-la-fedissah-reaffirme-son-soutien-au-droit-du-peuple-sahraoui-a-lautodetermination\/#article\",\"isPartOf\":{\"@id\":\"https:\/\/elmawkie.dz\/fr\/espagne-la-fedissah-reaffirme-son-soutien-au-droit-du-peuple-sahraoui-a-lautodetermination\/\"},\"author\":{\"name\":\"R\u00e9daction\",\"@id\":\"https:\/\/elmawkie.dz\/fr\/#\/schema\/person\/e7bd59d6467874ba5c4723d8a9f0a63c\"},\"headline\":\"Espagne : la FEDISSAH r\u00e9affirme son soutien au droit du peuple sahraoui \u00e0 l&rsquo;autod\u00e9termination\",\"datePublished\":\"2024-10-31T19:12:38+00:00\",\"dateModified\":\"2024-10-31T20:06:35+00:00\",\"mainEntityOfPage\":{\"@id\":\"https:\/\/elmawkie.dz\/fr\/espagne-la-fedissah-reaffirme-son-soutien-au-droit-du-peuple-sahraoui-a-lautodetermination\/\"},\"wordCount\":322,\"commentCount\":0,\"publisher\":{\"@id\":\"https:\/\/elmawkie.dz\/fr\/#organization\"},\"image\":{\"@id\":\"https:\/\/elmawkie.dz\/fr\/espagne-la-fedissah-reaffirme-son-soutien-au-droit-du-peuple-sahraoui-a-lautodetermination\/#primaryimage\"},\"thumbnailUrl\":\"https:\/\/elmawkie.dz\/fr\/wp-content\/uploads\/2024\/10\/IMG_4126.jpeg\",\"keywords\":[\"Espagne\",\"Le peuple sahraoui\"],\"articleSection\":[\"International\"],\"inLanguage\":\"fr-FR\",\"potentialAction\":[{\"@type\":\"CommentAction\",\"name\":\"Comment\",\"target\":[\"https:\/\/elmawkie.dz\/fr\/espagne-la-fedissah-reaffirme-son-soutien-au-droit-du-peuple-sahraoui-a-lautodetermination\/#respond\"]}]},{\"@type\":\"WebPage\",\"@id\":\"https:\/\/elmawkie.dz\/fr\/espagne-la-fedissah-reaffirme-son-soutien-au-droit-du-peuple-sahraoui-a-lautodetermination\/\",\"url\":\"https:\/\/elmawkie.dz\/fr\/espagne-la-fedissah-reaffirme-son-soutien-au-droit-du-peuple-sahraoui-a-lautodetermination\/\",\"name\":\"Espagne : la FEDISSAH r\u00e9affirme son soutien au droit du peuple sahraoui \u00e0 l'autod\u00e9termination - El Mawkie\",\"isPartOf\":{\"@id\":\"https:\/\/elmawkie.dz\/fr\/#website\"},\"primaryImageOfPage\":{\"@id\":\"https:\/\/elmawkie.dz\/fr\/espagne-la-fedissah-reaffirme-son-soutien-au-droit-du-peuple-sahraoui-a-lautodetermination\/#primaryimage\"},\"image\":{\"@id\":\"https:\/\/elmawkie.dz\/fr\/espagne-la-fedissah-reaffirme-son-soutien-au-droit-du-peuple-sahraoui-a-lautodetermination\/#primaryimage\"},\"thumbnailUrl\":\"https:\/\/elmawkie.dz\/fr\/wp-content\/uploads\/2024\/10\/IMG_4126.jpeg\",\"datePublished\":\"2024-10-31T19:12:38+00:00\",\"dateModified\":\"2024-10-31T20:06:35+00:00\",\"breadcrumb\":{\"@id\":\"https:\/\/elmawkie.dz\/fr\/espagne-la-fedissah-reaffirme-son-soutien-au-droit-du-peuple-sahraoui-a-lautodetermination\/#breadcrumb\"},\"inLanguage\":\"fr-FR\",\"potentialAction\":[{\"@type\":\"ReadAction\",\"target\":[\"https:\/\/elmawkie.dz\/fr\/espagne-la-fedissah-reaffirme-son-soutien-au-droit-du-peuple-sahraoui-a-lautodetermination\/\"]}]},{\"@type\":\"ImageObject\",\"inLanguage\":\"fr-FR\",\"@id\":\"https:\/\/elmawkie.dz\/fr\/espagne-la-fedissah-reaffirme-son-soutien-au-droit-du-peuple-sahraoui-a-lautodetermination\/#primaryimage\",\"url\":\"https:\/\/elmawkie.dz\/fr\/wp-content\/uploads\/2024\/10\/IMG_4126.jpeg\",\"contentUrl\":\"https:\/\/elmawkie.dz\/fr\/wp-content\/uploads\/2024\/10\/IMG_4126.jpeg\",\"width\":275,\"height\":183},{\"@type\":\"BreadcrumbList\",\"@id\":\"https:\/\/elmawkie.dz\/fr\/espagne-la-fedissah-reaffirme-son-soutien-au-droit-du-peuple-sahraoui-a-lautodetermination\/#breadcrumb\",\"itemListElement\":[{\"@type\":\"ListItem\",\"position\":1,\"name\":\"Home\",\"item\":\"https:\/\/elmawkie.dz\/fr\/\"},{\"@type\":\"ListItem\",\"position\":2,\"name\":\"Espagne : la FEDISSAH r\u00e9affirme son soutien au droit du peuple sahraoui \u00e0 l&rsquo;autod\u00e9termination\"}]},{\"@type\":\"WebSite\",\"@id\":\"https:\/\/elmawkie.dz\/fr\/#website\",\"url\":\"https:\/\/elmawkie.dz\/fr\/\",\"name\":\"EL MAWKIE\",\"description\":\"Journal \u00c9lectronique Alg\u00e9rien\",\"publisher\":{\"@id\":\"https:\/\/elmawkie.dz\/fr\/#organization\"},\"potentialAction\":[{\"@type\":\"SearchAction\",\"target\":{\"@type\":\"EntryPoint\",\"urlTemplate\":\"https:\/\/elmawkie.dz\/fr\/?s={search_term_string}\"},\"query-input\":\"required name=search_term_string\"}],\"inLanguage\":\"fr-FR\"},{\"@type\":\"Organization\",\"@id\":\"https:\/\/elmawkie.dz\/fr\/#organization\",\"name\":\"EL MAWKIE\",\"url\":\"https:\/\/elmawkie.dz\/fr\/\",\"logo\":{\"@type\":\"ImageObject\",\"inLanguage\":\"fr-FR\",\"@id\":\"https:\/\/elmawkie.dz\/fr\/#\/schema\/logo\/image\/\",\"url\":\"https:\/\/elmawkie.dz\/fr\/wp-content\/uploads\/2024\/05\/logo1.png\",\"contentUrl\":\"https:\/\/elmawkie.dz\/fr\/wp-content\/uploads\/2024\/05\/logo1.png\",\"width\":1648,\"height\":652,\"caption\":\"EL MAWKIE\"},\"image\":{\"@id\":\"https:\/\/elmawkie.dz\/fr\/#\/schema\/logo\/image\/\"},\"sameAs\":[\"https:\/\/www.facebook.com\/profile.php?id=100088407094989&locale=fr_FR\"]},{\"@type\":\"Person\",\"@id\":\"https:\/\/elmawkie.dz\/fr\/#\/schema\/person\/e7bd59d6467874ba5c4723d8a9f0a63c\",\"name\":\"R\u00e9daction\",\"image\":{\"@type\":\"ImageObject\",\"inLanguage\":\"fr-FR\",\"@id\":\"https:\/\/elmawkie.dz\/fr\/#\/schema\/person\/image\/\",\"url\":\"https:\/\/secure.gravatar.com\/avatar\/f0f773456344da4d2788c054a3d30a0c?s=96&d=mm&r=g\",\"contentUrl\":\"https:\/\/secure.gravatar.com\/avatar\/f0f773456344da4d2788c054a3d30a0c?s=96&d=mm&r=g\",\"caption\":\"R\u00e9daction\"},\"url\":\"https:\/\/elmawkie.dz\/fr\/author\/redaction\/\"}]}<\/script>\n<!-- \/ Yoast SEO Premium plugin. -->","yoast_head_json":{"title":"Espagne : la FEDISSAH r\u00e9affirme son soutien au droit du peuple sahraoui \u00e0 l'autod\u00e9termination - El Mawkie","robots":{"index":"index","follow":"follow","max-snippet":"max-snippet:-1","max-image-preview":"max-image-preview:large","max-video-preview":"max-video-preview:-1"},"canonical":"https:\/\/elmawkie.dz\/fr\/espagne-la-fedissah-reaffirme-son-soutien-au-droit-du-peuple-sahraoui-a-lautodetermination\/","og_locale":"fr_FR","og_type":"article","og_title":"Espagne : la FEDISSAH r\u00e9affirme son soutien au droit du peuple sahraoui \u00e0 l'autod\u00e9termination","og_description":"La F\u00e9d\u00e9ration des institutions de solidarit\u00e9 avec le Sahara occidental (FEDISSAH) a r\u00e9affirm\u00e9 son soutien au droit du peuple sahraoui \u00e0 l&rsquo;autod\u00e9termination et l&rsquo;ind\u00e9pendance, conform\u00e9ment aux r\u00e9solutions pertinentes des Nations Unies. Dans le cadre d&rsquo;un \u00e9v\u00e8nement organis\u00e9, par visioconf\u00e9rence, par la FEDISSAH et la d\u00e9l\u00e9gation du Front Polisario en Espagne, le pr\u00e9sident de la f\u00e9d\u00e9ration, &hellip;","og_url":"https:\/\/elmawkie.dz\/fr\/espagne-la-fedissah-reaffirme-son-soutien-au-droit-du-peuple-sahraoui-a-lautodetermination\/","og_site_name":"El Mawkie","article_publisher":"https:\/\/www.facebook.com\/profile.php?id=100088407094989&locale=fr_FR","article_published_time":"2024-10-31T19:12:38+00:00","article_modified_time":"2024-10-31T20:06:35+00:00","og_image":[{"width":275,"height":183,"url":"https:\/\/elmawkie.dz\/fr\/wp-content\/uploads\/2024\/10\/IMG_4126.jpeg","type":"image\/jpeg"}],"author":"R\u00e9daction","twitter_card":"summary_large_image","twitter_misc":{"Written by":"R\u00e9daction","Est. reading time":"1 minute"},"schema":{"@context":"https:\/\/schema.org","@graph":[{"@type":"Article","@id":"https:\/\/elmawkie.dz\/fr\/espagne-la-fedissah-reaffirme-son-soutien-au-droit-du-peuple-sahraoui-a-lautodetermination\/#article","isPartOf":{"@id":"https:\/\/elmawkie.dz\/fr\/espagne-la-fedissah-reaffirme-son-soutien-au-droit-du-peuple-sahraoui-a-lautodetermination\/"},"author":{"name":"R\u00e9daction","@id":"https:\/\/elmawkie.dz\/fr\/#\/schema\/person\/e7bd59d6467874ba5c4723d8a9f0a63c"},"headline":"Espagne : la FEDISSAH r\u00e9affirme son soutien au droit du peuple sahraoui \u00e0 l&rsquo;autod\u00e9termination","datePublished":"2024-10-31T19:12:38+00:00","dateModified":"2024-10-31T20:06:35+00:00","mainEntityOfPage":{"@id":"https:\/\/elmawkie.dz\/fr\/espagne-la-fedissah-reaffirme-son-soutien-au-droit-du-peuple-sahraoui-a-lautodetermination\/"},"wordCount":322,"commentCount":0,"publisher":{"@id":"https:\/\/elmawkie.dz\/fr\/#organization"},"image":{"@id":"https:\/\/elmawkie.dz\/fr\/espagne-la-fedissah-reaffirme-son-soutien-au-droit-du-peuple-sahraoui-a-lautodetermination\/#primaryimage"},"thumbnailUrl":"https:\/\/elmawkie.dz\/fr\/wp-content\/uploads\/2024\/10\/IMG_4126.jpeg","keywords":["Espagne","Le peuple sahraoui"],"articleSection":["International"],"inLanguage":"fr-FR","potentialAction":[{"@type":"CommentAction","name":"Comment","target":["https:\/\/elmawkie.dz\/fr\/espagne-la-fedissah-reaffirme-son-soutien-au-droit-du-peuple-sahraoui-a-lautodetermination\/#respond"]}]},{"@type":"WebPage","@id":"https:\/\/elmawkie.dz\/fr\/espagne-la-fedissah-reaffirme-son-soutien-au-droit-du-peuple-sahraoui-a-lautodetermination\/","url":"https:\/\/elmawkie.dz\/fr\/espagne-la-fedissah-reaffirme-son-soutien-au-droit-du-peuple-sahraoui-a-lautodetermination\/","name":"Espagne : la FEDISSAH r\u00e9affirme son soutien au droit du peuple sahraoui \u00e0 l'autod\u00e9termination - El Mawkie","isPartOf":{"@id":"https:\/\/elmawkie.dz\/fr\/#website"},"primaryImageOfPage":{"@id":"https:\/\/elmawkie.dz\/fr\/espagne-la-fedissah-reaffirme-son-soutien-au-droit-du-peuple-sahraoui-a-lautodetermination\/#primaryimage"},"image":{"@id":"https:\/\/elmawkie.dz\/fr\/espagne-la-fedissah-reaffirme-son-soutien-au-droit-du-peuple-sahraoui-a-lautodetermination\/#primaryimage"},"thumbnailUrl":"https:\/\/elmawkie.dz\/fr\/wp-content\/uploads\/2024\/10\/IMG_4126.jpeg","datePublished":"2024-10-31T19:12:38+00:00","dateModified":"2024-10-31T20:06:35+00:00","breadcrumb":{"@id":"https:\/\/elmawkie.dz\/fr\/espagne-la-fedissah-reaffirme-son-soutien-au-droit-du-peuple-sahraoui-a-lautodetermination\/#breadcrumb"},"inLanguage":"fr-FR","potentialAction":[{"@type":"ReadAction","target":["https:\/\/elmawkie.dz\/fr\/espagne-la-fedissah-reaffirme-son-soutien-au-droit-du-peuple-sahraoui-a-lautodetermination\/"]}]},{"@type":"ImageObject","inLanguage":"fr-FR","@id":"https:\/\/elmawkie.dz\/fr\/espagne-la-fedissah-reaffirme-son-soutien-au-droit-du-peuple-sahraoui-a-lautodetermination\/#primaryimage","url":"https:\/\/elmawkie.dz\/fr\/wp-content\/uploads\/2024\/10\/IMG_4126.jpeg","contentUrl":"https:\/\/elmawkie.dz\/fr\/wp-content\/uploads\/2024\/10\/IMG_4126.jpeg","width":275,"height":183},{"@type":"BreadcrumbList","@id":"https:\/\/elmawkie.dz\/fr\/espagne-la-fedissah-reaffirme-son-soutien-au-droit-du-peuple-sahraoui-a-lautodetermination\/#breadcrumb","itemListElement":[{"@type":"ListItem","position":1,"name":"Home","item":"https:\/\/elmawkie.dz\/fr\/"},{"@type":"ListItem","position":2,"name":"Espagne : la FEDISSAH r\u00e9affirme son soutien au droit du peuple sahraoui \u00e0 l&rsquo;autod\u00e9termination"}]},{"@type":"WebSite","@id":"https:\/\/elmawkie.dz\/fr\/#website","url":"https:\/\/elmawkie.dz\/fr\/","name":"EL MAWKIE","description":"Journal \u00c9lectronique Alg\u00e9rien","publisher":{"@id":"https:\/\/elmawkie.dz\/fr\/#organization"},"potentialAction":[{"@type":"SearchAction","target":{"@type":"EntryPoint","urlTemplate":"https:\/\/elmawkie.dz\/fr\/?s={search_term_string}"},"query-input":"required name=search_term_string"}],"inLanguage":"fr-FR"},{"@type":"Organization","@id":"https:\/\/elmawkie.dz\/fr\/#organization","name":"EL MAWKIE","url":"https:\/\/elmawkie.dz\/fr\/","logo":{"@type":"ImageObject","inLanguage":"fr-FR","@id":"https:\/\/elmawkie.dz\/fr\/#\/schema\/logo\/image\/","url":"https:\/\/elmawkie.dz\/fr\/wp-content\/uploads\/2024\/05\/logo1.png","contentUrl":"https:\/\/elmawkie.dz\/fr\/wp-content\/uploads\/2024\/05\/logo1.png","width":1648,"height":652,"caption":"EL MAWKIE"},"image":{"@id":"https:\/\/elmawkie.dz\/fr\/#\/schema\/logo\/image\/"},"sameAs":["https:\/\/www.facebook.com\/profile.php?id=100088407094989&locale=fr_FR"]},{"@type":"Person","@id":"https:\/\/elmawkie.dz\/fr\/#\/schema\/person\/e7bd59d6467874ba5c4723d8a9f0a63c","name":"R\u00e9daction","image":{"@type":"ImageObject","inLanguage":"fr-FR","@id":"https:\/\/elmawkie.dz\/fr\/#\/schema\/person\/image\/","url":"https:\/\/secure.gravatar.com\/avatar\/f0f773456344da4d2788c054a3d30a0c?s=96&d=mm&r=g","contentUrl":"https:\/\/secure.gravatar.com\/avatar\/f0f773456344da4d2788c054a3d30a0c?s=96&d=mm&r=g","caption":"R\u00e9daction"},"url":"https:\/\/elmawkie.dz\/fr\/author\/redaction\/"}]}},"_links":{"self":[{"href":"https:\/\/elmawkie.dz\/fr\/wp-json\/wp\/v2\/posts\/6187","targetHints":{"allow":["GET"]}}],"collection":[{"href":"https:\/\/elmawkie.dz\/fr\/wp-json\/wp\/v2\/posts"}],"about":[{"href":"https:\/\/elmawkie.dz\/fr\/wp-json\/wp\/v2\/types\/post"}],"author":[{"embeddable":true,"href":"https:\/\/elmawkie.dz\/fr\/wp-json\/wp\/v2\/users\/9"}],"replies":[{"embeddable":true,"href":"https:\/\/elmawkie.dz\/fr\/wp-json\/wp\/v2\/comments?post=6187"}],"version-history":[{"count":0,"href":"https:\/\/elmawkie.dz\/fr\/wp-json\/wp\/v2\/posts\/6187\/revisions"}],"wp:featuredmedia":[{"embeddable":true,"href":"https:\/\/elmawkie.dz\/fr\/wp-json\/wp\/v2\/media\/6188"}],"wp:attachment":[{"href":"https:\/\/elmawkie.dz\/fr\/wp-json\/wp\/v2\/media?parent=6187"}],"wp:term":[{"taxonomy":"category","embeddable":true,"href":"https:\/\/elmawkie.dz\/fr\/wp-json\/wp\/v2\/categories?post=6187"},{"taxonomy":"post_tag","embeddable":true,"href":"https:\/\/elmawkie.dz\/fr\/wp-json\/wp\/v2\/tags?post=6187"}],"curies":[{"name":"wp","href":"https:\/\/api.w.org\/{rel}","templated":true}]}}