{"id":6184,"date":"2024-10-31T19:59:49","date_gmt":"2024-10-31T18:59:49","guid":{"rendered":"https:\/\/elmawkie.dz\/fr\/?p=6184"},"modified":"2024-10-31T21:06:14","modified_gmt":"2024-10-31T20:06:14","slug":"m-arkab-recoit-le-vice-president-de-la-douma-russe","status":"publish","type":"post","link":"https:\/\/elmawkie.dz\/fr\/m-arkab-recoit-le-vice-president-de-la-douma-russe\/","title":{"rendered":"M. Arkab re\u00e7oit le vice-pr\u00e9sident de la Douma russe"},"content":{"rendered":"<p><strong><em>Le ministre de l&rsquo;Energie et des Mines, Mohamed Arkab, a re\u00e7u, jeudi \u00e0 Alger, le vice-pr\u00e9sident de la Douma de la F\u00e9d\u00e9ration de Russie, Vladislav Davankov, et la d\u00e9l\u00e9gation l&rsquo;accompagnant, en visite officielle en Alg\u00e9rie, indique un communiqu\u00e9 du minist\u00e8re. Lors de cette rencontre, qui s&rsquo;est d\u00e9roul\u00e9e au si\u00e8ge du minist\u00e8re, en pr\u00e9sence du vice-pr\u00e9sident de l&rsquo;Assembl\u00e9e populaire nationale (APN), Monder Bouden, de cadres du minist\u00e8re et du chef de la mission \u00e9conomique \u00e0 l&rsquo;ambassade de la F\u00e9d\u00e9ration de Russie \u00e0 Alger, les deux parties ont examin\u00e9 l&rsquo;\u00e9tat des relations de coop\u00e9ration entre les entreprises alg\u00e9riennes et leurs homologues russes dans le domaine de l&rsquo;\u00e9nergie et des mines, ainsi que les perspectives de les renforcer. Les deux parties ont \u00e9galement r\u00e9affirm\u00e9 leur volont\u00e9 d&rsquo;intensifier la coop\u00e9ration \u00e0 travers l&rsquo;exploration de toutes les opportunit\u00e9s disponibles dans le domaine de l&rsquo;\u00e9nergie et des mines, selon la m\u00eame source. M. Arkab a soulign\u00e9 l&rsquo;importance de la coop\u00e9ration et du partenariat strat\u00e9gique liant les deux pays, notamment apr\u00e8s la signature de la D\u00e9claration de partenariat strat\u00e9gique approfondi entre l&rsquo;Alg\u00e9rie et la Russie en juin 2023, en sus de plusieurs accords, m\u00e9morandums d&rsquo;entente et programmes d&rsquo;action entre les gouvernements alg\u00e9rien et russe. La rencontre \u00e9tait une occasion pour le ministre de passer en revue la strat\u00e9gie du d\u00e9veloppement du secteur de l&rsquo;Energie et des Mines, en mati\u00e8re de relance des investissements en vue d&rsquo;augmenter la production et la transformation du p\u00e9trole et du gaz, ainsi que les opportunit\u00e9s d&rsquo;investissement et de partenariat dans ce secteur, notamment l&rsquo;exploration, le d\u00e9veloppement et l&rsquo;exploitation des hydrocarbures, ainsi que la p\u00e9trochimie, \u00e0 travers le renforcement de la coop\u00e9ration entre Sonatrach et Gazprom. Dans ce cadre, M. Arkab a s&rsquo;est dit optimiste de voir \u00ab\u00a0des partenariats mutuellement b\u00e9n\u00e9fiques, en tirant profit des avantages de la nouvelle loi sur les hydrocarbures\u00a0\u00bb, selon la m\u00eame source. Le ministre de l&rsquo;Energie et des Mines a \u00e9galement affich\u00e9 \u00ab\u00a0la volont\u00e9 de l&rsquo;Alg\u00e9rie de d\u00e9velopper davantage ses ressources afin d&rsquo;optimiser l&rsquo;exploration et l&rsquo;exploitation de son riche potentiel minier\u00a0\u00bb, invitant les entreprises russes \u00e0 investir dans le secteur minier alg\u00e9rien et \u00e0 \u00e9tablir des partenariats mutuellement b\u00e9n\u00e9fiques avec les entreprises alg\u00e9riennes, notamment \u00e0 travers le transfert des connaissances et la formation dans les domaines li\u00e9s \u00e0 la recherche, l&rsquo;exploration, la transformation des richesses mini\u00e8res et le d\u00e9veloppement du secteur minier en Alg\u00e9rie, en particulier les terres rares. Les deux parties ont \u00e9voqu\u00e9 les grandes opportunit\u00e9s de coop\u00e9ration et d&rsquo;investissement dans le domaine des \u00e9nergies renouvelables dont l&rsquo;\u00e9nergie solaire photovolta\u00efque, l&rsquo;utilisation des techniques et applications nucl\u00e9aires dans la m\u00e9decine, la production des radiopharmaceutiques destin\u00e9s \u00e0 la lutte contre le cancer, sans oublier la coop\u00e9ration dans le domaine du dessalement d&rsquo;eau de mer et la fabrication locale des \u00e9quipements en la mati\u00e8re.<\/em><\/strong><\/p>\n","protected":false},"excerpt":{"rendered":"<p>Le ministre de l&rsquo;Energie et des Mines, Mohamed Arkab, a re\u00e7u, jeudi \u00e0 Alger, le vice-pr\u00e9sident de la Douma de la F\u00e9d\u00e9ration de Russie, Vladislav Davankov, et la d\u00e9l\u00e9gation l&rsquo;accompagnant, en visite officielle en Alg\u00e9rie, indique un communiqu\u00e9 du minist\u00e8re. Lors de cette rencontre, qui s&rsquo;est d\u00e9roul\u00e9e au si\u00e8ge du minist\u00e8re, en pr\u00e9sence du vice-pr\u00e9sident &hellip;<\/p>\n","protected":false},"author":9,"featured_media":6185,"comment_status":"open","ping_status":"open","sticky":false,"template":"","format":"standard","meta":{"footnotes":""},"categories":[794],"tags":[],"class_list":["post-6184","post","type-post","status-publish","format-standard","has-post-thumbnail","hentry","category-energie"],"yoast_head":"<!-- This site is optimized with the Yoast SEO Premium plugin v22.6 (Yoast SEO v22.6) - https:\/\/yoast.com\/wordpress\/plugins\/seo\/ -->\n<title>M. Arkab re\u00e7oit le vice-pr\u00e9sident de la Douma russe - El Mawkie<\/title>\n<meta name=\"robots\" content=\"index, follow, max-snippet:-1, max-image-preview:large, max-video-preview:-1\" \/>\n<link rel=\"canonical\" href=\"https:\/\/elmawkie.dz\/fr\/m-arkab-recoit-le-vice-president-de-la-douma-russe\/\" \/>\n<meta property=\"og:locale\" content=\"fr_FR\" \/>\n<meta property=\"og:type\" content=\"article\" \/>\n<meta property=\"og:title\" content=\"M. Arkab re\u00e7oit le vice-pr\u00e9sident de la Douma russe\" \/>\n<meta property=\"og:description\" content=\"Le ministre de l&rsquo;Energie et des Mines, Mohamed Arkab, a re\u00e7u, jeudi \u00e0 Alger, le vice-pr\u00e9sident de la Douma de la F\u00e9d\u00e9ration de Russie, Vladislav Davankov, et la d\u00e9l\u00e9gation l&rsquo;accompagnant, en visite officielle en Alg\u00e9rie, indique un communiqu\u00e9 du minist\u00e8re. Lors de cette rencontre, qui s&rsquo;est d\u00e9roul\u00e9e au si\u00e8ge du minist\u00e8re, en pr\u00e9sence du vice-pr\u00e9sident &hellip;\" \/>\n<meta property=\"og:url\" content=\"https:\/\/elmawkie.dz\/fr\/m-arkab-recoit-le-vice-president-de-la-douma-russe\/\" \/>\n<meta property=\"og:site_name\" content=\"El Mawkie\" \/>\n<meta property=\"article:publisher\" content=\"https:\/\/www.facebook.com\/profile.php?id=100088407094989&amp;locale=fr_FR\" \/>\n<meta property=\"article:published_time\" content=\"2024-10-31T18:59:49+00:00\" \/>\n<meta property=\"article:modified_time\" content=\"2024-10-31T20:06:14+00:00\" \/>\n<meta property=\"og:image\" content=\"https:\/\/elmawkie.dz\/fr\/wp-content\/uploads\/2024\/10\/IMG_4124.jpeg\" \/>\n\t<meta property=\"og:image:width\" content=\"1920\" \/>\n\t<meta property=\"og:image:height\" content=\"1667\" \/>\n\t<meta property=\"og:image:type\" content=\"image\/jpeg\" \/>\n<meta name=\"author\" content=\"R\u00e9daction\" \/>\n<meta name=\"twitter:card\" content=\"summary_large_image\" \/>\n<meta name=\"twitter:label1\" content=\"Written by\" \/>\n\t<meta name=\"twitter:data1\" content=\"R\u00e9daction\" \/>\n\t<meta name=\"twitter:label2\" content=\"Est. reading time\" \/>\n\t<meta name=\"twitter:data2\" content=\"3 minutes\" \/>\n<script type=\"application\/ld+json\" class=\"yoast-schema-graph\">{\"@context\":\"https:\/\/schema.org\",\"@graph\":[{\"@type\":\"Article\",\"@id\":\"https:\/\/elmawkie.dz\/fr\/m-arkab-recoit-le-vice-president-de-la-douma-russe\/#article\",\"isPartOf\":{\"@id\":\"https:\/\/elmawkie.dz\/fr\/m-arkab-recoit-le-vice-president-de-la-douma-russe\/\"},\"author\":{\"name\":\"R\u00e9daction\",\"@id\":\"https:\/\/elmawkie.dz\/fr\/#\/schema\/person\/e7bd59d6467874ba5c4723d8a9f0a63c\"},\"headline\":\"M. Arkab re\u00e7oit le vice-pr\u00e9sident de la Douma russe\",\"datePublished\":\"2024-10-31T18:59:49+00:00\",\"dateModified\":\"2024-10-31T20:06:14+00:00\",\"mainEntityOfPage\":{\"@id\":\"https:\/\/elmawkie.dz\/fr\/m-arkab-recoit-le-vice-president-de-la-douma-russe\/\"},\"wordCount\":545,\"commentCount\":0,\"publisher\":{\"@id\":\"https:\/\/elmawkie.dz\/fr\/#organization\"},\"image\":{\"@id\":\"https:\/\/elmawkie.dz\/fr\/m-arkab-recoit-le-vice-president-de-la-douma-russe\/#primaryimage\"},\"thumbnailUrl\":\"https:\/\/elmawkie.dz\/fr\/wp-content\/uploads\/2024\/10\/IMG_4124.jpeg\",\"articleSection\":[\"Energie\"],\"inLanguage\":\"fr-FR\",\"potentialAction\":[{\"@type\":\"CommentAction\",\"name\":\"Comment\",\"target\":[\"https:\/\/elmawkie.dz\/fr\/m-arkab-recoit-le-vice-president-de-la-douma-russe\/#respond\"]}]},{\"@type\":\"WebPage\",\"@id\":\"https:\/\/elmawkie.dz\/fr\/m-arkab-recoit-le-vice-president-de-la-douma-russe\/\",\"url\":\"https:\/\/elmawkie.dz\/fr\/m-arkab-recoit-le-vice-president-de-la-douma-russe\/\",\"name\":\"M. Arkab re\u00e7oit le vice-pr\u00e9sident de la Douma russe - El Mawkie\",\"isPartOf\":{\"@id\":\"https:\/\/elmawkie.dz\/fr\/#website\"},\"primaryImageOfPage\":{\"@id\":\"https:\/\/elmawkie.dz\/fr\/m-arkab-recoit-le-vice-president-de-la-douma-russe\/#primaryimage\"},\"image\":{\"@id\":\"https:\/\/elmawkie.dz\/fr\/m-arkab-recoit-le-vice-president-de-la-douma-russe\/#primaryimage\"},\"thumbnailUrl\":\"https:\/\/elmawkie.dz\/fr\/wp-content\/uploads\/2024\/10\/IMG_4124.jpeg\",\"datePublished\":\"2024-10-31T18:59:49+00:00\",\"dateModified\":\"2024-10-31T20:06:14+00:00\",\"breadcrumb\":{\"@id\":\"https:\/\/elmawkie.dz\/fr\/m-arkab-recoit-le-vice-president-de-la-douma-russe\/#breadcrumb\"},\"inLanguage\":\"fr-FR\",\"potentialAction\":[{\"@type\":\"ReadAction\",\"target\":[\"https:\/\/elmawkie.dz\/fr\/m-arkab-recoit-le-vice-president-de-la-douma-russe\/\"]}]},{\"@type\":\"ImageObject\",\"inLanguage\":\"fr-FR\",\"@id\":\"https:\/\/elmawkie.dz\/fr\/m-arkab-recoit-le-vice-president-de-la-douma-russe\/#primaryimage\",\"url\":\"https:\/\/elmawkie.dz\/fr\/wp-content\/uploads\/2024\/10\/IMG_4124.jpeg\",\"contentUrl\":\"https:\/\/elmawkie.dz\/fr\/wp-content\/uploads\/2024\/10\/IMG_4124.jpeg\",\"width\":1920,\"height\":1667},{\"@type\":\"BreadcrumbList\",\"@id\":\"https:\/\/elmawkie.dz\/fr\/m-arkab-recoit-le-vice-president-de-la-douma-russe\/#breadcrumb\",\"itemListElement\":[{\"@type\":\"ListItem\",\"position\":1,\"name\":\"Home\",\"item\":\"https:\/\/elmawkie.dz\/fr\/\"},{\"@type\":\"ListItem\",\"position\":2,\"name\":\"M. Arkab re\u00e7oit le vice-pr\u00e9sident de la Douma russe\"}]},{\"@type\":\"WebSite\",\"@id\":\"https:\/\/elmawkie.dz\/fr\/#website\",\"url\":\"https:\/\/elmawkie.dz\/fr\/\",\"name\":\"EL MAWKIE\",\"description\":\"Journal \u00c9lectronique Alg\u00e9rien\",\"publisher\":{\"@id\":\"https:\/\/elmawkie.dz\/fr\/#organization\"},\"potentialAction\":[{\"@type\":\"SearchAction\",\"target\":{\"@type\":\"EntryPoint\",\"urlTemplate\":\"https:\/\/elmawkie.dz\/fr\/?s={search_term_string}\"},\"query-input\":\"required name=search_term_string\"}],\"inLanguage\":\"fr-FR\"},{\"@type\":\"Organization\",\"@id\":\"https:\/\/elmawkie.dz\/fr\/#organization\",\"name\":\"EL MAWKIE\",\"url\":\"https:\/\/elmawkie.dz\/fr\/\",\"logo\":{\"@type\":\"ImageObject\",\"inLanguage\":\"fr-FR\",\"@id\":\"https:\/\/elmawkie.dz\/fr\/#\/schema\/logo\/image\/\",\"url\":\"https:\/\/elmawkie.dz\/fr\/wp-content\/uploads\/2024\/05\/logo1.png\",\"contentUrl\":\"https:\/\/elmawkie.dz\/fr\/wp-content\/uploads\/2024\/05\/logo1.png\",\"width\":1648,\"height\":652,\"caption\":\"EL MAWKIE\"},\"image\":{\"@id\":\"https:\/\/elmawkie.dz\/fr\/#\/schema\/logo\/image\/\"},\"sameAs\":[\"https:\/\/www.facebook.com\/profile.php?id=100088407094989&locale=fr_FR\"]},{\"@type\":\"Person\",\"@id\":\"https:\/\/elmawkie.dz\/fr\/#\/schema\/person\/e7bd59d6467874ba5c4723d8a9f0a63c\",\"name\":\"R\u00e9daction\",\"image\":{\"@type\":\"ImageObject\",\"inLanguage\":\"fr-FR\",\"@id\":\"https:\/\/elmawkie.dz\/fr\/#\/schema\/person\/image\/\",\"url\":\"https:\/\/secure.gravatar.com\/avatar\/f0f773456344da4d2788c054a3d30a0c?s=96&d=mm&r=g\",\"contentUrl\":\"https:\/\/secure.gravatar.com\/avatar\/f0f773456344da4d2788c054a3d30a0c?s=96&d=mm&r=g\",\"caption\":\"R\u00e9daction\"},\"url\":\"https:\/\/elmawkie.dz\/fr\/author\/redaction\/\"}]}<\/script>\n<!-- \/ Yoast SEO Premium plugin. -->","yoast_head_json":{"title":"M. Arkab re\u00e7oit le vice-pr\u00e9sident de la Douma russe - El Mawkie","robots":{"index":"index","follow":"follow","max-snippet":"max-snippet:-1","max-image-preview":"max-image-preview:large","max-video-preview":"max-video-preview:-1"},"canonical":"https:\/\/elmawkie.dz\/fr\/m-arkab-recoit-le-vice-president-de-la-douma-russe\/","og_locale":"fr_FR","og_type":"article","og_title":"M. Arkab re\u00e7oit le vice-pr\u00e9sident de la Douma russe","og_description":"Le ministre de l&rsquo;Energie et des Mines, Mohamed Arkab, a re\u00e7u, jeudi \u00e0 Alger, le vice-pr\u00e9sident de la Douma de la F\u00e9d\u00e9ration de Russie, Vladislav Davankov, et la d\u00e9l\u00e9gation l&rsquo;accompagnant, en visite officielle en Alg\u00e9rie, indique un communiqu\u00e9 du minist\u00e8re. Lors de cette rencontre, qui s&rsquo;est d\u00e9roul\u00e9e au si\u00e8ge du minist\u00e8re, en pr\u00e9sence du vice-pr\u00e9sident &hellip;","og_url":"https:\/\/elmawkie.dz\/fr\/m-arkab-recoit-le-vice-president-de-la-douma-russe\/","og_site_name":"El Mawkie","article_publisher":"https:\/\/www.facebook.com\/profile.php?id=100088407094989&locale=fr_FR","article_published_time":"2024-10-31T18:59:49+00:00","article_modified_time":"2024-10-31T20:06:14+00:00","og_image":[{"width":1920,"height":1667,"url":"https:\/\/elmawkie.dz\/fr\/wp-content\/uploads\/2024\/10\/IMG_4124.jpeg","type":"image\/jpeg"}],"author":"R\u00e9daction","twitter_card":"summary_large_image","twitter_misc":{"Written by":"R\u00e9daction","Est. reading time":"3 minutes"},"schema":{"@context":"https:\/\/schema.org","@graph":[{"@type":"Article","@id":"https:\/\/elmawkie.dz\/fr\/m-arkab-recoit-le-vice-president-de-la-douma-russe\/#article","isPartOf":{"@id":"https:\/\/elmawkie.dz\/fr\/m-arkab-recoit-le-vice-president-de-la-douma-russe\/"},"author":{"name":"R\u00e9daction","@id":"https:\/\/elmawkie.dz\/fr\/#\/schema\/person\/e7bd59d6467874ba5c4723d8a9f0a63c"},"headline":"M. Arkab re\u00e7oit le vice-pr\u00e9sident de la Douma russe","datePublished":"2024-10-31T18:59:49+00:00","dateModified":"2024-10-31T20:06:14+00:00","mainEntityOfPage":{"@id":"https:\/\/elmawkie.dz\/fr\/m-arkab-recoit-le-vice-president-de-la-douma-russe\/"},"wordCount":545,"commentCount":0,"publisher":{"@id":"https:\/\/elmawkie.dz\/fr\/#organization"},"image":{"@id":"https:\/\/elmawkie.dz\/fr\/m-arkab-recoit-le-vice-president-de-la-douma-russe\/#primaryimage"},"thumbnailUrl":"https:\/\/elmawkie.dz\/fr\/wp-content\/uploads\/2024\/10\/IMG_4124.jpeg","articleSection":["Energie"],"inLanguage":"fr-FR","potentialAction":[{"@type":"CommentAction","name":"Comment","target":["https:\/\/elmawkie.dz\/fr\/m-arkab-recoit-le-vice-president-de-la-douma-russe\/#respond"]}]},{"@type":"WebPage","@id":"https:\/\/elmawkie.dz\/fr\/m-arkab-recoit-le-vice-president-de-la-douma-russe\/","url":"https:\/\/elmawkie.dz\/fr\/m-arkab-recoit-le-vice-president-de-la-douma-russe\/","name":"M. Arkab re\u00e7oit le vice-pr\u00e9sident de la Douma russe - El Mawkie","isPartOf":{"@id":"https:\/\/elmawkie.dz\/fr\/#website"},"primaryImageOfPage":{"@id":"https:\/\/elmawkie.dz\/fr\/m-arkab-recoit-le-vice-president-de-la-douma-russe\/#primaryimage"},"image":{"@id":"https:\/\/elmawkie.dz\/fr\/m-arkab-recoit-le-vice-president-de-la-douma-russe\/#primaryimage"},"thumbnailUrl":"https:\/\/elmawkie.dz\/fr\/wp-content\/uploads\/2024\/10\/IMG_4124.jpeg","datePublished":"2024-10-31T18:59:49+00:00","dateModified":"2024-10-31T20:06:14+00:00","breadcrumb":{"@id":"https:\/\/elmawkie.dz\/fr\/m-arkab-recoit-le-vice-president-de-la-douma-russe\/#breadcrumb"},"inLanguage":"fr-FR","potentialAction":[{"@type":"ReadAction","target":["https:\/\/elmawkie.dz\/fr\/m-arkab-recoit-le-vice-president-de-la-douma-russe\/"]}]},{"@type":"ImageObject","inLanguage":"fr-FR","@id":"https:\/\/elmawkie.dz\/fr\/m-arkab-recoit-le-vice-president-de-la-douma-russe\/#primaryimage","url":"https:\/\/elmawkie.dz\/fr\/wp-content\/uploads\/2024\/10\/IMG_4124.jpeg","contentUrl":"https:\/\/elmawkie.dz\/fr\/wp-content\/uploads\/2024\/10\/IMG_4124.jpeg","width":1920,"height":1667},{"@type":"BreadcrumbList","@id":"https:\/\/elmawkie.dz\/fr\/m-arkab-recoit-le-vice-president-de-la-douma-russe\/#breadcrumb","itemListElement":[{"@type":"ListItem","position":1,"name":"Home","item":"https:\/\/elmawkie.dz\/fr\/"},{"@type":"ListItem","position":2,"name":"M. Arkab re\u00e7oit le vice-pr\u00e9sident de la Douma russe"}]},{"@type":"WebSite","@id":"https:\/\/elmawkie.dz\/fr\/#website","url":"https:\/\/elmawkie.dz\/fr\/","name":"EL MAWKIE","description":"Journal \u00c9lectronique Alg\u00e9rien","publisher":{"@id":"https:\/\/elmawkie.dz\/fr\/#organization"},"potentialAction":[{"@type":"SearchAction","target":{"@type":"EntryPoint","urlTemplate":"https:\/\/elmawkie.dz\/fr\/?s={search_term_string}"},"query-input":"required name=search_term_string"}],"inLanguage":"fr-FR"},{"@type":"Organization","@id":"https:\/\/elmawkie.dz\/fr\/#organization","name":"EL MAWKIE","url":"https:\/\/elmawkie.dz\/fr\/","logo":{"@type":"ImageObject","inLanguage":"fr-FR","@id":"https:\/\/elmawkie.dz\/fr\/#\/schema\/logo\/image\/","url":"https:\/\/elmawkie.dz\/fr\/wp-content\/uploads\/2024\/05\/logo1.png","contentUrl":"https:\/\/elmawkie.dz\/fr\/wp-content\/uploads\/2024\/05\/logo1.png","width":1648,"height":652,"caption":"EL MAWKIE"},"image":{"@id":"https:\/\/elmawkie.dz\/fr\/#\/schema\/logo\/image\/"},"sameAs":["https:\/\/www.facebook.com\/profile.php?id=100088407094989&locale=fr_FR"]},{"@type":"Person","@id":"https:\/\/elmawkie.dz\/fr\/#\/schema\/person\/e7bd59d6467874ba5c4723d8a9f0a63c","name":"R\u00e9daction","image":{"@type":"ImageObject","inLanguage":"fr-FR","@id":"https:\/\/elmawkie.dz\/fr\/#\/schema\/person\/image\/","url":"https:\/\/secure.gravatar.com\/avatar\/f0f773456344da4d2788c054a3d30a0c?s=96&d=mm&r=g","contentUrl":"https:\/\/secure.gravatar.com\/avatar\/f0f773456344da4d2788c054a3d30a0c?s=96&d=mm&r=g","caption":"R\u00e9daction"},"url":"https:\/\/elmawkie.dz\/fr\/author\/redaction\/"}]}},"_links":{"self":[{"href":"https:\/\/elmawkie.dz\/fr\/wp-json\/wp\/v2\/posts\/6184","targetHints":{"allow":["GET"]}}],"collection":[{"href":"https:\/\/elmawkie.dz\/fr\/wp-json\/wp\/v2\/posts"}],"about":[{"href":"https:\/\/elmawkie.dz\/fr\/wp-json\/wp\/v2\/types\/post"}],"author":[{"embeddable":true,"href":"https:\/\/elmawkie.dz\/fr\/wp-json\/wp\/v2\/users\/9"}],"replies":[{"embeddable":true,"href":"https:\/\/elmawkie.dz\/fr\/wp-json\/wp\/v2\/comments?post=6184"}],"version-history":[{"count":0,"href":"https:\/\/elmawkie.dz\/fr\/wp-json\/wp\/v2\/posts\/6184\/revisions"}],"wp:featuredmedia":[{"embeddable":true,"href":"https:\/\/elmawkie.dz\/fr\/wp-json\/wp\/v2\/media\/6185"}],"wp:attachment":[{"href":"https:\/\/elmawkie.dz\/fr\/wp-json\/wp\/v2\/media?parent=6184"}],"wp:term":[{"taxonomy":"category","embeddable":true,"href":"https:\/\/elmawkie.dz\/fr\/wp-json\/wp\/v2\/categories?post=6184"},{"taxonomy":"post_tag","embeddable":true,"href":"https:\/\/elmawkie.dz\/fr\/wp-json\/wp\/v2\/tags?post=6184"}],"curies":[{"name":"wp","href":"https:\/\/api.w.org\/{rel}","templated":true}]}}